{"id":23269,"date":"2021-11-22T21:18:27","date_gmt":"2021-11-23T00:18:27","guid":{"rendered":"https:\/\/andreasimonetti.com.br\/blog\/?p=23269"},"modified":"2021-11-22T21:19:51","modified_gmt":"2021-11-23T00:19:51","slug":"na-hora-de-dormir-quem-nao-gosta-de-uma-roupa-confortavel-e-bonita","status":"publish","type":"post","link":"https:\/\/andreasimonetti.com.br\/blog\/na-hora-de-dormir-quem-nao-gosta-de-uma-roupa-confortavel-e-bonita\/","title":{"rendered":"Na hora de dormir, quem n\u00e3o gosta de uma roupa confort\u00e1vel e bonita ?"},"content":{"rendered":"<p>Na hora de dormir, quem n\u00e3o gosta de uma roupa confort\u00e1vel e bonita ?<\/p>\n<p>A dica \u00e9 escolher um tecido que mais se adapte a voc\u00ea e que seja muito confort\u00e1vel.<\/p>\n<p>Algumas op\u00e7\u00f5es s\u00e3o a microfibra, liganete e o algod\u00e3o.<\/p>\n<p>E voc\u00ea j\u00e1 sabe que o lugar para comprar camisolas e pijamas \u00e9 no <a href=\"https:\/\/www.instagram.com\/cearamagazine\/?hl=pt-br\">Cear\u00e1 Magazine<\/a>.<\/p>\n<p>A cole\u00e7\u00e3o ver\u00e3o j\u00e1 chegou pra inspirar suas noites.<\/p>\n<p>&nbsp;<\/p>\n<p><img loading=\"lazy\" decoding=\"async\" class=\"alignnone wp-image-23271 size-full\" src=\"https:\/\/andreasimonetti.com.br\/blog\/wp-content\/uploads\/2021\/11\/258223422_4618057998274365_2678731593924361364_n.jpg\" alt=\"Camisolas Ceara Magazine Bauru \" width=\"1365\" height=\"2048\" srcset=\"https:\/\/andreasimonetti.com.br\/blog\/wp-content\/uploads\/2021\/11\/258223422_4618057998274365_2678731593924361364_n.jpg 1365w, https:\/\/andreasimonetti.com.br\/blog\/wp-content\/uploads\/2021\/11\/258223422_4618057998274365_2678731593924361364_n-200x300.jpg 200w, https:\/\/andreasimonetti.com.br\/blog\/wp-content\/uploads\/2021\/11\/258223422_4618057998274365_2678731593924361364_n-683x1024.jpg 683w, https:\/\/andreasimonetti.com.br\/blog\/wp-content\/uploads\/2021\/11\/258223422_4618057998274365_2678731593924361364_n-768x1152.jpg 768w, https:\/\/andreasimonetti.com.br\/blog\/wp-content\/uploads\/2021\/11\/258223422_4618057998274365_2678731593924361364_n-1024x1536.jpg 1024w, https:\/\/andreasimonetti.com.br\/blog\/wp-content\/uploads\/2021\/11\/258223422_4618057998274365_2678731593924361364_n-1170x1755.jpg 1170w, https:\/\/andreasimonetti.com.br\/blog\/wp-content\/uploads\/2021\/11\/258223422_4618057998274365_2678731593924361364_n-585x878.jpg 585w\" sizes=\"auto, (max-width: 1365px) 100vw, 1365px\" \/> <img loading=\"lazy\" decoding=\"async\" class=\"alignnone wp-image-23272 size-full\" src=\"https:\/\/andreasimonetti.com.br\/blog\/wp-content\/uploads\/2021\/11\/258853006_4618057868274378_221095970452762169_n.jpg\" alt=\"Camisolas Ceara Magazine Bauru \" width=\"1365\" height=\"2048\" srcset=\"https:\/\/andreasimonetti.com.br\/blog\/wp-content\/uploads\/2021\/11\/258853006_4618057868274378_221095970452762169_n.jpg 1365w, https:\/\/andreasimonetti.com.br\/blog\/wp-content\/uploads\/2021\/11\/258853006_4618057868274378_221095970452762169_n-200x300.jpg 200w, https:\/\/andreasimonetti.com.br\/blog\/wp-content\/uploads\/2021\/11\/258853006_4618057868274378_221095970452762169_n-683x1024.jpg 683w, https:\/\/andreasimonetti.com.br\/blog\/wp-content\/uploads\/2021\/11\/258853006_4618057868274378_221095970452762169_n-768x1152.jpg 768w, https:\/\/andreasimonetti.com.br\/blog\/wp-content\/uploads\/2021\/11\/258853006_4618057868274378_221095970452762169_n-1024x1536.jpg 1024w, https:\/\/andreasimonetti.com.br\/blog\/wp-content\/uploads\/2021\/11\/258853006_4618057868274378_221095970452762169_n-1170x1755.jpg 1170w, https:\/\/andreasimonetti.com.br\/blog\/wp-content\/uploads\/2021\/11\/258853006_4618057868274378_221095970452762169_n-585x878.jpg 585w\" sizes=\"auto, (max-width: 1365px) 100vw, 1365px\" \/><\/p>\n<p><img loading=\"lazy\" decoding=\"async\" class=\"alignnone wp-image-23270 size-full\" src=\"https:\/\/andreasimonetti.com.br\/blog\/wp-content\/uploads\/2021\/11\/259881261_4618057801607718_2793942736808429805_n.jpg\" alt=\"Camisolas Ceara Magazine \" width=\"1365\" height=\"2048\" srcset=\"https:\/\/andreasimonetti.com.br\/blog\/wp-content\/uploads\/2021\/11\/259881261_4618057801607718_2793942736808429805_n.jpg 1365w, https:\/\/andreasimonetti.com.br\/blog\/wp-content\/uploads\/2021\/11\/259881261_4618057801607718_2793942736808429805_n-200x300.jpg 200w, https:\/\/andreasimonetti.com.br\/blog\/wp-content\/uploads\/2021\/11\/259881261_4618057801607718_2793942736808429805_n-683x1024.jpg 683w, https:\/\/andreasimonetti.com.br\/blog\/wp-content\/uploads\/2021\/11\/259881261_4618057801607718_2793942736808429805_n-768x1152.jpg 768w, https:\/\/andreasimonetti.com.br\/blog\/wp-content\/uploads\/2021\/11\/259881261_4618057801607718_2793942736808429805_n-1024x1536.jpg 1024w, https:\/\/andreasimonetti.com.br\/blog\/wp-content\/uploads\/2021\/11\/259881261_4618057801607718_2793942736808429805_n-1170x1755.jpg 1170w, https:\/\/andreasimonetti.com.br\/blog\/wp-content\/uploads\/2021\/11\/259881261_4618057801607718_2793942736808429805_n-585x878.jpg 585w\" sizes=\"auto, (max-width: 1365px) 100vw, 1365px\" \/><\/p>\n","protected":false},"excerpt":{"rendered":"<p>Na hora de dormir, quem n\u00e3o gosta de uma roupa confort\u00e1vel e bonita ? A dica \u00e9 escolher um tecido que mais se adapte a voc\u00ea e que seja muito&hellip;<\/p>\n","protected":false},"author":7,"featured_media":23273,"comment_status":"open","ping_status":"open","sticky":false,"template":"","format":"standard","meta":{"_monsterinsights_skip_tracking":false,"_monsterinsights_sitenote_active":false,"_monsterinsights_sitenote_note":"","_monsterinsights_sitenote_category":0,"footnotes":""},"categories":[1508,3],"tags":[3219],"class_list":["post-23269","post","type-post","status-publish","format-standard","has-post-thumbnail","hentry","category-destaque","category-moda","tag-camisolas-e-pijamas-ceara-magazine-bauru"],"yoast_head":"<!-- This site is optimized with the Yoast SEO plugin v26.3 - https:\/\/yoast.com\/wordpress\/plugins\/seo\/ -->\n<title>Na hora de dormir, quem n\u00e3o gosta de uma roupa confort\u00e1vel e bonita ? - Andrea Simonetti<\/title>\n<meta name=\"description\" content=\"Na hora de dormir, quem n\u00e3o gosta de uma roupa confort\u00e1vel e bonita ?A dica \u00e9 escolher um tecido que mais se adapte a voc\u00ea e que seja muito\" \/>\n<meta name=\"robots\" content=\"index, follow, max-snippet:-1, max-image-preview:large, max-video-preview:-1\" \/>\n<link rel=\"canonical\" href=\"https:\/\/andreasimonetti.com.br\/blog\/na-hora-de-dormir-quem-nao-gosta-de-uma-roupa-confortavel-e-bonita\/\" \/>\n<meta property=\"og:locale\" content=\"pt_BR\" \/>\n<meta property=\"og:type\" content=\"article\" \/>\n<meta property=\"og:title\" content=\"Na hora de dormir, quem n\u00e3o gosta de uma roupa confort\u00e1vel e bonita ? - Andrea Simonetti\" \/>\n<meta property=\"og:description\" content=\"Na hora de dormir, quem n\u00e3o gosta de uma roupa confort\u00e1vel e bonita ?A dica \u00e9 escolher um tecido que mais se adapte a voc\u00ea e que seja muito\" \/>\n<meta property=\"og:url\" content=\"https:\/\/andreasimonetti.com.br\/blog\/na-hora-de-dormir-quem-nao-gosta-de-uma-roupa-confortavel-e-bonita\/\" \/>\n<meta property=\"og:site_name\" content=\"Andrea Simonetti\" \/>\n<meta property=\"article:publisher\" content=\"https:\/\/www.facebook.com\/blogdaandreasimonetti\/\" \/>\n<meta property=\"article:author\" content=\"https:\/\/www.facebook.com\/blogdaandreasimonetti\/\" \/>\n<meta property=\"article:published_time\" content=\"2021-11-23T00:18:27+00:00\" \/>\n<meta property=\"article:modified_time\" content=\"2021-11-23T00:19:51+00:00\" \/>\n<meta property=\"og:image\" content=\"https:\/\/andreasimonetti.com.br\/blog\/wp-content\/uploads\/2021\/11\/258872529_4618057811607717_3263400832095535041_n.jpg\" \/>\n\t<meta property=\"og:image:width\" content=\"1365\" \/>\n\t<meta property=\"og:image:height\" content=\"2048\" \/>\n\t<meta property=\"og:image:type\" content=\"image\/jpeg\" \/>\n<meta name=\"author\" content=\"Andrea Simonetti\" \/>\n<meta name=\"twitter:card\" content=\"summary_large_image\" \/>\n<meta name=\"twitter:creator\" content=\"@https:\/\/twitter.com\/Andrea_Simoneti\" \/>\n<meta name=\"twitter:site\" content=\"@Andrea_Simoneti\" \/>\n<meta name=\"twitter:label1\" content=\"Escrito por\" \/>\n\t<meta name=\"twitter:data1\" content=\"Andrea Simonetti\" \/>\n<!-- \/ Yoast SEO plugin. -->","yoast_head_json":{"title":"Na hora de dormir, quem n\u00e3o gosta de uma roupa confort\u00e1vel e bonita ? - Andrea Simonetti","description":"Na hora de dormir, quem n\u00e3o gosta de uma roupa confort\u00e1vel e bonita ?A dica \u00e9 escolher um tecido que mais se adapte a voc\u00ea e que seja muito","robots":{"index":"index","follow":"follow","max-snippet":"max-snippet:-1","max-image-preview":"max-image-preview:large","max-video-preview":"max-video-preview:-1"},"canonical":"https:\/\/andreasimonetti.com.br\/blog\/na-hora-de-dormir-quem-nao-gosta-de-uma-roupa-confortavel-e-bonita\/","og_locale":"pt_BR","og_type":"article","og_title":"Na hora de dormir, quem n\u00e3o gosta de uma roupa confort\u00e1vel e bonita ? - Andrea Simonetti","og_description":"Na hora de dormir, quem n\u00e3o gosta de uma roupa confort\u00e1vel e bonita ?A dica \u00e9 escolher um tecido que mais se adapte a voc\u00ea e que seja muito","og_url":"https:\/\/andreasimonetti.com.br\/blog\/na-hora-de-dormir-quem-nao-gosta-de-uma-roupa-confortavel-e-bonita\/","og_site_name":"Andrea Simonetti","article_publisher":"https:\/\/www.facebook.com\/blogdaandreasimonetti\/","article_author":"https:\/\/www.facebook.com\/blogdaandreasimonetti\/","article_published_time":"2021-11-23T00:18:27+00:00","article_modified_time":"2021-11-23T00:19:51+00:00","og_image":[{"width":1365,"height":2048,"url":"https:\/\/andreasimonetti.com.br\/blog\/wp-content\/uploads\/2021\/11\/258872529_4618057811607717_3263400832095535041_n.jpg","type":"image\/jpeg"}],"author":"Andrea Simonetti","twitter_card":"summary_large_image","twitter_creator":"@https:\/\/twitter.com\/Andrea_Simoneti","twitter_site":"@Andrea_Simoneti","twitter_misc":{"Escrito por":"Andrea Simonetti"},"schema":{"@context":"https:\/\/schema.org","@graph":[{"@type":"WebPage","@id":"https:\/\/andreasimonetti.com.br\/blog\/na-hora-de-dormir-quem-nao-gosta-de-uma-roupa-confortavel-e-bonita\/","url":"https:\/\/andreasimonetti.com.br\/blog\/na-hora-de-dormir-quem-nao-gosta-de-uma-roupa-confortavel-e-bonita\/","name":"Na hora de dormir, quem n\u00e3o gosta de uma roupa confort\u00e1vel e bonita ? - Andrea Simonetti","isPartOf":{"@id":"https:\/\/andreasimonetti.com.br\/blog\/#website"},"primaryImageOfPage":{"@id":"https:\/\/andreasimonetti.com.br\/blog\/na-hora-de-dormir-quem-nao-gosta-de-uma-roupa-confortavel-e-bonita\/#primaryimage"},"image":{"@id":"https:\/\/andreasimonetti.com.br\/blog\/na-hora-de-dormir-quem-nao-gosta-de-uma-roupa-confortavel-e-bonita\/#primaryimage"},"thumbnailUrl":"https:\/\/andreasimonetti.com.br\/blog\/wp-content\/uploads\/2021\/11\/258872529_4618057811607717_3263400832095535041_n.jpg","datePublished":"2021-11-23T00:18:27+00:00","dateModified":"2021-11-23T00:19:51+00:00","author":{"@id":"https:\/\/andreasimonetti.com.br\/blog\/#\/schema\/person\/254f763c24ac288e27ea738a7366ad2a"},"description":"Na hora de dormir, quem n\u00e3o gosta de uma roupa confort\u00e1vel e bonita ?A dica \u00e9 escolher um tecido que mais se adapte a voc\u00ea e que seja muito","breadcrumb":{"@id":"https:\/\/andreasimonetti.com.br\/blog\/na-hora-de-dormir-quem-nao-gosta-de-uma-roupa-confortavel-e-bonita\/#breadcrumb"},"inLanguage":"pt-BR","potentialAction":[{"@type":"ReadAction","target":["https:\/\/andreasimonetti.com.br\/blog\/na-hora-de-dormir-quem-nao-gosta-de-uma-roupa-confortavel-e-bonita\/"]}]},{"@type":"ImageObject","inLanguage":"pt-BR","@id":"https:\/\/andreasimonetti.com.br\/blog\/na-hora-de-dormir-quem-nao-gosta-de-uma-roupa-confortavel-e-bonita\/#primaryimage","url":"https:\/\/andreasimonetti.com.br\/blog\/wp-content\/uploads\/2021\/11\/258872529_4618057811607717_3263400832095535041_n.jpg","contentUrl":"https:\/\/andreasimonetti.com.br\/blog\/wp-content\/uploads\/2021\/11\/258872529_4618057811607717_3263400832095535041_n.jpg","width":1365,"height":2048},{"@type":"BreadcrumbList","@id":"https:\/\/andreasimonetti.com.br\/blog\/na-hora-de-dormir-quem-nao-gosta-de-uma-roupa-confortavel-e-bonita\/#breadcrumb","itemListElement":[{"@type":"ListItem","position":1,"name":"In\u00edcio","item":"https:\/\/andreasimonetti.com.br\/blog\/"},{"@type":"ListItem","position":2,"name":"Na hora de dormir, quem n\u00e3o gosta de uma roupa confort\u00e1vel e bonita ?"}]},{"@type":"WebSite","@id":"https:\/\/andreasimonetti.com.br\/blog\/#website","url":"https:\/\/andreasimonetti.com.br\/blog\/","name":"Andrea Simonetti","description":"","potentialAction":[{"@type":"SearchAction","target":{"@type":"EntryPoint","urlTemplate":"https:\/\/andreasimonetti.com.br\/blog\/?s={search_term_string}"},"query-input":{"@type":"PropertyValueSpecification","valueRequired":true,"valueName":"search_term_string"}}],"inLanguage":"pt-BR"},{"@type":"Person","@id":"https:\/\/andreasimonetti.com.br\/blog\/#\/schema\/person\/254f763c24ac288e27ea738a7366ad2a","name":"Andrea Simonetti","image":{"@type":"ImageObject","inLanguage":"pt-BR","@id":"https:\/\/andreasimonetti.com.br\/blog\/#\/schema\/person\/image\/","url":"https:\/\/andreasimonetti.com.br\/blog\/wp-content\/uploads\/2018\/04\/andrea-simonetti-96x96.png","contentUrl":"https:\/\/andreasimonetti.com.br\/blog\/wp-content\/uploads\/2018\/04\/andrea-simonetti-96x96.png","caption":"Andrea Simonetti"},"description":"Sou formada em Administra\u00e7\u00e3o de Empresas, Produ\u00e7\u00e3o de Moda pelo SENAC e Consultoria de Estilo. Sou fascinada por moda desde sempre, adoro ver as pessoas produzidas e de bem com a vida. Moda \u00e9 o meu assunto preferido. Comecei meu blog em 2011, ele cresceu e hoje \u00e9 um site bem mais abrangente, onde eu falo sobre moda e meu trabalho de consultora de estilo. E falo tamb\u00e9m sobre a minha experi\u00eancia de vida. Mas antes de tudo, acredito num Deus Soberano que nos guia e aben\u00e7oa, o tempo todo!","sameAs":["https:\/\/www.andreasimonetti.com.br\/","https:\/\/www.facebook.com\/blogdaandreasimonetti\/","https:\/\/www.instagram.com\/andrea_simonetti\/","https:\/\/br.pinterest.com\/BlogAndrea\/","https:\/\/x.com\/https:\/\/twitter.com\/Andrea_Simoneti"],"url":"https:\/\/andreasimonetti.com.br\/blog\/author\/andrea\/"}]}},"_links":{"self":[{"href":"https:\/\/andreasimonetti.com.br\/blog\/wp-json\/wp\/v2\/posts\/23269","targetHints":{"allow":["GET"]}}],"collection":[{"href":"https:\/\/andreasimonetti.com.br\/blog\/wp-json\/wp\/v2\/posts"}],"about":[{"href":"https:\/\/andreasimonetti.com.br\/blog\/wp-json\/wp\/v2\/types\/post"}],"author":[{"embeddable":true,"href":"https:\/\/andreasimonetti.com.br\/blog\/wp-json\/wp\/v2\/users\/7"}],"replies":[{"embeddable":true,"href":"https:\/\/andreasimonetti.com.br\/blog\/wp-json\/wp\/v2\/comments?post=23269"}],"version-history":[{"count":3,"href":"https:\/\/andreasimonetti.com.br\/blog\/wp-json\/wp\/v2\/posts\/23269\/revisions"}],"predecessor-version":[{"id":23276,"href":"https:\/\/andreasimonetti.com.br\/blog\/wp-json\/wp\/v2\/posts\/23269\/revisions\/23276"}],"wp:featuredmedia":[{"embeddable":true,"href":"https:\/\/andreasimonetti.com.br\/blog\/wp-json\/wp\/v2\/media\/23273"}],"wp:attachment":[{"href":"https:\/\/andreasimonetti.com.br\/blog\/wp-json\/wp\/v2\/media?parent=23269"}],"wp:term":[{"taxonomy":"category","embeddable":true,"href":"https:\/\/andreasimonetti.com.br\/blog\/wp-json\/wp\/v2\/categories?post=23269"},{"taxonomy":"post_tag","embeddable":true,"href":"https:\/\/andreasimonetti.com.br\/blog\/wp-json\/wp\/v2\/tags?post=23269"}],"curies":[{"name":"wp","href":"https:\/\/api.w.org\/{rel}","templated":true}]}}