{"id":23251,"date":"2021-11-04T19:43:43","date_gmt":"2021-11-04T22:43:43","guid":{"rendered":"https:\/\/andreasimonetti.com.br\/blog\/?p=23251"},"modified":"2021-11-04T19:43:43","modified_gmt":"2021-11-04T22:43:43","slug":"5-tendencias-direto-da-casacor","status":"publish","type":"post","link":"https:\/\/andreasimonetti.com.br\/blog\/5-tendencias-direto-da-casacor\/","title":{"rendered":"5 tend\u00eancias direto da CASACOR"},"content":{"rendered":"<p style=\"text-align: justify;\"><strong>Decora\u00e7\u00e3o tem tudo a ver com moda, beleza, estilo de vida e celebra\u00e7\u00e3o da vida.<\/strong><\/p>\n<p style=\"text-align: justify;\">E \u00e9 por isso que falo desses assuntos com muito amo, pra compartilhar temas positivos e \u00fateis.<\/p>\n<p style=\"text-align: justify;\">E por falar em decora\u00e7\u00e3o, est\u00e1 acontecendo em algumas cidades a mais completa mostra de arquitetura, design de interiores e paisagismo das Am\u00e9ricas, a <strong>CASACOR. <\/strong><\/p>\n<p style=\"text-align: justify;\"><span style=\"color: #ff6600;\">A CASACOR<\/span> \u00e9 o start para v\u00e1rias tend\u00eancias, deixa eu te contar algumas.<\/p>\n<p style=\"text-align: justify;\"><span style=\"color: #ff6600;\"> 1 \u2013 Formas org\u00e2nicas.<\/span><\/p>\n<p style=\"text-align: justify;\">As formas org\u00e2nicas, aquelas que simulam as formas encontradas na natureza, aparecem em incurs\u00f5es nas paredes ou na claraboia sobre a mesa; padr\u00f5es arredondados e irregulares est\u00e3o por toda a parte. Esses padr\u00f5es podem aparecer tamb\u00e9m no tampo de mesas, no contorno de sof\u00e1s, ou mesmo na forma como a cortina \u00e9 posicionada. A proposta \u00e9 tirar do \u00f3bvio e criar configura\u00e7\u00f5es inusitadas no d\u00e9cor.<\/p>\n<p style=\"text-align: justify;\"><span style=\"color: #ff6600;\">2- Sof\u00e1s lavados tons neutros <\/span><\/p>\n<p style=\"text-align: justify;\">Se voc\u00ea acha que sof\u00e1s neutros n\u00e3o s\u00e3o tend\u00eancia, pense novamente. \u00c9 verdade que o uso de tecidos com baixa satura\u00e7\u00e3o em revestimentos de mobili\u00e1rio \u00e9 um cl\u00e1ssico, at\u00e9 em raz\u00e3o de seus muitos benef\u00edcios. A facilidade de combinar, a possibilidade de dar destaque a outras pe\u00e7as-chave e, principalmente, as poucas chances de voc\u00ea enjoar da cor escolhida, fazem dos tons neutros um dos mais desejados. Na mostra, foram priorizados os tons de creme, off-white e gelo para o mobili\u00e1rio, mas a tend\u00eancia vai al\u00e9m disso: composi\u00e7\u00f5es inteiras em tons neutros conquistaram a mostra.<\/p>\n<p style=\"text-align: justify;\"><span style=\"color: #ff6600;\">3. Texturas naturais nas paredes <\/span><\/p>\n<p style=\"text-align: justify;\">Falando em madeira, \u00e9 preciso destacar o papel fundamental dela no revestimento das paredes, pisos e forros da CASACOR S\u00e3o Paulo. Talvez o elemento mais democr\u00e1tico quando se trata de decora\u00e7\u00e3o, a madeira \u00e9 um dos elementos naturais que nunca sai de moda, e na mostra ela aparece somada \u00e0 palhinha, \u00e0s pedras e \u00e0s fibras naturais.<\/p>\n<p style=\"text-align: justify;\"><span style=\"color: #ff6600;\"> 4. Combina\u00e7\u00f5es de cores ousadas <\/span><\/p>\n<p style=\"text-align: justify;\">Vale destacar que, entre as combina\u00e7\u00f5es de cores ousadas, o rosa e suas varia\u00e7\u00f5es s\u00e3o tons preferidos dos arquitetos e designers. J\u00e1 em alta no mercado de decora\u00e7\u00e3o desde a ascens\u00e3o do chamado rosa miillenial, a tonalidade aparece em pap\u00e9is de parede, tintas de parede e, principalmente, em pastilhas quadriculadas recobrindo o piso.<\/p>\n<p style=\"text-align: justify;\"><span style=\"color: #ff6600;\"> 5.Lumin\u00e1rias esculturais <\/span><\/p>\n<p style=\"text-align: justify;\">Mais uma vez \u00e9 preciso mencionar a espetacular curadoria de design da CASACOR S\u00e3o Paulo \u2013 desta vez, com foco nas lumin\u00e1rias. Verdadeiras instala\u00e7\u00f5es art\u00edsticas, as lumin\u00e1rias da mostra s\u00e3o como esculturas flutuantes que parecem desempenhar o papel perfeito na finaliza\u00e7\u00e3o dos ambientes. Por vezes leves, ora minimalistas, ora ornamentadas, as lumin\u00e1rias desta edi\u00e7\u00e3o surpreendem instantaneamente.<\/p>\n<p><img loading=\"lazy\" decoding=\"async\" class=\"alignnone wp-image-23253 size-full\" src=\"https:\/\/andreasimonetti.com.br\/blog\/wp-content\/uploads\/2021\/11\/18-erica-salguero-renato-navarro-090921-007.jpg\" alt=\"CASACOR 2021 \" width=\"1536\" height=\"1024\" srcset=\"https:\/\/andreasimonetti.com.br\/blog\/wp-content\/uploads\/2021\/11\/18-erica-salguero-renato-navarro-090921-007.jpg 1536w, https:\/\/andreasimonetti.com.br\/blog\/wp-content\/uploads\/2021\/11\/18-erica-salguero-renato-navarro-090921-007-300x200.jpg 300w, https:\/\/andreasimonetti.com.br\/blog\/wp-content\/uploads\/2021\/11\/18-erica-salguero-renato-navarro-090921-007-1024x683.jpg 1024w, https:\/\/andreasimonetti.com.br\/blog\/wp-content\/uploads\/2021\/11\/18-erica-salguero-renato-navarro-090921-007-768x512.jpg 768w, https:\/\/andreasimonetti.com.br\/blog\/wp-content\/uploads\/2021\/11\/18-erica-salguero-renato-navarro-090921-007-1170x780.jpg 1170w, https:\/\/andreasimonetti.com.br\/blog\/wp-content\/uploads\/2021\/11\/18-erica-salguero-renato-navarro-090921-007-585x390.jpg 585w, https:\/\/andreasimonetti.com.br\/blog\/wp-content\/uploads\/2021\/11\/18-erica-salguero-renato-navarro-090921-007-263x175.jpg 263w\" sizes=\"auto, (max-width: 1536px) 100vw, 1536px\" \/><\/p>\n<p><img loading=\"lazy\" decoding=\"async\" class=\"alignnone wp-image-23254 size-full\" src=\"https:\/\/andreasimonetti.com.br\/blog\/wp-content\/uploads\/2021\/11\/37-Pataricia-Hagobian-Salvador-Cordaro-.jpg\" alt=\"CASACOR 2021 \" width=\"1536\" height=\"1025\" srcset=\"https:\/\/andreasimonetti.com.br\/blog\/wp-content\/uploads\/2021\/11\/37-Pataricia-Hagobian-Salvador-Cordaro-.jpg 1536w, https:\/\/andreasimonetti.com.br\/blog\/wp-content\/uploads\/2021\/11\/37-Pataricia-Hagobian-Salvador-Cordaro--300x200.jpg 300w, https:\/\/andreasimonetti.com.br\/blog\/wp-content\/uploads\/2021\/11\/37-Pataricia-Hagobian-Salvador-Cordaro--1024x683.jpg 1024w, https:\/\/andreasimonetti.com.br\/blog\/wp-content\/uploads\/2021\/11\/37-Pataricia-Hagobian-Salvador-Cordaro--768x513.jpg 768w, https:\/\/andreasimonetti.com.br\/blog\/wp-content\/uploads\/2021\/11\/37-Pataricia-Hagobian-Salvador-Cordaro--1170x781.jpg 1170w, https:\/\/andreasimonetti.com.br\/blog\/wp-content\/uploads\/2021\/11\/37-Pataricia-Hagobian-Salvador-Cordaro--585x390.jpg 585w, https:\/\/andreasimonetti.com.br\/blog\/wp-content\/uploads\/2021\/11\/37-Pataricia-Hagobian-Salvador-Cordaro--263x175.jpg 263w\" sizes=\"auto, (max-width: 1536px) 100vw, 1536px\" \/><\/p>\n<p><img loading=\"lazy\" decoding=\"async\" class=\"alignnone wp-image-23255 size-full\" src=\"https:\/\/andreasimonetti.com.br\/blog\/wp-content\/uploads\/2021\/11\/21-Ana-Weege-Living-Galeria-Perspectiva-fotos-Evelyn-Muller-1-1.jpg\" alt=\"CASACOR 2021\" width=\"1536\" height=\"1024\" srcset=\"https:\/\/andreasimonetti.com.br\/blog\/wp-content\/uploads\/2021\/11\/21-Ana-Weege-Living-Galeria-Perspectiva-fotos-Evelyn-Muller-1-1.jpg 1536w, https:\/\/andreasimonetti.com.br\/blog\/wp-content\/uploads\/2021\/11\/21-Ana-Weege-Living-Galeria-Perspectiva-fotos-Evelyn-Muller-1-1-300x200.jpg 300w, https:\/\/andreasimonetti.com.br\/blog\/wp-content\/uploads\/2021\/11\/21-Ana-Weege-Living-Galeria-Perspectiva-fotos-Evelyn-Muller-1-1-1024x683.jpg 1024w, https:\/\/andreasimonetti.com.br\/blog\/wp-content\/uploads\/2021\/11\/21-Ana-Weege-Living-Galeria-Perspectiva-fotos-Evelyn-Muller-1-1-768x512.jpg 768w, https:\/\/andreasimonetti.com.br\/blog\/wp-content\/uploads\/2021\/11\/21-Ana-Weege-Living-Galeria-Perspectiva-fotos-Evelyn-Muller-1-1-1170x780.jpg 1170w, https:\/\/andreasimonetti.com.br\/blog\/wp-content\/uploads\/2021\/11\/21-Ana-Weege-Living-Galeria-Perspectiva-fotos-Evelyn-Muller-1-1-585x390.jpg 585w, https:\/\/andreasimonetti.com.br\/blog\/wp-content\/uploads\/2021\/11\/21-Ana-Weege-Living-Galeria-Perspectiva-fotos-Evelyn-Muller-1-1-263x175.jpg 263w\" sizes=\"auto, (max-width: 1536px) 100vw, 1536px\" \/> <img loading=\"lazy\" decoding=\"async\" class=\"alignnone wp-image-23256 size-full\" src=\"https:\/\/andreasimonetti.com.br\/blog\/wp-content\/uploads\/2021\/11\/studio-roca-casacor-sao-paulo-2021.jpg\" alt=\"CASACOR 2021\" width=\"1536\" height=\"1027\" srcset=\"https:\/\/andreasimonetti.com.br\/blog\/wp-content\/uploads\/2021\/11\/studio-roca-casacor-sao-paulo-2021.jpg 1536w, https:\/\/andreasimonetti.com.br\/blog\/wp-content\/uploads\/2021\/11\/studio-roca-casacor-sao-paulo-2021-300x201.jpg 300w, https:\/\/andreasimonetti.com.br\/blog\/wp-content\/uploads\/2021\/11\/studio-roca-casacor-sao-paulo-2021-1024x685.jpg 1024w, https:\/\/andreasimonetti.com.br\/blog\/wp-content\/uploads\/2021\/11\/studio-roca-casacor-sao-paulo-2021-768x514.jpg 768w, https:\/\/andreasimonetti.com.br\/blog\/wp-content\/uploads\/2021\/11\/studio-roca-casacor-sao-paulo-2021-1170x782.jpg 1170w, https:\/\/andreasimonetti.com.br\/blog\/wp-content\/uploads\/2021\/11\/studio-roca-casacor-sao-paulo-2021-585x391.jpg 585w, https:\/\/andreasimonetti.com.br\/blog\/wp-content\/uploads\/2021\/11\/studio-roca-casacor-sao-paulo-2021-263x175.jpg 263w\" sizes=\"auto, (max-width: 1536px) 100vw, 1536px\" \/><\/p>\n<p>Fonte- Site Veja Rio\u00a0<\/p>\n","protected":false},"excerpt":{"rendered":"<p>Decora\u00e7\u00e3o tem tudo a ver com moda, beleza, estilo de vida e celebra\u00e7\u00e3o da vida. E \u00e9 por isso que falo desses assuntos com muito amo, pra compartilhar temas positivos&hellip;<\/p>\n","protected":false},"author":7,"featured_media":23252,"comment_status":"open","ping_status":"open","sticky":false,"template":"","format":"standard","meta":{"_monsterinsights_skip_tracking":false,"_monsterinsights_sitenote_active":false,"_monsterinsights_sitenote_note":"","_monsterinsights_sitenote_category":0,"footnotes":""},"categories":[1508,2013],"tags":[3216],"class_list":["post-23251","post","type-post","status-publish","format-standard","has-post-thumbnail","hentry","category-destaque","category-lifestyle","tag-5-tendencias-direto-da-casacor-2021"],"yoast_head":"<!-- This site is optimized with the Yoast SEO plugin v26.3 - https:\/\/yoast.com\/wordpress\/plugins\/seo\/ -->\n<title>5 tend\u00eancias direto da CASACOR - Andrea Simonetti<\/title>\n<meta name=\"description\" content=\"E por falar em decora\u00e7\u00e3o, est\u00e1 acontecendo em algumas cidades a mais completa mostra de arquitetura, design de interiores e paisagismo das Am\u00e9ricas,\" \/>\n<meta name=\"robots\" content=\"index, follow, max-snippet:-1, max-image-preview:large, max-video-preview:-1\" \/>\n<link rel=\"canonical\" href=\"https:\/\/andreasimonetti.com.br\/blog\/5-tendencias-direto-da-casacor\/\" \/>\n<meta property=\"og:locale\" content=\"pt_BR\" \/>\n<meta property=\"og:type\" content=\"article\" \/>\n<meta property=\"og:title\" content=\"5 tend\u00eancias direto da CASACOR - Andrea Simonetti\" \/>\n<meta property=\"og:description\" content=\"E por falar em decora\u00e7\u00e3o, est\u00e1 acontecendo em algumas cidades a mais completa mostra de arquitetura, design de interiores e paisagismo das Am\u00e9ricas,\" \/>\n<meta property=\"og:url\" content=\"https:\/\/andreasimonetti.com.br\/blog\/5-tendencias-direto-da-casacor\/\" \/>\n<meta property=\"og:site_name\" content=\"Andrea Simonetti\" \/>\n<meta property=\"article:publisher\" content=\"https:\/\/www.facebook.com\/blogdaandreasimonetti\/\" \/>\n<meta property=\"article:author\" content=\"https:\/\/www.facebook.com\/blogdaandreasimonetti\/\" \/>\n<meta property=\"article:published_time\" content=\"2021-11-04T22:43:43+00:00\" \/>\n<meta property=\"og:image\" content=\"https:\/\/andreasimonetti.com.br\/blog\/wp-content\/uploads\/2021\/11\/1-Nildo-Jose-MCA-Estudio.jpg\" \/>\n\t<meta property=\"og:image:width\" content=\"1536\" \/>\n\t<meta property=\"og:image:height\" content=\"1024\" \/>\n\t<meta property=\"og:image:type\" content=\"image\/jpeg\" \/>\n<meta name=\"author\" content=\"Andrea Simonetti\" \/>\n<meta name=\"twitter:card\" content=\"summary_large_image\" \/>\n<meta name=\"twitter:creator\" content=\"@https:\/\/twitter.com\/Andrea_Simoneti\" \/>\n<meta name=\"twitter:site\" content=\"@Andrea_Simoneti\" \/>\n<meta name=\"twitter:label1\" content=\"Escrito por\" \/>\n\t<meta name=\"twitter:data1\" content=\"Andrea Simonetti\" \/>\n\t<meta name=\"twitter:label2\" content=\"Est. tempo de leitura\" \/>\n\t<meta name=\"twitter:data2\" content=\"2 minutos\" \/>\n<!-- \/ Yoast SEO plugin. -->","yoast_head_json":{"title":"5 tend\u00eancias direto da CASACOR - Andrea Simonetti","description":"E por falar em decora\u00e7\u00e3o, est\u00e1 acontecendo em algumas cidades a mais completa mostra de arquitetura, design de interiores e paisagismo das Am\u00e9ricas,","robots":{"index":"index","follow":"follow","max-snippet":"max-snippet:-1","max-image-preview":"max-image-preview:large","max-video-preview":"max-video-preview:-1"},"canonical":"https:\/\/andreasimonetti.com.br\/blog\/5-tendencias-direto-da-casacor\/","og_locale":"pt_BR","og_type":"article","og_title":"5 tend\u00eancias direto da CASACOR - Andrea Simonetti","og_description":"E por falar em decora\u00e7\u00e3o, est\u00e1 acontecendo em algumas cidades a mais completa mostra de arquitetura, design de interiores e paisagismo das Am\u00e9ricas,","og_url":"https:\/\/andreasimonetti.com.br\/blog\/5-tendencias-direto-da-casacor\/","og_site_name":"Andrea Simonetti","article_publisher":"https:\/\/www.facebook.com\/blogdaandreasimonetti\/","article_author":"https:\/\/www.facebook.com\/blogdaandreasimonetti\/","article_published_time":"2021-11-04T22:43:43+00:00","og_image":[{"width":1536,"height":1024,"url":"https:\/\/andreasimonetti.com.br\/blog\/wp-content\/uploads\/2021\/11\/1-Nildo-Jose-MCA-Estudio.jpg","type":"image\/jpeg"}],"author":"Andrea Simonetti","twitter_card":"summary_large_image","twitter_creator":"@https:\/\/twitter.com\/Andrea_Simoneti","twitter_site":"@Andrea_Simoneti","twitter_misc":{"Escrito por":"Andrea Simonetti","Est. tempo de leitura":"2 minutos"},"schema":{"@context":"https:\/\/schema.org","@graph":[{"@type":"WebPage","@id":"https:\/\/andreasimonetti.com.br\/blog\/5-tendencias-direto-da-casacor\/","url":"https:\/\/andreasimonetti.com.br\/blog\/5-tendencias-direto-da-casacor\/","name":"5 tend\u00eancias direto da CASACOR - Andrea Simonetti","isPartOf":{"@id":"https:\/\/andreasimonetti.com.br\/blog\/#website"},"primaryImageOfPage":{"@id":"https:\/\/andreasimonetti.com.br\/blog\/5-tendencias-direto-da-casacor\/#primaryimage"},"image":{"@id":"https:\/\/andreasimonetti.com.br\/blog\/5-tendencias-direto-da-casacor\/#primaryimage"},"thumbnailUrl":"https:\/\/andreasimonetti.com.br\/blog\/wp-content\/uploads\/2021\/11\/1-Nildo-Jose-MCA-Estudio.jpg","datePublished":"2021-11-04T22:43:43+00:00","author":{"@id":"https:\/\/andreasimonetti.com.br\/blog\/#\/schema\/person\/254f763c24ac288e27ea738a7366ad2a"},"description":"E por falar em decora\u00e7\u00e3o, est\u00e1 acontecendo em algumas cidades a mais completa mostra de arquitetura, design de interiores e paisagismo das Am\u00e9ricas,","breadcrumb":{"@id":"https:\/\/andreasimonetti.com.br\/blog\/5-tendencias-direto-da-casacor\/#breadcrumb"},"inLanguage":"pt-BR","potentialAction":[{"@type":"ReadAction","target":["https:\/\/andreasimonetti.com.br\/blog\/5-tendencias-direto-da-casacor\/"]}]},{"@type":"ImageObject","inLanguage":"pt-BR","@id":"https:\/\/andreasimonetti.com.br\/blog\/5-tendencias-direto-da-casacor\/#primaryimage","url":"https:\/\/andreasimonetti.com.br\/blog\/wp-content\/uploads\/2021\/11\/1-Nildo-Jose-MCA-Estudio.jpg","contentUrl":"https:\/\/andreasimonetti.com.br\/blog\/wp-content\/uploads\/2021\/11\/1-Nildo-Jose-MCA-Estudio.jpg","width":1536,"height":1024},{"@type":"BreadcrumbList","@id":"https:\/\/andreasimonetti.com.br\/blog\/5-tendencias-direto-da-casacor\/#breadcrumb","itemListElement":[{"@type":"ListItem","position":1,"name":"In\u00edcio","item":"https:\/\/andreasimonetti.com.br\/blog\/"},{"@type":"ListItem","position":2,"name":"5 tend\u00eancias direto da CASACOR"}]},{"@type":"WebSite","@id":"https:\/\/andreasimonetti.com.br\/blog\/#website","url":"https:\/\/andreasimonetti.com.br\/blog\/","name":"Andrea Simonetti","description":"","potentialAction":[{"@type":"SearchAction","target":{"@type":"EntryPoint","urlTemplate":"https:\/\/andreasimonetti.com.br\/blog\/?s={search_term_string}"},"query-input":{"@type":"PropertyValueSpecification","valueRequired":true,"valueName":"search_term_string"}}],"inLanguage":"pt-BR"},{"@type":"Person","@id":"https:\/\/andreasimonetti.com.br\/blog\/#\/schema\/person\/254f763c24ac288e27ea738a7366ad2a","name":"Andrea Simonetti","image":{"@type":"ImageObject","inLanguage":"pt-BR","@id":"https:\/\/andreasimonetti.com.br\/blog\/#\/schema\/person\/image\/","url":"https:\/\/andreasimonetti.com.br\/blog\/wp-content\/uploads\/2018\/04\/andrea-simonetti-96x96.png","contentUrl":"https:\/\/andreasimonetti.com.br\/blog\/wp-content\/uploads\/2018\/04\/andrea-simonetti-96x96.png","caption":"Andrea Simonetti"},"description":"Sou formada em Administra\u00e7\u00e3o de Empresas, Produ\u00e7\u00e3o de Moda pelo SENAC e Consultoria de Estilo. Sou fascinada por moda desde sempre, adoro ver as pessoas produzidas e de bem com a vida. Moda \u00e9 o meu assunto preferido. Comecei meu blog em 2011, ele cresceu e hoje \u00e9 um site bem mais abrangente, onde eu falo sobre moda e meu trabalho de consultora de estilo. E falo tamb\u00e9m sobre a minha experi\u00eancia de vida. Mas antes de tudo, acredito num Deus Soberano que nos guia e aben\u00e7oa, o tempo todo!","sameAs":["https:\/\/www.andreasimonetti.com.br\/","https:\/\/www.facebook.com\/blogdaandreasimonetti\/","https:\/\/www.instagram.com\/andrea_simonetti\/","https:\/\/br.pinterest.com\/BlogAndrea\/","https:\/\/x.com\/https:\/\/twitter.com\/Andrea_Simoneti"],"url":"https:\/\/andreasimonetti.com.br\/blog\/author\/andrea\/"}]}},"_links":{"self":[{"href":"https:\/\/andreasimonetti.com.br\/blog\/wp-json\/wp\/v2\/posts\/23251","targetHints":{"allow":["GET"]}}],"collection":[{"href":"https:\/\/andreasimonetti.com.br\/blog\/wp-json\/wp\/v2\/posts"}],"about":[{"href":"https:\/\/andreasimonetti.com.br\/blog\/wp-json\/wp\/v2\/types\/post"}],"author":[{"embeddable":true,"href":"https:\/\/andreasimonetti.com.br\/blog\/wp-json\/wp\/v2\/users\/7"}],"replies":[{"embeddable":true,"href":"https:\/\/andreasimonetti.com.br\/blog\/wp-json\/wp\/v2\/comments?post=23251"}],"version-history":[{"count":3,"href":"https:\/\/andreasimonetti.com.br\/blog\/wp-json\/wp\/v2\/posts\/23251\/revisions"}],"predecessor-version":[{"id":23259,"href":"https:\/\/andreasimonetti.com.br\/blog\/wp-json\/wp\/v2\/posts\/23251\/revisions\/23259"}],"wp:featuredmedia":[{"embeddable":true,"href":"https:\/\/andreasimonetti.com.br\/blog\/wp-json\/wp\/v2\/media\/23252"}],"wp:attachment":[{"href":"https:\/\/andreasimonetti.com.br\/blog\/wp-json\/wp\/v2\/media?parent=23251"}],"wp:term":[{"taxonomy":"category","embeddable":true,"href":"https:\/\/andreasimonetti.com.br\/blog\/wp-json\/wp\/v2\/categories?post=23251"},{"taxonomy":"post_tag","embeddable":true,"href":"https:\/\/andreasimonetti.com.br\/blog\/wp-json\/wp\/v2\/tags?post=23251"}],"curies":[{"name":"wp","href":"https:\/\/api.w.org\/{rel}","templated":true}]}}