{"id":23203,"date":"2021-09-27T19:42:37","date_gmt":"2021-09-27T22:42:37","guid":{"rendered":"https:\/\/andreasimonetti.com.br\/blog\/?p=23203"},"modified":"2021-09-27T19:42:37","modified_gmt":"2021-09-27T22:42:37","slug":"voce-sabe-combinar-acessorios","status":"publish","type":"post","link":"https:\/\/andreasimonetti.com.br\/blog\/voce-sabe-combinar-acessorios\/","title":{"rendered":"Voc\u00ea sabe combinar acess\u00f3rios ?"},"content":{"rendered":"<div class=\"kvgmc6g5 cxmmr5t8 oygrvhab hcukyx3x c1et5uql ii04i59q\">\n<div dir=\"auto\">Uma das partes da consultoria de estilo e aprender a combinar acess\u00f3rios.<\/div>\n<div dir=\"auto\">Vejo muitas mulheres que sempre compram cal\u00e7ados e bolsas nas cores nude e preto.<\/div>\n<\/div>\n<div class=\"o9v6fnle cxmmr5t8 oygrvhab hcukyx3x c1et5uql ii04i59q\">\n<div dir=\"auto\">Quando pergunto porqu\u00ea?<\/div>\n<\/div>\n<div class=\"o9v6fnle cxmmr5t8 oygrvhab hcukyx3x c1et5uql ii04i59q\">\n<div dir=\"auto\">Elas me dizem: combina com tudo.<\/div>\n<\/div>\n<div class=\"o9v6fnle cxmmr5t8 oygrvhab hcukyx3x c1et5uql ii04i59q\">\n<div dir=\"auto\">Ser\u00e1?<\/div>\n<\/div>\n<div class=\"o9v6fnle cxmmr5t8 oygrvhab hcukyx3x c1et5uql ii04i59q\">\n<div dir=\"auto\">Quando come\u00e7o dar a op\u00e7\u00e3o de acess\u00f3rios coloridos com os looks, ficam encantadas com tanta possibilidade de combina\u00e7\u00e3o.<\/div>\n<\/div>\n<div class=\"o9v6fnle cxmmr5t8 oygrvhab hcukyx3x c1et5uql ii04i59q\">\n<div dir=\"auto\">Olha que lindo que ficou a sand\u00e1lia e bolsa rosa com esse look!<\/div>\n<\/div>\n<div class=\"o9v6fnle cxmmr5t8 oygrvhab hcukyx3x c1et5uql ii04i59q\">\n<div dir=\"auto\">\u00a0<\/div>\n<\/div>\n<div dir=\"auto\">\n<div dir=\"auto\"><strong>Cr\u00e9ditos<\/strong>:<\/div>\n<div dir=\"auto\">&#8211; Vestido <a class=\"oajrlxb2 g5ia77u1 qu0x051f esr5mh6w e9989ue4 r7d6kgcz rq0escxv nhd2j8a9 nc684nl6 p7hjln8o kvgmc6g5 cxmmr5t8 oygrvhab hcukyx3x jb3vyjys rz4wbd8a qt6c0cv9 a8nywdso i1ao9s8h esuyzwwr f1sip0of lzcic4wl py34i1dx gpro0wi8\" tabindex=\"0\" role=\"link\" href=\"https:\/\/www.instagram.com\/_u\/adorofarm?fbclid=IwAR07nZcDUgTITNZCeqCWMv4RV71YiAoPWGwto9GEOBbjAyuX8W6BEfYFgWI\" target=\"_blank\" rel=\"nofollow noopener noreferrer\">@adorofarm <\/a>da <a class=\"oajrlxb2 g5ia77u1 qu0x051f esr5mh6w e9989ue4 r7d6kgcz rq0escxv nhd2j8a9 nc684nl6 p7hjln8o kvgmc6g5 cxmmr5t8 oygrvhab hcukyx3x jb3vyjys rz4wbd8a qt6c0cv9 a8nywdso i1ao9s8h esuyzwwr f1sip0of lzcic4wl py34i1dx gpro0wi8\" tabindex=\"0\" role=\"link\" href=\"https:\/\/www.instagram.com\/_u\/lojapedagio?fbclid=IwAR3xmB7LrAxOw4CnN-xek-1miULyoQcUXbqdP-DMW_sPDdLYBMm1wdKsJ1w\" target=\"_blank\" rel=\"nofollow noopener noreferrer\">@lojapedagio<\/a><\/div>\n<div dir=\"auto\">&#8211; Sand\u00e1lia e bolsa <a class=\"oajrlxb2 g5ia77u1 qu0x051f esr5mh6w e9989ue4 r7d6kgcz rq0escxv nhd2j8a9 nc684nl6 p7hjln8o kvgmc6g5 cxmmr5t8 oygrvhab hcukyx3x jb3vyjys rz4wbd8a qt6c0cv9 a8nywdso i1ao9s8h esuyzwwr f1sip0of lzcic4wl py34i1dx gpro0wi8\" tabindex=\"0\" role=\"link\" href=\"https:\/\/www.instagram.com\/_u\/arezzoboulevardbauru?fbclid=IwAR2nHH3tyQFko08zD9xM1N4J3wXSn3eHXqml0q7R18y5tMwmBKDyQDM0sGk\" target=\"_blank\" rel=\"nofollow noopener noreferrer\">@arezzoboulevardbauru<\/a><\/div>\n<div dir=\"auto\">&#8211; Loca\u00e7\u00e3o &#8211; Show room da Bellaruz Planejados Bauru\u00a0<\/div>\n<\/div>\n","protected":false},"excerpt":{"rendered":"<p>Uma das partes da consultoria de estilo e aprender a combinar acess\u00f3rios. Vejo muitas mulheres que sempre compram cal\u00e7ados e bolsas nas cores nude e preto. Quando pergunto porqu\u00ea? Elas&hellip;<\/p>\n","protected":false},"author":7,"featured_media":23204,"comment_status":"open","ping_status":"open","sticky":false,"template":"","format":"standard","meta":{"_monsterinsights_skip_tracking":false,"_monsterinsights_sitenote_active":false,"_monsterinsights_sitenote_note":"","_monsterinsights_sitenote_category":0,"footnotes":""},"categories":[3057,1508,3],"tags":[2981,3200],"class_list":["post-23203","post","type-post","status-publish","format-standard","has-post-thumbnail","hentry","category-consultoria-de-estilo","category-destaque","category-moda","tag-consultoria-de-estilo","tag-voce-sabe-combinar-acessorios"],"yoast_head":"<!-- This site is optimized with the Yoast SEO plugin v26.3 - https:\/\/yoast.com\/wordpress\/plugins\/seo\/ -->\n<title>Voc\u00ea sabe combinar acess\u00f3rios ? - Andrea Simonetti<\/title>\n<meta name=\"description\" content=\"Uma das partes da consultoria de estilo e aprender a combinar acess\u00f3rios.Vejo muitas mulheres que sempre compram cal\u00e7ados e bolsas nas cores nude e preto\" \/>\n<meta name=\"robots\" content=\"index, follow, max-snippet:-1, max-image-preview:large, max-video-preview:-1\" \/>\n<link rel=\"canonical\" href=\"https:\/\/andreasimonetti.com.br\/blog\/voce-sabe-combinar-acessorios\/\" \/>\n<meta property=\"og:locale\" content=\"pt_BR\" \/>\n<meta property=\"og:type\" content=\"article\" \/>\n<meta property=\"og:title\" content=\"Voc\u00ea sabe combinar acess\u00f3rios ? - Andrea Simonetti\" \/>\n<meta property=\"og:description\" content=\"Uma das partes da consultoria de estilo e aprender a combinar acess\u00f3rios.Vejo muitas mulheres que sempre compram cal\u00e7ados e bolsas nas cores nude e preto\" \/>\n<meta property=\"og:url\" content=\"https:\/\/andreasimonetti.com.br\/blog\/voce-sabe-combinar-acessorios\/\" \/>\n<meta property=\"og:site_name\" content=\"Andrea Simonetti\" \/>\n<meta property=\"article:publisher\" content=\"https:\/\/www.facebook.com\/blogdaandreasimonetti\/\" \/>\n<meta property=\"article:author\" content=\"https:\/\/www.facebook.com\/blogdaandreasimonetti\/\" \/>\n<meta property=\"article:published_time\" content=\"2021-09-27T22:42:37+00:00\" \/>\n<meta property=\"og:image\" content=\"https:\/\/andreasimonetti.com.br\/blog\/wp-content\/uploads\/2021\/09\/243188886_4318196901598260_8642795292555953452_n.jpg\" \/>\n\t<meta property=\"og:image:width\" content=\"1440\" \/>\n\t<meta property=\"og:image:height\" content=\"1800\" \/>\n\t<meta property=\"og:image:type\" content=\"image\/jpeg\" \/>\n<meta name=\"author\" content=\"Andrea Simonetti\" \/>\n<meta name=\"twitter:card\" content=\"summary_large_image\" \/>\n<meta name=\"twitter:creator\" content=\"@https:\/\/twitter.com\/Andrea_Simoneti\" \/>\n<meta name=\"twitter:site\" content=\"@Andrea_Simoneti\" \/>\n<meta name=\"twitter:label1\" content=\"Escrito por\" \/>\n\t<meta name=\"twitter:data1\" content=\"Andrea Simonetti\" \/>\n<!-- \/ Yoast SEO plugin. -->","yoast_head_json":{"title":"Voc\u00ea sabe combinar acess\u00f3rios ? - Andrea Simonetti","description":"Uma das partes da consultoria de estilo e aprender a combinar acess\u00f3rios.Vejo muitas mulheres que sempre compram cal\u00e7ados e bolsas nas cores nude e preto","robots":{"index":"index","follow":"follow","max-snippet":"max-snippet:-1","max-image-preview":"max-image-preview:large","max-video-preview":"max-video-preview:-1"},"canonical":"https:\/\/andreasimonetti.com.br\/blog\/voce-sabe-combinar-acessorios\/","og_locale":"pt_BR","og_type":"article","og_title":"Voc\u00ea sabe combinar acess\u00f3rios ? - Andrea Simonetti","og_description":"Uma das partes da consultoria de estilo e aprender a combinar acess\u00f3rios.Vejo muitas mulheres que sempre compram cal\u00e7ados e bolsas nas cores nude e preto","og_url":"https:\/\/andreasimonetti.com.br\/blog\/voce-sabe-combinar-acessorios\/","og_site_name":"Andrea Simonetti","article_publisher":"https:\/\/www.facebook.com\/blogdaandreasimonetti\/","article_author":"https:\/\/www.facebook.com\/blogdaandreasimonetti\/","article_published_time":"2021-09-27T22:42:37+00:00","og_image":[{"width":1440,"height":1800,"url":"https:\/\/andreasimonetti.com.br\/blog\/wp-content\/uploads\/2021\/09\/243188886_4318196901598260_8642795292555953452_n.jpg","type":"image\/jpeg"}],"author":"Andrea Simonetti","twitter_card":"summary_large_image","twitter_creator":"@https:\/\/twitter.com\/Andrea_Simoneti","twitter_site":"@Andrea_Simoneti","twitter_misc":{"Escrito por":"Andrea Simonetti"},"schema":{"@context":"https:\/\/schema.org","@graph":[{"@type":"WebPage","@id":"https:\/\/andreasimonetti.com.br\/blog\/voce-sabe-combinar-acessorios\/","url":"https:\/\/andreasimonetti.com.br\/blog\/voce-sabe-combinar-acessorios\/","name":"Voc\u00ea sabe combinar acess\u00f3rios ? - Andrea Simonetti","isPartOf":{"@id":"https:\/\/andreasimonetti.com.br\/blog\/#website"},"primaryImageOfPage":{"@id":"https:\/\/andreasimonetti.com.br\/blog\/voce-sabe-combinar-acessorios\/#primaryimage"},"image":{"@id":"https:\/\/andreasimonetti.com.br\/blog\/voce-sabe-combinar-acessorios\/#primaryimage"},"thumbnailUrl":"https:\/\/andreasimonetti.com.br\/blog\/wp-content\/uploads\/2021\/09\/243188886_4318196901598260_8642795292555953452_n.jpg","datePublished":"2021-09-27T22:42:37+00:00","author":{"@id":"https:\/\/andreasimonetti.com.br\/blog\/#\/schema\/person\/254f763c24ac288e27ea738a7366ad2a"},"description":"Uma das partes da consultoria de estilo e aprender a combinar acess\u00f3rios.Vejo muitas mulheres que sempre compram cal\u00e7ados e bolsas nas cores nude e preto","breadcrumb":{"@id":"https:\/\/andreasimonetti.com.br\/blog\/voce-sabe-combinar-acessorios\/#breadcrumb"},"inLanguage":"pt-BR","potentialAction":[{"@type":"ReadAction","target":["https:\/\/andreasimonetti.com.br\/blog\/voce-sabe-combinar-acessorios\/"]}]},{"@type":"ImageObject","inLanguage":"pt-BR","@id":"https:\/\/andreasimonetti.com.br\/blog\/voce-sabe-combinar-acessorios\/#primaryimage","url":"https:\/\/andreasimonetti.com.br\/blog\/wp-content\/uploads\/2021\/09\/243188886_4318196901598260_8642795292555953452_n.jpg","contentUrl":"https:\/\/andreasimonetti.com.br\/blog\/wp-content\/uploads\/2021\/09\/243188886_4318196901598260_8642795292555953452_n.jpg","width":1440,"height":1800},{"@type":"BreadcrumbList","@id":"https:\/\/andreasimonetti.com.br\/blog\/voce-sabe-combinar-acessorios\/#breadcrumb","itemListElement":[{"@type":"ListItem","position":1,"name":"In\u00edcio","item":"https:\/\/andreasimonetti.com.br\/blog\/"},{"@type":"ListItem","position":2,"name":"Voc\u00ea sabe combinar acess\u00f3rios ?"}]},{"@type":"WebSite","@id":"https:\/\/andreasimonetti.com.br\/blog\/#website","url":"https:\/\/andreasimonetti.com.br\/blog\/","name":"Andrea Simonetti","description":"","potentialAction":[{"@type":"SearchAction","target":{"@type":"EntryPoint","urlTemplate":"https:\/\/andreasimonetti.com.br\/blog\/?s={search_term_string}"},"query-input":{"@type":"PropertyValueSpecification","valueRequired":true,"valueName":"search_term_string"}}],"inLanguage":"pt-BR"},{"@type":"Person","@id":"https:\/\/andreasimonetti.com.br\/blog\/#\/schema\/person\/254f763c24ac288e27ea738a7366ad2a","name":"Andrea Simonetti","image":{"@type":"ImageObject","inLanguage":"pt-BR","@id":"https:\/\/andreasimonetti.com.br\/blog\/#\/schema\/person\/image\/","url":"https:\/\/andreasimonetti.com.br\/blog\/wp-content\/uploads\/2018\/04\/andrea-simonetti-96x96.png","contentUrl":"https:\/\/andreasimonetti.com.br\/blog\/wp-content\/uploads\/2018\/04\/andrea-simonetti-96x96.png","caption":"Andrea Simonetti"},"description":"Sou formada em Administra\u00e7\u00e3o de Empresas, Produ\u00e7\u00e3o de Moda pelo SENAC e Consultoria de Estilo. Sou fascinada por moda desde sempre, adoro ver as pessoas produzidas e de bem com a vida. Moda \u00e9 o meu assunto preferido. Comecei meu blog em 2011, ele cresceu e hoje \u00e9 um site bem mais abrangente, onde eu falo sobre moda e meu trabalho de consultora de estilo. E falo tamb\u00e9m sobre a minha experi\u00eancia de vida. Mas antes de tudo, acredito num Deus Soberano que nos guia e aben\u00e7oa, o tempo todo!","sameAs":["https:\/\/www.andreasimonetti.com.br\/","https:\/\/www.facebook.com\/blogdaandreasimonetti\/","https:\/\/www.instagram.com\/andrea_simonetti\/","https:\/\/br.pinterest.com\/BlogAndrea\/","https:\/\/x.com\/https:\/\/twitter.com\/Andrea_Simoneti"],"url":"https:\/\/andreasimonetti.com.br\/blog\/author\/andrea\/"}]}},"_links":{"self":[{"href":"https:\/\/andreasimonetti.com.br\/blog\/wp-json\/wp\/v2\/posts\/23203","targetHints":{"allow":["GET"]}}],"collection":[{"href":"https:\/\/andreasimonetti.com.br\/blog\/wp-json\/wp\/v2\/posts"}],"about":[{"href":"https:\/\/andreasimonetti.com.br\/blog\/wp-json\/wp\/v2\/types\/post"}],"author":[{"embeddable":true,"href":"https:\/\/andreasimonetti.com.br\/blog\/wp-json\/wp\/v2\/users\/7"}],"replies":[{"embeddable":true,"href":"https:\/\/andreasimonetti.com.br\/blog\/wp-json\/wp\/v2\/comments?post=23203"}],"version-history":[{"count":2,"href":"https:\/\/andreasimonetti.com.br\/blog\/wp-json\/wp\/v2\/posts\/23203\/revisions"}],"predecessor-version":[{"id":23206,"href":"https:\/\/andreasimonetti.com.br\/blog\/wp-json\/wp\/v2\/posts\/23203\/revisions\/23206"}],"wp:featuredmedia":[{"embeddable":true,"href":"https:\/\/andreasimonetti.com.br\/blog\/wp-json\/wp\/v2\/media\/23204"}],"wp:attachment":[{"href":"https:\/\/andreasimonetti.com.br\/blog\/wp-json\/wp\/v2\/media?parent=23203"}],"wp:term":[{"taxonomy":"category","embeddable":true,"href":"https:\/\/andreasimonetti.com.br\/blog\/wp-json\/wp\/v2\/categories?post=23203"},{"taxonomy":"post_tag","embeddable":true,"href":"https:\/\/andreasimonetti.com.br\/blog\/wp-json\/wp\/v2\/tags?post=23203"}],"curies":[{"name":"wp","href":"https:\/\/api.w.org\/{rel}","templated":true}]}}