{"id":23157,"date":"2021-08-19T17:54:26","date_gmt":"2021-08-19T20:54:26","guid":{"rendered":"https:\/\/andreasimonetti.com.br\/blog\/?p=23157"},"modified":"2021-08-19T17:54:26","modified_gmt":"2021-08-19T20:54:26","slug":"inaugura-em-bauru-a-rd-permanent-makeup-academy","status":"publish","type":"post","link":"https:\/\/andreasimonetti.com.br\/blog\/inaugura-em-bauru-a-rd-permanent-makeup-academy\/","title":{"rendered":"Inaugura em Bauru a RD Permanent Makeup Academy"},"content":{"rendered":"<p style=\"text-align: justify;\">Minha querida amiga Regina Dinardi acaba de realizar um grande sonho: a inaugura\u00e7\u00e3o de um espa\u00e7o voltado para a forma\u00e7\u00e3o de profissionais da \u00e1rea da beleza.<\/p>\n<p style=\"text-align: justify;\">A <a class=\"oajrlxb2 g5ia77u1 qu0x051f esr5mh6w e9989ue4 r7d6kgcz rq0escxv nhd2j8a9 nc684nl6 p7hjln8o kvgmc6g5 cxmmr5t8 oygrvhab hcukyx3x jb3vyjys rz4wbd8a qt6c0cv9 a8nywdso i1ao9s8h esuyzwwr f1sip0of lzcic4wl py34i1dx gpro0wi8\" tabindex=\"0\" role=\"link\" href=\"https:\/\/www.instagram.com\/_u\/reginadinardiacademy?fbclid=IwAR040JBcilz9bowxOR7nRDaWG-0XfeMvQtZn9HwohAX4taoRPh7G0g7QlS4\" target=\"_blank\" rel=\"nofollow noopener noreferrer\">RD Permanent Makeup Academy<\/a><\/p>\n<div class=\"o9v6fnle cxmmr5t8 oygrvhab hcukyx3x c1et5uql ii04i59q\" style=\"text-align: justify;\">\n<div dir=\"auto\">A RD Permanent Makeup Academy oferece cursos de design de sobrancelhas, micropigmenta\u00e7\u00e3o e at\u00e9 especializa\u00e7\u00f5es como a t\u00e9cnica master lips e outras.<\/div>\n<\/div>\n<div class=\"o9v6fnle cxmmr5t8 oygrvhab hcukyx3x c1et5uql ii04i59q\" style=\"text-align: justify;\">\n<div dir=\"auto\">Com 22 anos de experi\u00eancia, os cursos s\u00e3o ministrados pela pr\u00f3pria Regina, que j\u00e1 formou mais de mil profissionais nos \u00faltimos anos.<\/div>\n<\/div>\n<div class=\"o9v6fnle cxmmr5t8 oygrvhab hcukyx3x c1et5uql ii04i59q\" style=\"text-align: justify;\">\n<div dir=\"auto\">Um coquetel marcou o lan\u00e7amento da Regina Dinard Permanent Makeup Academy, localizada na Rua 13 de Maio 17-15.<\/div>\n<div dir=\"auto\">\u00a0<\/div>\n<\/div>\n<div class=\"o9v6fnle cxmmr5t8 oygrvhab hcukyx3x c1et5uql ii04i59q\" style=\"text-align: justify;\">\n<div dir=\"auto\"><span class=\"pq6dq46d tbxw36s4 knj5qynh kvgmc6g5 ditlmg2l oygrvhab nvdbi5me sf5mxxl7 gl3lb2sf hhz5lgdu\"><img loading=\"lazy\" decoding=\"async\" src=\"https:\/\/www.facebook.com\/images\/emoji.php\/v9\/t33\/1\/16\/2705.png\" alt=\"?\" width=\"16\" height=\"16\" \/><\/span>Para saber mais e garantir sua vaga nos pr\u00f3ximos cursos acesse:<\/div>\n<\/div>\n<div class=\"o9v6fnle cxmmr5t8 oygrvhab hcukyx3x c1et5uql ii04i59q\">\n<div dir=\"auto\" style=\"text-align: justify;\">Instagram: <a class=\"oajrlxb2 g5ia77u1 qu0x051f esr5mh6w e9989ue4 r7d6kgcz rq0escxv nhd2j8a9 nc684nl6 p7hjln8o kvgmc6g5 cxmmr5t8 oygrvhab hcukyx3x jb3vyjys rz4wbd8a qt6c0cv9 a8nywdso i1ao9s8h esuyzwwr f1sip0of lzcic4wl py34i1dx gpro0wi8\" tabindex=\"0\" role=\"link\" href=\"https:\/\/www.instagram.com\/_u\/reginadinardiacademy?fbclid=IwAR35r9k_EwwKBk9K40Vqzvhw7H5ioJ38ZOA2w2vROV_gqMrKiOHSAYy54ns\" target=\"_blank\" rel=\"nofollow noopener noreferrer\">RD Permanent Makeup Academy <\/a>e <a class=\"oajrlxb2 g5ia77u1 qu0x051f esr5mh6w e9989ue4 r7d6kgcz rq0escxv nhd2j8a9 nc684nl6 p7hjln8o kvgmc6g5 cxmmr5t8 oygrvhab hcukyx3x jb3vyjys rz4wbd8a qt6c0cv9 a8nywdso i1ao9s8h esuyzwwr f1sip0of lzcic4wl py34i1dx gpro0wi8\" tabindex=\"0\" role=\"link\" href=\"https:\/\/l.facebook.com\/l.php?u=https%3A%2F%2Fwww.instagram.com%2F_u%2Freginadinardimicropigmentacao%3Ffbclid%3DIwAR00vYqh43Qzr6QF8htEpy7UagLZ2ff51mbBjFIEuQLf64N-JzE_Q0uSCUM&amp;h=AT2UmWrzDloP7LkzDu30j1r3ilhmDhhO7PDZExkC-4-Ehkn-ajGli-o37gT1iAeYg19nZPvBb-bDCxsPcJYpclq6bBV3BEKqcuJn5qT3LrW7I9FT23yTCi3G6r_uT3IvqqNB0mhFB-0X8PzFL265&amp;__tn__=-UK-R&amp;c[0]=AT25yHNhQ0aFPmmDGWy_EmhJLW_PpNnPyl6rnpjfG88m_K5JOIkKMrPEZNYFBHxhWFAbzaQkyqX9-ELkVpDg9CP11VXPmzT4Dradtju-CYwPcu4IXrAbhBc0t_XllCdO5NdJLtauimlZ2b_8GbDxHHKmhRNbpIVRfxTVybtezXoBdS3BvzWjn0fr2eKkPQpl0dSgsO1aeRVAfKKVFcokBBA\" target=\"_blank\" rel=\"nofollow noopener noreferrer\">Regina Dinardi\/Bauru <\/a><\/div>\n<div dir=\"auto\" style=\"text-align: justify;\">Facebook: <a class=\"oajrlxb2 g5ia77u1 qu0x051f esr5mh6w e9989ue4 r7d6kgcz rq0escxv nhd2j8a9 nc684nl6 p7hjln8o kvgmc6g5 cxmmr5t8 oygrvhab hcukyx3x jb3vyjys rz4wbd8a qt6c0cv9 a8nywdso i1ao9s8h esuyzwwr f1sip0of lzcic4wl py34i1dx gpro0wi8\" tabindex=\"0\" role=\"link\" href=\"https:\/\/www.instagram.com\/_u\/reginadinardimicropigmentacao?fbclid=IwAR1TFe5kXNMVBlTT3XT1uwlhHxBXmYBBlFNRQVONWtVKJTlm_RlxwAY-rSM\" target=\"_blank\" rel=\"nofollow noopener noreferrer\">Regina Dinardi\/Bauru <\/a><\/div>\n<div dir=\"auto\" style=\"text-align: justify;\">Site: <a class=\"oajrlxb2 g5ia77u1 qu0x051f esr5mh6w e9989ue4 r7d6kgcz rq0escxv nhd2j8a9 nc684nl6 p7hjln8o kvgmc6g5 cxmmr5t8 oygrvhab hcukyx3x jb3vyjys rz4wbd8a qt6c0cv9 a8nywdso i1ao9s8h esuyzwwr f1sip0of lzcic4wl py34i1dx gpro0wi8\" tabindex=\"0\" role=\"link\" href=\"https:\/\/l.facebook.com\/l.php?u=http%3A%2F%2Fwww.reginadinardi.com.br%2F%3Ffbclid%3DIwAR2Sc-cDJJZ6h7UHFYxPVB6vU3qLTft1SRX9pQKBJ_7aARjMhqwE_Fzyh40&amp;h=AT3wXBTq_XK25AyTK0j-QpvDTOtO12yxXjCsnA72YZv7I-sUBqxVe4btiqza95RFrLdvpfOLOHhnMUoAEtxuTiCbTtDoOVkcoWFThG3X4nPCGJhl9PqZ9CTB7tfbowqiyCCVIC2NTRHeTv7M_Vfw&amp;__tn__=-UK-R&amp;c[0]=AT25yHNhQ0aFPmmDGWy_EmhJLW_PpNnPyl6rnpjfG88m_K5JOIkKMrPEZNYFBHxhWFAbzaQkyqX9-ELkVpDg9CP11VXPmzT4Dradtju-CYwPcu4IXrAbhBc0t_XllCdO5NdJLtauimlZ2b_8GbDxHHKmhRNbpIVRfxTVybtezXoBdS3BvzWjn0fr2eKkPQpl0dSgsO1aeRVAfKKVFcokBBA\" target=\"_blank\" rel=\"nofollow noopener noreferrer\">www.reginadinardi.com.br<\/a><\/div>\n<div dir=\"auto\">\n<div style=\"text-align: justify;\">\u00a0<\/div>\n<\/div>\n<\/div>\n<div id=\"attachment_23158\" style=\"width: 1510px\" class=\"wp-caption alignnone\"><img loading=\"lazy\" decoding=\"async\" aria-describedby=\"caption-attachment-23158\" class=\"wp-image-23158 size-full\" src=\"https:\/\/andreasimonetti.com.br\/blog\/wp-content\/uploads\/2021\/08\/223530669_4317501441647092_2299779649311687795_n.jpg\" alt=\"Inaugura em Bauru a RD Permanent Makeup Academy\" width=\"1500\" height=\"994\" srcset=\"https:\/\/andreasimonetti.com.br\/blog\/wp-content\/uploads\/2021\/08\/223530669_4317501441647092_2299779649311687795_n.jpg 1500w, https:\/\/andreasimonetti.com.br\/blog\/wp-content\/uploads\/2021\/08\/223530669_4317501441647092_2299779649311687795_n-300x199.jpg 300w, https:\/\/andreasimonetti.com.br\/blog\/wp-content\/uploads\/2021\/08\/223530669_4317501441647092_2299779649311687795_n-1024x679.jpg 1024w, https:\/\/andreasimonetti.com.br\/blog\/wp-content\/uploads\/2021\/08\/223530669_4317501441647092_2299779649311687795_n-768x509.jpg 768w, https:\/\/andreasimonetti.com.br\/blog\/wp-content\/uploads\/2021\/08\/223530669_4317501441647092_2299779649311687795_n-1170x775.jpg 1170w, https:\/\/andreasimonetti.com.br\/blog\/wp-content\/uploads\/2021\/08\/223530669_4317501441647092_2299779649311687795_n-780x516.jpg 780w, https:\/\/andreasimonetti.com.br\/blog\/wp-content\/uploads\/2021\/08\/223530669_4317501441647092_2299779649311687795_n-585x388.jpg 585w, https:\/\/andreasimonetti.com.br\/blog\/wp-content\/uploads\/2021\/08\/223530669_4317501441647092_2299779649311687795_n-263x175.jpg 263w\" sizes=\"auto, (max-width: 1500px) 100vw, 1500px\" \/><p id=\"caption-attachment-23158\" class=\"wp-caption-text\">Regina Dinardi<\/p><\/div> <div id=\"attachment_23159\" style=\"width: 1510px\" class=\"wp-caption alignnone\"><img loading=\"lazy\" decoding=\"async\" aria-describedby=\"caption-attachment-23159\" class=\"wp-image-23159 size-full\" src=\"https:\/\/andreasimonetti.com.br\/blog\/wp-content\/uploads\/2021\/08\/223595292_4317501061647130_7720305127083421088_n.jpg\" alt=\"Inaugura em Bauru a RD Permanent Makeup Academy\" width=\"1500\" height=\"994\" srcset=\"https:\/\/andreasimonetti.com.br\/blog\/wp-content\/uploads\/2021\/08\/223595292_4317501061647130_7720305127083421088_n.jpg 1500w, https:\/\/andreasimonetti.com.br\/blog\/wp-content\/uploads\/2021\/08\/223595292_4317501061647130_7720305127083421088_n-300x199.jpg 300w, https:\/\/andreasimonetti.com.br\/blog\/wp-content\/uploads\/2021\/08\/223595292_4317501061647130_7720305127083421088_n-1024x679.jpg 1024w, https:\/\/andreasimonetti.com.br\/blog\/wp-content\/uploads\/2021\/08\/223595292_4317501061647130_7720305127083421088_n-768x509.jpg 768w, https:\/\/andreasimonetti.com.br\/blog\/wp-content\/uploads\/2021\/08\/223595292_4317501061647130_7720305127083421088_n-1170x775.jpg 1170w, https:\/\/andreasimonetti.com.br\/blog\/wp-content\/uploads\/2021\/08\/223595292_4317501061647130_7720305127083421088_n-780x516.jpg 780w, https:\/\/andreasimonetti.com.br\/blog\/wp-content\/uploads\/2021\/08\/223595292_4317501061647130_7720305127083421088_n-585x388.jpg 585w, https:\/\/andreasimonetti.com.br\/blog\/wp-content\/uploads\/2021\/08\/223595292_4317501061647130_7720305127083421088_n-263x175.jpg 263w\" sizes=\"auto, (max-width: 1500px) 100vw, 1500px\" \/><p id=\"caption-attachment-23159\" class=\"wp-caption-text\">RD Permanent Makeup Academy<\/p><\/div>\n","protected":false},"excerpt":{"rendered":"<p>Minha querida amiga Regina Dinardi acaba de realizar um grande sonho: a inaugura\u00e7\u00e3o de um espa\u00e7o voltado para a forma\u00e7\u00e3o de profissionais da \u00e1rea da beleza. A RD Permanent Makeup&hellip;<\/p>\n","protected":false},"author":7,"featured_media":23160,"comment_status":"open","ping_status":"open","sticky":false,"template":"","format":"standard","meta":{"_monsterinsights_skip_tracking":false,"_monsterinsights_sitenote_active":false,"_monsterinsights_sitenote_note":"","_monsterinsights_sitenote_category":0,"footnotes":""},"categories":[6,1508],"tags":[3189,3188],"class_list":["post-23157","post","type-post","status-publish","format-standard","has-post-thumbnail","hentry","category-beleza","category-destaque","tag-curso-de-sombrancelhas","tag-inaugura-em-bauru-a-rd-permanent-makeup-academy"],"yoast_head":"<!-- This site is optimized with the Yoast SEO plugin v26.3 - https:\/\/yoast.com\/wordpress\/plugins\/seo\/ -->\n<title>Inaugura em Bauru a RD Permanent Makeup Academy - Andrea Simonetti<\/title>\n<meta name=\"description\" content=\"A RD Permanent Makeup Academy oferece cursos de design de sobrancelhas, micropigmenta\u00e7\u00e3o e at\u00e9 especializa\u00e7\u00f5es como a t\u00e9cnica master lips e outras.\" \/>\n<meta name=\"robots\" content=\"index, follow, max-snippet:-1, max-image-preview:large, max-video-preview:-1\" \/>\n<link rel=\"canonical\" href=\"https:\/\/andreasimonetti.com.br\/blog\/inaugura-em-bauru-a-rd-permanent-makeup-academy\/\" \/>\n<meta property=\"og:locale\" content=\"pt_BR\" \/>\n<meta property=\"og:type\" content=\"article\" \/>\n<meta property=\"og:title\" content=\"Inaugura em Bauru a RD Permanent Makeup Academy - Andrea Simonetti\" \/>\n<meta property=\"og:description\" content=\"A RD Permanent Makeup Academy oferece cursos de design de sobrancelhas, micropigmenta\u00e7\u00e3o e at\u00e9 especializa\u00e7\u00f5es como a t\u00e9cnica master lips e outras.\" \/>\n<meta property=\"og:url\" content=\"https:\/\/andreasimonetti.com.br\/blog\/inaugura-em-bauru-a-rd-permanent-makeup-academy\/\" \/>\n<meta property=\"og:site_name\" content=\"Andrea Simonetti\" \/>\n<meta property=\"article:publisher\" content=\"https:\/\/www.facebook.com\/blogdaandreasimonetti\/\" \/>\n<meta property=\"article:author\" content=\"https:\/\/www.facebook.com\/blogdaandreasimonetti\/\" \/>\n<meta property=\"article:published_time\" content=\"2021-08-19T20:54:26+00:00\" \/>\n<meta property=\"og:image\" content=\"https:\/\/andreasimonetti.com.br\/blog\/wp-content\/uploads\/2021\/08\/177919108_4317501301647106_4389600903323978383_n.jpg\" \/>\n\t<meta property=\"og:image:width\" content=\"663\" \/>\n\t<meta property=\"og:image:height\" content=\"1000\" \/>\n\t<meta property=\"og:image:type\" content=\"image\/jpeg\" \/>\n<meta name=\"author\" content=\"Andrea Simonetti\" \/>\n<meta name=\"twitter:card\" content=\"summary_large_image\" \/>\n<meta name=\"twitter:creator\" content=\"@https:\/\/twitter.com\/Andrea_Simoneti\" \/>\n<meta name=\"twitter:site\" content=\"@Andrea_Simoneti\" \/>\n<meta name=\"twitter:label1\" content=\"Escrito por\" \/>\n\t<meta name=\"twitter:data1\" content=\"Andrea Simonetti\" \/>\n\t<meta name=\"twitter:label2\" content=\"Est. tempo de leitura\" \/>\n\t<meta name=\"twitter:data2\" content=\"1 minuto\" \/>\n<!-- \/ Yoast SEO plugin. -->","yoast_head_json":{"title":"Inaugura em Bauru a RD Permanent Makeup Academy - Andrea Simonetti","description":"A RD Permanent Makeup Academy oferece cursos de design de sobrancelhas, micropigmenta\u00e7\u00e3o e at\u00e9 especializa\u00e7\u00f5es como a t\u00e9cnica master lips e outras.","robots":{"index":"index","follow":"follow","max-snippet":"max-snippet:-1","max-image-preview":"max-image-preview:large","max-video-preview":"max-video-preview:-1"},"canonical":"https:\/\/andreasimonetti.com.br\/blog\/inaugura-em-bauru-a-rd-permanent-makeup-academy\/","og_locale":"pt_BR","og_type":"article","og_title":"Inaugura em Bauru a RD Permanent Makeup Academy - Andrea Simonetti","og_description":"A RD Permanent Makeup Academy oferece cursos de design de sobrancelhas, micropigmenta\u00e7\u00e3o e at\u00e9 especializa\u00e7\u00f5es como a t\u00e9cnica master lips e outras.","og_url":"https:\/\/andreasimonetti.com.br\/blog\/inaugura-em-bauru-a-rd-permanent-makeup-academy\/","og_site_name":"Andrea Simonetti","article_publisher":"https:\/\/www.facebook.com\/blogdaandreasimonetti\/","article_author":"https:\/\/www.facebook.com\/blogdaandreasimonetti\/","article_published_time":"2021-08-19T20:54:26+00:00","og_image":[{"width":663,"height":1000,"url":"https:\/\/andreasimonetti.com.br\/blog\/wp-content\/uploads\/2021\/08\/177919108_4317501301647106_4389600903323978383_n.jpg","type":"image\/jpeg"}],"author":"Andrea Simonetti","twitter_card":"summary_large_image","twitter_creator":"@https:\/\/twitter.com\/Andrea_Simoneti","twitter_site":"@Andrea_Simoneti","twitter_misc":{"Escrito por":"Andrea Simonetti","Est. tempo de leitura":"1 minuto"},"schema":{"@context":"https:\/\/schema.org","@graph":[{"@type":"WebPage","@id":"https:\/\/andreasimonetti.com.br\/blog\/inaugura-em-bauru-a-rd-permanent-makeup-academy\/","url":"https:\/\/andreasimonetti.com.br\/blog\/inaugura-em-bauru-a-rd-permanent-makeup-academy\/","name":"Inaugura em Bauru a RD Permanent Makeup Academy - Andrea Simonetti","isPartOf":{"@id":"https:\/\/andreasimonetti.com.br\/blog\/#website"},"primaryImageOfPage":{"@id":"https:\/\/andreasimonetti.com.br\/blog\/inaugura-em-bauru-a-rd-permanent-makeup-academy\/#primaryimage"},"image":{"@id":"https:\/\/andreasimonetti.com.br\/blog\/inaugura-em-bauru-a-rd-permanent-makeup-academy\/#primaryimage"},"thumbnailUrl":"https:\/\/andreasimonetti.com.br\/blog\/wp-content\/uploads\/2021\/08\/177919108_4317501301647106_4389600903323978383_n.jpg","datePublished":"2021-08-19T20:54:26+00:00","author":{"@id":"https:\/\/andreasimonetti.com.br\/blog\/#\/schema\/person\/254f763c24ac288e27ea738a7366ad2a"},"description":"A RD Permanent Makeup Academy oferece cursos de design de sobrancelhas, micropigmenta\u00e7\u00e3o e at\u00e9 especializa\u00e7\u00f5es como a t\u00e9cnica master lips e outras.","breadcrumb":{"@id":"https:\/\/andreasimonetti.com.br\/blog\/inaugura-em-bauru-a-rd-permanent-makeup-academy\/#breadcrumb"},"inLanguage":"pt-BR","potentialAction":[{"@type":"ReadAction","target":["https:\/\/andreasimonetti.com.br\/blog\/inaugura-em-bauru-a-rd-permanent-makeup-academy\/"]}]},{"@type":"ImageObject","inLanguage":"pt-BR","@id":"https:\/\/andreasimonetti.com.br\/blog\/inaugura-em-bauru-a-rd-permanent-makeup-academy\/#primaryimage","url":"https:\/\/andreasimonetti.com.br\/blog\/wp-content\/uploads\/2021\/08\/177919108_4317501301647106_4389600903323978383_n.jpg","contentUrl":"https:\/\/andreasimonetti.com.br\/blog\/wp-content\/uploads\/2021\/08\/177919108_4317501301647106_4389600903323978383_n.jpg","width":663,"height":1000},{"@type":"BreadcrumbList","@id":"https:\/\/andreasimonetti.com.br\/blog\/inaugura-em-bauru-a-rd-permanent-makeup-academy\/#breadcrumb","itemListElement":[{"@type":"ListItem","position":1,"name":"In\u00edcio","item":"https:\/\/andreasimonetti.com.br\/blog\/"},{"@type":"ListItem","position":2,"name":"Inaugura em Bauru a RD Permanent Makeup Academy"}]},{"@type":"WebSite","@id":"https:\/\/andreasimonetti.com.br\/blog\/#website","url":"https:\/\/andreasimonetti.com.br\/blog\/","name":"Andrea Simonetti","description":"","potentialAction":[{"@type":"SearchAction","target":{"@type":"EntryPoint","urlTemplate":"https:\/\/andreasimonetti.com.br\/blog\/?s={search_term_string}"},"query-input":{"@type":"PropertyValueSpecification","valueRequired":true,"valueName":"search_term_string"}}],"inLanguage":"pt-BR"},{"@type":"Person","@id":"https:\/\/andreasimonetti.com.br\/blog\/#\/schema\/person\/254f763c24ac288e27ea738a7366ad2a","name":"Andrea Simonetti","image":{"@type":"ImageObject","inLanguage":"pt-BR","@id":"https:\/\/andreasimonetti.com.br\/blog\/#\/schema\/person\/image\/","url":"https:\/\/andreasimonetti.com.br\/blog\/wp-content\/uploads\/2018\/04\/andrea-simonetti-96x96.png","contentUrl":"https:\/\/andreasimonetti.com.br\/blog\/wp-content\/uploads\/2018\/04\/andrea-simonetti-96x96.png","caption":"Andrea Simonetti"},"description":"Sou formada em Administra\u00e7\u00e3o de Empresas, Produ\u00e7\u00e3o de Moda pelo SENAC e Consultoria de Estilo. Sou fascinada por moda desde sempre, adoro ver as pessoas produzidas e de bem com a vida. Moda \u00e9 o meu assunto preferido. Comecei meu blog em 2011, ele cresceu e hoje \u00e9 um site bem mais abrangente, onde eu falo sobre moda e meu trabalho de consultora de estilo. E falo tamb\u00e9m sobre a minha experi\u00eancia de vida. Mas antes de tudo, acredito num Deus Soberano que nos guia e aben\u00e7oa, o tempo todo!","sameAs":["https:\/\/www.andreasimonetti.com.br\/","https:\/\/www.facebook.com\/blogdaandreasimonetti\/","https:\/\/www.instagram.com\/andrea_simonetti\/","https:\/\/br.pinterest.com\/BlogAndrea\/","https:\/\/x.com\/https:\/\/twitter.com\/Andrea_Simoneti"],"url":"https:\/\/andreasimonetti.com.br\/blog\/author\/andrea\/"}]}},"_links":{"self":[{"href":"https:\/\/andreasimonetti.com.br\/blog\/wp-json\/wp\/v2\/posts\/23157","targetHints":{"allow":["GET"]}}],"collection":[{"href":"https:\/\/andreasimonetti.com.br\/blog\/wp-json\/wp\/v2\/posts"}],"about":[{"href":"https:\/\/andreasimonetti.com.br\/blog\/wp-json\/wp\/v2\/types\/post"}],"author":[{"embeddable":true,"href":"https:\/\/andreasimonetti.com.br\/blog\/wp-json\/wp\/v2\/users\/7"}],"replies":[{"embeddable":true,"href":"https:\/\/andreasimonetti.com.br\/blog\/wp-json\/wp\/v2\/comments?post=23157"}],"version-history":[{"count":1,"href":"https:\/\/andreasimonetti.com.br\/blog\/wp-json\/wp\/v2\/posts\/23157\/revisions"}],"predecessor-version":[{"id":23161,"href":"https:\/\/andreasimonetti.com.br\/blog\/wp-json\/wp\/v2\/posts\/23157\/revisions\/23161"}],"wp:featuredmedia":[{"embeddable":true,"href":"https:\/\/andreasimonetti.com.br\/blog\/wp-json\/wp\/v2\/media\/23160"}],"wp:attachment":[{"href":"https:\/\/andreasimonetti.com.br\/blog\/wp-json\/wp\/v2\/media?parent=23157"}],"wp:term":[{"taxonomy":"category","embeddable":true,"href":"https:\/\/andreasimonetti.com.br\/blog\/wp-json\/wp\/v2\/categories?post=23157"},{"taxonomy":"post_tag","embeddable":true,"href":"https:\/\/andreasimonetti.com.br\/blog\/wp-json\/wp\/v2\/tags?post=23157"}],"curies":[{"name":"wp","href":"https:\/\/api.w.org\/{rel}","templated":true}]}}