{"id":23060,"date":"2021-05-16T21:19:49","date_gmt":"2021-05-17T00:19:49","guid":{"rendered":"https:\/\/andreasimonetti.com.br\/?p=23060"},"modified":"2021-05-16T21:19:49","modified_gmt":"2021-05-17T00:19:49","slug":"hair-retoque-da-raizhidratacaocorte","status":"publish","type":"post","link":"https:\/\/andreasimonetti.com.br\/blog\/hair-retoque-da-raizhidratacaocorte\/","title":{"rendered":"Hair: retoque da raiz+hidrata\u00e7\u00e3o+corte"},"content":{"rendered":"<p>Que alegria cuidar dos cabelos com o meu hair stylist\u00a0<a class=\"notranslate\" tabindex=\"0\" href=\"https:\/\/www.instagram.com\/dinardi59\/\">@dinardi59<\/a> do <a href=\"https:\/\/www.instagram.com\/dinardshairfashion\/?hl=pt-br\">Dinard\u00b4s Hair Fashion<\/a>.\u00a0<\/p>\n<p>Para valorizar os pontos de luz, o Julinho retocou o contour hair, com ilumina\u00e7\u00e3o em pontos estrat\u00e9gicos como nuca, laterais e topo frontal.<br \/>\nDepois foi a vez do tratamento com produtos da <a class=\"notranslate\" tabindex=\"0\" href=\"https:\/\/www.instagram.com\/senscience_brasil\/\">@senscience_brasil<\/a>\u00a0, que rep\u00f5em queratina e amino\u00e1cidos, e aliado ao vapor de oz\u00f4nio, trata e rejuvenesce os fios e ameniza o frizz.<\/p>\n<p>Esses s\u00e3o cuidados fundamentais para quem faz procedimento qu\u00edmico.<br \/>\nE pra finalizar, um corte s\u00f3 das pontas.<br \/>\nAdorei o resultado!<\/p>\n<p>&nbsp;<\/p>\n<div id=\"attachment_23064\" style=\"width: 810px\" class=\"wp-caption alignnone\"><img loading=\"lazy\" decoding=\"async\" aria-describedby=\"caption-attachment-23064\" class=\"wp-image-23064\" src=\"https:\/\/andreasimonetti.com.br\/blog\/wp-content\/uploads\/2021\/05\/185533978_4048279455252225_6177099132116340282_n.jpg\" alt=\"RETOQUE DAS MECHAS, HIDRATA\u00c7\u00c3O E CORTE \" width=\"800\" height=\"1200\" srcset=\"https:\/\/andreasimonetti.com.br\/blog\/wp-content\/uploads\/2021\/05\/185533978_4048279455252225_6177099132116340282_n.jpg 640w, https:\/\/andreasimonetti.com.br\/blog\/wp-content\/uploads\/2021\/05\/185533978_4048279455252225_6177099132116340282_n-200x300.jpg 200w, https:\/\/andreasimonetti.com.br\/blog\/wp-content\/uploads\/2021\/05\/185533978_4048279455252225_6177099132116340282_n-585x878.jpg 585w\" sizes=\"auto, (max-width: 800px) 100vw, 800px\" \/><p id=\"caption-attachment-23064\" class=\"wp-caption-text\">Dinards hair fashion<\/p><\/div> <div id=\"attachment_23065\" style=\"width: 810px\" class=\"wp-caption alignnone\"><img loading=\"lazy\" decoding=\"async\" aria-describedby=\"caption-attachment-23065\" class=\"wp-image-23065\" src=\"https:\/\/andreasimonetti.com.br\/blog\/wp-content\/uploads\/2021\/05\/185729322_4048241415256029_8276521351271845937_n.jpg\" alt=\"RETOQUE DAS MECHAS, HIDRATA\u00c7\u00c3O E CORTE \" width=\"800\" height=\"1422\" srcset=\"https:\/\/andreasimonetti.com.br\/blog\/wp-content\/uploads\/2021\/05\/185729322_4048241415256029_8276521351271845937_n.jpg 540w, https:\/\/andreasimonetti.com.br\/blog\/wp-content\/uploads\/2021\/05\/185729322_4048241415256029_8276521351271845937_n-169x300.jpg 169w\" sizes=\"auto, (max-width: 800px) 100vw, 800px\" \/><p id=\"caption-attachment-23065\" class=\"wp-caption-text\">Dinards Hair Fashion<\/p><\/div> <div id=\"attachment_23066\" style=\"width: 710px\" class=\"wp-caption aligncenter\"><img loading=\"lazy\" decoding=\"async\" aria-describedby=\"caption-attachment-23066\" class=\"wp-image-23066\" src=\"https:\/\/andreasimonetti.com.br\/blog\/wp-content\/uploads\/2021\/05\/186468628_4048241628589341_2623172942913271236_n.jpg\" alt=\"RETOQUE DAS MECHAS, HIDRATA\u00c7\u00c3O E CORTE \" width=\"700\" height=\"1244\" srcset=\"https:\/\/andreasimonetti.com.br\/blog\/wp-content\/uploads\/2021\/05\/186468628_4048241628589341_2623172942913271236_n.jpg 540w, https:\/\/andreasimonetti.com.br\/blog\/wp-content\/uploads\/2021\/05\/186468628_4048241628589341_2623172942913271236_n-169x300.jpg 169w\" sizes=\"auto, (max-width: 700px) 100vw, 700px\" \/><p id=\"caption-attachment-23066\" class=\"wp-caption-text\">Dinards Hair Fashion<\/p><\/div>\n","protected":false},"excerpt":{"rendered":"<p>Que alegria cuidar dos cabelos com o meu hair stylist\u00a0@dinardi59 do Dinard\u00b4s Hair Fashion.\u00a0 Para valorizar os pontos de luz, o Julinho retocou o contour hair, com ilumina\u00e7\u00e3o em pontos&hellip;<\/p>\n","protected":false},"author":7,"featured_media":23067,"comment_status":"open","ping_status":"open","sticky":false,"template":"","format":"standard","meta":{"_monsterinsights_skip_tracking":false,"_monsterinsights_sitenote_active":false,"_monsterinsights_sitenote_note":"","_monsterinsights_sitenote_category":0,"footnotes":""},"categories":[6,1508],"tags":[3165,3166,1994,3167,3164],"class_list":["post-23060","post","type-post","status-publish","format-standard","has-post-thumbnail","hentry","category-beleza","category-destaque","tag-cabelo","tag-corte-de-cabelo","tag-dinards-hair-fashion","tag-hidratacao-senscience","tag-retoque-luzes"],"yoast_head":"<!-- This site is optimized with the Yoast SEO plugin v26.3 - https:\/\/yoast.com\/wordpress\/plugins\/seo\/ -->\n<title>Hair: retoque da raiz+hidrata\u00e7\u00e3o+corte - Andrea Simonetti<\/title>\n<meta name=\"description\" content=\"Para valorizar os pontos de luz, o Julinho retocou o contour hair, com ilumina\u00e7\u00e3o em pontos estrat\u00e9gicos como nuca, laterais e topo frontal.\" \/>\n<meta name=\"robots\" content=\"index, follow, max-snippet:-1, max-image-preview:large, max-video-preview:-1\" \/>\n<link rel=\"canonical\" href=\"https:\/\/andreasimonetti.com.br\/blog\/hair-retoque-da-raizhidratacaocorte\/\" \/>\n<meta property=\"og:locale\" content=\"pt_BR\" \/>\n<meta property=\"og:type\" content=\"article\" \/>\n<meta property=\"og:title\" content=\"Hair: retoque da raiz+hidrata\u00e7\u00e3o+corte - Andrea Simonetti\" \/>\n<meta property=\"og:description\" content=\"Para valorizar os pontos de luz, o Julinho retocou o contour hair, com ilumina\u00e7\u00e3o em pontos estrat\u00e9gicos como nuca, laterais e topo frontal.\" \/>\n<meta property=\"og:url\" content=\"https:\/\/andreasimonetti.com.br\/blog\/hair-retoque-da-raizhidratacaocorte\/\" \/>\n<meta property=\"og:site_name\" content=\"Andrea Simonetti\" \/>\n<meta property=\"article:publisher\" content=\"https:\/\/www.facebook.com\/blogdaandreasimonetti\/\" \/>\n<meta property=\"article:author\" content=\"https:\/\/www.facebook.com\/blogdaandreasimonetti\/\" \/>\n<meta property=\"article:published_time\" content=\"2021-05-17T00:19:49+00:00\" \/>\n<meta property=\"og:image\" content=\"https:\/\/andreasimonetti.com.br\/blog\/wp-content\/uploads\/2021\/05\/185813317_4048241741922663_7156758907362806681_n.jpg\" \/>\n\t<meta property=\"og:image:width\" content=\"540\" \/>\n\t<meta property=\"og:image:height\" content=\"960\" \/>\n\t<meta property=\"og:image:type\" content=\"image\/jpeg\" \/>\n<meta name=\"author\" content=\"Andrea Simonetti\" \/>\n<meta name=\"twitter:card\" content=\"summary_large_image\" \/>\n<meta name=\"twitter:creator\" content=\"@https:\/\/twitter.com\/Andrea_Simoneti\" \/>\n<meta name=\"twitter:site\" content=\"@Andrea_Simoneti\" \/>\n<meta name=\"twitter:label1\" content=\"Escrito por\" \/>\n\t<meta name=\"twitter:data1\" content=\"Andrea Simonetti\" \/>\n\t<meta name=\"twitter:label2\" content=\"Est. tempo de leitura\" \/>\n\t<meta name=\"twitter:data2\" content=\"1 minuto\" \/>\n<!-- \/ Yoast SEO plugin. -->","yoast_head_json":{"title":"Hair: retoque da raiz+hidrata\u00e7\u00e3o+corte - Andrea Simonetti","description":"Para valorizar os pontos de luz, o Julinho retocou o contour hair, com ilumina\u00e7\u00e3o em pontos estrat\u00e9gicos como nuca, laterais e topo frontal.","robots":{"index":"index","follow":"follow","max-snippet":"max-snippet:-1","max-image-preview":"max-image-preview:large","max-video-preview":"max-video-preview:-1"},"canonical":"https:\/\/andreasimonetti.com.br\/blog\/hair-retoque-da-raizhidratacaocorte\/","og_locale":"pt_BR","og_type":"article","og_title":"Hair: retoque da raiz+hidrata\u00e7\u00e3o+corte - Andrea Simonetti","og_description":"Para valorizar os pontos de luz, o Julinho retocou o contour hair, com ilumina\u00e7\u00e3o em pontos estrat\u00e9gicos como nuca, laterais e topo frontal.","og_url":"https:\/\/andreasimonetti.com.br\/blog\/hair-retoque-da-raizhidratacaocorte\/","og_site_name":"Andrea Simonetti","article_publisher":"https:\/\/www.facebook.com\/blogdaandreasimonetti\/","article_author":"https:\/\/www.facebook.com\/blogdaandreasimonetti\/","article_published_time":"2021-05-17T00:19:49+00:00","og_image":[{"width":540,"height":960,"url":"https:\/\/andreasimonetti.com.br\/blog\/wp-content\/uploads\/2021\/05\/185813317_4048241741922663_7156758907362806681_n.jpg","type":"image\/jpeg"}],"author":"Andrea Simonetti","twitter_card":"summary_large_image","twitter_creator":"@https:\/\/twitter.com\/Andrea_Simoneti","twitter_site":"@Andrea_Simoneti","twitter_misc":{"Escrito por":"Andrea Simonetti","Est. tempo de leitura":"1 minuto"},"schema":{"@context":"https:\/\/schema.org","@graph":[{"@type":"WebPage","@id":"https:\/\/andreasimonetti.com.br\/blog\/hair-retoque-da-raizhidratacaocorte\/","url":"https:\/\/andreasimonetti.com.br\/blog\/hair-retoque-da-raizhidratacaocorte\/","name":"Hair: retoque da raiz+hidrata\u00e7\u00e3o+corte - Andrea Simonetti","isPartOf":{"@id":"https:\/\/andreasimonetti.com.br\/blog\/#website"},"primaryImageOfPage":{"@id":"https:\/\/andreasimonetti.com.br\/blog\/hair-retoque-da-raizhidratacaocorte\/#primaryimage"},"image":{"@id":"https:\/\/andreasimonetti.com.br\/blog\/hair-retoque-da-raizhidratacaocorte\/#primaryimage"},"thumbnailUrl":"https:\/\/andreasimonetti.com.br\/blog\/wp-content\/uploads\/2021\/05\/185813317_4048241741922663_7156758907362806681_n.jpg","datePublished":"2021-05-17T00:19:49+00:00","author":{"@id":"https:\/\/andreasimonetti.com.br\/blog\/#\/schema\/person\/254f763c24ac288e27ea738a7366ad2a"},"description":"Para valorizar os pontos de luz, o Julinho retocou o contour hair, com ilumina\u00e7\u00e3o em pontos estrat\u00e9gicos como nuca, laterais e topo frontal.","breadcrumb":{"@id":"https:\/\/andreasimonetti.com.br\/blog\/hair-retoque-da-raizhidratacaocorte\/#breadcrumb"},"inLanguage":"pt-BR","potentialAction":[{"@type":"ReadAction","target":["https:\/\/andreasimonetti.com.br\/blog\/hair-retoque-da-raizhidratacaocorte\/"]}]},{"@type":"ImageObject","inLanguage":"pt-BR","@id":"https:\/\/andreasimonetti.com.br\/blog\/hair-retoque-da-raizhidratacaocorte\/#primaryimage","url":"https:\/\/andreasimonetti.com.br\/blog\/wp-content\/uploads\/2021\/05\/185813317_4048241741922663_7156758907362806681_n.jpg","contentUrl":"https:\/\/andreasimonetti.com.br\/blog\/wp-content\/uploads\/2021\/05\/185813317_4048241741922663_7156758907362806681_n.jpg","width":540,"height":960},{"@type":"BreadcrumbList","@id":"https:\/\/andreasimonetti.com.br\/blog\/hair-retoque-da-raizhidratacaocorte\/#breadcrumb","itemListElement":[{"@type":"ListItem","position":1,"name":"In\u00edcio","item":"https:\/\/andreasimonetti.com.br\/blog\/"},{"@type":"ListItem","position":2,"name":"Hair: retoque da raiz+hidrata\u00e7\u00e3o+corte"}]},{"@type":"WebSite","@id":"https:\/\/andreasimonetti.com.br\/blog\/#website","url":"https:\/\/andreasimonetti.com.br\/blog\/","name":"Andrea Simonetti","description":"","potentialAction":[{"@type":"SearchAction","target":{"@type":"EntryPoint","urlTemplate":"https:\/\/andreasimonetti.com.br\/blog\/?s={search_term_string}"},"query-input":{"@type":"PropertyValueSpecification","valueRequired":true,"valueName":"search_term_string"}}],"inLanguage":"pt-BR"},{"@type":"Person","@id":"https:\/\/andreasimonetti.com.br\/blog\/#\/schema\/person\/254f763c24ac288e27ea738a7366ad2a","name":"Andrea Simonetti","image":{"@type":"ImageObject","inLanguage":"pt-BR","@id":"https:\/\/andreasimonetti.com.br\/blog\/#\/schema\/person\/image\/","url":"https:\/\/andreasimonetti.com.br\/blog\/wp-content\/uploads\/2018\/04\/andrea-simonetti-96x96.png","contentUrl":"https:\/\/andreasimonetti.com.br\/blog\/wp-content\/uploads\/2018\/04\/andrea-simonetti-96x96.png","caption":"Andrea Simonetti"},"description":"Sou formada em Administra\u00e7\u00e3o de Empresas, Produ\u00e7\u00e3o de Moda pelo SENAC e Consultoria de Estilo. Sou fascinada por moda desde sempre, adoro ver as pessoas produzidas e de bem com a vida. Moda \u00e9 o meu assunto preferido. Comecei meu blog em 2011, ele cresceu e hoje \u00e9 um site bem mais abrangente, onde eu falo sobre moda e meu trabalho de consultora de estilo. E falo tamb\u00e9m sobre a minha experi\u00eancia de vida. Mas antes de tudo, acredito num Deus Soberano que nos guia e aben\u00e7oa, o tempo todo!","sameAs":["https:\/\/www.andreasimonetti.com.br\/","https:\/\/www.facebook.com\/blogdaandreasimonetti\/","https:\/\/www.instagram.com\/andrea_simonetti\/","https:\/\/br.pinterest.com\/BlogAndrea\/","https:\/\/x.com\/https:\/\/twitter.com\/Andrea_Simoneti"],"url":"https:\/\/andreasimonetti.com.br\/blog\/author\/andrea\/"}]}},"_links":{"self":[{"href":"https:\/\/andreasimonetti.com.br\/blog\/wp-json\/wp\/v2\/posts\/23060","targetHints":{"allow":["GET"]}}],"collection":[{"href":"https:\/\/andreasimonetti.com.br\/blog\/wp-json\/wp\/v2\/posts"}],"about":[{"href":"https:\/\/andreasimonetti.com.br\/blog\/wp-json\/wp\/v2\/types\/post"}],"author":[{"embeddable":true,"href":"https:\/\/andreasimonetti.com.br\/blog\/wp-json\/wp\/v2\/users\/7"}],"replies":[{"embeddable":true,"href":"https:\/\/andreasimonetti.com.br\/blog\/wp-json\/wp\/v2\/comments?post=23060"}],"version-history":[{"count":2,"href":"https:\/\/andreasimonetti.com.br\/blog\/wp-json\/wp\/v2\/posts\/23060\/revisions"}],"predecessor-version":[{"id":23069,"href":"https:\/\/andreasimonetti.com.br\/blog\/wp-json\/wp\/v2\/posts\/23060\/revisions\/23069"}],"wp:featuredmedia":[{"embeddable":true,"href":"https:\/\/andreasimonetti.com.br\/blog\/wp-json\/wp\/v2\/media\/23067"}],"wp:attachment":[{"href":"https:\/\/andreasimonetti.com.br\/blog\/wp-json\/wp\/v2\/media?parent=23060"}],"wp:term":[{"taxonomy":"category","embeddable":true,"href":"https:\/\/andreasimonetti.com.br\/blog\/wp-json\/wp\/v2\/categories?post=23060"},{"taxonomy":"post_tag","embeddable":true,"href":"https:\/\/andreasimonetti.com.br\/blog\/wp-json\/wp\/v2\/tags?post=23060"}],"curies":[{"name":"wp","href":"https:\/\/api.w.org\/{rel}","templated":true}]}}