{"id":22995,"date":"2021-04-03T10:55:09","date_gmt":"2021-04-03T13:55:09","guid":{"rendered":"https:\/\/andreasimonetti.com.br\/?p=22995"},"modified":"2021-04-03T10:55:09","modified_gmt":"2021-04-03T13:55:09","slug":"dicas-para-escolher-a-bolsa-que-mais-combina-com-voce","status":"publish","type":"post","link":"https:\/\/andreasimonetti.com.br\/blog\/dicas-para-escolher-a-bolsa-que-mais-combina-com-voce\/","title":{"rendered":"Dicas para escolher a bolsa que mais combina com voc\u00ea!"},"content":{"rendered":"<div class=\"kvgmc6g5 cxmmr5t8 oygrvhab hcukyx3x c1et5uql ii04i59q\">\n<div dir=\"auto\">Voc\u00ea sabia que ao comprar uma bolsa, al\u00e9m da beleza e do <a href=\"https:\/\/andreasimonetti.com.br\/blog\/voce-sabe-qual-e-seu-estilo-pessoal-predominante\/\">estilo<\/a> voc\u00ea deveria pensar tamb\u00e9m se ela combina com o seu corpo ?<\/div>\n<div dir=\"auto\">\u00a0<\/div>\n<\/div>\n<div class=\"o9v6fnle cxmmr5t8 oygrvhab hcukyx3x c1et5uql ii04i59q\">\n<div dir=\"auto\">Nem sempre um acess\u00f3rio bonito combinar\u00e1 com determinado tipo f\u00edsico, ent\u00e3o, o melhor \u00e9 saber analisar para comprar o que ficar\u00e1 melhor em voc\u00ea, respeitando suas caracter\u00edsticas.<\/div>\n<div dir=\"auto\">\u00a0<\/div>\n<\/div>\n<div class=\"o9v6fnle cxmmr5t8 oygrvhab hcukyx3x c1et5uql ii04i59q\">\n<div dir=\"auto\"><strong>Seguem algumas dicas:<\/strong><\/div>\n<div dir=\"auto\">\u00a0<\/div>\n<\/div>\n<div class=\"o9v6fnle cxmmr5t8 oygrvhab hcukyx3x c1et5uql ii04i59q\">\n<div dir=\"auto\"><span class=\"pq6dq46d tbxw36s4 knj5qynh kvgmc6g5 ditlmg2l oygrvhab nvdbi5me sf5mxxl7 gl3lb2sf hhz5lgdu\"><img loading=\"lazy\" decoding=\"async\" src=\"https:\/\/static.xx.fbcdn.net\/images\/emoji.php\/v9\/t33\/1\/16\/2705.png\" alt=\"?\" width=\"16\" height=\"16\" \/><\/span>Se voc\u00ea tem baixa estatura, prefira uma bolsa m\u00e9dia ou pequena,<\/div>\n<div dir=\"auto\">se for alta abuse das bolsas grandes,<\/div>\n<div dir=\"auto\">se o seu quadril e ombros s\u00e3o equilibrados, a op\u00e7\u00e3o \u00e9 usar bolsas de al\u00e7as longas posicionadas abaixo do quadril.<\/div>\n<\/div>\n<div class=\"o9v6fnle cxmmr5t8 oygrvhab hcukyx3x c1et5uql ii04i59q\">\n<div dir=\"auto\">Percebe como uma bolsa pode transformar a sua imagem quando se adequa ao seu tipo f\u00edsico?<\/div>\n<div dir=\"auto\">\u00a0<\/div>\n<\/div>\n<div class=\"o9v6fnle cxmmr5t8 oygrvhab hcukyx3x c1et5uql ii04i59q\">\n<div dir=\"auto\"><strong>Outras dicas:<\/strong><\/div>\n<div dir=\"auto\">\u00a0<\/div>\n<\/div>\n<div class=\"o9v6fnle cxmmr5t8 oygrvhab hcukyx3x c1et5uql ii04i59q\">\n<div dir=\"auto\"><span class=\"pq6dq46d tbxw36s4 knj5qynh kvgmc6g5 ditlmg2l oygrvhab nvdbi5me sf5mxxl7 gl3lb2sf hhz5lgdu\"><img loading=\"lazy\" decoding=\"async\" src=\"https:\/\/static.xx.fbcdn.net\/images\/emoji.php\/v9\/t33\/1\/16\/2705.png\" alt=\"?\" width=\"16\" height=\"16\" \/><\/span>Voc\u00ea \u00e9 mais cheinha? Aposte nas bolsas m\u00e9dias ou grandes em cores escuras,<\/div>\n<div dir=\"auto\">quadril largo combinam com bolsas posicionadas mais abaixo dos seios, as de al\u00e7as compridas n\u00e3o caem bem,<\/div>\n<div dir=\"auto\">e se voc\u00ea tem ombros mais largos do que o quadril, invista em modelos m\u00e9dios usadas a tiracolo.<\/div>\n<div dir=\"auto\">\u00a0<\/div>\n<\/div>\n<div class=\"o9v6fnle cxmmr5t8 oygrvhab hcukyx3x c1et5uql ii04i59q\">\n<div dir=\"auto\">Comprar o acess\u00f3rio certo tem a ver com consumo consciente.<\/div>\n<div dir=\"auto\">\u00a0<\/div>\n<div dir=\"auto\">Espero que essas dicas possam te ajudar.<\/div>\n<\/div>\n","protected":false},"excerpt":{"rendered":"<p>Voc\u00ea sabia que ao comprar uma bolsa, al\u00e9m da beleza e do estilo voc\u00ea deveria pensar tamb\u00e9m se ela combina com o seu corpo ? \u00a0 Nem sempre um acess\u00f3rio&hellip;<\/p>\n","protected":false},"author":7,"featured_media":22996,"comment_status":"open","ping_status":"open","sticky":false,"template":"","format":"standard","meta":{"_monsterinsights_skip_tracking":false,"_monsterinsights_sitenote_active":false,"_monsterinsights_sitenote_note":"","_monsterinsights_sitenote_category":0,"footnotes":""},"categories":[3057,1508,3],"tags":[3151],"class_list":["post-22995","post","type-post","status-publish","format-standard","has-post-thumbnail","hentry","category-consultoria-de-estilo","category-destaque","category-moda","tag-dicas-para-escolher-a-bolsa-que-mais-combina-com-voce"],"yoast_head":"<!-- This site is optimized with the Yoast SEO plugin v26.3 - https:\/\/yoast.com\/wordpress\/plugins\/seo\/ -->\n<title>Dicas para escolher a bolsa que mais combina com voc\u00ea! - Andrea Simonetti<\/title>\n<meta name=\"description\" content=\"Voc\u00ea sabia que ao comprar uma bolsa, al\u00e9m da beleza e do estilo voc\u00ea deveria pensar tamb\u00e9m se ela combina com o seu corpo ?Nem sempre um acess\u00f3rio bonito\" \/>\n<meta name=\"robots\" content=\"index, follow, max-snippet:-1, max-image-preview:large, max-video-preview:-1\" \/>\n<link rel=\"canonical\" href=\"https:\/\/andreasimonetti.com.br\/blog\/dicas-para-escolher-a-bolsa-que-mais-combina-com-voce\/\" \/>\n<meta property=\"og:locale\" content=\"pt_BR\" \/>\n<meta property=\"og:type\" content=\"article\" \/>\n<meta property=\"og:title\" content=\"Dicas para escolher a bolsa que mais combina com voc\u00ea! - Andrea Simonetti\" \/>\n<meta property=\"og:description\" content=\"Voc\u00ea sabia que ao comprar uma bolsa, al\u00e9m da beleza e do estilo voc\u00ea deveria pensar tamb\u00e9m se ela combina com o seu corpo ?Nem sempre um acess\u00f3rio bonito\" \/>\n<meta property=\"og:url\" content=\"https:\/\/andreasimonetti.com.br\/blog\/dicas-para-escolher-a-bolsa-que-mais-combina-com-voce\/\" \/>\n<meta property=\"og:site_name\" content=\"Andrea Simonetti\" \/>\n<meta property=\"article:publisher\" content=\"https:\/\/www.facebook.com\/blogdaandreasimonetti\/\" \/>\n<meta property=\"article:author\" content=\"https:\/\/www.facebook.com\/blogdaandreasimonetti\/\" \/>\n<meta property=\"article:published_time\" content=\"2021-04-03T13:55:09+00:00\" \/>\n<meta property=\"og:image\" content=\"https:\/\/andreasimonetti.com.br\/blog\/wp-content\/uploads\/2021\/04\/167401188_3789900091094613_8728405043861497706_n-1.jpg\" \/>\n\t<meta property=\"og:image:width\" content=\"720\" \/>\n\t<meta property=\"og:image:height\" content=\"720\" \/>\n\t<meta property=\"og:image:type\" content=\"image\/jpeg\" \/>\n<meta name=\"author\" content=\"Andrea Simonetti\" \/>\n<meta name=\"twitter:card\" content=\"summary_large_image\" \/>\n<meta name=\"twitter:creator\" content=\"@https:\/\/twitter.com\/Andrea_Simoneti\" \/>\n<meta name=\"twitter:site\" content=\"@Andrea_Simoneti\" \/>\n<meta name=\"twitter:label1\" content=\"Escrito por\" \/>\n\t<meta name=\"twitter:data1\" content=\"Andrea Simonetti\" \/>\n\t<meta name=\"twitter:label2\" content=\"Est. tempo de leitura\" \/>\n\t<meta name=\"twitter:data2\" content=\"1 minuto\" \/>\n<!-- \/ Yoast SEO plugin. -->","yoast_head_json":{"title":"Dicas para escolher a bolsa que mais combina com voc\u00ea! - Andrea Simonetti","description":"Voc\u00ea sabia que ao comprar uma bolsa, al\u00e9m da beleza e do estilo voc\u00ea deveria pensar tamb\u00e9m se ela combina com o seu corpo ?Nem sempre um acess\u00f3rio bonito","robots":{"index":"index","follow":"follow","max-snippet":"max-snippet:-1","max-image-preview":"max-image-preview:large","max-video-preview":"max-video-preview:-1"},"canonical":"https:\/\/andreasimonetti.com.br\/blog\/dicas-para-escolher-a-bolsa-que-mais-combina-com-voce\/","og_locale":"pt_BR","og_type":"article","og_title":"Dicas para escolher a bolsa que mais combina com voc\u00ea! - Andrea Simonetti","og_description":"Voc\u00ea sabia que ao comprar uma bolsa, al\u00e9m da beleza e do estilo voc\u00ea deveria pensar tamb\u00e9m se ela combina com o seu corpo ?Nem sempre um acess\u00f3rio bonito","og_url":"https:\/\/andreasimonetti.com.br\/blog\/dicas-para-escolher-a-bolsa-que-mais-combina-com-voce\/","og_site_name":"Andrea Simonetti","article_publisher":"https:\/\/www.facebook.com\/blogdaandreasimonetti\/","article_author":"https:\/\/www.facebook.com\/blogdaandreasimonetti\/","article_published_time":"2021-04-03T13:55:09+00:00","og_image":[{"width":720,"height":720,"url":"https:\/\/andreasimonetti.com.br\/blog\/wp-content\/uploads\/2021\/04\/167401188_3789900091094613_8728405043861497706_n-1.jpg","type":"image\/jpeg"}],"author":"Andrea Simonetti","twitter_card":"summary_large_image","twitter_creator":"@https:\/\/twitter.com\/Andrea_Simoneti","twitter_site":"@Andrea_Simoneti","twitter_misc":{"Escrito por":"Andrea Simonetti","Est. tempo de leitura":"1 minuto"},"schema":{"@context":"https:\/\/schema.org","@graph":[{"@type":"WebPage","@id":"https:\/\/andreasimonetti.com.br\/blog\/dicas-para-escolher-a-bolsa-que-mais-combina-com-voce\/","url":"https:\/\/andreasimonetti.com.br\/blog\/dicas-para-escolher-a-bolsa-que-mais-combina-com-voce\/","name":"Dicas para escolher a bolsa que mais combina com voc\u00ea! - Andrea Simonetti","isPartOf":{"@id":"https:\/\/andreasimonetti.com.br\/blog\/#website"},"primaryImageOfPage":{"@id":"https:\/\/andreasimonetti.com.br\/blog\/dicas-para-escolher-a-bolsa-que-mais-combina-com-voce\/#primaryimage"},"image":{"@id":"https:\/\/andreasimonetti.com.br\/blog\/dicas-para-escolher-a-bolsa-que-mais-combina-com-voce\/#primaryimage"},"thumbnailUrl":"https:\/\/andreasimonetti.com.br\/blog\/wp-content\/uploads\/2021\/04\/167401188_3789900091094613_8728405043861497706_n-1.jpg","datePublished":"2021-04-03T13:55:09+00:00","author":{"@id":"https:\/\/andreasimonetti.com.br\/blog\/#\/schema\/person\/254f763c24ac288e27ea738a7366ad2a"},"description":"Voc\u00ea sabia que ao comprar uma bolsa, al\u00e9m da beleza e do estilo voc\u00ea deveria pensar tamb\u00e9m se ela combina com o seu corpo ?Nem sempre um acess\u00f3rio bonito","breadcrumb":{"@id":"https:\/\/andreasimonetti.com.br\/blog\/dicas-para-escolher-a-bolsa-que-mais-combina-com-voce\/#breadcrumb"},"inLanguage":"pt-BR","potentialAction":[{"@type":"ReadAction","target":["https:\/\/andreasimonetti.com.br\/blog\/dicas-para-escolher-a-bolsa-que-mais-combina-com-voce\/"]}]},{"@type":"ImageObject","inLanguage":"pt-BR","@id":"https:\/\/andreasimonetti.com.br\/blog\/dicas-para-escolher-a-bolsa-que-mais-combina-com-voce\/#primaryimage","url":"https:\/\/andreasimonetti.com.br\/blog\/wp-content\/uploads\/2021\/04\/167401188_3789900091094613_8728405043861497706_n-1.jpg","contentUrl":"https:\/\/andreasimonetti.com.br\/blog\/wp-content\/uploads\/2021\/04\/167401188_3789900091094613_8728405043861497706_n-1.jpg","width":720,"height":720},{"@type":"BreadcrumbList","@id":"https:\/\/andreasimonetti.com.br\/blog\/dicas-para-escolher-a-bolsa-que-mais-combina-com-voce\/#breadcrumb","itemListElement":[{"@type":"ListItem","position":1,"name":"In\u00edcio","item":"https:\/\/andreasimonetti.com.br\/blog\/"},{"@type":"ListItem","position":2,"name":"Dicas para escolher a bolsa que mais combina com voc\u00ea!"}]},{"@type":"WebSite","@id":"https:\/\/andreasimonetti.com.br\/blog\/#website","url":"https:\/\/andreasimonetti.com.br\/blog\/","name":"Andrea Simonetti","description":"","potentialAction":[{"@type":"SearchAction","target":{"@type":"EntryPoint","urlTemplate":"https:\/\/andreasimonetti.com.br\/blog\/?s={search_term_string}"},"query-input":{"@type":"PropertyValueSpecification","valueRequired":true,"valueName":"search_term_string"}}],"inLanguage":"pt-BR"},{"@type":"Person","@id":"https:\/\/andreasimonetti.com.br\/blog\/#\/schema\/person\/254f763c24ac288e27ea738a7366ad2a","name":"Andrea Simonetti","image":{"@type":"ImageObject","inLanguage":"pt-BR","@id":"https:\/\/andreasimonetti.com.br\/blog\/#\/schema\/person\/image\/","url":"https:\/\/andreasimonetti.com.br\/blog\/wp-content\/uploads\/2018\/04\/andrea-simonetti-96x96.png","contentUrl":"https:\/\/andreasimonetti.com.br\/blog\/wp-content\/uploads\/2018\/04\/andrea-simonetti-96x96.png","caption":"Andrea Simonetti"},"description":"Sou formada em Administra\u00e7\u00e3o de Empresas, Produ\u00e7\u00e3o de Moda pelo SENAC e Consultoria de Estilo. Sou fascinada por moda desde sempre, adoro ver as pessoas produzidas e de bem com a vida. Moda \u00e9 o meu assunto preferido. Comecei meu blog em 2011, ele cresceu e hoje \u00e9 um site bem mais abrangente, onde eu falo sobre moda e meu trabalho de consultora de estilo. E falo tamb\u00e9m sobre a minha experi\u00eancia de vida. Mas antes de tudo, acredito num Deus Soberano que nos guia e aben\u00e7oa, o tempo todo!","sameAs":["https:\/\/www.andreasimonetti.com.br\/","https:\/\/www.facebook.com\/blogdaandreasimonetti\/","https:\/\/www.instagram.com\/andrea_simonetti\/","https:\/\/br.pinterest.com\/BlogAndrea\/","https:\/\/x.com\/https:\/\/twitter.com\/Andrea_Simoneti"],"url":"https:\/\/andreasimonetti.com.br\/blog\/author\/andrea\/"}]}},"_links":{"self":[{"href":"https:\/\/andreasimonetti.com.br\/blog\/wp-json\/wp\/v2\/posts\/22995","targetHints":{"allow":["GET"]}}],"collection":[{"href":"https:\/\/andreasimonetti.com.br\/blog\/wp-json\/wp\/v2\/posts"}],"about":[{"href":"https:\/\/andreasimonetti.com.br\/blog\/wp-json\/wp\/v2\/types\/post"}],"author":[{"embeddable":true,"href":"https:\/\/andreasimonetti.com.br\/blog\/wp-json\/wp\/v2\/users\/7"}],"replies":[{"embeddable":true,"href":"https:\/\/andreasimonetti.com.br\/blog\/wp-json\/wp\/v2\/comments?post=22995"}],"version-history":[{"count":2,"href":"https:\/\/andreasimonetti.com.br\/blog\/wp-json\/wp\/v2\/posts\/22995\/revisions"}],"predecessor-version":[{"id":22998,"href":"https:\/\/andreasimonetti.com.br\/blog\/wp-json\/wp\/v2\/posts\/22995\/revisions\/22998"}],"wp:featuredmedia":[{"embeddable":true,"href":"https:\/\/andreasimonetti.com.br\/blog\/wp-json\/wp\/v2\/media\/22996"}],"wp:attachment":[{"href":"https:\/\/andreasimonetti.com.br\/blog\/wp-json\/wp\/v2\/media?parent=22995"}],"wp:term":[{"taxonomy":"category","embeddable":true,"href":"https:\/\/andreasimonetti.com.br\/blog\/wp-json\/wp\/v2\/categories?post=22995"},{"taxonomy":"post_tag","embeddable":true,"href":"https:\/\/andreasimonetti.com.br\/blog\/wp-json\/wp\/v2\/tags?post=22995"}],"curies":[{"name":"wp","href":"https:\/\/api.w.org\/{rel}","templated":true}]}}