{"id":22956,"date":"2021-03-15T12:27:13","date_gmt":"2021-03-15T15:27:13","guid":{"rendered":"https:\/\/andreasimonetti.com.br\/?p=22956"},"modified":"2021-03-15T12:27:13","modified_gmt":"2021-03-15T15:27:13","slug":"gloss-labial-com-colageno-da-bauru-formulas","status":"publish","type":"post","link":"https:\/\/andreasimonetti.com.br\/blog\/gloss-labial-com-colageno-da-bauru-formulas\/","title":{"rendered":"Gloss labial com col\u00e1geno da Bauru Formulas"},"content":{"rendered":"<p style=\"text-align: justify;\">P\u00e9s de galinha e linhas de express\u00e3o podem ser o foco da nossa preocupa\u00e7\u00e3o com o passar dos anos.<br \/>\nMas o que dizer das rugas periorais, aquelas que aparecem em torno dos l\u00e1bios?<br \/>\nTamb\u00e9m chamadas de &#8216;c\u00f3digos de barra&#8217;, elas surgem ap\u00f3s os 30 anos de idade com a queda na produ\u00e7\u00e3o de col\u00e1geno no organismo.<br \/>\nPara amenizar esse processo, estou usando o gloss labial da <a class=\"notranslate\" tabindex=\"0\" href=\"https:\/\/www.instagram.com\/bauru.formulas\/\">@bauru.formulas<\/a>, que possui antioxidantes na composi\u00e7\u00e3o e ativos que sintetizam col\u00e1geno e elastina. Aplicado nos l\u00e1bios, o gloss amplia os seus efeitos para todo o contorno, evitando e combatendo as ruguinhas nessa \u00e1rea.<\/p>\n<p style=\"text-align: justify;\">\u00a0<\/p>\n<div id=\"attachment_22960\" style=\"width: 550px\" class=\"wp-caption aligncenter\"><img loading=\"lazy\" decoding=\"async\" aria-describedby=\"caption-attachment-22960\" class=\"wp-image-22960 size-full\" src=\"https:\/\/andreasimonetti.com.br\/blog\/wp-content\/uploads\/2021\/03\/160720135_3864030680343771_2461906367157703791_n.jpg\" alt=\"Gloss labial da Bauru Formulas \" width=\"540\" height=\"960\" srcset=\"https:\/\/andreasimonetti.com.br\/blog\/wp-content\/uploads\/2021\/03\/160720135_3864030680343771_2461906367157703791_n.jpg 540w, https:\/\/andreasimonetti.com.br\/blog\/wp-content\/uploads\/2021\/03\/160720135_3864030680343771_2461906367157703791_n-169x300.jpg 169w\" sizes=\"auto, (max-width: 540px) 100vw, 540px\" \/><p id=\"caption-attachment-22960\" class=\"wp-caption-text\">Gloss labial da Bauru Formulas<\/p><\/div>\n<p><strong>A Bauru Formulas fica na Al. Dr. Oct\u00e1vio Pinheiro Brisolla 16-05 <\/strong><\/p>\n<p><strong>Vila Universit\u00e1ria -Bauru\/SP <\/strong><\/p>\n<p><strong>Fone: (14) 3223-4455 (14) 9 9710-8344<\/strong><\/p>\n","protected":false},"excerpt":{"rendered":"<p>P\u00e9s de galinha e linhas de express\u00e3o podem ser o foco da nossa preocupa\u00e7\u00e3o com o passar dos anos. Mas o que dizer das rugas periorais, aquelas que aparecem em&hellip;<\/p>\n","protected":false},"author":7,"featured_media":22958,"comment_status":"open","ping_status":"open","sticky":false,"template":"","format":"standard","meta":{"_monsterinsights_skip_tracking":false,"_monsterinsights_sitenote_active":false,"_monsterinsights_sitenote_note":"","_monsterinsights_sitenote_category":0,"footnotes":""},"categories":[6,1508,2013],"tags":[3113,3142],"class_list":["post-22956","post","type-post","status-publish","format-standard","has-post-thumbnail","hentry","category-beleza","category-destaque","category-lifestyle","tag-bauru-formulas","tag-gloss-labial-com-colageno-da-bauru-formulas"],"yoast_head":"<!-- This site is optimized with the Yoast SEO plugin v26.3 - https:\/\/yoast.com\/wordpress\/plugins\/seo\/ -->\n<title>Gloss labial com col\u00e1geno da Bauru Formulas - Andrea Simonetti<\/title>\n<meta name=\"description\" content=\"P\u00e9s de galinha e linhas de express\u00e3o podem ser o foco da nossa preocupa\u00e7\u00e3o com o passar dos anos.Mas o que dizer das rugas periorais, aquelas que aparecem\" \/>\n<meta name=\"robots\" content=\"index, follow, max-snippet:-1, max-image-preview:large, max-video-preview:-1\" \/>\n<link rel=\"canonical\" href=\"https:\/\/andreasimonetti.com.br\/blog\/gloss-labial-com-colageno-da-bauru-formulas\/\" \/>\n<meta property=\"og:locale\" content=\"pt_BR\" \/>\n<meta property=\"og:type\" content=\"article\" \/>\n<meta property=\"og:title\" content=\"Gloss labial com col\u00e1geno da Bauru Formulas - Andrea Simonetti\" \/>\n<meta property=\"og:description\" content=\"P\u00e9s de galinha e linhas de express\u00e3o podem ser o foco da nossa preocupa\u00e7\u00e3o com o passar dos anos.Mas o que dizer das rugas periorais, aquelas que aparecem\" \/>\n<meta property=\"og:url\" content=\"https:\/\/andreasimonetti.com.br\/blog\/gloss-labial-com-colageno-da-bauru-formulas\/\" \/>\n<meta property=\"og:site_name\" content=\"Andrea Simonetti\" \/>\n<meta property=\"article:publisher\" content=\"https:\/\/www.facebook.com\/blogdaandreasimonetti\/\" \/>\n<meta property=\"article:author\" content=\"https:\/\/www.facebook.com\/blogdaandreasimonetti\/\" \/>\n<meta property=\"article:published_time\" content=\"2021-03-15T15:27:13+00:00\" \/>\n<meta property=\"og:image\" content=\"https:\/\/andreasimonetti.com.br\/blog\/wp-content\/uploads\/2021\/03\/159316946_3737929762958313_5253910129926696905_o.jpg\" \/>\n\t<meta property=\"og:image:width\" content=\"1440\" \/>\n\t<meta property=\"og:image:height\" content=\"1800\" \/>\n\t<meta property=\"og:image:type\" content=\"image\/jpeg\" \/>\n<meta name=\"author\" content=\"Andrea Simonetti\" \/>\n<meta name=\"twitter:card\" content=\"summary_large_image\" \/>\n<meta name=\"twitter:creator\" content=\"@https:\/\/twitter.com\/Andrea_Simoneti\" \/>\n<meta name=\"twitter:site\" content=\"@Andrea_Simoneti\" \/>\n<meta name=\"twitter:label1\" content=\"Escrito por\" \/>\n\t<meta name=\"twitter:data1\" content=\"Andrea Simonetti\" \/>\n\t<meta name=\"twitter:label2\" content=\"Est. tempo de leitura\" \/>\n\t<meta name=\"twitter:data2\" content=\"1 minuto\" \/>\n<!-- \/ Yoast SEO plugin. -->","yoast_head_json":{"title":"Gloss labial com col\u00e1geno da Bauru Formulas - Andrea Simonetti","description":"P\u00e9s de galinha e linhas de express\u00e3o podem ser o foco da nossa preocupa\u00e7\u00e3o com o passar dos anos.Mas o que dizer das rugas periorais, aquelas que aparecem","robots":{"index":"index","follow":"follow","max-snippet":"max-snippet:-1","max-image-preview":"max-image-preview:large","max-video-preview":"max-video-preview:-1"},"canonical":"https:\/\/andreasimonetti.com.br\/blog\/gloss-labial-com-colageno-da-bauru-formulas\/","og_locale":"pt_BR","og_type":"article","og_title":"Gloss labial com col\u00e1geno da Bauru Formulas - Andrea Simonetti","og_description":"P\u00e9s de galinha e linhas de express\u00e3o podem ser o foco da nossa preocupa\u00e7\u00e3o com o passar dos anos.Mas o que dizer das rugas periorais, aquelas que aparecem","og_url":"https:\/\/andreasimonetti.com.br\/blog\/gloss-labial-com-colageno-da-bauru-formulas\/","og_site_name":"Andrea Simonetti","article_publisher":"https:\/\/www.facebook.com\/blogdaandreasimonetti\/","article_author":"https:\/\/www.facebook.com\/blogdaandreasimonetti\/","article_published_time":"2021-03-15T15:27:13+00:00","og_image":[{"width":1440,"height":1800,"url":"https:\/\/andreasimonetti.com.br\/blog\/wp-content\/uploads\/2021\/03\/159316946_3737929762958313_5253910129926696905_o.jpg","type":"image\/jpeg"}],"author":"Andrea Simonetti","twitter_card":"summary_large_image","twitter_creator":"@https:\/\/twitter.com\/Andrea_Simoneti","twitter_site":"@Andrea_Simoneti","twitter_misc":{"Escrito por":"Andrea Simonetti","Est. tempo de leitura":"1 minuto"},"schema":{"@context":"https:\/\/schema.org","@graph":[{"@type":"WebPage","@id":"https:\/\/andreasimonetti.com.br\/blog\/gloss-labial-com-colageno-da-bauru-formulas\/","url":"https:\/\/andreasimonetti.com.br\/blog\/gloss-labial-com-colageno-da-bauru-formulas\/","name":"Gloss labial com col\u00e1geno da Bauru Formulas - Andrea Simonetti","isPartOf":{"@id":"https:\/\/andreasimonetti.com.br\/blog\/#website"},"primaryImageOfPage":{"@id":"https:\/\/andreasimonetti.com.br\/blog\/gloss-labial-com-colageno-da-bauru-formulas\/#primaryimage"},"image":{"@id":"https:\/\/andreasimonetti.com.br\/blog\/gloss-labial-com-colageno-da-bauru-formulas\/#primaryimage"},"thumbnailUrl":"https:\/\/andreasimonetti.com.br\/blog\/wp-content\/uploads\/2021\/03\/159316946_3737929762958313_5253910129926696905_o.jpg","datePublished":"2021-03-15T15:27:13+00:00","author":{"@id":"https:\/\/andreasimonetti.com.br\/blog\/#\/schema\/person\/254f763c24ac288e27ea738a7366ad2a"},"description":"P\u00e9s de galinha e linhas de express\u00e3o podem ser o foco da nossa preocupa\u00e7\u00e3o com o passar dos anos.Mas o que dizer das rugas periorais, aquelas que aparecem","breadcrumb":{"@id":"https:\/\/andreasimonetti.com.br\/blog\/gloss-labial-com-colageno-da-bauru-formulas\/#breadcrumb"},"inLanguage":"pt-BR","potentialAction":[{"@type":"ReadAction","target":["https:\/\/andreasimonetti.com.br\/blog\/gloss-labial-com-colageno-da-bauru-formulas\/"]}]},{"@type":"ImageObject","inLanguage":"pt-BR","@id":"https:\/\/andreasimonetti.com.br\/blog\/gloss-labial-com-colageno-da-bauru-formulas\/#primaryimage","url":"https:\/\/andreasimonetti.com.br\/blog\/wp-content\/uploads\/2021\/03\/159316946_3737929762958313_5253910129926696905_o.jpg","contentUrl":"https:\/\/andreasimonetti.com.br\/blog\/wp-content\/uploads\/2021\/03\/159316946_3737929762958313_5253910129926696905_o.jpg","width":1440,"height":1800},{"@type":"BreadcrumbList","@id":"https:\/\/andreasimonetti.com.br\/blog\/gloss-labial-com-colageno-da-bauru-formulas\/#breadcrumb","itemListElement":[{"@type":"ListItem","position":1,"name":"In\u00edcio","item":"https:\/\/andreasimonetti.com.br\/blog\/"},{"@type":"ListItem","position":2,"name":"Gloss labial com col\u00e1geno da Bauru Formulas"}]},{"@type":"WebSite","@id":"https:\/\/andreasimonetti.com.br\/blog\/#website","url":"https:\/\/andreasimonetti.com.br\/blog\/","name":"Andrea Simonetti","description":"","potentialAction":[{"@type":"SearchAction","target":{"@type":"EntryPoint","urlTemplate":"https:\/\/andreasimonetti.com.br\/blog\/?s={search_term_string}"},"query-input":{"@type":"PropertyValueSpecification","valueRequired":true,"valueName":"search_term_string"}}],"inLanguage":"pt-BR"},{"@type":"Person","@id":"https:\/\/andreasimonetti.com.br\/blog\/#\/schema\/person\/254f763c24ac288e27ea738a7366ad2a","name":"Andrea Simonetti","image":{"@type":"ImageObject","inLanguage":"pt-BR","@id":"https:\/\/andreasimonetti.com.br\/blog\/#\/schema\/person\/image\/","url":"https:\/\/andreasimonetti.com.br\/blog\/wp-content\/uploads\/2018\/04\/andrea-simonetti-96x96.png","contentUrl":"https:\/\/andreasimonetti.com.br\/blog\/wp-content\/uploads\/2018\/04\/andrea-simonetti-96x96.png","caption":"Andrea Simonetti"},"description":"Sou formada em Administra\u00e7\u00e3o de Empresas, Produ\u00e7\u00e3o de Moda pelo SENAC e Consultoria de Estilo. Sou fascinada por moda desde sempre, adoro ver as pessoas produzidas e de bem com a vida. Moda \u00e9 o meu assunto preferido. Comecei meu blog em 2011, ele cresceu e hoje \u00e9 um site bem mais abrangente, onde eu falo sobre moda e meu trabalho de consultora de estilo. E falo tamb\u00e9m sobre a minha experi\u00eancia de vida. Mas antes de tudo, acredito num Deus Soberano que nos guia e aben\u00e7oa, o tempo todo!","sameAs":["https:\/\/www.andreasimonetti.com.br\/","https:\/\/www.facebook.com\/blogdaandreasimonetti\/","https:\/\/www.instagram.com\/andrea_simonetti\/","https:\/\/br.pinterest.com\/BlogAndrea\/","https:\/\/x.com\/https:\/\/twitter.com\/Andrea_Simoneti"],"url":"https:\/\/andreasimonetti.com.br\/blog\/author\/andrea\/"}]}},"_links":{"self":[{"href":"https:\/\/andreasimonetti.com.br\/blog\/wp-json\/wp\/v2\/posts\/22956","targetHints":{"allow":["GET"]}}],"collection":[{"href":"https:\/\/andreasimonetti.com.br\/blog\/wp-json\/wp\/v2\/posts"}],"about":[{"href":"https:\/\/andreasimonetti.com.br\/blog\/wp-json\/wp\/v2\/types\/post"}],"author":[{"embeddable":true,"href":"https:\/\/andreasimonetti.com.br\/blog\/wp-json\/wp\/v2\/users\/7"}],"replies":[{"embeddable":true,"href":"https:\/\/andreasimonetti.com.br\/blog\/wp-json\/wp\/v2\/comments?post=22956"}],"version-history":[{"count":3,"href":"https:\/\/andreasimonetti.com.br\/blog\/wp-json\/wp\/v2\/posts\/22956\/revisions"}],"predecessor-version":[{"id":22962,"href":"https:\/\/andreasimonetti.com.br\/blog\/wp-json\/wp\/v2\/posts\/22956\/revisions\/22962"}],"wp:featuredmedia":[{"embeddable":true,"href":"https:\/\/andreasimonetti.com.br\/blog\/wp-json\/wp\/v2\/media\/22958"}],"wp:attachment":[{"href":"https:\/\/andreasimonetti.com.br\/blog\/wp-json\/wp\/v2\/media?parent=22956"}],"wp:term":[{"taxonomy":"category","embeddable":true,"href":"https:\/\/andreasimonetti.com.br\/blog\/wp-json\/wp\/v2\/categories?post=22956"},{"taxonomy":"post_tag","embeddable":true,"href":"https:\/\/andreasimonetti.com.br\/blog\/wp-json\/wp\/v2\/tags?post=22956"}],"curies":[{"name":"wp","href":"https:\/\/api.w.org\/{rel}","templated":true}]}}