{"id":22871,"date":"2021-02-08T23:32:05","date_gmt":"2021-02-09T02:32:05","guid":{"rendered":"https:\/\/andreasimonetti.com.br\/?p=22871"},"modified":"2021-02-08T23:32:05","modified_gmt":"2021-02-09T02:32:05","slug":"7-tendencias-para-o-inverno-2021","status":"publish","type":"post","link":"https:\/\/andreasimonetti.com.br\/blog\/7-tendencias-para-o-inverno-2021\/","title":{"rendered":"7 Tend\u00eancias para o inverno 2021"},"content":{"rendered":"<div class=\"kvgmc6g5 cxmmr5t8 oygrvhab hcukyx3x c1et5uql ii04i59q\">\n<div dir=\"auto\"><strong>Separei 7 tend\u00eancias para o<a href=\"https:\/\/andreasimonetti.com.br\/blog\/04-modelos-de-botas-que-serao-tendenc\"> inverno 2021<\/a><\/strong>.\u00a0<\/div>\n<div dir=\"auto\">\u00a0<\/div>\n<div dir=\"auto\">N\u00e3o s\u00e3o novidades e sim uma releitura do que j\u00e1 \u00e9 visto em editoriais de moda.<\/div>\n<\/div>\n<div class=\"o9v6fnle cxmmr5t8 oygrvhab hcukyx3x c1et5uql ii04i59q\">\n<div dir=\"auto\">As cole\u00e7\u00f5es trazem mulheres mais elegantes e sofisticadas.<\/div>\n<div dir=\"auto\">Isso pode ser efeito da pandemia que fez aflorar o desejo por looks bem femininos e de bom gosto.<\/div>\n<\/div>\n<div class=\"o9v6fnle cxmmr5t8 oygrvhab hcukyx3x c1et5uql ii04i59q\">\n<h4 dir=\"auto\"><span style=\"color: #ff6600;\">1 &#8211; Camisas<\/span><\/h4>\n<div dir=\"auto\">Em alta elas aparecem com gola estruturada, no estilo camisa masculina.<\/div>\n<div dir=\"auto\">\u00a0<\/div>\n<div dir=\"auto\"><img loading=\"lazy\" decoding=\"async\" class=\"alignnone wp-image-22881 size-full\" src=\"https:\/\/andreasimonetti.com.br\/blog\/wp-content\/uploads\/2021\/02\/148112630_3768471373233036_4609892834926145611_n.jpg\" alt=\"Tend\u00eancia inverno 2021 \" width=\"960\" height=\"960\" srcset=\"https:\/\/andreasimonetti.com.br\/blog\/wp-content\/uploads\/2021\/02\/148112630_3768471373233036_4609892834926145611_n.jpg 960w, https:\/\/andreasimonetti.com.br\/blog\/wp-content\/uploads\/2021\/02\/148112630_3768471373233036_4609892834926145611_n-300x300.jpg 300w, https:\/\/andreasimonetti.com.br\/blog\/wp-content\/uploads\/2021\/02\/148112630_3768471373233036_4609892834926145611_n-150x150.jpg 150w, https:\/\/andreasimonetti.com.br\/blog\/wp-content\/uploads\/2021\/02\/148112630_3768471373233036_4609892834926145611_n-768x768.jpg 768w, https:\/\/andreasimonetti.com.br\/blog\/wp-content\/uploads\/2021\/02\/148112630_3768471373233036_4609892834926145611_n-585x585.jpg 585w, https:\/\/andreasimonetti.com.br\/blog\/wp-content\/uploads\/2021\/02\/148112630_3768471373233036_4609892834926145611_n-640x640.jpg 640w\" sizes=\"auto, (max-width: 960px) 100vw, 960px\" \/><\/div>\n<\/div>\n<div class=\"o9v6fnle cxmmr5t8 oygrvhab hcukyx3x c1et5uql ii04i59q\">\n<h4 dir=\"auto\"><span style=\"color: #ff6600;\">2- Vestidos<\/span><\/h4>\n<\/div>\n<div class=\"o9v6fnle cxmmr5t8 oygrvhab hcukyx3x c1et5uql ii04i59q\">\n<div dir=\"auto\">Pausa para as cal\u00e7as.<\/div>\n<div dir=\"auto\">Vestidos de ver\u00e3o voc\u00ea pode adaptar para este inverno, como os florais, usados com meia cal\u00e7a e bota, de todos os comprimentos.<\/div>\n<\/div>\n<p><img loading=\"lazy\" decoding=\"async\" class=\"alignnone wp-image-22872 size-full\" src=\"https:\/\/andreasimonetti.com.br\/blog\/wp-content\/uploads\/2021\/02\/148132137_3768354369911403_3193191841855661130_n.jpg\" alt=\"Tendencies inverno 2021 \" width=\"960\" height=\"960\" srcset=\"https:\/\/andreasimonetti.com.br\/blog\/wp-content\/uploads\/2021\/02\/148132137_3768354369911403_3193191841855661130_n.jpg 960w, https:\/\/andreasimonetti.com.br\/blog\/wp-content\/uploads\/2021\/02\/148132137_3768354369911403_3193191841855661130_n-300x300.jpg 300w, https:\/\/andreasimonetti.com.br\/blog\/wp-content\/uploads\/2021\/02\/148132137_3768354369911403_3193191841855661130_n-150x150.jpg 150w, https:\/\/andreasimonetti.com.br\/blog\/wp-content\/uploads\/2021\/02\/148132137_3768354369911403_3193191841855661130_n-768x768.jpg 768w, https:\/\/andreasimonetti.com.br\/blog\/wp-content\/uploads\/2021\/02\/148132137_3768354369911403_3193191841855661130_n-585x585.jpg 585w, https:\/\/andreasimonetti.com.br\/blog\/wp-content\/uploads\/2021\/02\/148132137_3768354369911403_3193191841855661130_n-640x640.jpg 640w\" sizes=\"auto, (max-width: 960px) 100vw, 960px\" \/><\/p>\n<div class=\"o9v6fnle cxmmr5t8 oygrvhab hcukyx3x c1et5uql ii04i59q\">\n<h4 dir=\"auto\"><span style=\"color: #ff6600;\">3- Couro\u00a0<\/span><\/h4>\n<\/div>\n<div class=\"o9v6fnle cxmmr5t8 oygrvhab hcukyx3x c1et5uql ii04i59q\">\n<div dir=\"auto\">A tend\u00eancia das pe\u00e7as \u00e9 o couro, em cortes, em cortes mais retos nas jaquetas, cal\u00e7as, saias e shorts.<\/div>\n<div dir=\"auto\">Invista em cores b\u00e1sicas.<\/div>\n<div dir=\"auto\">O couro que imita textura de pele de crocodilo vem com tudo em jaquetas e vestidos, ou em detalhes do look, como no cinto ou em uma bolsa com design diferenciado, resultando em um visual poderoso e elegante.<\/div>\n<div dir=\"auto\"><img loading=\"lazy\" decoding=\"async\" class=\"alignnone wp-image-22875 size-full\" src=\"https:\/\/andreasimonetti.com.br\/blog\/wp-content\/uploads\/2021\/02\/148487696_3768354366578070_799422497965042243_n.jpg\" alt=\"Tendencies inverno 2021 \" width=\"725\" height=\"725\" srcset=\"https:\/\/andreasimonetti.com.br\/blog\/wp-content\/uploads\/2021\/02\/148487696_3768354366578070_799422497965042243_n.jpg 725w, https:\/\/andreasimonetti.com.br\/blog\/wp-content\/uploads\/2021\/02\/148487696_3768354366578070_799422497965042243_n-300x300.jpg 300w, https:\/\/andreasimonetti.com.br\/blog\/wp-content\/uploads\/2021\/02\/148487696_3768354366578070_799422497965042243_n-150x150.jpg 150w, https:\/\/andreasimonetti.com.br\/blog\/wp-content\/uploads\/2021\/02\/148487696_3768354366578070_799422497965042243_n-585x585.jpg 585w, https:\/\/andreasimonetti.com.br\/blog\/wp-content\/uploads\/2021\/02\/148487696_3768354366578070_799422497965042243_n-640x640.jpg 640w\" sizes=\"auto, (max-width: 725px) 100vw, 725px\" \/><\/div>\n<\/div>\n<div class=\"o9v6fnle cxmmr5t8 oygrvhab hcukyx3x c1et5uql ii04i59q\">\n<h4 dir=\"auto\"><span style=\"color: #ff6600;\">4 &#8211; Mangas bufantes<\/span><\/h4>\n<\/div>\n<div class=\"o9v6fnle cxmmr5t8 oygrvhab hcukyx3x c1et5uql ii04i59q\">\n<div dir=\"auto\">Seguem como tend\u00eancia neste inverno.<\/div>\n<div dir=\"auto\">V\u00e1rias cole\u00e7\u00f5es continuam apostando nesta tend\u00eancia.<\/div>\n<div dir=\"auto\">Veremos nas camisas tradicionais e nas t-shirts, e tamb\u00e9m nos conjuntos e blazer.<\/div>\n<div dir=\"auto\">&#8211; Lembrando que as mangas bufantes trazem o foco de volume concentrado na parte superior do corpo, portanto, s\u00e3o ideais para voc\u00ea que tem o corpo do tipo tri\u00e2ngulo, pois ajudam a equilibrar o volume do quadril trazendo o foco para os ombros.<\/div>\n<\/div>\n<p><img loading=\"lazy\" decoding=\"async\" class=\"alignnone wp-image-22878 size-full\" src=\"https:\/\/andreasimonetti.com.br\/blog\/wp-content\/uploads\/2021\/02\/cb00ade79b082e276991e99157decba3.png\" alt=\"Tendencies inverno 2021 \" width=\"1000\" height=\"833\" srcset=\"https:\/\/andreasimonetti.com.br\/blog\/wp-content\/uploads\/2021\/02\/cb00ade79b082e276991e99157decba3.png 1000w, https:\/\/andreasimonetti.com.br\/blog\/wp-content\/uploads\/2021\/02\/cb00ade79b082e276991e99157decba3-300x250.png 300w, https:\/\/andreasimonetti.com.br\/blog\/wp-content\/uploads\/2021\/02\/cb00ade79b082e276991e99157decba3-768x640.png 768w, https:\/\/andreasimonetti.com.br\/blog\/wp-content\/uploads\/2021\/02\/cb00ade79b082e276991e99157decba3-585x487.png 585w\" sizes=\"auto, (max-width: 1000px) 100vw, 1000px\" \/><\/p>\n<h4 dir=\"auto\"><span style=\"color: #ff6600;\">5 &#8211; Animal print<\/span><\/h4>\n<div dir=\"auto\">Pe\u00e7as em conjunto \u2013 oncinha e outros bichos \u2013 nas roupas e nos cal\u00e7ados.<\/div>\n<p><img loading=\"lazy\" decoding=\"async\" class=\"alignnone wp-image-22874\" src=\"https:\/\/andreasimonetti.com.br\/blog\/wp-content\/uploads\/2021\/02\/148431333_3768354423244731_3940561421490511556_n.jpg\" alt=\"Tendencies inverno 2021 \" width=\"800\" height=\"600\" srcset=\"https:\/\/andreasimonetti.com.br\/blog\/wp-content\/uploads\/2021\/02\/148431333_3768354423244731_3940561421490511556_n.jpg 600w, https:\/\/andreasimonetti.com.br\/blog\/wp-content\/uploads\/2021\/02\/148431333_3768354423244731_3940561421490511556_n-300x225.jpg 300w, https:\/\/andreasimonetti.com.br\/blog\/wp-content\/uploads\/2021\/02\/148431333_3768354423244731_3940561421490511556_n-585x439.jpg 585w\" sizes=\"auto, (max-width: 800px) 100vw, 800px\" \/><\/p>\n<h4 dir=\"auto\"><span style=\"color: #ff6600;\">6 &#8211; Xadrez<\/span><\/h4>\n<div dir=\"auto\">No inverno ele sempre aparece, tanto nas padronagens mais tradicionais como nas colorida: uva, vermelho e lim\u00e3o.<\/div>\n<p><img loading=\"lazy\" decoding=\"async\" class=\"alignnone wp-image-22877 size-full\" src=\"https:\/\/andreasimonetti.com.br\/blog\/wp-content\/uploads\/2021\/02\/moda-outono-inverno-estampa-xadrez-768x502-1.jpg\" alt=\"Tendencies inverno 2021 \" width=\"768\" height=\"502\" srcset=\"https:\/\/andreasimonetti.com.br\/blog\/wp-content\/uploads\/2021\/02\/moda-outono-inverno-estampa-xadrez-768x502-1.jpg 768w, https:\/\/andreasimonetti.com.br\/blog\/wp-content\/uploads\/2021\/02\/moda-outono-inverno-estampa-xadrez-768x502-1-300x196.jpg 300w, https:\/\/andreasimonetti.com.br\/blog\/wp-content\/uploads\/2021\/02\/moda-outono-inverno-estampa-xadrez-768x502-1-585x382.jpg 585w\" sizes=\"auto, (max-width: 768px) 100vw, 768px\" \/><\/p>\n<div class=\"o9v6fnle cxmmr5t8 oygrvhab hcukyx3x c1et5uql ii04i59q\">\n<h4 dir=\"auto\"><span style=\"color: #ff6600;\">7 &#8211; Modelagem ampla<\/span><\/h4>\n<\/div>\n<div class=\"o9v6fnle cxmmr5t8 oygrvhab hcukyx3x c1et5uql ii04i59q\">\n<div dir=\"auto\">Quem trabalha em casa desde o ano passado j\u00e1 est\u00e1 se acostumando a estar mais arrumadinho, em roupas confort\u00e1veis.<\/div>\n<div dir=\"auto\">Tudo muito amplo: malhas em tric\u00f4, blusas mais soltas, tric\u00f4s e casacos com ombros ca\u00eddos.<\/div>\n<\/div>\n<p><img loading=\"lazy\" decoding=\"async\" class=\"alignnone wp-image-22879\" src=\"https:\/\/andreasimonetti.com.br\/blog\/wp-content\/uploads\/2021\/02\/crente-chic-blog-5.png\" alt=\"Tendencies inverno 2021 \" width=\"800\" height=\"571\" srcset=\"https:\/\/andreasimonetti.com.br\/blog\/wp-content\/uploads\/2021\/02\/crente-chic-blog-5.png 700w, https:\/\/andreasimonetti.com.br\/blog\/wp-content\/uploads\/2021\/02\/crente-chic-blog-5-300x214.png 300w, https:\/\/andreasimonetti.com.br\/blog\/wp-content\/uploads\/2021\/02\/crente-chic-blog-5-585x418.png 585w\" sizes=\"auto, (max-width: 800px) 100vw, 800px\" \/><\/p>\n<div class=\"o9v6fnle cxmmr5t8 oygrvhab hcukyx3x c1et5uql ii04i59q\">\n<div dir=\"auto\"><strong>Muitas pe\u00e7as voc\u00ea j\u00e1 tem no seu arm\u00e1rio, use sua criatividade e monte looks bem gostosos para esse inverno!<\/strong><\/div>\n<div dir=\"auto\">\u00a0<\/div>\n<\/div>\n<div class=\"o9v6fnle cxmmr5t8 oygrvhab hcukyx3x c1et5uql ii04i59q\">\n<div dir=\"auto\"><strong>Deixe aqui seu coment\u00e1rio!<\/strong><\/div>\n<div dir=\"auto\">\u00a0<\/div>\n<\/div>\n<div class=\"o9v6fnle cxmmr5t8 oygrvhab hcukyx3x c1et5uql ii04i59q\">\n<div dir=\"auto\"><strong>Sua d\u00favida!<\/strong><\/div>\n<\/div>\n<p>&nbsp;<\/p>\n","protected":false},"excerpt":{"rendered":"<p>Separei 7 tend\u00eancias para o inverno 2021.\u00a0 \u00a0 N\u00e3o s\u00e3o novidades e sim uma releitura do que j\u00e1 \u00e9 visto em editoriais de moda. As cole\u00e7\u00f5es trazem mulheres mais elegantes&hellip;<\/p>\n","protected":false},"author":7,"featured_media":22875,"comment_status":"open","ping_status":"open","sticky":false,"template":"","format":"standard","meta":{"_monsterinsights_skip_tracking":false,"_monsterinsights_sitenote_active":false,"_monsterinsights_sitenote_note":"","_monsterinsights_sitenote_category":0,"footnotes":""},"categories":[3057,1508,3],"tags":[3129],"class_list":["post-22871","post","type-post","status-publish","format-standard","has-post-thumbnail","hentry","category-consultoria-de-estilo","category-destaque","category-moda","tag-7-tendencias-para-o-inverno-2021"],"yoast_head":"<!-- This site is optimized with the Yoast SEO plugin v26.3 - https:\/\/yoast.com\/wordpress\/plugins\/seo\/ -->\n<title>7 Tend\u00eancias para o inverno 2021 - Andrea Simonetti<\/title>\n<meta name=\"description\" content=\"Separei 7 tend\u00eancias para o inverno 2021.\u00a0N\u00e3o s\u00e3o novidades e sim uma releitura do que j\u00e1 \u00e9 visto em editoriais de moda.As cole\u00e7\u00f5es trazem mulheres mais..\" \/>\n<meta name=\"robots\" content=\"index, follow, max-snippet:-1, max-image-preview:large, max-video-preview:-1\" \/>\n<link rel=\"canonical\" href=\"https:\/\/andreasimonetti.com.br\/blog\/7-tendencias-para-o-inverno-2021\/\" \/>\n<meta property=\"og:locale\" content=\"pt_BR\" \/>\n<meta property=\"og:type\" content=\"article\" \/>\n<meta property=\"og:title\" content=\"7 Tend\u00eancias para o inverno 2021 - Andrea Simonetti\" \/>\n<meta property=\"og:description\" content=\"Separei 7 tend\u00eancias para o inverno 2021.\u00a0N\u00e3o s\u00e3o novidades e sim uma releitura do que j\u00e1 \u00e9 visto em editoriais de moda.As cole\u00e7\u00f5es trazem mulheres mais..\" \/>\n<meta property=\"og:url\" content=\"https:\/\/andreasimonetti.com.br\/blog\/7-tendencias-para-o-inverno-2021\/\" \/>\n<meta property=\"og:site_name\" content=\"Andrea Simonetti\" \/>\n<meta property=\"article:publisher\" content=\"https:\/\/www.facebook.com\/blogdaandreasimonetti\/\" \/>\n<meta property=\"article:author\" content=\"https:\/\/www.facebook.com\/blogdaandreasimonetti\/\" \/>\n<meta property=\"article:published_time\" content=\"2021-02-09T02:32:05+00:00\" \/>\n<meta property=\"og:image\" content=\"https:\/\/andreasimonetti.com.br\/blog\/wp-content\/uploads\/2021\/02\/148487696_3768354366578070_799422497965042243_n.jpg\" \/>\n\t<meta property=\"og:image:width\" content=\"725\" \/>\n\t<meta property=\"og:image:height\" content=\"725\" \/>\n\t<meta property=\"og:image:type\" content=\"image\/jpeg\" \/>\n<meta name=\"author\" content=\"Andrea Simonetti\" \/>\n<meta name=\"twitter:card\" content=\"summary_large_image\" \/>\n<meta name=\"twitter:creator\" content=\"@https:\/\/twitter.com\/Andrea_Simoneti\" \/>\n<meta name=\"twitter:site\" content=\"@Andrea_Simoneti\" \/>\n<meta name=\"twitter:label1\" content=\"Escrito por\" \/>\n\t<meta name=\"twitter:data1\" content=\"Andrea Simonetti\" \/>\n\t<meta name=\"twitter:label2\" content=\"Est. tempo de leitura\" \/>\n\t<meta name=\"twitter:data2\" content=\"2 minutos\" \/>\n<!-- \/ Yoast SEO plugin. -->","yoast_head_json":{"title":"7 Tend\u00eancias para o inverno 2021 - Andrea Simonetti","description":"Separei 7 tend\u00eancias para o inverno 2021.\u00a0N\u00e3o s\u00e3o novidades e sim uma releitura do que j\u00e1 \u00e9 visto em editoriais de moda.As cole\u00e7\u00f5es trazem mulheres mais..","robots":{"index":"index","follow":"follow","max-snippet":"max-snippet:-1","max-image-preview":"max-image-preview:large","max-video-preview":"max-video-preview:-1"},"canonical":"https:\/\/andreasimonetti.com.br\/blog\/7-tendencias-para-o-inverno-2021\/","og_locale":"pt_BR","og_type":"article","og_title":"7 Tend\u00eancias para o inverno 2021 - Andrea Simonetti","og_description":"Separei 7 tend\u00eancias para o inverno 2021.\u00a0N\u00e3o s\u00e3o novidades e sim uma releitura do que j\u00e1 \u00e9 visto em editoriais de moda.As cole\u00e7\u00f5es trazem mulheres mais..","og_url":"https:\/\/andreasimonetti.com.br\/blog\/7-tendencias-para-o-inverno-2021\/","og_site_name":"Andrea Simonetti","article_publisher":"https:\/\/www.facebook.com\/blogdaandreasimonetti\/","article_author":"https:\/\/www.facebook.com\/blogdaandreasimonetti\/","article_published_time":"2021-02-09T02:32:05+00:00","og_image":[{"width":725,"height":725,"url":"https:\/\/andreasimonetti.com.br\/blog\/wp-content\/uploads\/2021\/02\/148487696_3768354366578070_799422497965042243_n.jpg","type":"image\/jpeg"}],"author":"Andrea Simonetti","twitter_card":"summary_large_image","twitter_creator":"@https:\/\/twitter.com\/Andrea_Simoneti","twitter_site":"@Andrea_Simoneti","twitter_misc":{"Escrito por":"Andrea Simonetti","Est. tempo de leitura":"2 minutos"},"schema":{"@context":"https:\/\/schema.org","@graph":[{"@type":"WebPage","@id":"https:\/\/andreasimonetti.com.br\/blog\/7-tendencias-para-o-inverno-2021\/","url":"https:\/\/andreasimonetti.com.br\/blog\/7-tendencias-para-o-inverno-2021\/","name":"7 Tend\u00eancias para o inverno 2021 - Andrea Simonetti","isPartOf":{"@id":"https:\/\/andreasimonetti.com.br\/blog\/#website"},"primaryImageOfPage":{"@id":"https:\/\/andreasimonetti.com.br\/blog\/7-tendencias-para-o-inverno-2021\/#primaryimage"},"image":{"@id":"https:\/\/andreasimonetti.com.br\/blog\/7-tendencias-para-o-inverno-2021\/#primaryimage"},"thumbnailUrl":"https:\/\/andreasimonetti.com.br\/blog\/wp-content\/uploads\/2021\/02\/148487696_3768354366578070_799422497965042243_n.jpg","datePublished":"2021-02-09T02:32:05+00:00","author":{"@id":"https:\/\/andreasimonetti.com.br\/blog\/#\/schema\/person\/254f763c24ac288e27ea738a7366ad2a"},"description":"Separei 7 tend\u00eancias para o inverno 2021.\u00a0N\u00e3o s\u00e3o novidades e sim uma releitura do que j\u00e1 \u00e9 visto em editoriais de moda.As cole\u00e7\u00f5es trazem mulheres mais..","breadcrumb":{"@id":"https:\/\/andreasimonetti.com.br\/blog\/7-tendencias-para-o-inverno-2021\/#breadcrumb"},"inLanguage":"pt-BR","potentialAction":[{"@type":"ReadAction","target":["https:\/\/andreasimonetti.com.br\/blog\/7-tendencias-para-o-inverno-2021\/"]}]},{"@type":"ImageObject","inLanguage":"pt-BR","@id":"https:\/\/andreasimonetti.com.br\/blog\/7-tendencias-para-o-inverno-2021\/#primaryimage","url":"https:\/\/andreasimonetti.com.br\/blog\/wp-content\/uploads\/2021\/02\/148487696_3768354366578070_799422497965042243_n.jpg","contentUrl":"https:\/\/andreasimonetti.com.br\/blog\/wp-content\/uploads\/2021\/02\/148487696_3768354366578070_799422497965042243_n.jpg","width":725,"height":725},{"@type":"BreadcrumbList","@id":"https:\/\/andreasimonetti.com.br\/blog\/7-tendencias-para-o-inverno-2021\/#breadcrumb","itemListElement":[{"@type":"ListItem","position":1,"name":"In\u00edcio","item":"https:\/\/andreasimonetti.com.br\/blog\/"},{"@type":"ListItem","position":2,"name":"7 Tend\u00eancias para o inverno 2021"}]},{"@type":"WebSite","@id":"https:\/\/andreasimonetti.com.br\/blog\/#website","url":"https:\/\/andreasimonetti.com.br\/blog\/","name":"Andrea Simonetti","description":"","potentialAction":[{"@type":"SearchAction","target":{"@type":"EntryPoint","urlTemplate":"https:\/\/andreasimonetti.com.br\/blog\/?s={search_term_string}"},"query-input":{"@type":"PropertyValueSpecification","valueRequired":true,"valueName":"search_term_string"}}],"inLanguage":"pt-BR"},{"@type":"Person","@id":"https:\/\/andreasimonetti.com.br\/blog\/#\/schema\/person\/254f763c24ac288e27ea738a7366ad2a","name":"Andrea Simonetti","image":{"@type":"ImageObject","inLanguage":"pt-BR","@id":"https:\/\/andreasimonetti.com.br\/blog\/#\/schema\/person\/image\/","url":"https:\/\/andreasimonetti.com.br\/blog\/wp-content\/uploads\/2018\/04\/andrea-simonetti-96x96.png","contentUrl":"https:\/\/andreasimonetti.com.br\/blog\/wp-content\/uploads\/2018\/04\/andrea-simonetti-96x96.png","caption":"Andrea Simonetti"},"description":"Sou formada em Administra\u00e7\u00e3o de Empresas, Produ\u00e7\u00e3o de Moda pelo SENAC e Consultoria de Estilo. Sou fascinada por moda desde sempre, adoro ver as pessoas produzidas e de bem com a vida. Moda \u00e9 o meu assunto preferido. Comecei meu blog em 2011, ele cresceu e hoje \u00e9 um site bem mais abrangente, onde eu falo sobre moda e meu trabalho de consultora de estilo. E falo tamb\u00e9m sobre a minha experi\u00eancia de vida. Mas antes de tudo, acredito num Deus Soberano que nos guia e aben\u00e7oa, o tempo todo!","sameAs":["https:\/\/www.andreasimonetti.com.br\/","https:\/\/www.facebook.com\/blogdaandreasimonetti\/","https:\/\/www.instagram.com\/andrea_simonetti\/","https:\/\/br.pinterest.com\/BlogAndrea\/","https:\/\/x.com\/https:\/\/twitter.com\/Andrea_Simoneti"],"url":"https:\/\/andreasimonetti.com.br\/blog\/author\/andrea\/"}]}},"_links":{"self":[{"href":"https:\/\/andreasimonetti.com.br\/blog\/wp-json\/wp\/v2\/posts\/22871","targetHints":{"allow":["GET"]}}],"collection":[{"href":"https:\/\/andreasimonetti.com.br\/blog\/wp-json\/wp\/v2\/posts"}],"about":[{"href":"https:\/\/andreasimonetti.com.br\/blog\/wp-json\/wp\/v2\/types\/post"}],"author":[{"embeddable":true,"href":"https:\/\/andreasimonetti.com.br\/blog\/wp-json\/wp\/v2\/users\/7"}],"replies":[{"embeddable":true,"href":"https:\/\/andreasimonetti.com.br\/blog\/wp-json\/wp\/v2\/comments?post=22871"}],"version-history":[{"count":3,"href":"https:\/\/andreasimonetti.com.br\/blog\/wp-json\/wp\/v2\/posts\/22871\/revisions"}],"predecessor-version":[{"id":22883,"href":"https:\/\/andreasimonetti.com.br\/blog\/wp-json\/wp\/v2\/posts\/22871\/revisions\/22883"}],"wp:featuredmedia":[{"embeddable":true,"href":"https:\/\/andreasimonetti.com.br\/blog\/wp-json\/wp\/v2\/media\/22875"}],"wp:attachment":[{"href":"https:\/\/andreasimonetti.com.br\/blog\/wp-json\/wp\/v2\/media?parent=22871"}],"wp:term":[{"taxonomy":"category","embeddable":true,"href":"https:\/\/andreasimonetti.com.br\/blog\/wp-json\/wp\/v2\/categories?post=22871"},{"taxonomy":"post_tag","embeddable":true,"href":"https:\/\/andreasimonetti.com.br\/blog\/wp-json\/wp\/v2\/tags?post=22871"}],"curies":[{"name":"wp","href":"https:\/\/api.w.org\/{rel}","templated":true}]}}