{"id":22785,"date":"2021-01-10T15:19:15","date_gmt":"2021-01-10T18:19:15","guid":{"rendered":"https:\/\/andreasimonetti.com.br\/?p=22785"},"modified":"2021-01-10T15:19:15","modified_gmt":"2021-01-10T18:19:15","slug":"voce-conhece-o-mapa-metabolico-da-oligoflora","status":"publish","type":"post","link":"https:\/\/andreasimonetti.com.br\/blog\/voce-conhece-o-mapa-metabolico-da-oligoflora\/","title":{"rendered":"Voc\u00ea conhece o mapa metab\u00f3lico da Oligoflora?"},"content":{"rendered":"<p style=\"text-align: justify;\">Al\u00e9m dos <a href=\"https:\/\/andreasimonetti.com.br\/blog\/testei-e-aprovei-os-produtos-da-oligoflora\/\">tratamentos faciais<\/a> que fa\u00e7o na clinica de est\u00e9tica <a href=\"https:\/\/bauru.oligoflora.com.br\/\">Oligoflora,\u00a0<\/a> recentemente comecei a fazer a reposi\u00e7\u00e3o dos minerais que faltam no meu organismo.<\/p>\n<p style=\"text-align: justify;\">Muitas vezes sentimos que algo n\u00e3o vai bem.<br \/>\nPode ser que falte energia para as tarefas do dia a dia, nosso corpo d\u00e1 sinais de esgotamento e a apar\u00eancia indica que precisamos de ajuda.<br \/>\nE a\u00ed vem a ansiedade, a irritabilidade, a ins\u00f4nia, enxaquecas e outros sintomas.<\/p>\n<p style=\"text-align: justify;\">Mas como saber exatamente qual a causa dos problemas?<br \/>\n<span style=\"color: #ff6600;\">O mapa metab\u00f3lico pode ajudar e muito! Trata-se de uma forma de identificar desequil\u00edbrios e car\u00eancias do organismo que contribuem para a compuls\u00e3o por doces e carboidratos gerando celulite, gordura localizada, rugas linhas de express\u00e3o entre outros inconvenientes.?<\/span><br \/>\nAplicado para conhecer as necessidades de cada pessoa, o mapa indica minerais que, em falta, prejudicam o organismo.\u00a0<\/p>\n<div class=\"nc684nl6\" style=\"text-align: justify;\">\n<p>A <a href=\"https:\/\/bauru.oligoflora.com.br\/\">OligoFlora Bauru<\/a> utiliza o mapa metab\u00f3lico nas avalia\u00e7\u00f5es de suas clientes. Atrav\u00e9s da ioniza\u00e7\u00e3o os resultados s\u00e3o estimulados. Esse conceito \u00e9 chamado de <span style=\"color: #ff6600;\">In&amp;Out<\/span>, de dentro para fora.<\/p>\n<p>E voc\u00ea continua fazendo em casa o uso dos minerais necess\u00e1rios.<\/p>\n<p>N\u00e3o se trata apenas de est\u00e9tica, mas de sa\u00fade e qualidade de vida!\u00a0<\/p>\n<\/div>\n<div class=\"oajrlxb2 g5ia77u1 qu0x051f esr5mh6w e9989ue4 r7d6kgcz rq0escxv nhd2j8a9 nc684nl6 p7hjln8o kvgmc6g5 cxmmr5t8 oygrvhab hcukyx3x jb3vyjys rz4wbd8a qt6c0cv9 a8nywdso i1ao9s8h esuyzwwr f1sip0of lzcic4wl oo9gr5id gpro0wi8 lrazzd5p\" style=\"text-align: justify;\" tabindex=\"0\" role=\"button\">\u00a0<\/div>\n<div style=\"text-align: justify;\" tabindex=\"0\" role=\"button\">\u00a0<\/div>\n","protected":false},"excerpt":{"rendered":"<p>Al\u00e9m dos tratamentos faciais que fa\u00e7o na clinica de est\u00e9tica Oligoflora,\u00a0 recentemente comecei a fazer a reposi\u00e7\u00e3o dos minerais que faltam no meu organismo. Muitas vezes sentimos que algo n\u00e3o&hellip;<\/p>\n","protected":false},"author":7,"featured_media":22786,"comment_status":"open","ping_status":"open","sticky":false,"template":"","format":"standard","meta":{"_monsterinsights_skip_tracking":false,"_monsterinsights_sitenote_active":false,"_monsterinsights_sitenote_note":"","_monsterinsights_sitenote_category":0,"footnotes":""},"categories":[6,1508,2013],"tags":[3119],"class_list":["post-22785","post","type-post","status-publish","format-standard","has-post-thumbnail","hentry","category-beleza","category-destaque","category-lifestyle","tag-mapa-metabolico-oligoflora-bauru"],"yoast_head":"<!-- This site is optimized with the Yoast SEO plugin v26.3 - https:\/\/yoast.com\/wordpress\/plugins\/seo\/ -->\n<title>Voc\u00ea conhece o mapa metab\u00f3lico da Oligoflora? - Andrea Simonetti<\/title>\n<meta name=\"description\" content=\"Al\u00e9m dos tratamentos faciais que fa\u00e7o na clinica de est\u00e9tica Oligoflora,\u00a0 recentemente comecei a fazer a reposi\u00e7\u00e3o dos minerais que faltam no meu organismo.\" \/>\n<meta name=\"robots\" content=\"index, follow, max-snippet:-1, max-image-preview:large, max-video-preview:-1\" \/>\n<link rel=\"canonical\" href=\"https:\/\/andreasimonetti.com.br\/blog\/voce-conhece-o-mapa-metabolico-da-oligoflora\/\" \/>\n<meta property=\"og:locale\" content=\"pt_BR\" \/>\n<meta property=\"og:type\" content=\"article\" \/>\n<meta property=\"og:title\" content=\"Voc\u00ea conhece o mapa metab\u00f3lico da Oligoflora? - Andrea Simonetti\" \/>\n<meta property=\"og:description\" content=\"Al\u00e9m dos tratamentos faciais que fa\u00e7o na clinica de est\u00e9tica Oligoflora,\u00a0 recentemente comecei a fazer a reposi\u00e7\u00e3o dos minerais que faltam no meu organismo.\" \/>\n<meta property=\"og:url\" content=\"https:\/\/andreasimonetti.com.br\/blog\/voce-conhece-o-mapa-metabolico-da-oligoflora\/\" \/>\n<meta property=\"og:site_name\" content=\"Andrea Simonetti\" \/>\n<meta property=\"article:publisher\" content=\"https:\/\/www.facebook.com\/blogdaandreasimonetti\/\" \/>\n<meta property=\"article:author\" content=\"https:\/\/www.facebook.com\/blogdaandreasimonetti\/\" \/>\n<meta property=\"article:published_time\" content=\"2021-01-10T18:19:15+00:00\" \/>\n<meta property=\"og:image\" content=\"https:\/\/andreasimonetti.com.br\/blog\/wp-content\/uploads\/2021\/01\/123255556_3402578829826743_653846083859139491_o.jpg\" \/>\n\t<meta property=\"og:image:width\" content=\"1440\" \/>\n\t<meta property=\"og:image:height\" content=\"1800\" \/>\n\t<meta property=\"og:image:type\" content=\"image\/jpeg\" \/>\n<meta name=\"author\" content=\"Andrea Simonetti\" \/>\n<meta name=\"twitter:card\" content=\"summary_large_image\" \/>\n<meta name=\"twitter:creator\" content=\"@https:\/\/twitter.com\/Andrea_Simoneti\" \/>\n<meta name=\"twitter:site\" content=\"@Andrea_Simoneti\" \/>\n<meta name=\"twitter:label1\" content=\"Escrito por\" \/>\n\t<meta name=\"twitter:data1\" content=\"Andrea Simonetti\" \/>\n\t<meta name=\"twitter:label2\" content=\"Est. tempo de leitura\" \/>\n\t<meta name=\"twitter:data2\" content=\"1 minuto\" \/>\n<!-- \/ Yoast SEO plugin. -->","yoast_head_json":{"title":"Voc\u00ea conhece o mapa metab\u00f3lico da Oligoflora? - Andrea Simonetti","description":"Al\u00e9m dos tratamentos faciais que fa\u00e7o na clinica de est\u00e9tica Oligoflora,\u00a0 recentemente comecei a fazer a reposi\u00e7\u00e3o dos minerais que faltam no meu organismo.","robots":{"index":"index","follow":"follow","max-snippet":"max-snippet:-1","max-image-preview":"max-image-preview:large","max-video-preview":"max-video-preview:-1"},"canonical":"https:\/\/andreasimonetti.com.br\/blog\/voce-conhece-o-mapa-metabolico-da-oligoflora\/","og_locale":"pt_BR","og_type":"article","og_title":"Voc\u00ea conhece o mapa metab\u00f3lico da Oligoflora? - Andrea Simonetti","og_description":"Al\u00e9m dos tratamentos faciais que fa\u00e7o na clinica de est\u00e9tica Oligoflora,\u00a0 recentemente comecei a fazer a reposi\u00e7\u00e3o dos minerais que faltam no meu organismo.","og_url":"https:\/\/andreasimonetti.com.br\/blog\/voce-conhece-o-mapa-metabolico-da-oligoflora\/","og_site_name":"Andrea Simonetti","article_publisher":"https:\/\/www.facebook.com\/blogdaandreasimonetti\/","article_author":"https:\/\/www.facebook.com\/blogdaandreasimonetti\/","article_published_time":"2021-01-10T18:19:15+00:00","og_image":[{"width":1440,"height":1800,"url":"https:\/\/andreasimonetti.com.br\/blog\/wp-content\/uploads\/2021\/01\/123255556_3402578829826743_653846083859139491_o.jpg","type":"image\/jpeg"}],"author":"Andrea Simonetti","twitter_card":"summary_large_image","twitter_creator":"@https:\/\/twitter.com\/Andrea_Simoneti","twitter_site":"@Andrea_Simoneti","twitter_misc":{"Escrito por":"Andrea Simonetti","Est. tempo de leitura":"1 minuto"},"schema":{"@context":"https:\/\/schema.org","@graph":[{"@type":"WebPage","@id":"https:\/\/andreasimonetti.com.br\/blog\/voce-conhece-o-mapa-metabolico-da-oligoflora\/","url":"https:\/\/andreasimonetti.com.br\/blog\/voce-conhece-o-mapa-metabolico-da-oligoflora\/","name":"Voc\u00ea conhece o mapa metab\u00f3lico da Oligoflora? - Andrea Simonetti","isPartOf":{"@id":"https:\/\/andreasimonetti.com.br\/blog\/#website"},"primaryImageOfPage":{"@id":"https:\/\/andreasimonetti.com.br\/blog\/voce-conhece-o-mapa-metabolico-da-oligoflora\/#primaryimage"},"image":{"@id":"https:\/\/andreasimonetti.com.br\/blog\/voce-conhece-o-mapa-metabolico-da-oligoflora\/#primaryimage"},"thumbnailUrl":"https:\/\/andreasimonetti.com.br\/blog\/wp-content\/uploads\/2021\/01\/123255556_3402578829826743_653846083859139491_o.jpg","datePublished":"2021-01-10T18:19:15+00:00","author":{"@id":"https:\/\/andreasimonetti.com.br\/blog\/#\/schema\/person\/254f763c24ac288e27ea738a7366ad2a"},"description":"Al\u00e9m dos tratamentos faciais que fa\u00e7o na clinica de est\u00e9tica Oligoflora,\u00a0 recentemente comecei a fazer a reposi\u00e7\u00e3o dos minerais que faltam no meu organismo.","breadcrumb":{"@id":"https:\/\/andreasimonetti.com.br\/blog\/voce-conhece-o-mapa-metabolico-da-oligoflora\/#breadcrumb"},"inLanguage":"pt-BR","potentialAction":[{"@type":"ReadAction","target":["https:\/\/andreasimonetti.com.br\/blog\/voce-conhece-o-mapa-metabolico-da-oligoflora\/"]}]},{"@type":"ImageObject","inLanguage":"pt-BR","@id":"https:\/\/andreasimonetti.com.br\/blog\/voce-conhece-o-mapa-metabolico-da-oligoflora\/#primaryimage","url":"https:\/\/andreasimonetti.com.br\/blog\/wp-content\/uploads\/2021\/01\/123255556_3402578829826743_653846083859139491_o.jpg","contentUrl":"https:\/\/andreasimonetti.com.br\/blog\/wp-content\/uploads\/2021\/01\/123255556_3402578829826743_653846083859139491_o.jpg","width":1440,"height":1800},{"@type":"BreadcrumbList","@id":"https:\/\/andreasimonetti.com.br\/blog\/voce-conhece-o-mapa-metabolico-da-oligoflora\/#breadcrumb","itemListElement":[{"@type":"ListItem","position":1,"name":"In\u00edcio","item":"https:\/\/andreasimonetti.com.br\/blog\/"},{"@type":"ListItem","position":2,"name":"Voc\u00ea conhece o mapa metab\u00f3lico da Oligoflora?"}]},{"@type":"WebSite","@id":"https:\/\/andreasimonetti.com.br\/blog\/#website","url":"https:\/\/andreasimonetti.com.br\/blog\/","name":"Andrea Simonetti","description":"","potentialAction":[{"@type":"SearchAction","target":{"@type":"EntryPoint","urlTemplate":"https:\/\/andreasimonetti.com.br\/blog\/?s={search_term_string}"},"query-input":{"@type":"PropertyValueSpecification","valueRequired":true,"valueName":"search_term_string"}}],"inLanguage":"pt-BR"},{"@type":"Person","@id":"https:\/\/andreasimonetti.com.br\/blog\/#\/schema\/person\/254f763c24ac288e27ea738a7366ad2a","name":"Andrea Simonetti","image":{"@type":"ImageObject","inLanguage":"pt-BR","@id":"https:\/\/andreasimonetti.com.br\/blog\/#\/schema\/person\/image\/","url":"https:\/\/andreasimonetti.com.br\/blog\/wp-content\/uploads\/2018\/04\/andrea-simonetti-96x96.png","contentUrl":"https:\/\/andreasimonetti.com.br\/blog\/wp-content\/uploads\/2018\/04\/andrea-simonetti-96x96.png","caption":"Andrea Simonetti"},"description":"Sou formada em Administra\u00e7\u00e3o de Empresas, Produ\u00e7\u00e3o de Moda pelo SENAC e Consultoria de Estilo. Sou fascinada por moda desde sempre, adoro ver as pessoas produzidas e de bem com a vida. Moda \u00e9 o meu assunto preferido. Comecei meu blog em 2011, ele cresceu e hoje \u00e9 um site bem mais abrangente, onde eu falo sobre moda e meu trabalho de consultora de estilo. E falo tamb\u00e9m sobre a minha experi\u00eancia de vida. Mas antes de tudo, acredito num Deus Soberano que nos guia e aben\u00e7oa, o tempo todo!","sameAs":["https:\/\/www.andreasimonetti.com.br\/","https:\/\/www.facebook.com\/blogdaandreasimonetti\/","https:\/\/www.instagram.com\/andrea_simonetti\/","https:\/\/br.pinterest.com\/BlogAndrea\/","https:\/\/x.com\/https:\/\/twitter.com\/Andrea_Simoneti"],"url":"https:\/\/andreasimonetti.com.br\/blog\/author\/andrea\/"}]}},"_links":{"self":[{"href":"https:\/\/andreasimonetti.com.br\/blog\/wp-json\/wp\/v2\/posts\/22785","targetHints":{"allow":["GET"]}}],"collection":[{"href":"https:\/\/andreasimonetti.com.br\/blog\/wp-json\/wp\/v2\/posts"}],"about":[{"href":"https:\/\/andreasimonetti.com.br\/blog\/wp-json\/wp\/v2\/types\/post"}],"author":[{"embeddable":true,"href":"https:\/\/andreasimonetti.com.br\/blog\/wp-json\/wp\/v2\/users\/7"}],"replies":[{"embeddable":true,"href":"https:\/\/andreasimonetti.com.br\/blog\/wp-json\/wp\/v2\/comments?post=22785"}],"version-history":[{"count":2,"href":"https:\/\/andreasimonetti.com.br\/blog\/wp-json\/wp\/v2\/posts\/22785\/revisions"}],"predecessor-version":[{"id":22788,"href":"https:\/\/andreasimonetti.com.br\/blog\/wp-json\/wp\/v2\/posts\/22785\/revisions\/22788"}],"wp:featuredmedia":[{"embeddable":true,"href":"https:\/\/andreasimonetti.com.br\/blog\/wp-json\/wp\/v2\/media\/22786"}],"wp:attachment":[{"href":"https:\/\/andreasimonetti.com.br\/blog\/wp-json\/wp\/v2\/media?parent=22785"}],"wp:term":[{"taxonomy":"category","embeddable":true,"href":"https:\/\/andreasimonetti.com.br\/blog\/wp-json\/wp\/v2\/categories?post=22785"},{"taxonomy":"post_tag","embeddable":true,"href":"https:\/\/andreasimonetti.com.br\/blog\/wp-json\/wp\/v2\/tags?post=22785"}],"curies":[{"name":"wp","href":"https:\/\/api.w.org\/{rel}","templated":true}]}}