{"id":22687,"date":"2020-11-15T18:39:33","date_gmt":"2020-11-15T21:39:33","guid":{"rendered":"https:\/\/andreasimonetti.com.br\/?p=22687"},"modified":"2020-11-15T18:40:07","modified_gmt":"2020-11-15T21:40:07","slug":"loja-pedagio-traz-a-marca-souq","status":"publish","type":"post","link":"https:\/\/andreasimonetti.com.br\/blog\/loja-pedagio-traz-a-marca-souq\/","title":{"rendered":"Loja Ped\u00e1gio traz a marca SouQ"},"content":{"rendered":"<p><span class=\"\" title=\"Editado\">A\u00a0<a class=\"notranslate\" tabindex=\"0\" href=\"https:\/\/www.instagram.com\/lojapedagio\/\">@lojapedagio<\/a> recebeu a cole\u00e7\u00e3o primavera ver\u00e3o da <a class=\"notranslate\" tabindex=\"0\" href=\"https:\/\/www.instagram.com\/souqlovers\/\">@souqlovers<\/a>.<\/p>\n<p>A\u00a0<a class=\"notranslate\" tabindex=\"0\" href=\"https:\/\/www.instagram.com\/souqlovers\/\">@souqlovers<\/a> e uma marca brasileira que inspira na busca pelo bem-estar, leveza e conforto.\u00a0<\/p>\n<p>A modelagem da marca e perfeita com qualidade impar no quesito mat\u00e9ria prima.<\/p>\n<p>A Souq apresenta um mix de produtos pensados para a temporada mais quente do ano.<\/p>\n<p>As estampas, parte importante das cole\u00e7\u00f5es da SouQ, est\u00e3o presentes de maneira expressiva nesta temporada.<\/span><\/p>\n<div class=\"                    Igw0E     IwRSH      eGOV_         _4EzTm   pjcA_                                                         aGBdT                                                  \">\n<div class=\"_7UhW9  PIoXz       MMzan   _0PwGv         uL8Hv         \">\u00a0<\/div>\n<\/div>\n<p><img loading=\"lazy\" decoding=\"async\" class=\"alignnone wp-image-22688 size-full\" src=\"https:\/\/andreasimonetti.com.br\/blog\/wp-content\/uploads\/2020\/11\/123212224_3396831623734797_3849269716284826290_o.jpg\" alt=\"Loja Ped\u00e1gio traz a marca SouQ  \" width=\"1440\" height=\"1653\" srcset=\"https:\/\/andreasimonetti.com.br\/blog\/wp-content\/uploads\/2020\/11\/123212224_3396831623734797_3849269716284826290_o.jpg 1440w, https:\/\/andreasimonetti.com.br\/blog\/wp-content\/uploads\/2020\/11\/123212224_3396831623734797_3849269716284826290_o-261x300.jpg 261w, https:\/\/andreasimonetti.com.br\/blog\/wp-content\/uploads\/2020\/11\/123212224_3396831623734797_3849269716284826290_o-892x1024.jpg 892w, https:\/\/andreasimonetti.com.br\/blog\/wp-content\/uploads\/2020\/11\/123212224_3396831623734797_3849269716284826290_o-768x882.jpg 768w, https:\/\/andreasimonetti.com.br\/blog\/wp-content\/uploads\/2020\/11\/123212224_3396831623734797_3849269716284826290_o-1338x1536.jpg 1338w, https:\/\/andreasimonetti.com.br\/blog\/wp-content\/uploads\/2020\/11\/123212224_3396831623734797_3849269716284826290_o-1170x1343.jpg 1170w, https:\/\/andreasimonetti.com.br\/blog\/wp-content\/uploads\/2020\/11\/123212224_3396831623734797_3849269716284826290_o-585x672.jpg 585w\" sizes=\"auto, (max-width: 1440px) 100vw, 1440px\" \/><\/p>\n","protected":false},"excerpt":{"rendered":"<p>A\u00a0@lojapedagio recebeu a cole\u00e7\u00e3o primavera ver\u00e3o da @souqlovers. A\u00a0@souqlovers e uma marca brasileira que inspira na busca pelo bem-estar, leveza e conforto.\u00a0 A modelagem da marca e perfeita com qualidade&hellip;<\/p>\n","protected":false},"author":7,"featured_media":22689,"comment_status":"open","ping_status":"open","sticky":false,"template":"","format":"standard","meta":{"_monsterinsights_skip_tracking":false,"_monsterinsights_sitenote_active":false,"_monsterinsights_sitenote_note":"","_monsterinsights_sitenote_category":0,"footnotes":""},"categories":[1508,2675,3],"tags":[3098],"class_list":["post-22687","post","type-post","status-publish","format-standard","has-post-thumbnail","hentry","category-destaque","category-meu-look","category-moda","tag-souq-chega-a-bauru"],"yoast_head":"<!-- This site is optimized with the Yoast SEO plugin v26.3 - https:\/\/yoast.com\/wordpress\/plugins\/seo\/ -->\n<title>Loja Ped\u00e1gio traz a marca SouQ - Andrea Simonetti<\/title>\n<meta name=\"description\" content=\"\u00a0@lojapedagio recebeu a cole\u00e7\u00e3o primavera ver\u00e3o da @souqlovers.A\u00a0@souqlovers e uma marca brasileira que inspira na busca pelo bem-estar, leveza e conforto.\u00a0\" \/>\n<meta name=\"robots\" content=\"index, follow, max-snippet:-1, max-image-preview:large, max-video-preview:-1\" \/>\n<link rel=\"canonical\" href=\"https:\/\/andreasimonetti.com.br\/blog\/loja-pedagio-traz-a-marca-souq\/\" \/>\n<meta property=\"og:locale\" content=\"pt_BR\" \/>\n<meta property=\"og:type\" content=\"article\" \/>\n<meta property=\"og:title\" content=\"Loja Ped\u00e1gio traz a marca SouQ - Andrea Simonetti\" \/>\n<meta property=\"og:description\" content=\"\u00a0@lojapedagio recebeu a cole\u00e7\u00e3o primavera ver\u00e3o da @souqlovers.A\u00a0@souqlovers e uma marca brasileira que inspira na busca pelo bem-estar, leveza e conforto.\u00a0\" \/>\n<meta property=\"og:url\" content=\"https:\/\/andreasimonetti.com.br\/blog\/loja-pedagio-traz-a-marca-souq\/\" \/>\n<meta property=\"og:site_name\" content=\"Andrea Simonetti\" \/>\n<meta property=\"article:publisher\" content=\"https:\/\/www.facebook.com\/blogdaandreasimonetti\/\" \/>\n<meta property=\"article:author\" content=\"https:\/\/www.facebook.com\/blogdaandreasimonetti\/\" \/>\n<meta property=\"article:published_time\" content=\"2020-11-15T21:39:33+00:00\" \/>\n<meta property=\"article:modified_time\" content=\"2020-11-15T21:40:07+00:00\" \/>\n<meta property=\"og:image\" content=\"https:\/\/andreasimonetti.com.br\/blog\/wp-content\/uploads\/2020\/11\/123493364_3394475633970396_4775084205981163818_o.jpg\" \/>\n\t<meta property=\"og:image:width\" content=\"1440\" \/>\n\t<meta property=\"og:image:height\" content=\"1800\" \/>\n\t<meta property=\"og:image:type\" content=\"image\/jpeg\" \/>\n<meta name=\"author\" content=\"Andrea Simonetti\" \/>\n<meta name=\"twitter:card\" content=\"summary_large_image\" \/>\n<meta name=\"twitter:creator\" content=\"@https:\/\/twitter.com\/Andrea_Simoneti\" \/>\n<meta name=\"twitter:site\" content=\"@Andrea_Simoneti\" \/>\n<meta name=\"twitter:label1\" content=\"Escrito por\" \/>\n\t<meta name=\"twitter:data1\" content=\"Andrea Simonetti\" \/>\n<!-- \/ Yoast SEO plugin. -->","yoast_head_json":{"title":"Loja Ped\u00e1gio traz a marca SouQ - Andrea Simonetti","description":"\u00a0@lojapedagio recebeu a cole\u00e7\u00e3o primavera ver\u00e3o da @souqlovers.A\u00a0@souqlovers e uma marca brasileira que inspira na busca pelo bem-estar, leveza e conforto.\u00a0","robots":{"index":"index","follow":"follow","max-snippet":"max-snippet:-1","max-image-preview":"max-image-preview:large","max-video-preview":"max-video-preview:-1"},"canonical":"https:\/\/andreasimonetti.com.br\/blog\/loja-pedagio-traz-a-marca-souq\/","og_locale":"pt_BR","og_type":"article","og_title":"Loja Ped\u00e1gio traz a marca SouQ - Andrea Simonetti","og_description":"\u00a0@lojapedagio recebeu a cole\u00e7\u00e3o primavera ver\u00e3o da @souqlovers.A\u00a0@souqlovers e uma marca brasileira que inspira na busca pelo bem-estar, leveza e conforto.\u00a0","og_url":"https:\/\/andreasimonetti.com.br\/blog\/loja-pedagio-traz-a-marca-souq\/","og_site_name":"Andrea Simonetti","article_publisher":"https:\/\/www.facebook.com\/blogdaandreasimonetti\/","article_author":"https:\/\/www.facebook.com\/blogdaandreasimonetti\/","article_published_time":"2020-11-15T21:39:33+00:00","article_modified_time":"2020-11-15T21:40:07+00:00","og_image":[{"width":1440,"height":1800,"url":"https:\/\/andreasimonetti.com.br\/blog\/wp-content\/uploads\/2020\/11\/123493364_3394475633970396_4775084205981163818_o.jpg","type":"image\/jpeg"}],"author":"Andrea Simonetti","twitter_card":"summary_large_image","twitter_creator":"@https:\/\/twitter.com\/Andrea_Simoneti","twitter_site":"@Andrea_Simoneti","twitter_misc":{"Escrito por":"Andrea Simonetti"},"schema":{"@context":"https:\/\/schema.org","@graph":[{"@type":"WebPage","@id":"https:\/\/andreasimonetti.com.br\/blog\/loja-pedagio-traz-a-marca-souq\/","url":"https:\/\/andreasimonetti.com.br\/blog\/loja-pedagio-traz-a-marca-souq\/","name":"Loja Ped\u00e1gio traz a marca SouQ - Andrea Simonetti","isPartOf":{"@id":"https:\/\/andreasimonetti.com.br\/blog\/#website"},"primaryImageOfPage":{"@id":"https:\/\/andreasimonetti.com.br\/blog\/loja-pedagio-traz-a-marca-souq\/#primaryimage"},"image":{"@id":"https:\/\/andreasimonetti.com.br\/blog\/loja-pedagio-traz-a-marca-souq\/#primaryimage"},"thumbnailUrl":"https:\/\/andreasimonetti.com.br\/blog\/wp-content\/uploads\/2020\/11\/123493364_3394475633970396_4775084205981163818_o.jpg","datePublished":"2020-11-15T21:39:33+00:00","dateModified":"2020-11-15T21:40:07+00:00","author":{"@id":"https:\/\/andreasimonetti.com.br\/blog\/#\/schema\/person\/254f763c24ac288e27ea738a7366ad2a"},"description":"\u00a0@lojapedagio recebeu a cole\u00e7\u00e3o primavera ver\u00e3o da @souqlovers.A\u00a0@souqlovers e uma marca brasileira que inspira na busca pelo bem-estar, leveza e conforto.\u00a0","breadcrumb":{"@id":"https:\/\/andreasimonetti.com.br\/blog\/loja-pedagio-traz-a-marca-souq\/#breadcrumb"},"inLanguage":"pt-BR","potentialAction":[{"@type":"ReadAction","target":["https:\/\/andreasimonetti.com.br\/blog\/loja-pedagio-traz-a-marca-souq\/"]}]},{"@type":"ImageObject","inLanguage":"pt-BR","@id":"https:\/\/andreasimonetti.com.br\/blog\/loja-pedagio-traz-a-marca-souq\/#primaryimage","url":"https:\/\/andreasimonetti.com.br\/blog\/wp-content\/uploads\/2020\/11\/123493364_3394475633970396_4775084205981163818_o.jpg","contentUrl":"https:\/\/andreasimonetti.com.br\/blog\/wp-content\/uploads\/2020\/11\/123493364_3394475633970396_4775084205981163818_o.jpg","width":1440,"height":1800},{"@type":"BreadcrumbList","@id":"https:\/\/andreasimonetti.com.br\/blog\/loja-pedagio-traz-a-marca-souq\/#breadcrumb","itemListElement":[{"@type":"ListItem","position":1,"name":"In\u00edcio","item":"https:\/\/andreasimonetti.com.br\/blog\/"},{"@type":"ListItem","position":2,"name":"Loja Ped\u00e1gio traz a marca SouQ"}]},{"@type":"WebSite","@id":"https:\/\/andreasimonetti.com.br\/blog\/#website","url":"https:\/\/andreasimonetti.com.br\/blog\/","name":"Andrea Simonetti","description":"","potentialAction":[{"@type":"SearchAction","target":{"@type":"EntryPoint","urlTemplate":"https:\/\/andreasimonetti.com.br\/blog\/?s={search_term_string}"},"query-input":{"@type":"PropertyValueSpecification","valueRequired":true,"valueName":"search_term_string"}}],"inLanguage":"pt-BR"},{"@type":"Person","@id":"https:\/\/andreasimonetti.com.br\/blog\/#\/schema\/person\/254f763c24ac288e27ea738a7366ad2a","name":"Andrea Simonetti","image":{"@type":"ImageObject","inLanguage":"pt-BR","@id":"https:\/\/andreasimonetti.com.br\/blog\/#\/schema\/person\/image\/","url":"https:\/\/andreasimonetti.com.br\/blog\/wp-content\/uploads\/2018\/04\/andrea-simonetti-96x96.png","contentUrl":"https:\/\/andreasimonetti.com.br\/blog\/wp-content\/uploads\/2018\/04\/andrea-simonetti-96x96.png","caption":"Andrea Simonetti"},"description":"Sou formada em Administra\u00e7\u00e3o de Empresas, Produ\u00e7\u00e3o de Moda pelo SENAC e Consultoria de Estilo. Sou fascinada por moda desde sempre, adoro ver as pessoas produzidas e de bem com a vida. Moda \u00e9 o meu assunto preferido. Comecei meu blog em 2011, ele cresceu e hoje \u00e9 um site bem mais abrangente, onde eu falo sobre moda e meu trabalho de consultora de estilo. E falo tamb\u00e9m sobre a minha experi\u00eancia de vida. Mas antes de tudo, acredito num Deus Soberano que nos guia e aben\u00e7oa, o tempo todo!","sameAs":["https:\/\/www.andreasimonetti.com.br\/","https:\/\/www.facebook.com\/blogdaandreasimonetti\/","https:\/\/www.instagram.com\/andrea_simonetti\/","https:\/\/br.pinterest.com\/BlogAndrea\/","https:\/\/x.com\/https:\/\/twitter.com\/Andrea_Simoneti"],"url":"https:\/\/andreasimonetti.com.br\/blog\/author\/andrea\/"}]}},"_links":{"self":[{"href":"https:\/\/andreasimonetti.com.br\/blog\/wp-json\/wp\/v2\/posts\/22687","targetHints":{"allow":["GET"]}}],"collection":[{"href":"https:\/\/andreasimonetti.com.br\/blog\/wp-json\/wp\/v2\/posts"}],"about":[{"href":"https:\/\/andreasimonetti.com.br\/blog\/wp-json\/wp\/v2\/types\/post"}],"author":[{"embeddable":true,"href":"https:\/\/andreasimonetti.com.br\/blog\/wp-json\/wp\/v2\/users\/7"}],"replies":[{"embeddable":true,"href":"https:\/\/andreasimonetti.com.br\/blog\/wp-json\/wp\/v2\/comments?post=22687"}],"version-history":[{"count":3,"href":"https:\/\/andreasimonetti.com.br\/blog\/wp-json\/wp\/v2\/posts\/22687\/revisions"}],"predecessor-version":[{"id":22701,"href":"https:\/\/andreasimonetti.com.br\/blog\/wp-json\/wp\/v2\/posts\/22687\/revisions\/22701"}],"wp:featuredmedia":[{"embeddable":true,"href":"https:\/\/andreasimonetti.com.br\/blog\/wp-json\/wp\/v2\/media\/22689"}],"wp:attachment":[{"href":"https:\/\/andreasimonetti.com.br\/blog\/wp-json\/wp\/v2\/media?parent=22687"}],"wp:term":[{"taxonomy":"category","embeddable":true,"href":"https:\/\/andreasimonetti.com.br\/blog\/wp-json\/wp\/v2\/categories?post=22687"},{"taxonomy":"post_tag","embeddable":true,"href":"https:\/\/andreasimonetti.com.br\/blog\/wp-json\/wp\/v2\/tags?post=22687"}],"curies":[{"name":"wp","href":"https:\/\/api.w.org\/{rel}","templated":true}]}}