{"id":22563,"date":"2020-08-17T20:05:34","date_gmt":"2020-08-17T23:05:34","guid":{"rendered":"https:\/\/andreasimonetti.com.br\/?p=22563"},"modified":"2020-08-17T21:02:32","modified_gmt":"2020-08-18T00:02:32","slug":"como-usar-acessorios-para-cabelos","status":"publish","type":"post","link":"https:\/\/andreasimonetti.com.br\/blog\/como-usar-acessorios-para-cabelos\/","title":{"rendered":"Como usar acess\u00f3rios para cabelos!"},"content":{"rendered":"<h4><span style=\"color: #ff6600;\">Como usar acess\u00f3rios para cabelos!<\/span><\/h4>\n<p>Os acess\u00f3rios de cabelo vem conquistando cada vez mais espa\u00e7o no mundo da moda.<br \/>\nEm penteados simples ou nos cabelos soltos, os enfeites podem tornar o look mais colorido e moderno.<br \/>\nGravei essa semana um #IGTV com o hair stylist Julio Dinard do <a class=\"notranslate\" tabindex=\"0\" href=\"https:\/\/www.instagram.com\/dinardshairfashion\/\">@dinardshairfashion<\/a> que deu algumas dicas de acess\u00f3rios de cabelo, todos da <a class=\"notranslate\" tabindex=\"0\" href=\"https:\/\/www.instagram.com\/jadeacessorios\/\">@jadeacessorios<\/a>\u00a0.<\/p>\n<p>Clique <a href=\"https:\/\/www.instagram.com\/tv\/CDNBgJLhoGm\/?hl=pt-br\">aqui<\/a> para ver o video completo.\u00a0<br \/>\nMake <a class=\"notranslate\" tabindex=\"0\" href=\"https:\/\/www.instagram.com\/tatadinardimakeup\/\">@tatadinardimakeup<\/a><\/p>\n<p><img loading=\"lazy\" decoding=\"async\" class=\"alignnone wp-image-22564 size-full\" src=\"https:\/\/andreasimonetti.com.br\/blog\/wp-content\/uploads\/2020\/08\/117644172_3167913523293276_8644650523438058233_o.jpg\" alt=\"Acess\u00f3rios para cabelo \" width=\"1440\" height=\"1440\" srcset=\"https:\/\/andreasimonetti.com.br\/blog\/wp-content\/uploads\/2020\/08\/117644172_3167913523293276_8644650523438058233_o.jpg 1440w, https:\/\/andreasimonetti.com.br\/blog\/wp-content\/uploads\/2020\/08\/117644172_3167913523293276_8644650523438058233_o-300x300.jpg 300w, https:\/\/andreasimonetti.com.br\/blog\/wp-content\/uploads\/2020\/08\/117644172_3167913523293276_8644650523438058233_o-1024x1024.jpg 1024w, https:\/\/andreasimonetti.com.br\/blog\/wp-content\/uploads\/2020\/08\/117644172_3167913523293276_8644650523438058233_o-150x150.jpg 150w, https:\/\/andreasimonetti.com.br\/blog\/wp-content\/uploads\/2020\/08\/117644172_3167913523293276_8644650523438058233_o-768x768.jpg 768w, https:\/\/andreasimonetti.com.br\/blog\/wp-content\/uploads\/2020\/08\/117644172_3167913523293276_8644650523438058233_o-1170x1170.jpg 1170w, https:\/\/andreasimonetti.com.br\/blog\/wp-content\/uploads\/2020\/08\/117644172_3167913523293276_8644650523438058233_o-585x585.jpg 585w, https:\/\/andreasimonetti.com.br\/blog\/wp-content\/uploads\/2020\/08\/117644172_3167913523293276_8644650523438058233_o-640x640.jpg 640w\" sizes=\"auto, (max-width: 1440px) 100vw, 1440px\" \/><\/p>\n<p><img loading=\"lazy\" decoding=\"async\" class=\"alignnone wp-image-22565 size-full\" src=\"https:\/\/andreasimonetti.com.br\/blog\/wp-content\/uploads\/2020\/08\/117410594_3167914116626550_8349938145408421312_o.jpg\" alt=\"Acess\u00f3rios para cabelo \" width=\"1440\" height=\"1440\" srcset=\"https:\/\/andreasimonetti.com.br\/blog\/wp-content\/uploads\/2020\/08\/117410594_3167914116626550_8349938145408421312_o.jpg 1440w, https:\/\/andreasimonetti.com.br\/blog\/wp-content\/uploads\/2020\/08\/117410594_3167914116626550_8349938145408421312_o-300x300.jpg 300w, https:\/\/andreasimonetti.com.br\/blog\/wp-content\/uploads\/2020\/08\/117410594_3167914116626550_8349938145408421312_o-1024x1024.jpg 1024w, https:\/\/andreasimonetti.com.br\/blog\/wp-content\/uploads\/2020\/08\/117410594_3167914116626550_8349938145408421312_o-150x150.jpg 150w, https:\/\/andreasimonetti.com.br\/blog\/wp-content\/uploads\/2020\/08\/117410594_3167914116626550_8349938145408421312_o-768x768.jpg 768w, https:\/\/andreasimonetti.com.br\/blog\/wp-content\/uploads\/2020\/08\/117410594_3167914116626550_8349938145408421312_o-1170x1170.jpg 1170w, https:\/\/andreasimonetti.com.br\/blog\/wp-content\/uploads\/2020\/08\/117410594_3167914116626550_8349938145408421312_o-585x585.jpg 585w, https:\/\/andreasimonetti.com.br\/blog\/wp-content\/uploads\/2020\/08\/117410594_3167914116626550_8349938145408421312_o-640x640.jpg 640w\" sizes=\"auto, (max-width: 1440px) 100vw, 1440px\" \/><\/p>\n<p><img loading=\"lazy\" decoding=\"async\" class=\"alignnone wp-image-22566 size-full\" src=\"https:\/\/andreasimonetti.com.br\/blog\/wp-content\/uploads\/2020\/08\/117437838_3167913956626566_5205727063735628308_o.jpg\" alt=\"Acess\u00f3rios para cabelo \" width=\"1440\" height=\"1440\" srcset=\"https:\/\/andreasimonetti.com.br\/blog\/wp-content\/uploads\/2020\/08\/117437838_3167913956626566_5205727063735628308_o.jpg 1440w, https:\/\/andreasimonetti.com.br\/blog\/wp-content\/uploads\/2020\/08\/117437838_3167913956626566_5205727063735628308_o-300x300.jpg 300w, https:\/\/andreasimonetti.com.br\/blog\/wp-content\/uploads\/2020\/08\/117437838_3167913956626566_5205727063735628308_o-1024x1024.jpg 1024w, https:\/\/andreasimonetti.com.br\/blog\/wp-content\/uploads\/2020\/08\/117437838_3167913956626566_5205727063735628308_o-150x150.jpg 150w, https:\/\/andreasimonetti.com.br\/blog\/wp-content\/uploads\/2020\/08\/117437838_3167913956626566_5205727063735628308_o-768x768.jpg 768w, https:\/\/andreasimonetti.com.br\/blog\/wp-content\/uploads\/2020\/08\/117437838_3167913956626566_5205727063735628308_o-1170x1170.jpg 1170w, https:\/\/andreasimonetti.com.br\/blog\/wp-content\/uploads\/2020\/08\/117437838_3167913956626566_5205727063735628308_o-585x585.jpg 585w, https:\/\/andreasimonetti.com.br\/blog\/wp-content\/uploads\/2020\/08\/117437838_3167913956626566_5205727063735628308_o-640x640.jpg 640w\" sizes=\"auto, (max-width: 1440px) 100vw, 1440px\" \/><\/p>\n<p><img loading=\"lazy\" decoding=\"async\" class=\"alignnone wp-image-22567 size-full\" src=\"https:\/\/andreasimonetti.com.br\/blog\/wp-content\/uploads\/2020\/08\/117640260_3167913773293251_4606086103034554070_o.jpg\" alt=\"Acess\u00f3rios para cabelo \" width=\"1440\" height=\"1440\" srcset=\"https:\/\/andreasimonetti.com.br\/blog\/wp-content\/uploads\/2020\/08\/117640260_3167913773293251_4606086103034554070_o.jpg 1440w, https:\/\/andreasimonetti.com.br\/blog\/wp-content\/uploads\/2020\/08\/117640260_3167913773293251_4606086103034554070_o-300x300.jpg 300w, https:\/\/andreasimonetti.com.br\/blog\/wp-content\/uploads\/2020\/08\/117640260_3167913773293251_4606086103034554070_o-1024x1024.jpg 1024w, https:\/\/andreasimonetti.com.br\/blog\/wp-content\/uploads\/2020\/08\/117640260_3167913773293251_4606086103034554070_o-150x150.jpg 150w, https:\/\/andreasimonetti.com.br\/blog\/wp-content\/uploads\/2020\/08\/117640260_3167913773293251_4606086103034554070_o-768x768.jpg 768w, https:\/\/andreasimonetti.com.br\/blog\/wp-content\/uploads\/2020\/08\/117640260_3167913773293251_4606086103034554070_o-1170x1170.jpg 1170w, https:\/\/andreasimonetti.com.br\/blog\/wp-content\/uploads\/2020\/08\/117640260_3167913773293251_4606086103034554070_o-585x585.jpg 585w, https:\/\/andreasimonetti.com.br\/blog\/wp-content\/uploads\/2020\/08\/117640260_3167913773293251_4606086103034554070_o-640x640.jpg 640w\" sizes=\"auto, (max-width: 1440px) 100vw, 1440px\" \/><\/p>\n<p><img loading=\"lazy\" decoding=\"async\" class=\"alignnone wp-image-22568 size-full\" src=\"https:\/\/andreasimonetti.com.br\/blog\/wp-content\/uploads\/2020\/08\/117644172_3167913523293276_8644650523438058233_o-1.jpg\" alt=\"Acess\u00f3rios para cabelo \" width=\"1440\" height=\"1440\" srcset=\"https:\/\/andreasimonetti.com.br\/blog\/wp-content\/uploads\/2020\/08\/117644172_3167913523293276_8644650523438058233_o-1.jpg 1440w, https:\/\/andreasimonetti.com.br\/blog\/wp-content\/uploads\/2020\/08\/117644172_3167913523293276_8644650523438058233_o-1-300x300.jpg 300w, https:\/\/andreasimonetti.com.br\/blog\/wp-content\/uploads\/2020\/08\/117644172_3167913523293276_8644650523438058233_o-1-1024x1024.jpg 1024w, https:\/\/andreasimonetti.com.br\/blog\/wp-content\/uploads\/2020\/08\/117644172_3167913523293276_8644650523438058233_o-1-150x150.jpg 150w, https:\/\/andreasimonetti.com.br\/blog\/wp-content\/uploads\/2020\/08\/117644172_3167913523293276_8644650523438058233_o-1-768x768.jpg 768w, https:\/\/andreasimonetti.com.br\/blog\/wp-content\/uploads\/2020\/08\/117644172_3167913523293276_8644650523438058233_o-1-1170x1170.jpg 1170w, https:\/\/andreasimonetti.com.br\/blog\/wp-content\/uploads\/2020\/08\/117644172_3167913523293276_8644650523438058233_o-1-585x585.jpg 585w, https:\/\/andreasimonetti.com.br\/blog\/wp-content\/uploads\/2020\/08\/117644172_3167913523293276_8644650523438058233_o-1-640x640.jpg 640w\" sizes=\"auto, (max-width: 1440px) 100vw, 1440px\" \/><\/p>\n","protected":false},"excerpt":{"rendered":"<p>Como usar acess\u00f3rios para cabelos! Os acess\u00f3rios de cabelo vem conquistando cada vez mais espa\u00e7o no mundo da moda. Em penteados simples ou nos cabelos soltos, os enfeites podem tornar&hellip;<\/p>\n","protected":false},"author":7,"featured_media":22575,"comment_status":"open","ping_status":"open","sticky":false,"template":"","format":"standard","meta":{"_monsterinsights_skip_tracking":false,"_monsterinsights_sitenote_active":false,"_monsterinsights_sitenote_note":"","_monsterinsights_sitenote_category":0,"footnotes":""},"categories":[1508,3],"tags":[3072],"class_list":["post-22563","post","type-post","status-publish","format-standard","has-post-thumbnail","hentry","category-destaque","category-moda","tag-como-usar-acessorios-para-cabelo"],"yoast_head":"<!-- This site is optimized with the Yoast SEO plugin v26.3 - https:\/\/yoast.com\/wordpress\/plugins\/seo\/ -->\n<title>Como usar acess\u00f3rios para cabelos! - Andrea Simonetti<\/title>\n<meta name=\"description\" content=\"Os acess\u00f3rios de cabelo vem conquistando cada vez mais espa\u00e7o no mundo da moda.Em penteados simples ou nos cabelos soltos, os enfeites podem tornar o look ..\" \/>\n<meta name=\"robots\" content=\"index, follow, max-snippet:-1, max-image-preview:large, max-video-preview:-1\" \/>\n<link rel=\"canonical\" href=\"https:\/\/andreasimonetti.com.br\/blog\/como-usar-acessorios-para-cabelos\/\" \/>\n<meta property=\"og:locale\" content=\"pt_BR\" \/>\n<meta property=\"og:type\" content=\"article\" \/>\n<meta property=\"og:title\" content=\"Como usar acess\u00f3rios para cabelos! - Andrea Simonetti\" \/>\n<meta property=\"og:description\" content=\"Os acess\u00f3rios de cabelo vem conquistando cada vez mais espa\u00e7o no mundo da moda.Em penteados simples ou nos cabelos soltos, os enfeites podem tornar o look ..\" \/>\n<meta property=\"og:url\" content=\"https:\/\/andreasimonetti.com.br\/blog\/como-usar-acessorios-para-cabelos\/\" \/>\n<meta property=\"og:site_name\" content=\"Andrea Simonetti\" \/>\n<meta property=\"article:publisher\" content=\"https:\/\/www.facebook.com\/blogdaandreasimonetti\/\" \/>\n<meta property=\"article:author\" content=\"https:\/\/www.facebook.com\/blogdaandreasimonetti\/\" \/>\n<meta property=\"article:published_time\" content=\"2020-08-17T23:05:34+00:00\" \/>\n<meta property=\"article:modified_time\" content=\"2020-08-18T00:02:32+00:00\" \/>\n<meta property=\"og:image\" content=\"https:\/\/andreasimonetti.com.br\/blog\/wp-content\/uploads\/2020\/08\/118083144_3280583945355117_4362923774778384317_n.jpg\" \/>\n\t<meta property=\"og:image:width\" content=\"706\" \/>\n\t<meta property=\"og:image:height\" content=\"960\" \/>\n\t<meta property=\"og:image:type\" content=\"image\/jpeg\" \/>\n<meta name=\"author\" content=\"Andrea Simonetti\" \/>\n<meta name=\"twitter:card\" content=\"summary_large_image\" \/>\n<meta name=\"twitter:creator\" content=\"@https:\/\/twitter.com\/Andrea_Simoneti\" \/>\n<meta name=\"twitter:site\" content=\"@Andrea_Simoneti\" \/>\n<meta name=\"twitter:label1\" content=\"Escrito por\" \/>\n\t<meta name=\"twitter:data1\" content=\"Andrea Simonetti\" \/>\n<!-- \/ Yoast SEO plugin. -->","yoast_head_json":{"title":"Como usar acess\u00f3rios para cabelos! - Andrea Simonetti","description":"Os acess\u00f3rios de cabelo vem conquistando cada vez mais espa\u00e7o no mundo da moda.Em penteados simples ou nos cabelos soltos, os enfeites podem tornar o look ..","robots":{"index":"index","follow":"follow","max-snippet":"max-snippet:-1","max-image-preview":"max-image-preview:large","max-video-preview":"max-video-preview:-1"},"canonical":"https:\/\/andreasimonetti.com.br\/blog\/como-usar-acessorios-para-cabelos\/","og_locale":"pt_BR","og_type":"article","og_title":"Como usar acess\u00f3rios para cabelos! - Andrea Simonetti","og_description":"Os acess\u00f3rios de cabelo vem conquistando cada vez mais espa\u00e7o no mundo da moda.Em penteados simples ou nos cabelos soltos, os enfeites podem tornar o look ..","og_url":"https:\/\/andreasimonetti.com.br\/blog\/como-usar-acessorios-para-cabelos\/","og_site_name":"Andrea Simonetti","article_publisher":"https:\/\/www.facebook.com\/blogdaandreasimonetti\/","article_author":"https:\/\/www.facebook.com\/blogdaandreasimonetti\/","article_published_time":"2020-08-17T23:05:34+00:00","article_modified_time":"2020-08-18T00:02:32+00:00","og_image":[{"width":706,"height":960,"url":"https:\/\/andreasimonetti.com.br\/blog\/wp-content\/uploads\/2020\/08\/118083144_3280583945355117_4362923774778384317_n.jpg","type":"image\/jpeg"}],"author":"Andrea Simonetti","twitter_card":"summary_large_image","twitter_creator":"@https:\/\/twitter.com\/Andrea_Simoneti","twitter_site":"@Andrea_Simoneti","twitter_misc":{"Escrito por":"Andrea Simonetti"},"schema":{"@context":"https:\/\/schema.org","@graph":[{"@type":"WebPage","@id":"https:\/\/andreasimonetti.com.br\/blog\/como-usar-acessorios-para-cabelos\/","url":"https:\/\/andreasimonetti.com.br\/blog\/como-usar-acessorios-para-cabelos\/","name":"Como usar acess\u00f3rios para cabelos! - Andrea Simonetti","isPartOf":{"@id":"https:\/\/andreasimonetti.com.br\/blog\/#website"},"primaryImageOfPage":{"@id":"https:\/\/andreasimonetti.com.br\/blog\/como-usar-acessorios-para-cabelos\/#primaryimage"},"image":{"@id":"https:\/\/andreasimonetti.com.br\/blog\/como-usar-acessorios-para-cabelos\/#primaryimage"},"thumbnailUrl":"https:\/\/andreasimonetti.com.br\/blog\/wp-content\/uploads\/2020\/08\/118083144_3280583945355117_4362923774778384317_n.jpg","datePublished":"2020-08-17T23:05:34+00:00","dateModified":"2020-08-18T00:02:32+00:00","author":{"@id":"https:\/\/andreasimonetti.com.br\/blog\/#\/schema\/person\/254f763c24ac288e27ea738a7366ad2a"},"description":"Os acess\u00f3rios de cabelo vem conquistando cada vez mais espa\u00e7o no mundo da moda.Em penteados simples ou nos cabelos soltos, os enfeites podem tornar o look ..","breadcrumb":{"@id":"https:\/\/andreasimonetti.com.br\/blog\/como-usar-acessorios-para-cabelos\/#breadcrumb"},"inLanguage":"pt-BR","potentialAction":[{"@type":"ReadAction","target":["https:\/\/andreasimonetti.com.br\/blog\/como-usar-acessorios-para-cabelos\/"]}]},{"@type":"ImageObject","inLanguage":"pt-BR","@id":"https:\/\/andreasimonetti.com.br\/blog\/como-usar-acessorios-para-cabelos\/#primaryimage","url":"https:\/\/andreasimonetti.com.br\/blog\/wp-content\/uploads\/2020\/08\/118083144_3280583945355117_4362923774778384317_n.jpg","contentUrl":"https:\/\/andreasimonetti.com.br\/blog\/wp-content\/uploads\/2020\/08\/118083144_3280583945355117_4362923774778384317_n.jpg","width":706,"height":960},{"@type":"BreadcrumbList","@id":"https:\/\/andreasimonetti.com.br\/blog\/como-usar-acessorios-para-cabelos\/#breadcrumb","itemListElement":[{"@type":"ListItem","position":1,"name":"In\u00edcio","item":"https:\/\/andreasimonetti.com.br\/blog\/"},{"@type":"ListItem","position":2,"name":"Como usar acess\u00f3rios para cabelos!"}]},{"@type":"WebSite","@id":"https:\/\/andreasimonetti.com.br\/blog\/#website","url":"https:\/\/andreasimonetti.com.br\/blog\/","name":"Andrea Simonetti","description":"","potentialAction":[{"@type":"SearchAction","target":{"@type":"EntryPoint","urlTemplate":"https:\/\/andreasimonetti.com.br\/blog\/?s={search_term_string}"},"query-input":{"@type":"PropertyValueSpecification","valueRequired":true,"valueName":"search_term_string"}}],"inLanguage":"pt-BR"},{"@type":"Person","@id":"https:\/\/andreasimonetti.com.br\/blog\/#\/schema\/person\/254f763c24ac288e27ea738a7366ad2a","name":"Andrea Simonetti","image":{"@type":"ImageObject","inLanguage":"pt-BR","@id":"https:\/\/andreasimonetti.com.br\/blog\/#\/schema\/person\/image\/","url":"https:\/\/andreasimonetti.com.br\/blog\/wp-content\/uploads\/2018\/04\/andrea-simonetti-96x96.png","contentUrl":"https:\/\/andreasimonetti.com.br\/blog\/wp-content\/uploads\/2018\/04\/andrea-simonetti-96x96.png","caption":"Andrea Simonetti"},"description":"Sou formada em Administra\u00e7\u00e3o de Empresas, Produ\u00e7\u00e3o de Moda pelo SENAC e Consultoria de Estilo. Sou fascinada por moda desde sempre, adoro ver as pessoas produzidas e de bem com a vida. Moda \u00e9 o meu assunto preferido. Comecei meu blog em 2011, ele cresceu e hoje \u00e9 um site bem mais abrangente, onde eu falo sobre moda e meu trabalho de consultora de estilo. E falo tamb\u00e9m sobre a minha experi\u00eancia de vida. Mas antes de tudo, acredito num Deus Soberano que nos guia e aben\u00e7oa, o tempo todo!","sameAs":["https:\/\/www.andreasimonetti.com.br\/","https:\/\/www.facebook.com\/blogdaandreasimonetti\/","https:\/\/www.instagram.com\/andrea_simonetti\/","https:\/\/br.pinterest.com\/BlogAndrea\/","https:\/\/x.com\/https:\/\/twitter.com\/Andrea_Simoneti"],"url":"https:\/\/andreasimonetti.com.br\/blog\/author\/andrea\/"}]}},"_links":{"self":[{"href":"https:\/\/andreasimonetti.com.br\/blog\/wp-json\/wp\/v2\/posts\/22563","targetHints":{"allow":["GET"]}}],"collection":[{"href":"https:\/\/andreasimonetti.com.br\/blog\/wp-json\/wp\/v2\/posts"}],"about":[{"href":"https:\/\/andreasimonetti.com.br\/blog\/wp-json\/wp\/v2\/types\/post"}],"author":[{"embeddable":true,"href":"https:\/\/andreasimonetti.com.br\/blog\/wp-json\/wp\/v2\/users\/7"}],"replies":[{"embeddable":true,"href":"https:\/\/andreasimonetti.com.br\/blog\/wp-json\/wp\/v2\/comments?post=22563"}],"version-history":[{"count":5,"href":"https:\/\/andreasimonetti.com.br\/blog\/wp-json\/wp\/v2\/posts\/22563\/revisions"}],"predecessor-version":[{"id":22574,"href":"https:\/\/andreasimonetti.com.br\/blog\/wp-json\/wp\/v2\/posts\/22563\/revisions\/22574"}],"wp:featuredmedia":[{"embeddable":true,"href":"https:\/\/andreasimonetti.com.br\/blog\/wp-json\/wp\/v2\/media\/22575"}],"wp:attachment":[{"href":"https:\/\/andreasimonetti.com.br\/blog\/wp-json\/wp\/v2\/media?parent=22563"}],"wp:term":[{"taxonomy":"category","embeddable":true,"href":"https:\/\/andreasimonetti.com.br\/blog\/wp-json\/wp\/v2\/categories?post=22563"},{"taxonomy":"post_tag","embeddable":true,"href":"https:\/\/andreasimonetti.com.br\/blog\/wp-json\/wp\/v2\/tags?post=22563"}],"curies":[{"name":"wp","href":"https:\/\/api.w.org\/{rel}","templated":true}]}}