{"id":22551,"date":"2020-09-09T21:07:35","date_gmt":"2020-09-10T00:07:35","guid":{"rendered":"https:\/\/andreasimonetti.com.br\/?p=22551"},"modified":"2020-09-09T21:08:02","modified_gmt":"2020-09-10T00:08:02","slug":"calca-clochard-so-para-mulheres-magras-e-altas","status":"publish","type":"post","link":"https:\/\/andreasimonetti.com.br\/blog\/calca-clochard-so-para-mulheres-magras-e-altas\/","title":{"rendered":"Cal\u00e7a clochard s\u00f3 para mulheres magras e altas?"},"content":{"rendered":"<p>Tem gente que diz que a c<strong>alca clochard<\/strong> s\u00f3 pode ser usada por mulheres altas e magras. Isso \u00e9 mito! O modelo fica bem em qualquer tipo de corpo, desde que se conhe\u00e7a a formas de combina-lo.\u00a0<\/p>\n<p><span style=\"color: #ff6600;\"><strong>Quadril largo<\/strong><\/span><br \/>\nMulheres com quadril largo ou coxas grossas devem optar por cores escuras, como azul marinho, preto ou militar. Os modelos com menos volume s\u00e3o \u00f3timas op\u00e7\u00f5es.<\/p>\n<p><strong><span style=\"color: #ff6600;\">Baixa estatura\u00a0<\/span><\/strong><br \/>\nAs baixinhas podem dobrar a barra da cal\u00e7a e deixar a canela a mostra.\u00a0<br \/>\nOpte por scarpins ou sand\u00e1lias de tiras finas que deixam o peito do p\u00e9\u00a0 livre.<\/p>\n<p><span style=\"color: #ff6600;\"><strong>Biotipo oval\u00a0<\/strong><\/span><br \/>\nUma op\u00e7\u00e3o para quem tem o corpo chamado de oval e aproveitar o c\u00f3s alto. Ele valoriza e desenha a cintura e alonga o tronco.<\/p>\n<p>Se voc\u00ea tem duvidas me chama no direct!<\/p>\n<div class=\"oajrlxb2 g5ia77u1 qu0x051f esr5mh6w e9989ue4 r7d6kgcz rq0escxv nhd2j8a9 nc684nl6 p7hjln8o kvgmc6g5 cxmmr5t8 oygrvhab hcukyx3x jb3vyjys rz4wbd8a qt6c0cv9 a8nywdso i1ao9s8h esuyzwwr f1sip0of lzcic4wl oo9gr5id gpro0wi8 lrazzd5p\" tabindex=\"0\" role=\"button\">\u00a0<\/div>\n","protected":false},"excerpt":{"rendered":"<p>Tem gente que diz que a calca clochard s\u00f3 pode ser usada por mulheres altas e magras. Isso \u00e9 mito! O modelo fica bem em qualquer tipo de corpo, desde&hellip;<\/p>\n","protected":false},"author":7,"featured_media":22608,"comment_status":"open","ping_status":"open","sticky":false,"template":"","format":"standard","meta":{"_monsterinsights_skip_tracking":false,"_monsterinsights_sitenote_active":false,"_monsterinsights_sitenote_note":"","_monsterinsights_sitenote_category":0,"footnotes":""},"categories":[3057,1508,3,1],"tags":[3078,3079,2981,3056],"class_list":["post-22551","post","type-post","status-publish","format-standard","has-post-thumbnail","hentry","category-consultoria-de-estilo","category-destaque","category-moda","category-sem-categoria","tag-calca-clochard-so-para-mulheres-magras-e-altas","tag-como-usar-a-calca-clochard","tag-consultoria-de-estilo","tag-consultoria-de-estilo-bauru"],"yoast_head":"<!-- This site is optimized with the Yoast SEO plugin v26.3 - https:\/\/yoast.com\/wordpress\/plugins\/seo\/ -->\n<title>Cal\u00e7a clochard s\u00f3 para mulheres magras e altas? - Andrea Simonetti<\/title>\n<meta name=\"description\" content=\"Tem gente que diz que a calc?a clochard so? pode ser usada por mulheres altas e magras. Isso e? mito! O modelo fica bem em qualquer tipo de corpo, desde..\" \/>\n<meta name=\"robots\" content=\"index, follow, max-snippet:-1, max-image-preview:large, max-video-preview:-1\" \/>\n<link rel=\"canonical\" href=\"https:\/\/andreasimonetti.com.br\/blog\/calca-clochard-so-para-mulheres-magras-e-altas\/\" \/>\n<meta property=\"og:locale\" content=\"pt_BR\" \/>\n<meta property=\"og:type\" content=\"article\" \/>\n<meta property=\"og:title\" content=\"Cal\u00e7a clochard s\u00f3 para mulheres magras e altas? - Andrea Simonetti\" \/>\n<meta property=\"og:description\" content=\"Tem gente que diz que a calc?a clochard so? pode ser usada por mulheres altas e magras. Isso e? mito! O modelo fica bem em qualquer tipo de corpo, desde..\" \/>\n<meta property=\"og:url\" content=\"https:\/\/andreasimonetti.com.br\/blog\/calca-clochard-so-para-mulheres-magras-e-altas\/\" \/>\n<meta property=\"og:site_name\" content=\"Andrea Simonetti\" \/>\n<meta property=\"article:publisher\" content=\"https:\/\/www.facebook.com\/blogdaandreasimonetti\/\" \/>\n<meta property=\"article:author\" content=\"https:\/\/www.facebook.com\/blogdaandreasimonetti\/\" \/>\n<meta property=\"article:published_time\" content=\"2020-09-10T00:07:35+00:00\" \/>\n<meta property=\"article:modified_time\" content=\"2020-09-10T00:08:02+00:00\" \/>\n<meta property=\"og:image\" content=\"https:\/\/andreasimonetti.com.br\/blog\/wp-content\/uploads\/2020\/09\/118762474_3211073728977255_8266540394250731398_o.jpg\" \/>\n\t<meta property=\"og:image:width\" content=\"1440\" \/>\n\t<meta property=\"og:image:height\" content=\"1734\" \/>\n\t<meta property=\"og:image:type\" content=\"image\/jpeg\" \/>\n<meta name=\"author\" content=\"Andrea Simonetti\" \/>\n<meta name=\"twitter:card\" content=\"summary_large_image\" \/>\n<meta name=\"twitter:creator\" content=\"@https:\/\/twitter.com\/Andrea_Simoneti\" \/>\n<meta name=\"twitter:site\" content=\"@Andrea_Simoneti\" \/>\n<meta name=\"twitter:label1\" content=\"Escrito por\" \/>\n\t<meta name=\"twitter:data1\" content=\"Andrea Simonetti\" \/>\n\t<meta name=\"twitter:label2\" content=\"Est. tempo de leitura\" \/>\n\t<meta name=\"twitter:data2\" content=\"1 minuto\" \/>\n<!-- \/ Yoast SEO plugin. -->","yoast_head_json":{"title":"Cal\u00e7a clochard s\u00f3 para mulheres magras e altas? - Andrea Simonetti","description":"Tem gente que diz que a calc?a clochard so? pode ser usada por mulheres altas e magras. Isso e? mito! O modelo fica bem em qualquer tipo de corpo, desde..","robots":{"index":"index","follow":"follow","max-snippet":"max-snippet:-1","max-image-preview":"max-image-preview:large","max-video-preview":"max-video-preview:-1"},"canonical":"https:\/\/andreasimonetti.com.br\/blog\/calca-clochard-so-para-mulheres-magras-e-altas\/","og_locale":"pt_BR","og_type":"article","og_title":"Cal\u00e7a clochard s\u00f3 para mulheres magras e altas? - Andrea Simonetti","og_description":"Tem gente que diz que a calc?a clochard so? pode ser usada por mulheres altas e magras. Isso e? mito! O modelo fica bem em qualquer tipo de corpo, desde..","og_url":"https:\/\/andreasimonetti.com.br\/blog\/calca-clochard-so-para-mulheres-magras-e-altas\/","og_site_name":"Andrea Simonetti","article_publisher":"https:\/\/www.facebook.com\/blogdaandreasimonetti\/","article_author":"https:\/\/www.facebook.com\/blogdaandreasimonetti\/","article_published_time":"2020-09-10T00:07:35+00:00","article_modified_time":"2020-09-10T00:08:02+00:00","og_image":[{"width":1440,"height":1734,"url":"https:\/\/andreasimonetti.com.br\/blog\/wp-content\/uploads\/2020\/09\/118762474_3211073728977255_8266540394250731398_o.jpg","type":"image\/jpeg"}],"author":"Andrea Simonetti","twitter_card":"summary_large_image","twitter_creator":"@https:\/\/twitter.com\/Andrea_Simoneti","twitter_site":"@Andrea_Simoneti","twitter_misc":{"Escrito por":"Andrea Simonetti","Est. tempo de leitura":"1 minuto"},"schema":{"@context":"https:\/\/schema.org","@graph":[{"@type":"WebPage","@id":"https:\/\/andreasimonetti.com.br\/blog\/calca-clochard-so-para-mulheres-magras-e-altas\/","url":"https:\/\/andreasimonetti.com.br\/blog\/calca-clochard-so-para-mulheres-magras-e-altas\/","name":"Cal\u00e7a clochard s\u00f3 para mulheres magras e altas? - Andrea Simonetti","isPartOf":{"@id":"https:\/\/andreasimonetti.com.br\/blog\/#website"},"primaryImageOfPage":{"@id":"https:\/\/andreasimonetti.com.br\/blog\/calca-clochard-so-para-mulheres-magras-e-altas\/#primaryimage"},"image":{"@id":"https:\/\/andreasimonetti.com.br\/blog\/calca-clochard-so-para-mulheres-magras-e-altas\/#primaryimage"},"thumbnailUrl":"https:\/\/andreasimonetti.com.br\/blog\/wp-content\/uploads\/2020\/09\/118762474_3211073728977255_8266540394250731398_o.jpg","datePublished":"2020-09-10T00:07:35+00:00","dateModified":"2020-09-10T00:08:02+00:00","author":{"@id":"https:\/\/andreasimonetti.com.br\/blog\/#\/schema\/person\/254f763c24ac288e27ea738a7366ad2a"},"description":"Tem gente que diz que a calc?a clochard so? pode ser usada por mulheres altas e magras. Isso e? mito! O modelo fica bem em qualquer tipo de corpo, desde..","breadcrumb":{"@id":"https:\/\/andreasimonetti.com.br\/blog\/calca-clochard-so-para-mulheres-magras-e-altas\/#breadcrumb"},"inLanguage":"pt-BR","potentialAction":[{"@type":"ReadAction","target":["https:\/\/andreasimonetti.com.br\/blog\/calca-clochard-so-para-mulheres-magras-e-altas\/"]}]},{"@type":"ImageObject","inLanguage":"pt-BR","@id":"https:\/\/andreasimonetti.com.br\/blog\/calca-clochard-so-para-mulheres-magras-e-altas\/#primaryimage","url":"https:\/\/andreasimonetti.com.br\/blog\/wp-content\/uploads\/2020\/09\/118762474_3211073728977255_8266540394250731398_o.jpg","contentUrl":"https:\/\/andreasimonetti.com.br\/blog\/wp-content\/uploads\/2020\/09\/118762474_3211073728977255_8266540394250731398_o.jpg","width":1440,"height":1734},{"@type":"BreadcrumbList","@id":"https:\/\/andreasimonetti.com.br\/blog\/calca-clochard-so-para-mulheres-magras-e-altas\/#breadcrumb","itemListElement":[{"@type":"ListItem","position":1,"name":"In\u00edcio","item":"https:\/\/andreasimonetti.com.br\/blog\/"},{"@type":"ListItem","position":2,"name":"Cal\u00e7a clochard s\u00f3 para mulheres magras e altas?"}]},{"@type":"WebSite","@id":"https:\/\/andreasimonetti.com.br\/blog\/#website","url":"https:\/\/andreasimonetti.com.br\/blog\/","name":"Andrea Simonetti","description":"","potentialAction":[{"@type":"SearchAction","target":{"@type":"EntryPoint","urlTemplate":"https:\/\/andreasimonetti.com.br\/blog\/?s={search_term_string}"},"query-input":{"@type":"PropertyValueSpecification","valueRequired":true,"valueName":"search_term_string"}}],"inLanguage":"pt-BR"},{"@type":"Person","@id":"https:\/\/andreasimonetti.com.br\/blog\/#\/schema\/person\/254f763c24ac288e27ea738a7366ad2a","name":"Andrea Simonetti","image":{"@type":"ImageObject","inLanguage":"pt-BR","@id":"https:\/\/andreasimonetti.com.br\/blog\/#\/schema\/person\/image\/","url":"https:\/\/andreasimonetti.com.br\/blog\/wp-content\/uploads\/2018\/04\/andrea-simonetti-96x96.png","contentUrl":"https:\/\/andreasimonetti.com.br\/blog\/wp-content\/uploads\/2018\/04\/andrea-simonetti-96x96.png","caption":"Andrea Simonetti"},"description":"Sou formada em Administra\u00e7\u00e3o de Empresas, Produ\u00e7\u00e3o de Moda pelo SENAC e Consultoria de Estilo. Sou fascinada por moda desde sempre, adoro ver as pessoas produzidas e de bem com a vida. Moda \u00e9 o meu assunto preferido. Comecei meu blog em 2011, ele cresceu e hoje \u00e9 um site bem mais abrangente, onde eu falo sobre moda e meu trabalho de consultora de estilo. E falo tamb\u00e9m sobre a minha experi\u00eancia de vida. Mas antes de tudo, acredito num Deus Soberano que nos guia e aben\u00e7oa, o tempo todo!","sameAs":["https:\/\/www.andreasimonetti.com.br\/","https:\/\/www.facebook.com\/blogdaandreasimonetti\/","https:\/\/www.instagram.com\/andrea_simonetti\/","https:\/\/br.pinterest.com\/BlogAndrea\/","https:\/\/x.com\/https:\/\/twitter.com\/Andrea_Simoneti"],"url":"https:\/\/andreasimonetti.com.br\/blog\/author\/andrea\/"}]}},"_links":{"self":[{"href":"https:\/\/andreasimonetti.com.br\/blog\/wp-json\/wp\/v2\/posts\/22551","targetHints":{"allow":["GET"]}}],"collection":[{"href":"https:\/\/andreasimonetti.com.br\/blog\/wp-json\/wp\/v2\/posts"}],"about":[{"href":"https:\/\/andreasimonetti.com.br\/blog\/wp-json\/wp\/v2\/types\/post"}],"author":[{"embeddable":true,"href":"https:\/\/andreasimonetti.com.br\/blog\/wp-json\/wp\/v2\/users\/7"}],"replies":[{"embeddable":true,"href":"https:\/\/andreasimonetti.com.br\/blog\/wp-json\/wp\/v2\/comments?post=22551"}],"version-history":[{"count":3,"href":"https:\/\/andreasimonetti.com.br\/blog\/wp-json\/wp\/v2\/posts\/22551\/revisions"}],"predecessor-version":[{"id":22610,"href":"https:\/\/andreasimonetti.com.br\/blog\/wp-json\/wp\/v2\/posts\/22551\/revisions\/22610"}],"wp:featuredmedia":[{"embeddable":true,"href":"https:\/\/andreasimonetti.com.br\/blog\/wp-json\/wp\/v2\/media\/22608"}],"wp:attachment":[{"href":"https:\/\/andreasimonetti.com.br\/blog\/wp-json\/wp\/v2\/media?parent=22551"}],"wp:term":[{"taxonomy":"category","embeddable":true,"href":"https:\/\/andreasimonetti.com.br\/blog\/wp-json\/wp\/v2\/categories?post=22551"},{"taxonomy":"post_tag","embeddable":true,"href":"https:\/\/andreasimonetti.com.br\/blog\/wp-json\/wp\/v2\/tags?post=22551"}],"curies":[{"name":"wp","href":"https:\/\/api.w.org\/{rel}","templated":true}]}}