{"id":22543,"date":"2020-07-27T21:40:00","date_gmt":"2020-07-28T00:40:00","guid":{"rendered":"https:\/\/andreasimonetti.com.br\/?p=22543"},"modified":"2020-07-27T21:40:00","modified_gmt":"2020-07-28T00:40:00","slug":"hoje-falo-do-estilo-moderno","status":"publish","type":"post","link":"https:\/\/andreasimonetti.com.br\/blog\/hoje-falo-do-estilo-moderno\/","title":{"rendered":"Hoje falo do estilo moderno!"},"content":{"rendered":"<div dir=\"auto\">Toda semana falo de um estilo pessoal e hoje \u00e9 sobre o <a href=\"https:\/\/andreasimonetti.com.br\/blog\/hoje-falo-do-estilo-romantico\/\">estilo moderno<\/a>.<\/div>\n<div dir=\"auto\">\u00a0<\/div>\n<div dir=\"auto\">A mulher com esse perfil tem a mesma sofistica\u00e7\u00e3o e o luxo do estilo elegante e acrescenta um pouco de ousadia.\u00a0<\/div>\n<div dir=\"auto\">\u00a0<\/div>\n<div dir=\"auto\">\u00c9 uma mulher de personalidade distante, como uma diva hollywoodiana, e tamb\u00e9m sofisticada e segura.<\/div>\n<ul>\n<li>\u00a0No seu arm\u00e1rio est\u00e3o roupas estruturadas, com ombreiras, cores s\u00f3lidas, tecidos com tramas fechadas. E muito couro.<\/li>\n<li dir=\"auto\">Ela prefere estampas exageradas, de bolas grandes, geom\u00e9tricas e abstratas.<\/li>\n<li dir=\"auto\">As bolsas e outros acess\u00f3rios s\u00e3o grandes, sapatos de bico quadrado de plataforma s\u00e3o seus queridinhos.\u00a0<\/li>\n<\/ul>\n<div dir=\"auto\"><strong>Voc\u00ea se identifica com o estilo moderno?<\/strong><\/div>\n<div dir=\"auto\">\u00a0<\/div>\n<div dir=\"auto\">Quer conhecer melhor o seu estilo pessoal predominante?\u00a0<\/div>\n<div dir=\"auto\">\u00a0<\/div>\n<div dir=\"auto\">D\u00favidas, me chama no direct.\u00a0<\/div>\n<div dir=\"auto\">\u00a0<\/div>\n<p><strong>Cr\u00e9ditos:\u00a0<\/strong><\/p>\n<p>Saia @Calvinkleinbrasil da @lojapedagio<br \/>\nBlusa @bobstore<br \/>\nBota @ArezzoboulevardShopping<br \/>\n\u00d3culos &#8211; \u00d3ptica Especialista Bauru<br \/>\n\u00a0<\/p>\n<div class=\"oajrlxb2 g5ia77u1 qu0x051f esr5mh6w e9989ue4 r7d6kgcz rq0escxv nhd2j8a9 nc684nl6 p7hjln8o kvgmc6g5 cxmmr5t8 oygrvhab hcukyx3x jb3vyjys rz4wbd8a qt6c0cv9 a8nywdso i1ao9s8h esuyzwwr f1sip0of lzcic4wl oo9gr5id gpro0wi8 lrazzd5p\" tabindex=\"0\" role=\"button\">\u00a0<\/div>\n<div dir=\"auto\">?<\/div>\n","protected":false},"excerpt":{"rendered":"<p>Toda semana falo de um estilo pessoal e hoje \u00e9 sobre o estilo moderno. \u00a0 A mulher com esse perfil tem a mesma sofistica\u00e7\u00e3o e o luxo do estilo elegante&hellip;<\/p>\n","protected":false},"author":7,"featured_media":22546,"comment_status":"open","ping_status":"open","sticky":false,"template":"","format":"standard","meta":{"_monsterinsights_skip_tracking":false,"_monsterinsights_sitenote_active":false,"_monsterinsights_sitenote_note":"","_monsterinsights_sitenote_category":0,"footnotes":""},"categories":[3057,1508,3],"tags":[2981,3065],"class_list":["post-22543","post","type-post","status-publish","format-standard","has-post-thumbnail","hentry","category-consultoria-de-estilo","category-destaque","category-moda","tag-consultoria-de-estilo","tag-hoje-falo-do-estilo-moderno"],"yoast_head":"<!-- This site is optimized with the Yoast SEO plugin v26.3 - https:\/\/yoast.com\/wordpress\/plugins\/seo\/ -->\n<title>Hoje falo do estilo moderno! - Andrea Simonetti<\/title>\n<meta name=\"description\" content=\"Toda semana falo de um estilo pessoal e hoje \u00e9 sobre o estilo moderno.A mulher com esse perfil tem a mesma sofistica\u00e7\u00e3o e o luxo do estilo elegante e ..\" \/>\n<meta name=\"robots\" content=\"index, follow, max-snippet:-1, max-image-preview:large, max-video-preview:-1\" \/>\n<link rel=\"canonical\" href=\"https:\/\/andreasimonetti.com.br\/blog\/hoje-falo-do-estilo-moderno\/\" \/>\n<meta property=\"og:locale\" content=\"pt_BR\" \/>\n<meta property=\"og:type\" content=\"article\" \/>\n<meta property=\"og:title\" content=\"Hoje falo do estilo moderno! - Andrea Simonetti\" \/>\n<meta property=\"og:description\" content=\"Toda semana falo de um estilo pessoal e hoje \u00e9 sobre o estilo moderno.A mulher com esse perfil tem a mesma sofistica\u00e7\u00e3o e o luxo do estilo elegante e ..\" \/>\n<meta property=\"og:url\" content=\"https:\/\/andreasimonetti.com.br\/blog\/hoje-falo-do-estilo-moderno\/\" \/>\n<meta property=\"og:site_name\" content=\"Andrea Simonetti\" \/>\n<meta property=\"article:publisher\" content=\"https:\/\/www.facebook.com\/blogdaandreasimonetti\/\" \/>\n<meta property=\"article:author\" content=\"https:\/\/www.facebook.com\/blogdaandreasimonetti\/\" \/>\n<meta property=\"article:published_time\" content=\"2020-07-28T00:40:00+00:00\" \/>\n<meta property=\"og:image\" content=\"https:\/\/andreasimonetti.com.br\/blog\/wp-content\/uploads\/2020\/07\/109432985_3099791293438833_4768257850853685183_o.jpg\" \/>\n\t<meta property=\"og:image:width\" content=\"1440\" \/>\n\t<meta property=\"og:image:height\" content=\"1440\" \/>\n\t<meta property=\"og:image:type\" content=\"image\/jpeg\" \/>\n<meta name=\"author\" content=\"Andrea Simonetti\" \/>\n<meta name=\"twitter:card\" content=\"summary_large_image\" \/>\n<meta name=\"twitter:creator\" content=\"@https:\/\/twitter.com\/Andrea_Simoneti\" \/>\n<meta name=\"twitter:site\" content=\"@Andrea_Simoneti\" \/>\n<meta name=\"twitter:label1\" content=\"Escrito por\" \/>\n\t<meta name=\"twitter:data1\" content=\"Andrea Simonetti\" \/>\n\t<meta name=\"twitter:label2\" content=\"Est. tempo de leitura\" \/>\n\t<meta name=\"twitter:data2\" content=\"1 minuto\" \/>\n<!-- \/ Yoast SEO plugin. -->","yoast_head_json":{"title":"Hoje falo do estilo moderno! - Andrea Simonetti","description":"Toda semana falo de um estilo pessoal e hoje \u00e9 sobre o estilo moderno.A mulher com esse perfil tem a mesma sofistica\u00e7\u00e3o e o luxo do estilo elegante e ..","robots":{"index":"index","follow":"follow","max-snippet":"max-snippet:-1","max-image-preview":"max-image-preview:large","max-video-preview":"max-video-preview:-1"},"canonical":"https:\/\/andreasimonetti.com.br\/blog\/hoje-falo-do-estilo-moderno\/","og_locale":"pt_BR","og_type":"article","og_title":"Hoje falo do estilo moderno! - Andrea Simonetti","og_description":"Toda semana falo de um estilo pessoal e hoje \u00e9 sobre o estilo moderno.A mulher com esse perfil tem a mesma sofistica\u00e7\u00e3o e o luxo do estilo elegante e ..","og_url":"https:\/\/andreasimonetti.com.br\/blog\/hoje-falo-do-estilo-moderno\/","og_site_name":"Andrea Simonetti","article_publisher":"https:\/\/www.facebook.com\/blogdaandreasimonetti\/","article_author":"https:\/\/www.facebook.com\/blogdaandreasimonetti\/","article_published_time":"2020-07-28T00:40:00+00:00","og_image":[{"width":1440,"height":1440,"url":"https:\/\/andreasimonetti.com.br\/blog\/wp-content\/uploads\/2020\/07\/109432985_3099791293438833_4768257850853685183_o.jpg","type":"image\/jpeg"}],"author":"Andrea Simonetti","twitter_card":"summary_large_image","twitter_creator":"@https:\/\/twitter.com\/Andrea_Simoneti","twitter_site":"@Andrea_Simoneti","twitter_misc":{"Escrito por":"Andrea Simonetti","Est. tempo de leitura":"1 minuto"},"schema":{"@context":"https:\/\/schema.org","@graph":[{"@type":"WebPage","@id":"https:\/\/andreasimonetti.com.br\/blog\/hoje-falo-do-estilo-moderno\/","url":"https:\/\/andreasimonetti.com.br\/blog\/hoje-falo-do-estilo-moderno\/","name":"Hoje falo do estilo moderno! - Andrea Simonetti","isPartOf":{"@id":"https:\/\/andreasimonetti.com.br\/blog\/#website"},"primaryImageOfPage":{"@id":"https:\/\/andreasimonetti.com.br\/blog\/hoje-falo-do-estilo-moderno\/#primaryimage"},"image":{"@id":"https:\/\/andreasimonetti.com.br\/blog\/hoje-falo-do-estilo-moderno\/#primaryimage"},"thumbnailUrl":"https:\/\/andreasimonetti.com.br\/blog\/wp-content\/uploads\/2020\/07\/109432985_3099791293438833_4768257850853685183_o.jpg","datePublished":"2020-07-28T00:40:00+00:00","author":{"@id":"https:\/\/andreasimonetti.com.br\/blog\/#\/schema\/person\/254f763c24ac288e27ea738a7366ad2a"},"description":"Toda semana falo de um estilo pessoal e hoje \u00e9 sobre o estilo moderno.A mulher com esse perfil tem a mesma sofistica\u00e7\u00e3o e o luxo do estilo elegante e ..","breadcrumb":{"@id":"https:\/\/andreasimonetti.com.br\/blog\/hoje-falo-do-estilo-moderno\/#breadcrumb"},"inLanguage":"pt-BR","potentialAction":[{"@type":"ReadAction","target":["https:\/\/andreasimonetti.com.br\/blog\/hoje-falo-do-estilo-moderno\/"]}]},{"@type":"ImageObject","inLanguage":"pt-BR","@id":"https:\/\/andreasimonetti.com.br\/blog\/hoje-falo-do-estilo-moderno\/#primaryimage","url":"https:\/\/andreasimonetti.com.br\/blog\/wp-content\/uploads\/2020\/07\/109432985_3099791293438833_4768257850853685183_o.jpg","contentUrl":"https:\/\/andreasimonetti.com.br\/blog\/wp-content\/uploads\/2020\/07\/109432985_3099791293438833_4768257850853685183_o.jpg","width":1440,"height":1440},{"@type":"BreadcrumbList","@id":"https:\/\/andreasimonetti.com.br\/blog\/hoje-falo-do-estilo-moderno\/#breadcrumb","itemListElement":[{"@type":"ListItem","position":1,"name":"In\u00edcio","item":"https:\/\/andreasimonetti.com.br\/blog\/"},{"@type":"ListItem","position":2,"name":"Hoje falo do estilo moderno!"}]},{"@type":"WebSite","@id":"https:\/\/andreasimonetti.com.br\/blog\/#website","url":"https:\/\/andreasimonetti.com.br\/blog\/","name":"Andrea Simonetti","description":"","potentialAction":[{"@type":"SearchAction","target":{"@type":"EntryPoint","urlTemplate":"https:\/\/andreasimonetti.com.br\/blog\/?s={search_term_string}"},"query-input":{"@type":"PropertyValueSpecification","valueRequired":true,"valueName":"search_term_string"}}],"inLanguage":"pt-BR"},{"@type":"Person","@id":"https:\/\/andreasimonetti.com.br\/blog\/#\/schema\/person\/254f763c24ac288e27ea738a7366ad2a","name":"Andrea Simonetti","image":{"@type":"ImageObject","inLanguage":"pt-BR","@id":"https:\/\/andreasimonetti.com.br\/blog\/#\/schema\/person\/image\/","url":"https:\/\/andreasimonetti.com.br\/blog\/wp-content\/uploads\/2018\/04\/andrea-simonetti-96x96.png","contentUrl":"https:\/\/andreasimonetti.com.br\/blog\/wp-content\/uploads\/2018\/04\/andrea-simonetti-96x96.png","caption":"Andrea Simonetti"},"description":"Sou formada em Administra\u00e7\u00e3o de Empresas, Produ\u00e7\u00e3o de Moda pelo SENAC e Consultoria de Estilo. Sou fascinada por moda desde sempre, adoro ver as pessoas produzidas e de bem com a vida. Moda \u00e9 o meu assunto preferido. Comecei meu blog em 2011, ele cresceu e hoje \u00e9 um site bem mais abrangente, onde eu falo sobre moda e meu trabalho de consultora de estilo. E falo tamb\u00e9m sobre a minha experi\u00eancia de vida. Mas antes de tudo, acredito num Deus Soberano que nos guia e aben\u00e7oa, o tempo todo!","sameAs":["https:\/\/www.andreasimonetti.com.br\/","https:\/\/www.facebook.com\/blogdaandreasimonetti\/","https:\/\/www.instagram.com\/andrea_simonetti\/","https:\/\/br.pinterest.com\/BlogAndrea\/","https:\/\/x.com\/https:\/\/twitter.com\/Andrea_Simoneti"],"url":"https:\/\/andreasimonetti.com.br\/blog\/author\/andrea\/"}]}},"_links":{"self":[{"href":"https:\/\/andreasimonetti.com.br\/blog\/wp-json\/wp\/v2\/posts\/22543","targetHints":{"allow":["GET"]}}],"collection":[{"href":"https:\/\/andreasimonetti.com.br\/blog\/wp-json\/wp\/v2\/posts"}],"about":[{"href":"https:\/\/andreasimonetti.com.br\/blog\/wp-json\/wp\/v2\/types\/post"}],"author":[{"embeddable":true,"href":"https:\/\/andreasimonetti.com.br\/blog\/wp-json\/wp\/v2\/users\/7"}],"replies":[{"embeddable":true,"href":"https:\/\/andreasimonetti.com.br\/blog\/wp-json\/wp\/v2\/comments?post=22543"}],"version-history":[{"count":2,"href":"https:\/\/andreasimonetti.com.br\/blog\/wp-json\/wp\/v2\/posts\/22543\/revisions"}],"predecessor-version":[{"id":22548,"href":"https:\/\/andreasimonetti.com.br\/blog\/wp-json\/wp\/v2\/posts\/22543\/revisions\/22548"}],"wp:featuredmedia":[{"embeddable":true,"href":"https:\/\/andreasimonetti.com.br\/blog\/wp-json\/wp\/v2\/media\/22546"}],"wp:attachment":[{"href":"https:\/\/andreasimonetti.com.br\/blog\/wp-json\/wp\/v2\/media?parent=22543"}],"wp:term":[{"taxonomy":"category","embeddable":true,"href":"https:\/\/andreasimonetti.com.br\/blog\/wp-json\/wp\/v2\/categories?post=22543"},{"taxonomy":"post_tag","embeddable":true,"href":"https:\/\/andreasimonetti.com.br\/blog\/wp-json\/wp\/v2\/tags?post=22543"}],"curies":[{"name":"wp","href":"https:\/\/api.w.org\/{rel}","templated":true}]}}