{"id":22504,"date":"2020-07-20T18:36:48","date_gmt":"2020-07-20T21:36:48","guid":{"rendered":"https:\/\/andreasimonetti.com.br\/?p=22504"},"modified":"2020-07-20T18:36:48","modified_gmt":"2020-07-20T21:36:48","slug":"meu-look-conjunto-xadrez","status":"publish","type":"post","link":"https:\/\/andreasimonetti.com.br\/blog\/meu-look-conjunto-xadrez\/","title":{"rendered":"Meu Look: Conjunto Xadrez"},"content":{"rendered":"<p>Estava h\u00e1 algum tempo querendo um conjunto de blazer e cal\u00e7a de alfaiataria xadrez com pre\u00e7o justo e achei esse na Riachuelo.<\/p>\n<p>A combina\u00e7\u00e3o de blazer e cal\u00e7a \u00e9 ideal para o trabalho, e usadas separadamente criam looks diferentes.<\/p>\n<p>Gostaram?<\/p>\n","protected":false},"excerpt":{"rendered":"<p>Estava h\u00e1 algum tempo querendo um conjunto de blazer e cal\u00e7a de alfaiataria xadrez com pre\u00e7o justo e achei esse na Riachuelo. A combina\u00e7\u00e3o de blazer e cal\u00e7a \u00e9 ideal&hellip;<\/p>\n","protected":false},"author":7,"featured_media":22505,"comment_status":"open","ping_status":"open","sticky":false,"template":"","format":"standard","meta":{"_monsterinsights_skip_tracking":false,"_monsterinsights_sitenote_active":false,"_monsterinsights_sitenote_note":"","_monsterinsights_sitenote_category":0,"footnotes":""},"categories":[1508,2675,3],"tags":[3062,3061],"class_list":["post-22504","post","type-post","status-publish","format-standard","has-post-thumbnail","hentry","category-destaque","category-meu-look","category-moda","tag-blazer-riachuelo","tag-conjunto-alfaiataria-xadrez"],"yoast_head":"<!-- This site is optimized with the Yoast SEO plugin v26.3 - https:\/\/yoast.com\/wordpress\/plugins\/seo\/ -->\n<title>Meu Look: Conjunto Xadrez - Andrea Simonetti<\/title>\n<meta name=\"description\" content=\"Estava h\u00e1 algum tempo querendo um conjunto de blazer e cal\u00e7a de alfaiataria xadrez com pre\u00e7o justo e achei esse na Riachuelo.??A combina\u00e7\u00e3o de ...\" \/>\n<meta name=\"robots\" content=\"index, follow, max-snippet:-1, max-image-preview:large, max-video-preview:-1\" \/>\n<link rel=\"canonical\" href=\"https:\/\/andreasimonetti.com.br\/blog\/meu-look-conjunto-xadrez\/\" \/>\n<meta property=\"og:locale\" content=\"pt_BR\" \/>\n<meta property=\"og:type\" content=\"article\" \/>\n<meta property=\"og:title\" content=\"Meu Look: Conjunto Xadrez - Andrea Simonetti\" \/>\n<meta property=\"og:description\" content=\"Estava h\u00e1 algum tempo querendo um conjunto de blazer e cal\u00e7a de alfaiataria xadrez com pre\u00e7o justo e achei esse na Riachuelo.??A combina\u00e7\u00e3o de ...\" \/>\n<meta property=\"og:url\" content=\"https:\/\/andreasimonetti.com.br\/blog\/meu-look-conjunto-xadrez\/\" \/>\n<meta property=\"og:site_name\" content=\"Andrea Simonetti\" \/>\n<meta property=\"article:publisher\" content=\"https:\/\/www.facebook.com\/blogdaandreasimonetti\/\" \/>\n<meta property=\"article:author\" content=\"https:\/\/www.facebook.com\/blogdaandreasimonetti\/\" \/>\n<meta property=\"article:published_time\" content=\"2020-07-20T21:36:48+00:00\" \/>\n<meta property=\"og:image\" content=\"https:\/\/andreasimonetti.com.br\/blog\/wp-content\/uploads\/2020\/07\/108211780_3075191195898843_4433965477136861340_n.jpg\" \/>\n\t<meta property=\"og:image:width\" content=\"732\" \/>\n\t<meta property=\"og:image:height\" content=\"773\" \/>\n\t<meta property=\"og:image:type\" content=\"image\/jpeg\" \/>\n<meta name=\"author\" content=\"Andrea Simonetti\" \/>\n<meta name=\"twitter:card\" content=\"summary_large_image\" \/>\n<meta name=\"twitter:creator\" content=\"@https:\/\/twitter.com\/Andrea_Simoneti\" \/>\n<meta name=\"twitter:site\" content=\"@Andrea_Simoneti\" \/>\n<meta name=\"twitter:label1\" content=\"Escrito por\" \/>\n\t<meta name=\"twitter:data1\" content=\"Andrea Simonetti\" \/>\n<!-- \/ Yoast SEO plugin. -->","yoast_head_json":{"title":"Meu Look: Conjunto Xadrez - Andrea Simonetti","description":"Estava h\u00e1 algum tempo querendo um conjunto de blazer e cal\u00e7a de alfaiataria xadrez com pre\u00e7o justo e achei esse na Riachuelo.??A combina\u00e7\u00e3o de ...","robots":{"index":"index","follow":"follow","max-snippet":"max-snippet:-1","max-image-preview":"max-image-preview:large","max-video-preview":"max-video-preview:-1"},"canonical":"https:\/\/andreasimonetti.com.br\/blog\/meu-look-conjunto-xadrez\/","og_locale":"pt_BR","og_type":"article","og_title":"Meu Look: Conjunto Xadrez - Andrea Simonetti","og_description":"Estava h\u00e1 algum tempo querendo um conjunto de blazer e cal\u00e7a de alfaiataria xadrez com pre\u00e7o justo e achei esse na Riachuelo.??A combina\u00e7\u00e3o de ...","og_url":"https:\/\/andreasimonetti.com.br\/blog\/meu-look-conjunto-xadrez\/","og_site_name":"Andrea Simonetti","article_publisher":"https:\/\/www.facebook.com\/blogdaandreasimonetti\/","article_author":"https:\/\/www.facebook.com\/blogdaandreasimonetti\/","article_published_time":"2020-07-20T21:36:48+00:00","og_image":[{"width":732,"height":773,"url":"https:\/\/andreasimonetti.com.br\/blog\/wp-content\/uploads\/2020\/07\/108211780_3075191195898843_4433965477136861340_n.jpg","type":"image\/jpeg"}],"author":"Andrea Simonetti","twitter_card":"summary_large_image","twitter_creator":"@https:\/\/twitter.com\/Andrea_Simoneti","twitter_site":"@Andrea_Simoneti","twitter_misc":{"Escrito por":"Andrea Simonetti"},"schema":{"@context":"https:\/\/schema.org","@graph":[{"@type":"WebPage","@id":"https:\/\/andreasimonetti.com.br\/blog\/meu-look-conjunto-xadrez\/","url":"https:\/\/andreasimonetti.com.br\/blog\/meu-look-conjunto-xadrez\/","name":"Meu Look: Conjunto Xadrez - Andrea Simonetti","isPartOf":{"@id":"https:\/\/andreasimonetti.com.br\/blog\/#website"},"primaryImageOfPage":{"@id":"https:\/\/andreasimonetti.com.br\/blog\/meu-look-conjunto-xadrez\/#primaryimage"},"image":{"@id":"https:\/\/andreasimonetti.com.br\/blog\/meu-look-conjunto-xadrez\/#primaryimage"},"thumbnailUrl":"https:\/\/andreasimonetti.com.br\/blog\/wp-content\/uploads\/2020\/07\/108211780_3075191195898843_4433965477136861340_n.jpg","datePublished":"2020-07-20T21:36:48+00:00","author":{"@id":"https:\/\/andreasimonetti.com.br\/blog\/#\/schema\/person\/254f763c24ac288e27ea738a7366ad2a"},"description":"Estava h\u00e1 algum tempo querendo um conjunto de blazer e cal\u00e7a de alfaiataria xadrez com pre\u00e7o justo e achei esse na Riachuelo.??A combina\u00e7\u00e3o de ...","breadcrumb":{"@id":"https:\/\/andreasimonetti.com.br\/blog\/meu-look-conjunto-xadrez\/#breadcrumb"},"inLanguage":"pt-BR","potentialAction":[{"@type":"ReadAction","target":["https:\/\/andreasimonetti.com.br\/blog\/meu-look-conjunto-xadrez\/"]}]},{"@type":"ImageObject","inLanguage":"pt-BR","@id":"https:\/\/andreasimonetti.com.br\/blog\/meu-look-conjunto-xadrez\/#primaryimage","url":"https:\/\/andreasimonetti.com.br\/blog\/wp-content\/uploads\/2020\/07\/108211780_3075191195898843_4433965477136861340_n.jpg","contentUrl":"https:\/\/andreasimonetti.com.br\/blog\/wp-content\/uploads\/2020\/07\/108211780_3075191195898843_4433965477136861340_n.jpg","width":732,"height":773},{"@type":"BreadcrumbList","@id":"https:\/\/andreasimonetti.com.br\/blog\/meu-look-conjunto-xadrez\/#breadcrumb","itemListElement":[{"@type":"ListItem","position":1,"name":"In\u00edcio","item":"https:\/\/andreasimonetti.com.br\/blog\/"},{"@type":"ListItem","position":2,"name":"Meu Look: Conjunto Xadrez"}]},{"@type":"WebSite","@id":"https:\/\/andreasimonetti.com.br\/blog\/#website","url":"https:\/\/andreasimonetti.com.br\/blog\/","name":"Andrea Simonetti","description":"","potentialAction":[{"@type":"SearchAction","target":{"@type":"EntryPoint","urlTemplate":"https:\/\/andreasimonetti.com.br\/blog\/?s={search_term_string}"},"query-input":{"@type":"PropertyValueSpecification","valueRequired":true,"valueName":"search_term_string"}}],"inLanguage":"pt-BR"},{"@type":"Person","@id":"https:\/\/andreasimonetti.com.br\/blog\/#\/schema\/person\/254f763c24ac288e27ea738a7366ad2a","name":"Andrea Simonetti","image":{"@type":"ImageObject","inLanguage":"pt-BR","@id":"https:\/\/andreasimonetti.com.br\/blog\/#\/schema\/person\/image\/","url":"https:\/\/andreasimonetti.com.br\/blog\/wp-content\/uploads\/2018\/04\/andrea-simonetti-96x96.png","contentUrl":"https:\/\/andreasimonetti.com.br\/blog\/wp-content\/uploads\/2018\/04\/andrea-simonetti-96x96.png","caption":"Andrea Simonetti"},"description":"Sou formada em Administra\u00e7\u00e3o de Empresas, Produ\u00e7\u00e3o de Moda pelo SENAC e Consultoria de Estilo. Sou fascinada por moda desde sempre, adoro ver as pessoas produzidas e de bem com a vida. Moda \u00e9 o meu assunto preferido. Comecei meu blog em 2011, ele cresceu e hoje \u00e9 um site bem mais abrangente, onde eu falo sobre moda e meu trabalho de consultora de estilo. E falo tamb\u00e9m sobre a minha experi\u00eancia de vida. Mas antes de tudo, acredito num Deus Soberano que nos guia e aben\u00e7oa, o tempo todo!","sameAs":["https:\/\/www.andreasimonetti.com.br\/","https:\/\/www.facebook.com\/blogdaandreasimonetti\/","https:\/\/www.instagram.com\/andrea_simonetti\/","https:\/\/br.pinterest.com\/BlogAndrea\/","https:\/\/x.com\/https:\/\/twitter.com\/Andrea_Simoneti"],"url":"https:\/\/andreasimonetti.com.br\/blog\/author\/andrea\/"}]}},"_links":{"self":[{"href":"https:\/\/andreasimonetti.com.br\/blog\/wp-json\/wp\/v2\/posts\/22504","targetHints":{"allow":["GET"]}}],"collection":[{"href":"https:\/\/andreasimonetti.com.br\/blog\/wp-json\/wp\/v2\/posts"}],"about":[{"href":"https:\/\/andreasimonetti.com.br\/blog\/wp-json\/wp\/v2\/types\/post"}],"author":[{"embeddable":true,"href":"https:\/\/andreasimonetti.com.br\/blog\/wp-json\/wp\/v2\/users\/7"}],"replies":[{"embeddable":true,"href":"https:\/\/andreasimonetti.com.br\/blog\/wp-json\/wp\/v2\/comments?post=22504"}],"version-history":[{"count":3,"href":"https:\/\/andreasimonetti.com.br\/blog\/wp-json\/wp\/v2\/posts\/22504\/revisions"}],"predecessor-version":[{"id":22533,"href":"https:\/\/andreasimonetti.com.br\/blog\/wp-json\/wp\/v2\/posts\/22504\/revisions\/22533"}],"wp:featuredmedia":[{"embeddable":true,"href":"https:\/\/andreasimonetti.com.br\/blog\/wp-json\/wp\/v2\/media\/22505"}],"wp:attachment":[{"href":"https:\/\/andreasimonetti.com.br\/blog\/wp-json\/wp\/v2\/media?parent=22504"}],"wp:term":[{"taxonomy":"category","embeddable":true,"href":"https:\/\/andreasimonetti.com.br\/blog\/wp-json\/wp\/v2\/categories?post=22504"},{"taxonomy":"post_tag","embeddable":true,"href":"https:\/\/andreasimonetti.com.br\/blog\/wp-json\/wp\/v2\/tags?post=22504"}],"curies":[{"name":"wp","href":"https:\/\/api.w.org\/{rel}","templated":true}]}}