{"id":22377,"date":"2020-05-26T12:54:30","date_gmt":"2020-05-26T15:54:30","guid":{"rendered":"http:\/\/andreasimonetti.com.br\/?p=22377"},"modified":"2020-05-26T12:55:21","modified_gmt":"2020-05-26T15:55:21","slug":"saia-de-couro-peca-curinga","status":"publish","type":"post","link":"https:\/\/andreasimonetti.com.br\/blog\/saia-de-couro-peca-curinga\/","title":{"rendered":"Saia de couro pe\u00e7a curinga !"},"content":{"rendered":"<p>Saia de couro pe\u00e7a curinga!<br \/>\nSe voc\u00ea est\u00e1 esperando chegar o inverno pra usar uma saia de couro, t\u00e1 perdendo tempo e oportunidade de montar looks incr\u00edveis.\u00a0<br \/>\nSim, d\u00e1 pra us\u00e1-la hoje e seguir com ela at\u00e9 o frio.<br \/>\nAqui combinei com scarpin e coturno.<br \/>\nMe conta qual \u00e9 a sua cara?\u00a0<\/p>\n<p><img loading=\"lazy\" decoding=\"async\" class=\"alignnone wp-image-22378 size-full\" src=\"http:\/\/andreasimonetti.com.br\/wp-content\/uploads\/2020\/05\/101151983_3053037018109812_7788269351244660736_n.jpg\" alt=\"Saia de couro \" width=\"720\" height=\"960\" srcset=\"https:\/\/andreasimonetti.com.br\/blog\/wp-content\/uploads\/2020\/05\/101151983_3053037018109812_7788269351244660736_n.jpg 720w, https:\/\/andreasimonetti.com.br\/blog\/wp-content\/uploads\/2020\/05\/101151983_3053037018109812_7788269351244660736_n-225x300.jpg 225w, https:\/\/andreasimonetti.com.br\/blog\/wp-content\/uploads\/2020\/05\/101151983_3053037018109812_7788269351244660736_n-585x780.jpg 585w\" sizes=\"auto, (max-width: 720px) 100vw, 720px\" \/><\/p>\n<p><img loading=\"lazy\" decoding=\"async\" class=\"alignnone wp-image-22379 size-full\" src=\"http:\/\/andreasimonetti.com.br\/wp-content\/uploads\/2020\/05\/101151983_3053037018109812_7788269351244660736_n-1.jpg\" alt=\"Saia de couro preta \" width=\"720\" height=\"960\" srcset=\"https:\/\/andreasimonetti.com.br\/blog\/wp-content\/uploads\/2020\/05\/101151983_3053037018109812_7788269351244660736_n-1.jpg 720w, https:\/\/andreasimonetti.com.br\/blog\/wp-content\/uploads\/2020\/05\/101151983_3053037018109812_7788269351244660736_n-1-225x300.jpg 225w, https:\/\/andreasimonetti.com.br\/blog\/wp-content\/uploads\/2020\/05\/101151983_3053037018109812_7788269351244660736_n-1-585x780.jpg 585w\" sizes=\"auto, (max-width: 720px) 100vw, 720px\" \/><\/p>\n<p>Cr\u00e9ditos:\u00a0<br \/>\n* Saia e camisa\u00a0<a class=\"notranslate\" href=\"https:\/\/www.instagram.com\/emporiozboutique\/\">@emporiozboutique<\/a><\/p>\n","protected":false},"excerpt":{"rendered":"<p>Saia de couro pe\u00e7a curinga! Se voc\u00ea est\u00e1 esperando chegar o inverno pra usar uma saia de couro, t\u00e1 perdendo tempo e oportunidade de montar looks incr\u00edveis.\u00a0 Sim, d\u00e1 pra&hellip;<\/p>\n","protected":false},"author":7,"featured_media":22393,"comment_status":"open","ping_status":"open","sticky":false,"template":"","format":"standard","meta":{"_monsterinsights_skip_tracking":false,"_monsterinsights_sitenote_active":false,"_monsterinsights_sitenote_note":"","_monsterinsights_sitenote_category":0,"footnotes":""},"categories":[1508,2675,3],"tags":[],"class_list":["post-22377","post","type-post","status-publish","format-standard","has-post-thumbnail","hentry","category-destaque","category-meu-look","category-moda"],"yoast_head":"<!-- This site is optimized with the Yoast SEO plugin v26.3 - https:\/\/yoast.com\/wordpress\/plugins\/seo\/ -->\n<title>Saia de couro pe\u00e7a curinga ! - Andrea Simonetti<\/title>\n<meta name=\"description\" content=\"Saia de couro pe\u00e7a curinga!Se voc\u00ea est\u00e1 esperando chegar o inverno pra usar uma saia de couro, t\u00e1 perdendo tempo e oportunidade de montar looks incr\u00edveis. ?\" \/>\n<meta name=\"robots\" content=\"index, follow, max-snippet:-1, max-image-preview:large, max-video-preview:-1\" \/>\n<link rel=\"canonical\" href=\"https:\/\/andreasimonetti.com.br\/blog\/saia-de-couro-peca-curinga\/\" \/>\n<meta property=\"og:locale\" content=\"pt_BR\" \/>\n<meta property=\"og:type\" content=\"article\" \/>\n<meta property=\"og:title\" content=\"Saia de couro pe\u00e7a curinga ! - Andrea Simonetti\" \/>\n<meta property=\"og:description\" content=\"Saia de couro pe\u00e7a curinga!Se voc\u00ea est\u00e1 esperando chegar o inverno pra usar uma saia de couro, t\u00e1 perdendo tempo e oportunidade de montar looks incr\u00edveis. ?\" \/>\n<meta property=\"og:url\" content=\"https:\/\/andreasimonetti.com.br\/blog\/saia-de-couro-peca-curinga\/\" \/>\n<meta property=\"og:site_name\" content=\"Andrea Simonetti\" \/>\n<meta property=\"article:publisher\" content=\"https:\/\/www.facebook.com\/blogdaandreasimonetti\/\" \/>\n<meta property=\"article:author\" content=\"https:\/\/www.facebook.com\/blogdaandreasimonetti\/\" \/>\n<meta property=\"article:published_time\" content=\"2020-05-26T15:54:30+00:00\" \/>\n<meta property=\"article:modified_time\" content=\"2020-05-26T15:55:21+00:00\" \/>\n<meta property=\"og:image\" content=\"https:\/\/andreasimonetti.com.br\/blog\/wp-content\/uploads\/2020\/05\/99232745_3053096741437173_2250136518880395264_n.jpg\" \/>\n\t<meta property=\"og:image:width\" content=\"768\" \/>\n\t<meta property=\"og:image:height\" content=\"960\" \/>\n\t<meta property=\"og:image:type\" content=\"image\/jpeg\" \/>\n<meta name=\"author\" content=\"Andrea Simonetti\" \/>\n<meta name=\"twitter:card\" content=\"summary_large_image\" \/>\n<meta name=\"twitter:creator\" content=\"@https:\/\/twitter.com\/Andrea_Simoneti\" \/>\n<meta name=\"twitter:site\" content=\"@Andrea_Simoneti\" \/>\n<meta name=\"twitter:label1\" content=\"Escrito por\" \/>\n\t<meta name=\"twitter:data1\" content=\"Andrea Simonetti\" \/>\n<!-- \/ Yoast SEO plugin. -->","yoast_head_json":{"title":"Saia de couro pe\u00e7a curinga ! - Andrea Simonetti","description":"Saia de couro pe\u00e7a curinga!Se voc\u00ea est\u00e1 esperando chegar o inverno pra usar uma saia de couro, t\u00e1 perdendo tempo e oportunidade de montar looks incr\u00edveis. ?","robots":{"index":"index","follow":"follow","max-snippet":"max-snippet:-1","max-image-preview":"max-image-preview:large","max-video-preview":"max-video-preview:-1"},"canonical":"https:\/\/andreasimonetti.com.br\/blog\/saia-de-couro-peca-curinga\/","og_locale":"pt_BR","og_type":"article","og_title":"Saia de couro pe\u00e7a curinga ! - Andrea Simonetti","og_description":"Saia de couro pe\u00e7a curinga!Se voc\u00ea est\u00e1 esperando chegar o inverno pra usar uma saia de couro, t\u00e1 perdendo tempo e oportunidade de montar looks incr\u00edveis. ?","og_url":"https:\/\/andreasimonetti.com.br\/blog\/saia-de-couro-peca-curinga\/","og_site_name":"Andrea Simonetti","article_publisher":"https:\/\/www.facebook.com\/blogdaandreasimonetti\/","article_author":"https:\/\/www.facebook.com\/blogdaandreasimonetti\/","article_published_time":"2020-05-26T15:54:30+00:00","article_modified_time":"2020-05-26T15:55:21+00:00","og_image":[{"width":768,"height":960,"url":"https:\/\/andreasimonetti.com.br\/blog\/wp-content\/uploads\/2020\/05\/99232745_3053096741437173_2250136518880395264_n.jpg","type":"image\/jpeg"}],"author":"Andrea Simonetti","twitter_card":"summary_large_image","twitter_creator":"@https:\/\/twitter.com\/Andrea_Simoneti","twitter_site":"@Andrea_Simoneti","twitter_misc":{"Escrito por":"Andrea Simonetti"},"schema":{"@context":"https:\/\/schema.org","@graph":[{"@type":"WebPage","@id":"https:\/\/andreasimonetti.com.br\/blog\/saia-de-couro-peca-curinga\/","url":"https:\/\/andreasimonetti.com.br\/blog\/saia-de-couro-peca-curinga\/","name":"Saia de couro pe\u00e7a curinga ! - Andrea Simonetti","isPartOf":{"@id":"https:\/\/andreasimonetti.com.br\/blog\/#website"},"primaryImageOfPage":{"@id":"https:\/\/andreasimonetti.com.br\/blog\/saia-de-couro-peca-curinga\/#primaryimage"},"image":{"@id":"https:\/\/andreasimonetti.com.br\/blog\/saia-de-couro-peca-curinga\/#primaryimage"},"thumbnailUrl":"https:\/\/andreasimonetti.com.br\/blog\/wp-content\/uploads\/2020\/05\/99232745_3053096741437173_2250136518880395264_n.jpg","datePublished":"2020-05-26T15:54:30+00:00","dateModified":"2020-05-26T15:55:21+00:00","author":{"@id":"https:\/\/andreasimonetti.com.br\/blog\/#\/schema\/person\/254f763c24ac288e27ea738a7366ad2a"},"description":"Saia de couro pe\u00e7a curinga!Se voc\u00ea est\u00e1 esperando chegar o inverno pra usar uma saia de couro, t\u00e1 perdendo tempo e oportunidade de montar looks incr\u00edveis. ?","breadcrumb":{"@id":"https:\/\/andreasimonetti.com.br\/blog\/saia-de-couro-peca-curinga\/#breadcrumb"},"inLanguage":"pt-BR","potentialAction":[{"@type":"ReadAction","target":["https:\/\/andreasimonetti.com.br\/blog\/saia-de-couro-peca-curinga\/"]}]},{"@type":"ImageObject","inLanguage":"pt-BR","@id":"https:\/\/andreasimonetti.com.br\/blog\/saia-de-couro-peca-curinga\/#primaryimage","url":"https:\/\/andreasimonetti.com.br\/blog\/wp-content\/uploads\/2020\/05\/99232745_3053096741437173_2250136518880395264_n.jpg","contentUrl":"https:\/\/andreasimonetti.com.br\/blog\/wp-content\/uploads\/2020\/05\/99232745_3053096741437173_2250136518880395264_n.jpg","width":768,"height":960},{"@type":"BreadcrumbList","@id":"https:\/\/andreasimonetti.com.br\/blog\/saia-de-couro-peca-curinga\/#breadcrumb","itemListElement":[{"@type":"ListItem","position":1,"name":"In\u00edcio","item":"https:\/\/andreasimonetti.com.br\/blog\/"},{"@type":"ListItem","position":2,"name":"Saia de couro pe\u00e7a curinga !"}]},{"@type":"WebSite","@id":"https:\/\/andreasimonetti.com.br\/blog\/#website","url":"https:\/\/andreasimonetti.com.br\/blog\/","name":"Andrea Simonetti","description":"","potentialAction":[{"@type":"SearchAction","target":{"@type":"EntryPoint","urlTemplate":"https:\/\/andreasimonetti.com.br\/blog\/?s={search_term_string}"},"query-input":{"@type":"PropertyValueSpecification","valueRequired":true,"valueName":"search_term_string"}}],"inLanguage":"pt-BR"},{"@type":"Person","@id":"https:\/\/andreasimonetti.com.br\/blog\/#\/schema\/person\/254f763c24ac288e27ea738a7366ad2a","name":"Andrea Simonetti","image":{"@type":"ImageObject","inLanguage":"pt-BR","@id":"https:\/\/andreasimonetti.com.br\/blog\/#\/schema\/person\/image\/","url":"https:\/\/andreasimonetti.com.br\/blog\/wp-content\/uploads\/2018\/04\/andrea-simonetti-96x96.png","contentUrl":"https:\/\/andreasimonetti.com.br\/blog\/wp-content\/uploads\/2018\/04\/andrea-simonetti-96x96.png","caption":"Andrea Simonetti"},"description":"Sou formada em Administra\u00e7\u00e3o de Empresas, Produ\u00e7\u00e3o de Moda pelo SENAC e Consultoria de Estilo. Sou fascinada por moda desde sempre, adoro ver as pessoas produzidas e de bem com a vida. Moda \u00e9 o meu assunto preferido. Comecei meu blog em 2011, ele cresceu e hoje \u00e9 um site bem mais abrangente, onde eu falo sobre moda e meu trabalho de consultora de estilo. E falo tamb\u00e9m sobre a minha experi\u00eancia de vida. Mas antes de tudo, acredito num Deus Soberano que nos guia e aben\u00e7oa, o tempo todo!","sameAs":["https:\/\/www.andreasimonetti.com.br\/","https:\/\/www.facebook.com\/blogdaandreasimonetti\/","https:\/\/www.instagram.com\/andrea_simonetti\/","https:\/\/br.pinterest.com\/BlogAndrea\/","https:\/\/x.com\/https:\/\/twitter.com\/Andrea_Simoneti"],"url":"https:\/\/andreasimonetti.com.br\/blog\/author\/andrea\/"}]}},"_links":{"self":[{"href":"https:\/\/andreasimonetti.com.br\/blog\/wp-json\/wp\/v2\/posts\/22377","targetHints":{"allow":["GET"]}}],"collection":[{"href":"https:\/\/andreasimonetti.com.br\/blog\/wp-json\/wp\/v2\/posts"}],"about":[{"href":"https:\/\/andreasimonetti.com.br\/blog\/wp-json\/wp\/v2\/types\/post"}],"author":[{"embeddable":true,"href":"https:\/\/andreasimonetti.com.br\/blog\/wp-json\/wp\/v2\/users\/7"}],"replies":[{"embeddable":true,"href":"https:\/\/andreasimonetti.com.br\/blog\/wp-json\/wp\/v2\/comments?post=22377"}],"version-history":[{"count":4,"href":"https:\/\/andreasimonetti.com.br\/blog\/wp-json\/wp\/v2\/posts\/22377\/revisions"}],"predecessor-version":[{"id":22396,"href":"https:\/\/andreasimonetti.com.br\/blog\/wp-json\/wp\/v2\/posts\/22377\/revisions\/22396"}],"wp:featuredmedia":[{"embeddable":true,"href":"https:\/\/andreasimonetti.com.br\/blog\/wp-json\/wp\/v2\/media\/22393"}],"wp:attachment":[{"href":"https:\/\/andreasimonetti.com.br\/blog\/wp-json\/wp\/v2\/media?parent=22377"}],"wp:term":[{"taxonomy":"category","embeddable":true,"href":"https:\/\/andreasimonetti.com.br\/blog\/wp-json\/wp\/v2\/categories?post=22377"},{"taxonomy":"post_tag","embeddable":true,"href":"https:\/\/andreasimonetti.com.br\/blog\/wp-json\/wp\/v2\/tags?post=22377"}],"curies":[{"name":"wp","href":"https:\/\/api.w.org\/{rel}","templated":true}]}}