{"id":22192,"date":"2020-12-28T19:38:32","date_gmt":"2020-12-28T22:38:32","guid":{"rendered":"http:\/\/andreasimonetti.com.br\/?p=22192"},"modified":"2020-12-28T19:38:32","modified_gmt":"2020-12-28T22:38:32","slug":"testei-e-aprovei-verisol-colageno","status":"publish","type":"post","link":"https:\/\/andreasimonetti.com.br\/blog\/testei-e-aprovei-verisol-colageno\/","title":{"rendered":"Testei e aprovei: Verisol col\u00e1geno"},"content":{"rendered":"<h4 dir=\"auto\"><b><span style=\"color: #ff6600;\">Testei e aprovei: Verisol col\u00e1geno\u00a0<\/span><\/b><\/h4>\n<div class=\"kvgmc6g5 cxmmr5t8 oygrvhab hcukyx3x c1et5uql ii04i59q\">\n<div dir=\"auto\">At\u00e9 o in\u00edcio desse ano eu estava muito preocupada com uma situa\u00e7\u00e3o que assusta todas as mulheres: a queda de cabelos.<\/div>\n<div dir=\"auto\">\u00a0<\/div>\n<\/div>\n<div class=\"o9v6fnle cxmmr5t8 oygrvhab hcukyx3x c1et5uql ii04i59q\">\n<div dir=\"auto\">Quando lavava ou escovava percebia os fios no ch\u00e3o e na escova em quantidades muito, muito maiores do que o normal.<\/div>\n<div dir=\"auto\">\u00a0<\/div>\n<\/div>\n<div class=\"o9v6fnle cxmmr5t8 oygrvhab hcukyx3x c1et5uql ii04i59q\">\n<div dir=\"auto\">H\u00e1 11\u00a0 meses estou usado o Verisol diariamente pela manh\u00e3.<\/div>\n<div dir=\"auto\">\u00a0<\/div>\n<div dir=\"auto\">Consegui os resultados que esperava: meus cabelos pararam de cair e est\u00e3o mais hidratados e saud\u00e1veis. As unhas, que quebravam com facilidade, est\u00e3o mais fortes.<\/div>\n<div dir=\"auto\">\u00a0<\/div>\n<\/div>\n<div class=\"o9v6fnle cxmmr5t8 oygrvhab hcukyx3x c1et5uql ii04i59q\">\n<div dir=\"auto\">Voc\u00eas podem imaginar o meu alivio por ter resolvido isso!<\/div>\n<div dir=\"auto\">\u00a0<\/div>\n<\/div>\n<div class=\"o9v6fnle cxmmr5t8 oygrvhab hcukyx3x c1et5uql ii04i59q\">\n<div dir=\"auto\">O col\u00e1geno Verisol tamb\u00e9m d\u00e1 mais elasticidade \u00e0 pele, reduz e previne rugas e combate a celulite.<\/div>\n<div dir=\"auto\">\u00a0<\/div>\n<\/div>\n<div class=\"o9v6fnle cxmmr5t8 oygrvhab hcukyx3x c1et5uql ii04i59q\">\n<div dir=\"auto\">Se voc\u00ea passou dos 30 anos j\u00e1 \u00e9 hora de come\u00e7ar a tomar e sentir os resultados.<\/div>\n<div dir=\"auto\">\u00a0<\/div>\n<\/div>\n<div dir=\"auto\"><strong>Fa\u00e7o uso do verisol que \u00e9 fabricado pela minha farm\u00e1cia de confian\u00e7a<\/strong>: <a href=\"https:\/\/www.bauruformulas.com.br\/\">Bauru Formulas<\/a>.\u00a0<\/div>\n<div class=\"o9v6fnle cxmmr5t8 oygrvhab hcukyx3x c1et5uql ii04i59q\">\n<div dir=\"auto\">\u00a0<\/div>\n<\/div>\n<div class=\"o9v6fnle cxmmr5t8 oygrvhab hcukyx3x c1et5uql ii04i59q\">\n<div dir=\"auto\">\u00a0<\/div>\n<\/div>\n<div id=\"attachment_22193\" style=\"width: 730px\" class=\"wp-caption alignnone\"><img loading=\"lazy\" decoding=\"async\" aria-describedby=\"caption-attachment-22193\" class=\"wp-image-22193 size-full\" src=\"https:\/\/andreasimonetti.com.br\/blog\/wp-content\/uploads\/2020\/02\/87949727_2730608780357088_3251343934458167296_n.jpg\" alt=\"Verisol col\u00e1geno \" width=\"720\" height=\"960\" srcset=\"https:\/\/andreasimonetti.com.br\/blog\/wp-content\/uploads\/2020\/02\/87949727_2730608780357088_3251343934458167296_n.jpg 720w, https:\/\/andreasimonetti.com.br\/blog\/wp-content\/uploads\/2020\/02\/87949727_2730608780357088_3251343934458167296_n-225x300.jpg 225w, https:\/\/andreasimonetti.com.br\/blog\/wp-content\/uploads\/2020\/02\/87949727_2730608780357088_3251343934458167296_n-585x780.jpg 585w\" sizes=\"auto, (max-width: 720px) 100vw, 720px\" \/><p id=\"caption-attachment-22193\" class=\"wp-caption-text\">Verisol col\u00e1geno<\/p><\/div>\n<div class=\"o9v6fnle cxmmr5t8 oygrvhab hcukyx3x c1et5uql ii04i59q\">\n<div dir=\"auto\"><strong>A Bauru Formulas fica na Alameda Dr. Oct\u00e1vio Pinheiro Brisolla,<\/strong><\/div>\n<div dir=\"auto\"><strong>n\u00ba 16-05<\/strong><\/div>\n<div dir=\"auto\"><strong>Vila Souto, Bauru \/SP<\/strong><\/div>\n<div dir=\"auto\"><strong><span class=\"pq6dq46d tbxw36s4 knj5qynh kvgmc6g5 ditlmg2l oygrvhab nvdbi5me sf5mxxl7 gl3lb2sf hhz5lgdu\"><img loading=\"lazy\" decoding=\"async\" src=\"https:\/\/static.xx.fbcdn.net\/images\/emoji.php\/v9\/t4d\/1\/16\/1f4de.png\" alt=\"?\" width=\"16\" height=\"16\" \/><\/span>Telefone: (14) 3223-4455<\/strong><\/div>\n<div dir=\"auto\"><strong><span class=\"pq6dq46d tbxw36s4 knj5qynh kvgmc6g5 ditlmg2l oygrvhab nvdbi5me sf5mxxl7 gl3lb2sf hhz5lgdu\"><img loading=\"lazy\" decoding=\"async\" src=\"https:\/\/static.xx.fbcdn.net\/images\/emoji.php\/v9\/t33\/1\/16\/2705.png\" alt=\"?\" width=\"16\" height=\"16\" \/><\/span>Watts: (14) 99710-8344<\/strong><\/div>\n<\/div>\n<p>&nbsp;<\/p>\n<p>&nbsp;<\/p>\n","protected":false},"excerpt":{"rendered":"<p>Testei e aprovei: Verisol col\u00e1geno\u00a0 At\u00e9 o in\u00edcio desse ano eu estava muito preocupada com uma situa\u00e7\u00e3o que assusta todas as mulheres: a queda de cabelos. \u00a0 Quando lavava ou&hellip;<\/p>\n","protected":false},"author":7,"featured_media":22644,"comment_status":"open","ping_status":"open","sticky":false,"template":"","format":"standard","meta":{"_monsterinsights_skip_tracking":false,"_monsterinsights_sitenote_active":false,"_monsterinsights_sitenote_note":"","_monsterinsights_sitenote_category":0,"footnotes":""},"categories":[6,1508,2013],"tags":[3113,3112],"class_list":["post-22192","post","type-post","status-publish","format-standard","has-post-thumbnail","hentry","category-beleza","category-destaque","category-lifestyle","tag-bauru-formulas","tag-verisol-colageno"],"yoast_head":"<!-- This site is optimized with the Yoast SEO plugin v26.3 - https:\/\/yoast.com\/wordpress\/plugins\/seo\/ -->\n<title>Testei e aprovei: Verisol col\u00e1geno - Andrea Simonetti<\/title>\n<meta name=\"description\" content=\"At\u00e9 o in\u00edcio desse ano eu estava muito preocupada com uma situa\u00e7\u00e3o que assusta todas as mulheres: a queda de cabelos.Quando lavava ou escovava\" \/>\n<meta name=\"robots\" content=\"index, follow, max-snippet:-1, max-image-preview:large, max-video-preview:-1\" \/>\n<link rel=\"canonical\" href=\"https:\/\/andreasimonetti.com.br\/blog\/testei-e-aprovei-verisol-colageno\/\" \/>\n<meta property=\"og:locale\" content=\"pt_BR\" \/>\n<meta property=\"og:type\" content=\"article\" \/>\n<meta property=\"og:title\" content=\"Testei e aprovei: Verisol col\u00e1geno - Andrea Simonetti\" \/>\n<meta property=\"og:description\" content=\"At\u00e9 o in\u00edcio desse ano eu estava muito preocupada com uma situa\u00e7\u00e3o que assusta todas as mulheres: a queda de cabelos.Quando lavava ou escovava\" \/>\n<meta property=\"og:url\" content=\"https:\/\/andreasimonetti.com.br\/blog\/testei-e-aprovei-verisol-colageno\/\" \/>\n<meta property=\"og:site_name\" content=\"Andrea Simonetti\" \/>\n<meta property=\"article:publisher\" content=\"https:\/\/www.facebook.com\/blogdaandreasimonetti\/\" \/>\n<meta property=\"article:author\" content=\"https:\/\/www.facebook.com\/blogdaandreasimonetti\/\" \/>\n<meta property=\"article:published_time\" content=\"2020-12-28T22:38:32+00:00\" \/>\n<meta property=\"og:image\" content=\"https:\/\/andreasimonetti.com.br\/blog\/wp-content\/uploads\/2020\/02\/120071827_3279004208850873_3167713143809011401_n.jpg\" \/>\n\t<meta property=\"og:image:width\" content=\"540\" \/>\n\t<meta property=\"og:image:height\" content=\"960\" \/>\n\t<meta property=\"og:image:type\" content=\"image\/jpeg\" \/>\n<meta name=\"author\" content=\"Andrea Simonetti\" \/>\n<meta name=\"twitter:card\" content=\"summary_large_image\" \/>\n<meta name=\"twitter:creator\" content=\"@https:\/\/twitter.com\/Andrea_Simoneti\" \/>\n<meta name=\"twitter:site\" content=\"@Andrea_Simoneti\" \/>\n<meta name=\"twitter:label1\" content=\"Escrito por\" \/>\n\t<meta name=\"twitter:data1\" content=\"Andrea Simonetti\" \/>\n\t<meta name=\"twitter:label2\" content=\"Est. tempo de leitura\" \/>\n\t<meta name=\"twitter:data2\" content=\"1 minuto\" \/>\n<!-- \/ Yoast SEO plugin. -->","yoast_head_json":{"title":"Testei e aprovei: Verisol col\u00e1geno - Andrea Simonetti","description":"At\u00e9 o in\u00edcio desse ano eu estava muito preocupada com uma situa\u00e7\u00e3o que assusta todas as mulheres: a queda de cabelos.Quando lavava ou escovava","robots":{"index":"index","follow":"follow","max-snippet":"max-snippet:-1","max-image-preview":"max-image-preview:large","max-video-preview":"max-video-preview:-1"},"canonical":"https:\/\/andreasimonetti.com.br\/blog\/testei-e-aprovei-verisol-colageno\/","og_locale":"pt_BR","og_type":"article","og_title":"Testei e aprovei: Verisol col\u00e1geno - Andrea Simonetti","og_description":"At\u00e9 o in\u00edcio desse ano eu estava muito preocupada com uma situa\u00e7\u00e3o que assusta todas as mulheres: a queda de cabelos.Quando lavava ou escovava","og_url":"https:\/\/andreasimonetti.com.br\/blog\/testei-e-aprovei-verisol-colageno\/","og_site_name":"Andrea Simonetti","article_publisher":"https:\/\/www.facebook.com\/blogdaandreasimonetti\/","article_author":"https:\/\/www.facebook.com\/blogdaandreasimonetti\/","article_published_time":"2020-12-28T22:38:32+00:00","og_image":[{"width":540,"height":960,"url":"https:\/\/andreasimonetti.com.br\/blog\/wp-content\/uploads\/2020\/02\/120071827_3279004208850873_3167713143809011401_n.jpg","type":"image\/jpeg"}],"author":"Andrea Simonetti","twitter_card":"summary_large_image","twitter_creator":"@https:\/\/twitter.com\/Andrea_Simoneti","twitter_site":"@Andrea_Simoneti","twitter_misc":{"Escrito por":"Andrea Simonetti","Est. tempo de leitura":"1 minuto"},"schema":{"@context":"https:\/\/schema.org","@graph":[{"@type":"WebPage","@id":"https:\/\/andreasimonetti.com.br\/blog\/testei-e-aprovei-verisol-colageno\/","url":"https:\/\/andreasimonetti.com.br\/blog\/testei-e-aprovei-verisol-colageno\/","name":"Testei e aprovei: Verisol col\u00e1geno - Andrea Simonetti","isPartOf":{"@id":"https:\/\/andreasimonetti.com.br\/blog\/#website"},"primaryImageOfPage":{"@id":"https:\/\/andreasimonetti.com.br\/blog\/testei-e-aprovei-verisol-colageno\/#primaryimage"},"image":{"@id":"https:\/\/andreasimonetti.com.br\/blog\/testei-e-aprovei-verisol-colageno\/#primaryimage"},"thumbnailUrl":"https:\/\/andreasimonetti.com.br\/blog\/wp-content\/uploads\/2020\/02\/120071827_3279004208850873_3167713143809011401_n.jpg","datePublished":"2020-12-28T22:38:32+00:00","author":{"@id":"https:\/\/andreasimonetti.com.br\/blog\/#\/schema\/person\/254f763c24ac288e27ea738a7366ad2a"},"description":"At\u00e9 o in\u00edcio desse ano eu estava muito preocupada com uma situa\u00e7\u00e3o que assusta todas as mulheres: a queda de cabelos.Quando lavava ou escovava","breadcrumb":{"@id":"https:\/\/andreasimonetti.com.br\/blog\/testei-e-aprovei-verisol-colageno\/#breadcrumb"},"inLanguage":"pt-BR","potentialAction":[{"@type":"ReadAction","target":["https:\/\/andreasimonetti.com.br\/blog\/testei-e-aprovei-verisol-colageno\/"]}]},{"@type":"ImageObject","inLanguage":"pt-BR","@id":"https:\/\/andreasimonetti.com.br\/blog\/testei-e-aprovei-verisol-colageno\/#primaryimage","url":"https:\/\/andreasimonetti.com.br\/blog\/wp-content\/uploads\/2020\/02\/120071827_3279004208850873_3167713143809011401_n.jpg","contentUrl":"https:\/\/andreasimonetti.com.br\/blog\/wp-content\/uploads\/2020\/02\/120071827_3279004208850873_3167713143809011401_n.jpg","width":540,"height":960},{"@type":"BreadcrumbList","@id":"https:\/\/andreasimonetti.com.br\/blog\/testei-e-aprovei-verisol-colageno\/#breadcrumb","itemListElement":[{"@type":"ListItem","position":1,"name":"In\u00edcio","item":"https:\/\/andreasimonetti.com.br\/blog\/"},{"@type":"ListItem","position":2,"name":"Testei e aprovei: Verisol col\u00e1geno"}]},{"@type":"WebSite","@id":"https:\/\/andreasimonetti.com.br\/blog\/#website","url":"https:\/\/andreasimonetti.com.br\/blog\/","name":"Andrea Simonetti","description":"","potentialAction":[{"@type":"SearchAction","target":{"@type":"EntryPoint","urlTemplate":"https:\/\/andreasimonetti.com.br\/blog\/?s={search_term_string}"},"query-input":{"@type":"PropertyValueSpecification","valueRequired":true,"valueName":"search_term_string"}}],"inLanguage":"pt-BR"},{"@type":"Person","@id":"https:\/\/andreasimonetti.com.br\/blog\/#\/schema\/person\/254f763c24ac288e27ea738a7366ad2a","name":"Andrea Simonetti","image":{"@type":"ImageObject","inLanguage":"pt-BR","@id":"https:\/\/andreasimonetti.com.br\/blog\/#\/schema\/person\/image\/","url":"https:\/\/andreasimonetti.com.br\/blog\/wp-content\/uploads\/2018\/04\/andrea-simonetti-96x96.png","contentUrl":"https:\/\/andreasimonetti.com.br\/blog\/wp-content\/uploads\/2018\/04\/andrea-simonetti-96x96.png","caption":"Andrea Simonetti"},"description":"Sou formada em Administra\u00e7\u00e3o de Empresas, Produ\u00e7\u00e3o de Moda pelo SENAC e Consultoria de Estilo. Sou fascinada por moda desde sempre, adoro ver as pessoas produzidas e de bem com a vida. Moda \u00e9 o meu assunto preferido. Comecei meu blog em 2011, ele cresceu e hoje \u00e9 um site bem mais abrangente, onde eu falo sobre moda e meu trabalho de consultora de estilo. E falo tamb\u00e9m sobre a minha experi\u00eancia de vida. Mas antes de tudo, acredito num Deus Soberano que nos guia e aben\u00e7oa, o tempo todo!","sameAs":["https:\/\/www.andreasimonetti.com.br\/","https:\/\/www.facebook.com\/blogdaandreasimonetti\/","https:\/\/www.instagram.com\/andrea_simonetti\/","https:\/\/br.pinterest.com\/BlogAndrea\/","https:\/\/x.com\/https:\/\/twitter.com\/Andrea_Simoneti"],"url":"https:\/\/andreasimonetti.com.br\/blog\/author\/andrea\/"}]}},"_links":{"self":[{"href":"https:\/\/andreasimonetti.com.br\/blog\/wp-json\/wp\/v2\/posts\/22192","targetHints":{"allow":["GET"]}}],"collection":[{"href":"https:\/\/andreasimonetti.com.br\/blog\/wp-json\/wp\/v2\/posts"}],"about":[{"href":"https:\/\/andreasimonetti.com.br\/blog\/wp-json\/wp\/v2\/types\/post"}],"author":[{"embeddable":true,"href":"https:\/\/andreasimonetti.com.br\/blog\/wp-json\/wp\/v2\/users\/7"}],"replies":[{"embeddable":true,"href":"https:\/\/andreasimonetti.com.br\/blog\/wp-json\/wp\/v2\/comments?post=22192"}],"version-history":[{"count":3,"href":"https:\/\/andreasimonetti.com.br\/blog\/wp-json\/wp\/v2\/posts\/22192\/revisions"}],"predecessor-version":[{"id":22752,"href":"https:\/\/andreasimonetti.com.br\/blog\/wp-json\/wp\/v2\/posts\/22192\/revisions\/22752"}],"wp:featuredmedia":[{"embeddable":true,"href":"https:\/\/andreasimonetti.com.br\/blog\/wp-json\/wp\/v2\/media\/22644"}],"wp:attachment":[{"href":"https:\/\/andreasimonetti.com.br\/blog\/wp-json\/wp\/v2\/media?parent=22192"}],"wp:term":[{"taxonomy":"category","embeddable":true,"href":"https:\/\/andreasimonetti.com.br\/blog\/wp-json\/wp\/v2\/categories?post=22192"},{"taxonomy":"post_tag","embeddable":true,"href":"https:\/\/andreasimonetti.com.br\/blog\/wp-json\/wp\/v2\/tags?post=22192"}],"curies":[{"name":"wp","href":"https:\/\/api.w.org\/{rel}","templated":true}]}}