{"id":22027,"date":"2020-01-17T11:54:12","date_gmt":"2020-01-17T14:54:12","guid":{"rendered":"http:\/\/andreasimonetti.com.br\/?p=22027"},"modified":"2020-01-17T11:54:12","modified_gmt":"2020-01-17T14:54:12","slug":"dr-victor-soria-reune-influenciadoras-para-celebrar-o-final-de-ano","status":"publish","type":"post","link":"https:\/\/andreasimonetti.com.br\/blog\/dr-victor-soria-reune-influenciadoras-para-celebrar-o-final-de-ano\/","title":{"rendered":"Dr. Victor Soria reune influenciadoras para celebrar o final de ano"},"content":{"rendered":"<h4><span style=\"color: #ff6600;\">Dr. Victor Soria reune influenciadoras para celebrar o final de ano!<\/span><\/h4>\n<p>Que del\u00edcia se despedir de 2019 em alto estilo !!<br \/>\nO ortodontista Dr. Victor Soria, da\u00a0 Soria Ortodontia, e Tatiane Campos da <a class=\"notranslate\" href=\"https:\/\/www.instagram.com\/invisalignbrasil\/\">@invisalignbrasil<\/a> receberam influenciadoras digitais para uma noite de harmoniza\u00e7\u00e3o de vinhos e jantar no Comprando em Bauru.<\/p>\n<p>O Dr. Victor celebrou mais um ano de sucesso com o Invisalign, um tratamento duas vezes mais r\u00e1pido e que garante sorrisos perfeitos.<\/p>\n<p>Foi um evento muito especial !<\/p>\n<p><img loading=\"lazy\" decoding=\"async\" class=\"alignnone wp-image-22029 size-full\" src=\"http:\/\/andreasimonetti.com.br\/wp-content\/uploads\/2020\/01\/79442881_2581636608587640_6178910445047382016_o.jpg\" alt=\"Dr. Victor Soria reune influenciadoras para celebrar o final de ano!\" width=\"948\" height=\"960\" srcset=\"https:\/\/andreasimonetti.com.br\/blog\/wp-content\/uploads\/2020\/01\/79442881_2581636608587640_6178910445047382016_o.jpg 948w, https:\/\/andreasimonetti.com.br\/blog\/wp-content\/uploads\/2020\/01\/79442881_2581636608587640_6178910445047382016_o-296x300.jpg 296w, https:\/\/andreasimonetti.com.br\/blog\/wp-content\/uploads\/2020\/01\/79442881_2581636608587640_6178910445047382016_o-768x778.jpg 768w, https:\/\/andreasimonetti.com.br\/blog\/wp-content\/uploads\/2020\/01\/79442881_2581636608587640_6178910445047382016_o-585x592.jpg 585w\" sizes=\"auto, (max-width: 948px) 100vw, 948px\" \/><\/p>\n<p>Para o evento\u00a0 escolhi cal\u00e7a e top na cor azul em tecido fininho plissado da Emp\u00f3rio Z.<br \/>\nA cal\u00e7a de cintura e alta e modelagem ampla, possui c\u00f3s largo e el\u00e1stico no barrado e c\u00f3s, j\u00e1 a blusa (top) decote ombro a ombro e manga bufante.<br \/>\nOs acess\u00f3rios escolhi em tons de prata da \u00a0<a class=\"notranslate\" href=\"https:\/\/www.instagram.com\/bellestorebauru\/\">@bellestorebauru<\/a><\/p>\n<div id=\"attachment_22031\" style=\"width: 778px\" class=\"wp-caption alignnone\"><img loading=\"lazy\" decoding=\"async\" aria-describedby=\"caption-attachment-22031\" class=\"wp-image-22031 size-full\" src=\"http:\/\/andreasimonetti.com.br\/wp-content\/uploads\/2020\/01\/79103673_2576352089116092_3979778599837237248_o-1.jpg\" alt=\"Evento Invisalign, Bauru \" width=\"768\" height=\"960\" srcset=\"https:\/\/andreasimonetti.com.br\/blog\/wp-content\/uploads\/2020\/01\/79103673_2576352089116092_3979778599837237248_o-1.jpg 768w, https:\/\/andreasimonetti.com.br\/blog\/wp-content\/uploads\/2020\/01\/79103673_2576352089116092_3979778599837237248_o-1-240x300.jpg 240w, https:\/\/andreasimonetti.com.br\/blog\/wp-content\/uploads\/2020\/01\/79103673_2576352089116092_3979778599837237248_o-1-585x731.jpg 585w\" sizes=\"auto, (max-width: 768px) 100vw, 768px\" \/><p id=\"caption-attachment-22031\" class=\"wp-caption-text\">Tatiane Campos<\/p><\/div> <div id=\"attachment_22032\" style=\"width: 1010px\" class=\"wp-caption alignnone\"><img loading=\"lazy\" decoding=\"async\" aria-describedby=\"caption-attachment-22032\" class=\"wp-image-22032\" src=\"http:\/\/andreasimonetti.com.br\/wp-content\/uploads\/2020\/01\/79263108_2682427661837418_7128461722020478976_n.jpg\" alt=\"Evento Invisalign, Bauru \" width=\"1000\" height=\"750\" srcset=\"https:\/\/andreasimonetti.com.br\/blog\/wp-content\/uploads\/2020\/01\/79263108_2682427661837418_7128461722020478976_n.jpg 960w, https:\/\/andreasimonetti.com.br\/blog\/wp-content\/uploads\/2020\/01\/79263108_2682427661837418_7128461722020478976_n-300x225.jpg 300w, https:\/\/andreasimonetti.com.br\/blog\/wp-content\/uploads\/2020\/01\/79263108_2682427661837418_7128461722020478976_n-768x576.jpg 768w, https:\/\/andreasimonetti.com.br\/blog\/wp-content\/uploads\/2020\/01\/79263108_2682427661837418_7128461722020478976_n-585x439.jpg 585w\" sizes=\"auto, (max-width: 1000px) 100vw, 1000px\" \/><p id=\"caption-attachment-22032\" class=\"wp-caption-text\">Juliana Mayumi, Naty Nantes e Mirella Cabaz<\/p><\/div>\n","protected":false},"excerpt":{"rendered":"<p>Dr. Victor Soria reune influenciadoras para celebrar o final de ano! Que del\u00edcia se despedir de 2019 em alto estilo !! O ortodontista Dr. Victor Soria, da\u00a0 Soria Ortodontia, e&hellip;<\/p>\n","protected":false},"author":7,"featured_media":22030,"comment_status":"open","ping_status":"open","sticky":false,"template":"","format":"standard","meta":{"_monsterinsights_skip_tracking":false,"_monsterinsights_sitenote_active":false,"_monsterinsights_sitenote_note":"","_monsterinsights_sitenote_category":0,"footnotes":""},"categories":[1508,2013,3],"tags":[505,2960,2958,2831,2959],"class_list":["post-22027","post","type-post","status-publish","format-standard","has-post-thumbnail","hentry","category-destaque","category-lifestyle","category-moda","tag-bauru","tag-dentista","tag-evento-invisalign","tag-invisalign","tag-victor-soria"],"yoast_head":"<!-- This site is optimized with the Yoast SEO plugin v26.3 - https:\/\/yoast.com\/wordpress\/plugins\/seo\/ -->\n<title>Dr. Victor Soria reune influenciadoras para celebrar o final de ano - Andrea Simonetti<\/title>\n<meta name=\"description\" content=\"Que del\u00edcia se despedir de 2019 em alto estilo !!O ortodontista Dr. Victor Soria, da\u00a0 Soria Ortodontia, e Tatiane Campos da @invisalignbrasil receberam ...\" \/>\n<meta name=\"robots\" content=\"index, follow, max-snippet:-1, max-image-preview:large, max-video-preview:-1\" \/>\n<link rel=\"canonical\" href=\"https:\/\/andreasimonetti.com.br\/blog\/dr-victor-soria-reune-influenciadoras-para-celebrar-o-final-de-ano\/\" \/>\n<meta property=\"og:locale\" content=\"pt_BR\" \/>\n<meta property=\"og:type\" content=\"article\" \/>\n<meta property=\"og:title\" content=\"Dr. Victor Soria reune influenciadoras para celebrar o final de ano - Andrea Simonetti\" \/>\n<meta property=\"og:description\" content=\"Que del\u00edcia se despedir de 2019 em alto estilo !!O ortodontista Dr. Victor Soria, da\u00a0 Soria Ortodontia, e Tatiane Campos da @invisalignbrasil receberam ...\" \/>\n<meta property=\"og:url\" content=\"https:\/\/andreasimonetti.com.br\/blog\/dr-victor-soria-reune-influenciadoras-para-celebrar-o-final-de-ano\/\" \/>\n<meta property=\"og:site_name\" content=\"Andrea Simonetti\" \/>\n<meta property=\"article:publisher\" content=\"https:\/\/www.facebook.com\/blogdaandreasimonetti\/\" \/>\n<meta property=\"article:author\" content=\"https:\/\/www.facebook.com\/blogdaandreasimonetti\/\" \/>\n<meta property=\"article:published_time\" content=\"2020-01-17T14:54:12+00:00\" \/>\n<meta property=\"og:image\" content=\"https:\/\/andreasimonetti.com.br\/blog\/wp-content\/uploads\/2020\/01\/79701913_2576352002449434_7767174756809310208_o-1.jpg\" \/>\n\t<meta property=\"og:image:width\" content=\"768\" \/>\n\t<meta property=\"og:image:height\" content=\"960\" \/>\n\t<meta property=\"og:image:type\" content=\"image\/jpeg\" \/>\n<meta name=\"author\" content=\"Andrea Simonetti\" \/>\n<meta name=\"twitter:card\" content=\"summary_large_image\" \/>\n<meta name=\"twitter:creator\" content=\"@https:\/\/twitter.com\/Andrea_Simoneti\" \/>\n<meta name=\"twitter:site\" content=\"@Andrea_Simoneti\" \/>\n<meta name=\"twitter:label1\" content=\"Escrito por\" \/>\n\t<meta name=\"twitter:data1\" content=\"Andrea Simonetti\" \/>\n\t<meta name=\"twitter:label2\" content=\"Est. tempo de leitura\" \/>\n\t<meta name=\"twitter:data2\" content=\"1 minuto\" \/>\n<!-- \/ Yoast SEO plugin. -->","yoast_head_json":{"title":"Dr. Victor Soria reune influenciadoras para celebrar o final de ano - Andrea Simonetti","description":"Que del\u00edcia se despedir de 2019 em alto estilo !!O ortodontista Dr. Victor Soria, da\u00a0 Soria Ortodontia, e Tatiane Campos da @invisalignbrasil receberam ...","robots":{"index":"index","follow":"follow","max-snippet":"max-snippet:-1","max-image-preview":"max-image-preview:large","max-video-preview":"max-video-preview:-1"},"canonical":"https:\/\/andreasimonetti.com.br\/blog\/dr-victor-soria-reune-influenciadoras-para-celebrar-o-final-de-ano\/","og_locale":"pt_BR","og_type":"article","og_title":"Dr. Victor Soria reune influenciadoras para celebrar o final de ano - Andrea Simonetti","og_description":"Que del\u00edcia se despedir de 2019 em alto estilo !!O ortodontista Dr. Victor Soria, da\u00a0 Soria Ortodontia, e Tatiane Campos da @invisalignbrasil receberam ...","og_url":"https:\/\/andreasimonetti.com.br\/blog\/dr-victor-soria-reune-influenciadoras-para-celebrar-o-final-de-ano\/","og_site_name":"Andrea Simonetti","article_publisher":"https:\/\/www.facebook.com\/blogdaandreasimonetti\/","article_author":"https:\/\/www.facebook.com\/blogdaandreasimonetti\/","article_published_time":"2020-01-17T14:54:12+00:00","og_image":[{"width":768,"height":960,"url":"https:\/\/andreasimonetti.com.br\/blog\/wp-content\/uploads\/2020\/01\/79701913_2576352002449434_7767174756809310208_o-1.jpg","type":"image\/jpeg"}],"author":"Andrea Simonetti","twitter_card":"summary_large_image","twitter_creator":"@https:\/\/twitter.com\/Andrea_Simoneti","twitter_site":"@Andrea_Simoneti","twitter_misc":{"Escrito por":"Andrea Simonetti","Est. tempo de leitura":"1 minuto"},"schema":{"@context":"https:\/\/schema.org","@graph":[{"@type":"WebPage","@id":"https:\/\/andreasimonetti.com.br\/blog\/dr-victor-soria-reune-influenciadoras-para-celebrar-o-final-de-ano\/","url":"https:\/\/andreasimonetti.com.br\/blog\/dr-victor-soria-reune-influenciadoras-para-celebrar-o-final-de-ano\/","name":"Dr. Victor Soria reune influenciadoras para celebrar o final de ano - Andrea Simonetti","isPartOf":{"@id":"https:\/\/andreasimonetti.com.br\/blog\/#website"},"primaryImageOfPage":{"@id":"https:\/\/andreasimonetti.com.br\/blog\/dr-victor-soria-reune-influenciadoras-para-celebrar-o-final-de-ano\/#primaryimage"},"image":{"@id":"https:\/\/andreasimonetti.com.br\/blog\/dr-victor-soria-reune-influenciadoras-para-celebrar-o-final-de-ano\/#primaryimage"},"thumbnailUrl":"https:\/\/andreasimonetti.com.br\/blog\/wp-content\/uploads\/2020\/01\/79701913_2576352002449434_7767174756809310208_o-1.jpg","datePublished":"2020-01-17T14:54:12+00:00","author":{"@id":"https:\/\/andreasimonetti.com.br\/blog\/#\/schema\/person\/254f763c24ac288e27ea738a7366ad2a"},"description":"Que del\u00edcia se despedir de 2019 em alto estilo !!O ortodontista Dr. Victor Soria, da\u00a0 Soria Ortodontia, e Tatiane Campos da @invisalignbrasil receberam ...","breadcrumb":{"@id":"https:\/\/andreasimonetti.com.br\/blog\/dr-victor-soria-reune-influenciadoras-para-celebrar-o-final-de-ano\/#breadcrumb"},"inLanguage":"pt-BR","potentialAction":[{"@type":"ReadAction","target":["https:\/\/andreasimonetti.com.br\/blog\/dr-victor-soria-reune-influenciadoras-para-celebrar-o-final-de-ano\/"]}]},{"@type":"ImageObject","inLanguage":"pt-BR","@id":"https:\/\/andreasimonetti.com.br\/blog\/dr-victor-soria-reune-influenciadoras-para-celebrar-o-final-de-ano\/#primaryimage","url":"https:\/\/andreasimonetti.com.br\/blog\/wp-content\/uploads\/2020\/01\/79701913_2576352002449434_7767174756809310208_o-1.jpg","contentUrl":"https:\/\/andreasimonetti.com.br\/blog\/wp-content\/uploads\/2020\/01\/79701913_2576352002449434_7767174756809310208_o-1.jpg","width":768,"height":960,"caption":"Dr. Victor Soria"},{"@type":"BreadcrumbList","@id":"https:\/\/andreasimonetti.com.br\/blog\/dr-victor-soria-reune-influenciadoras-para-celebrar-o-final-de-ano\/#breadcrumb","itemListElement":[{"@type":"ListItem","position":1,"name":"In\u00edcio","item":"https:\/\/andreasimonetti.com.br\/blog\/"},{"@type":"ListItem","position":2,"name":"Dr. Victor Soria reune influenciadoras para celebrar o final de ano"}]},{"@type":"WebSite","@id":"https:\/\/andreasimonetti.com.br\/blog\/#website","url":"https:\/\/andreasimonetti.com.br\/blog\/","name":"Andrea Simonetti","description":"","potentialAction":[{"@type":"SearchAction","target":{"@type":"EntryPoint","urlTemplate":"https:\/\/andreasimonetti.com.br\/blog\/?s={search_term_string}"},"query-input":{"@type":"PropertyValueSpecification","valueRequired":true,"valueName":"search_term_string"}}],"inLanguage":"pt-BR"},{"@type":"Person","@id":"https:\/\/andreasimonetti.com.br\/blog\/#\/schema\/person\/254f763c24ac288e27ea738a7366ad2a","name":"Andrea Simonetti","image":{"@type":"ImageObject","inLanguage":"pt-BR","@id":"https:\/\/andreasimonetti.com.br\/blog\/#\/schema\/person\/image\/","url":"https:\/\/andreasimonetti.com.br\/blog\/wp-content\/uploads\/2018\/04\/andrea-simonetti-96x96.png","contentUrl":"https:\/\/andreasimonetti.com.br\/blog\/wp-content\/uploads\/2018\/04\/andrea-simonetti-96x96.png","caption":"Andrea Simonetti"},"description":"Sou formada em Administra\u00e7\u00e3o de Empresas, Produ\u00e7\u00e3o de Moda pelo SENAC e Consultoria de Estilo. Sou fascinada por moda desde sempre, adoro ver as pessoas produzidas e de bem com a vida. Moda \u00e9 o meu assunto preferido. Comecei meu blog em 2011, ele cresceu e hoje \u00e9 um site bem mais abrangente, onde eu falo sobre moda e meu trabalho de consultora de estilo. E falo tamb\u00e9m sobre a minha experi\u00eancia de vida. Mas antes de tudo, acredito num Deus Soberano que nos guia e aben\u00e7oa, o tempo todo!","sameAs":["https:\/\/www.andreasimonetti.com.br\/","https:\/\/www.facebook.com\/blogdaandreasimonetti\/","https:\/\/www.instagram.com\/andrea_simonetti\/","https:\/\/br.pinterest.com\/BlogAndrea\/","https:\/\/x.com\/https:\/\/twitter.com\/Andrea_Simoneti"],"url":"https:\/\/andreasimonetti.com.br\/blog\/author\/andrea\/"}]}},"_links":{"self":[{"href":"https:\/\/andreasimonetti.com.br\/blog\/wp-json\/wp\/v2\/posts\/22027","targetHints":{"allow":["GET"]}}],"collection":[{"href":"https:\/\/andreasimonetti.com.br\/blog\/wp-json\/wp\/v2\/posts"}],"about":[{"href":"https:\/\/andreasimonetti.com.br\/blog\/wp-json\/wp\/v2\/types\/post"}],"author":[{"embeddable":true,"href":"https:\/\/andreasimonetti.com.br\/blog\/wp-json\/wp\/v2\/users\/7"}],"replies":[{"embeddable":true,"href":"https:\/\/andreasimonetti.com.br\/blog\/wp-json\/wp\/v2\/comments?post=22027"}],"version-history":[{"count":6,"href":"https:\/\/andreasimonetti.com.br\/blog\/wp-json\/wp\/v2\/posts\/22027\/revisions"}],"predecessor-version":[{"id":22038,"href":"https:\/\/andreasimonetti.com.br\/blog\/wp-json\/wp\/v2\/posts\/22027\/revisions\/22038"}],"wp:featuredmedia":[{"embeddable":true,"href":"https:\/\/andreasimonetti.com.br\/blog\/wp-json\/wp\/v2\/media\/22030"}],"wp:attachment":[{"href":"https:\/\/andreasimonetti.com.br\/blog\/wp-json\/wp\/v2\/media?parent=22027"}],"wp:term":[{"taxonomy":"category","embeddable":true,"href":"https:\/\/andreasimonetti.com.br\/blog\/wp-json\/wp\/v2\/categories?post=22027"},{"taxonomy":"post_tag","embeddable":true,"href":"https:\/\/andreasimonetti.com.br\/blog\/wp-json\/wp\/v2\/tags?post=22027"}],"curies":[{"name":"wp","href":"https:\/\/api.w.org\/{rel}","templated":true}]}}