{"id":21969,"date":"2019-12-20T09:58:19","date_gmt":"2019-12-20T12:58:19","guid":{"rendered":"http:\/\/andreasimonetti.com.br\/?p=21969"},"modified":"2019-12-20T10:00:47","modified_gmt":"2019-12-20T13:00:47","slug":"meu-look-vestido-preto-3","status":"publish","type":"post","link":"https:\/\/andreasimonetti.com.br\/blog\/meu-look-vestido-preto-3\/","title":{"rendered":"Meu look: Vestido preto e make rosa!"},"content":{"rendered":"<p>Um vestido preto \u00e9 unanimidade entre criadores de moda e consumidoras.<br \/>\nEsse vestido tomara que caia tem um top em tecido encorpado com refor\u00e7o interno, que garante seguran\u00e7a ao vestir.<br \/>\nO tecido em crepe com transpar\u00eancia e modelagem ampla \u00e9 valorizado com uma sobreposi\u00e7\u00e3o com detalhes drapeados, amarra\u00e7\u00e3o e barrado assim\u00e9trico, ficando extremamente refinado.<br \/>\nPara ocasi\u00f5es mais sofisticadas \u00e9 uma op\u00e7\u00e3o arrasadora.<\/p>\n<p><img loading=\"lazy\" decoding=\"async\" class=\"alignnone wp-image-21975 size-full\" src=\"http:\/\/andreasimonetti.com.br\/wp-content\/uploads\/2019\/12\/78219138_2677374915676026_5755607543619518464_n.jpg\" alt=\"Make em tons de rosa \" width=\"720\" height=\"960\" srcset=\"https:\/\/andreasimonetti.com.br\/blog\/wp-content\/uploads\/2019\/12\/78219138_2677374915676026_5755607543619518464_n.jpg 720w, https:\/\/andreasimonetti.com.br\/blog\/wp-content\/uploads\/2019\/12\/78219138_2677374915676026_5755607543619518464_n-225x300.jpg 225w, https:\/\/andreasimonetti.com.br\/blog\/wp-content\/uploads\/2019\/12\/78219138_2677374915676026_5755607543619518464_n-585x780.jpg 585w\" sizes=\"auto, (max-width: 720px) 100vw, 720px\" \/><\/p>\n<p>A make foi uma aposta da maquiadora Thais Ticianelli para dar cor ao look preto.<\/p>\n<p>Os acess\u00f3rios de perola e prata deram mais poder ao look.\u00a0<\/p>\n<p><img loading=\"lazy\" decoding=\"async\" class=\"aligncenter wp-image-21979\" src=\"http:\/\/andreasimonetti.com.br\/wp-content\/uploads\/2019\/12\/78566167_2730612913669294_3514687281526996992_o-1.jpg\" alt=\"Meu look \/ Vestido preto da Tig \" width=\"900\" height=\"1348\" srcset=\"https:\/\/andreasimonetti.com.br\/blog\/wp-content\/uploads\/2019\/12\/78566167_2730612913669294_3514687281526996992_o-1.jpg 641w, https:\/\/andreasimonetti.com.br\/blog\/wp-content\/uploads\/2019\/12\/78566167_2730612913669294_3514687281526996992_o-1-200x300.jpg 200w, https:\/\/andreasimonetti.com.br\/blog\/wp-content\/uploads\/2019\/12\/78566167_2730612913669294_3514687281526996992_o-1-585x876.jpg 585w\" sizes=\"auto, (max-width: 900px) 100vw, 900px\" \/><\/p>\n<p><strong>Cr\u00e9ditos<\/strong>:\u00a0<\/p>\n<ul>\n<li>Vestido &#8211; Tig da Emp\u00f3rio Z\u00a0<\/li>\n<li>Acess\u00f3rios &#8211; Belle Store\u00a0<\/li>\n<li>Make &#8211; Thais Ticianelli\u00a0<\/li>\n<li>Hair &#8211; Debora Comegno\u00a0<\/li>\n<\/ul>\n","protected":false},"excerpt":{"rendered":"<p>Um vestido preto \u00e9 unanimidade entre criadores de moda e consumidoras. Esse vestido tomara que caia tem um top em tecido encorpado com refor\u00e7o interno, que garante seguran\u00e7a ao vestir.&hellip;<\/p>\n","protected":false},"author":7,"featured_media":21978,"comment_status":"open","ping_status":"open","sticky":false,"template":"","format":"standard","meta":{"_monsterinsights_skip_tracking":false,"_monsterinsights_sitenote_active":false,"_monsterinsights_sitenote_note":"","_monsterinsights_sitenote_category":0,"footnotes":""},"categories":[1508,2675,3],"tags":[2165,2363,2538],"class_list":["post-21969","post","type-post","status-publish","format-standard","has-post-thumbnail","hentry","category-destaque","category-meu-look","category-moda","tag-emporio-z-bauru","tag-meu-look-vestido-preto","tag-tig"],"yoast_head":"<!-- This site is optimized with the Yoast SEO plugin v26.3 - https:\/\/yoast.com\/wordpress\/plugins\/seo\/ -->\n<title>Meu look: Vestido preto e make rosa! - Andrea Simonetti<\/title>\n<meta name=\"description\" content=\"Um vestido preto \u00e9 unanimidade entre criadores de moda e consumidoras.Esse vestido tomara que caia tem um top em tecido encorpado com refor\u00e7o interno, que ...\" \/>\n<meta name=\"robots\" content=\"index, follow, max-snippet:-1, max-image-preview:large, max-video-preview:-1\" \/>\n<link rel=\"canonical\" href=\"https:\/\/andreasimonetti.com.br\/blog\/meu-look-vestido-preto-3\/\" \/>\n<meta property=\"og:locale\" content=\"pt_BR\" \/>\n<meta property=\"og:type\" content=\"article\" \/>\n<meta property=\"og:title\" content=\"Meu look: Vestido preto e make rosa! - Andrea Simonetti\" \/>\n<meta property=\"og:description\" content=\"Um vestido preto \u00e9 unanimidade entre criadores de moda e consumidoras.Esse vestido tomara que caia tem um top em tecido encorpado com refor\u00e7o interno, que ...\" \/>\n<meta property=\"og:url\" content=\"https:\/\/andreasimonetti.com.br\/blog\/meu-look-vestido-preto-3\/\" \/>\n<meta property=\"og:site_name\" content=\"Andrea Simonetti\" \/>\n<meta property=\"article:publisher\" content=\"https:\/\/www.facebook.com\/blogdaandreasimonetti\/\" \/>\n<meta property=\"article:author\" content=\"https:\/\/www.facebook.com\/blogdaandreasimonetti\/\" \/>\n<meta property=\"article:published_time\" content=\"2019-12-20T12:58:19+00:00\" \/>\n<meta property=\"article:modified_time\" content=\"2019-12-20T13:00:47+00:00\" \/>\n<meta property=\"og:image\" content=\"https:\/\/andreasimonetti.com.br\/blog\/wp-content\/uploads\/2019\/12\/page-1.jpg\" \/>\n\t<meta property=\"og:image:width\" content=\"900\" \/>\n\t<meta property=\"og:image:height\" content=\"900\" \/>\n\t<meta property=\"og:image:type\" content=\"image\/jpeg\" \/>\n<meta name=\"author\" content=\"Andrea Simonetti\" \/>\n<meta name=\"twitter:card\" content=\"summary_large_image\" \/>\n<meta name=\"twitter:creator\" content=\"@https:\/\/twitter.com\/Andrea_Simoneti\" \/>\n<meta name=\"twitter:site\" content=\"@Andrea_Simoneti\" \/>\n<meta name=\"twitter:label1\" content=\"Escrito por\" \/>\n\t<meta name=\"twitter:data1\" content=\"Andrea Simonetti\" \/>\n\t<meta name=\"twitter:label2\" content=\"Est. tempo de leitura\" \/>\n\t<meta name=\"twitter:data2\" content=\"1 minuto\" \/>\n<!-- \/ Yoast SEO plugin. -->","yoast_head_json":{"title":"Meu look: Vestido preto e make rosa! - Andrea Simonetti","description":"Um vestido preto \u00e9 unanimidade entre criadores de moda e consumidoras.Esse vestido tomara que caia tem um top em tecido encorpado com refor\u00e7o interno, que ...","robots":{"index":"index","follow":"follow","max-snippet":"max-snippet:-1","max-image-preview":"max-image-preview:large","max-video-preview":"max-video-preview:-1"},"canonical":"https:\/\/andreasimonetti.com.br\/blog\/meu-look-vestido-preto-3\/","og_locale":"pt_BR","og_type":"article","og_title":"Meu look: Vestido preto e make rosa! - Andrea Simonetti","og_description":"Um vestido preto \u00e9 unanimidade entre criadores de moda e consumidoras.Esse vestido tomara que caia tem um top em tecido encorpado com refor\u00e7o interno, que ...","og_url":"https:\/\/andreasimonetti.com.br\/blog\/meu-look-vestido-preto-3\/","og_site_name":"Andrea Simonetti","article_publisher":"https:\/\/www.facebook.com\/blogdaandreasimonetti\/","article_author":"https:\/\/www.facebook.com\/blogdaandreasimonetti\/","article_published_time":"2019-12-20T12:58:19+00:00","article_modified_time":"2019-12-20T13:00:47+00:00","og_image":[{"width":900,"height":900,"url":"https:\/\/andreasimonetti.com.br\/blog\/wp-content\/uploads\/2019\/12\/page-1.jpg","type":"image\/jpeg"}],"author":"Andrea Simonetti","twitter_card":"summary_large_image","twitter_creator":"@https:\/\/twitter.com\/Andrea_Simoneti","twitter_site":"@Andrea_Simoneti","twitter_misc":{"Escrito por":"Andrea Simonetti","Est. tempo de leitura":"1 minuto"},"schema":{"@context":"https:\/\/schema.org","@graph":[{"@type":"WebPage","@id":"https:\/\/andreasimonetti.com.br\/blog\/meu-look-vestido-preto-3\/","url":"https:\/\/andreasimonetti.com.br\/blog\/meu-look-vestido-preto-3\/","name":"Meu look: Vestido preto e make rosa! - Andrea Simonetti","isPartOf":{"@id":"https:\/\/andreasimonetti.com.br\/blog\/#website"},"primaryImageOfPage":{"@id":"https:\/\/andreasimonetti.com.br\/blog\/meu-look-vestido-preto-3\/#primaryimage"},"image":{"@id":"https:\/\/andreasimonetti.com.br\/blog\/meu-look-vestido-preto-3\/#primaryimage"},"thumbnailUrl":"https:\/\/andreasimonetti.com.br\/blog\/wp-content\/uploads\/2019\/12\/page-1.jpg","datePublished":"2019-12-20T12:58:19+00:00","dateModified":"2019-12-20T13:00:47+00:00","author":{"@id":"https:\/\/andreasimonetti.com.br\/blog\/#\/schema\/person\/254f763c24ac288e27ea738a7366ad2a"},"description":"Um vestido preto \u00e9 unanimidade entre criadores de moda e consumidoras.Esse vestido tomara que caia tem um top em tecido encorpado com refor\u00e7o interno, que ...","breadcrumb":{"@id":"https:\/\/andreasimonetti.com.br\/blog\/meu-look-vestido-preto-3\/#breadcrumb"},"inLanguage":"pt-BR","potentialAction":[{"@type":"ReadAction","target":["https:\/\/andreasimonetti.com.br\/blog\/meu-look-vestido-preto-3\/"]}]},{"@type":"ImageObject","inLanguage":"pt-BR","@id":"https:\/\/andreasimonetti.com.br\/blog\/meu-look-vestido-preto-3\/#primaryimage","url":"https:\/\/andreasimonetti.com.br\/blog\/wp-content\/uploads\/2019\/12\/page-1.jpg","contentUrl":"https:\/\/andreasimonetti.com.br\/blog\/wp-content\/uploads\/2019\/12\/page-1.jpg","width":900,"height":900},{"@type":"BreadcrumbList","@id":"https:\/\/andreasimonetti.com.br\/blog\/meu-look-vestido-preto-3\/#breadcrumb","itemListElement":[{"@type":"ListItem","position":1,"name":"In\u00edcio","item":"https:\/\/andreasimonetti.com.br\/blog\/"},{"@type":"ListItem","position":2,"name":"Meu look: Vestido preto e make rosa!"}]},{"@type":"WebSite","@id":"https:\/\/andreasimonetti.com.br\/blog\/#website","url":"https:\/\/andreasimonetti.com.br\/blog\/","name":"Andrea Simonetti","description":"","potentialAction":[{"@type":"SearchAction","target":{"@type":"EntryPoint","urlTemplate":"https:\/\/andreasimonetti.com.br\/blog\/?s={search_term_string}"},"query-input":{"@type":"PropertyValueSpecification","valueRequired":true,"valueName":"search_term_string"}}],"inLanguage":"pt-BR"},{"@type":"Person","@id":"https:\/\/andreasimonetti.com.br\/blog\/#\/schema\/person\/254f763c24ac288e27ea738a7366ad2a","name":"Andrea Simonetti","image":{"@type":"ImageObject","inLanguage":"pt-BR","@id":"https:\/\/andreasimonetti.com.br\/blog\/#\/schema\/person\/image\/","url":"https:\/\/andreasimonetti.com.br\/blog\/wp-content\/uploads\/2018\/04\/andrea-simonetti-96x96.png","contentUrl":"https:\/\/andreasimonetti.com.br\/blog\/wp-content\/uploads\/2018\/04\/andrea-simonetti-96x96.png","caption":"Andrea Simonetti"},"description":"Sou formada em Administra\u00e7\u00e3o de Empresas, Produ\u00e7\u00e3o de Moda pelo SENAC e Consultoria de Estilo. Sou fascinada por moda desde sempre, adoro ver as pessoas produzidas e de bem com a vida. Moda \u00e9 o meu assunto preferido. Comecei meu blog em 2011, ele cresceu e hoje \u00e9 um site bem mais abrangente, onde eu falo sobre moda e meu trabalho de consultora de estilo. E falo tamb\u00e9m sobre a minha experi\u00eancia de vida. Mas antes de tudo, acredito num Deus Soberano que nos guia e aben\u00e7oa, o tempo todo!","sameAs":["https:\/\/www.andreasimonetti.com.br\/","https:\/\/www.facebook.com\/blogdaandreasimonetti\/","https:\/\/www.instagram.com\/andrea_simonetti\/","https:\/\/br.pinterest.com\/BlogAndrea\/","https:\/\/x.com\/https:\/\/twitter.com\/Andrea_Simoneti"],"url":"https:\/\/andreasimonetti.com.br\/blog\/author\/andrea\/"}]}},"_links":{"self":[{"href":"https:\/\/andreasimonetti.com.br\/blog\/wp-json\/wp\/v2\/posts\/21969","targetHints":{"allow":["GET"]}}],"collection":[{"href":"https:\/\/andreasimonetti.com.br\/blog\/wp-json\/wp\/v2\/posts"}],"about":[{"href":"https:\/\/andreasimonetti.com.br\/blog\/wp-json\/wp\/v2\/types\/post"}],"author":[{"embeddable":true,"href":"https:\/\/andreasimonetti.com.br\/blog\/wp-json\/wp\/v2\/users\/7"}],"replies":[{"embeddable":true,"href":"https:\/\/andreasimonetti.com.br\/blog\/wp-json\/wp\/v2\/comments?post=21969"}],"version-history":[{"count":7,"href":"https:\/\/andreasimonetti.com.br\/blog\/wp-json\/wp\/v2\/posts\/21969\/revisions"}],"predecessor-version":[{"id":22020,"href":"https:\/\/andreasimonetti.com.br\/blog\/wp-json\/wp\/v2\/posts\/21969\/revisions\/22020"}],"wp:featuredmedia":[{"embeddable":true,"href":"https:\/\/andreasimonetti.com.br\/blog\/wp-json\/wp\/v2\/media\/21978"}],"wp:attachment":[{"href":"https:\/\/andreasimonetti.com.br\/blog\/wp-json\/wp\/v2\/media?parent=21969"}],"wp:term":[{"taxonomy":"category","embeddable":true,"href":"https:\/\/andreasimonetti.com.br\/blog\/wp-json\/wp\/v2\/categories?post=21969"},{"taxonomy":"post_tag","embeddable":true,"href":"https:\/\/andreasimonetti.com.br\/blog\/wp-json\/wp\/v2\/tags?post=21969"}],"curies":[{"name":"wp","href":"https:\/\/api.w.org\/{rel}","templated":true}]}}