{"id":21839,"date":"2019-10-28T18:39:06","date_gmt":"2019-10-28T21:39:06","guid":{"rendered":"http:\/\/andreasimonetti.com.br\/?p=21839"},"modified":"2019-10-28T18:39:06","modified_gmt":"2019-10-28T21:39:06","slug":"mais-um-look-lindo-da-raffine-store","status":"publish","type":"post","link":"https:\/\/andreasimonetti.com.br\/blog\/mais-um-look-lindo-da-raffine-store\/","title":{"rendered":"Mais um look lindo da Raffine Store"},"content":{"rendered":"<p>Procurando um vestido para uma ocasi\u00e3o especial ?<\/p>\n<p>Olha que lindo esse modelo.<\/p>\n<p>Aqui combinei com a sand\u00e1lia preta e bolsa da @arezzoboulevardbauru .<\/p>\n<p>Look \u00e9 da @raffinestorebauru que leva a sua casa pe\u00e7as exclusivas.<br \/>\nEntre em contato hoje mesmo !<\/p>\n<p><img loading=\"lazy\" decoding=\"async\" class=\"alignnone size-full wp-image-21843\" src=\"http:\/\/andreasimonetti.com.br\/wp-content\/uploads\/2019\/10\/MG_1093.jpg\" alt=\"\" width=\"1365\" height=\"2048\" srcset=\"https:\/\/andreasimonetti.com.br\/blog\/wp-content\/uploads\/2019\/10\/MG_1093.jpg 1365w, https:\/\/andreasimonetti.com.br\/blog\/wp-content\/uploads\/2019\/10\/MG_1093-200x300.jpg 200w, https:\/\/andreasimonetti.com.br\/blog\/wp-content\/uploads\/2019\/10\/MG_1093-768x1152.jpg 768w, https:\/\/andreasimonetti.com.br\/blog\/wp-content\/uploads\/2019\/10\/MG_1093-683x1024.jpg 683w, https:\/\/andreasimonetti.com.br\/blog\/wp-content\/uploads\/2019\/10\/MG_1093-1170x1755.jpg 1170w, https:\/\/andreasimonetti.com.br\/blog\/wp-content\/uploads\/2019\/10\/MG_1093-585x878.jpg 585w\" sizes=\"auto, (max-width: 1365px) 100vw, 1365px\" \/><\/p>\n<p><img loading=\"lazy\" decoding=\"async\" class=\"alignnone wp-image-21841 size-full\" src=\"http:\/\/andreasimonetti.com.br\/wp-content\/uploads\/2019\/10\/MG_1117.jpg\" alt=\"\" width=\"1024\" height=\"683\" srcset=\"https:\/\/andreasimonetti.com.br\/blog\/wp-content\/uploads\/2019\/10\/MG_1117.jpg 1024w, https:\/\/andreasimonetti.com.br\/blog\/wp-content\/uploads\/2019\/10\/MG_1117-300x200.jpg 300w, https:\/\/andreasimonetti.com.br\/blog\/wp-content\/uploads\/2019\/10\/MG_1117-768x512.jpg 768w, https:\/\/andreasimonetti.com.br\/blog\/wp-content\/uploads\/2019\/10\/MG_1117-585x390.jpg 585w, https:\/\/andreasimonetti.com.br\/blog\/wp-content\/uploads\/2019\/10\/MG_1117-263x175.jpg 263w\" sizes=\"auto, (max-width: 1024px) 100vw, 1024px\" \/><\/p>\n","protected":false},"excerpt":{"rendered":"<p>Procurando um vestido para uma ocasi\u00e3o especial ? Olha que lindo esse modelo. Aqui combinei com a sand\u00e1lia preta e bolsa da @arezzoboulevardbauru . Look \u00e9 da @raffinestorebauru que leva&hellip;<\/p>\n","protected":false},"author":7,"featured_media":21842,"comment_status":"open","ping_status":"open","sticky":false,"template":"","format":"standard","meta":{"_monsterinsights_skip_tracking":false,"_monsterinsights_sitenote_active":false,"_monsterinsights_sitenote_note":"","_monsterinsights_sitenote_category":0,"footnotes":""},"categories":[1508,2675,3],"tags":[116],"class_list":["post-21839","post","type-post","status-publish","format-standard","has-post-thumbnail","hentry","category-destaque","category-meu-look","category-moda","tag-meu-look-2"],"yoast_head":"<!-- This site is optimized with the Yoast SEO plugin v26.3 - https:\/\/yoast.com\/wordpress\/plugins\/seo\/ -->\n<title>Mais um look lindo da Raffine Store - Andrea Simonetti<\/title>\n<meta name=\"description\" content=\"Look \u00e9 da @raffinestorebauru que leva a sua casa pe\u00e7as exclusivas.\" \/>\n<meta name=\"robots\" content=\"index, follow, max-snippet:-1, max-image-preview:large, max-video-preview:-1\" \/>\n<link rel=\"canonical\" href=\"https:\/\/andreasimonetti.com.br\/blog\/mais-um-look-lindo-da-raffine-store\/\" \/>\n<meta property=\"og:locale\" content=\"pt_BR\" \/>\n<meta property=\"og:type\" content=\"article\" \/>\n<meta property=\"og:title\" content=\"Mais um look lindo da Raffine Store - Andrea Simonetti\" \/>\n<meta property=\"og:description\" content=\"Look \u00e9 da @raffinestorebauru que leva a sua casa pe\u00e7as exclusivas.\" \/>\n<meta property=\"og:url\" content=\"https:\/\/andreasimonetti.com.br\/blog\/mais-um-look-lindo-da-raffine-store\/\" \/>\n<meta property=\"og:site_name\" content=\"Andrea Simonetti\" \/>\n<meta property=\"article:publisher\" content=\"https:\/\/www.facebook.com\/blogdaandreasimonetti\/\" \/>\n<meta property=\"article:author\" content=\"https:\/\/www.facebook.com\/blogdaandreasimonetti\/\" \/>\n<meta property=\"article:published_time\" content=\"2019-10-28T21:39:06+00:00\" \/>\n<meta property=\"og:image\" content=\"https:\/\/andreasimonetti.com.br\/blog\/wp-content\/uploads\/2019\/10\/72377053_2437473369670632_5867826049697447936_n-1.jpg\" \/>\n\t<meta property=\"og:image:width\" content=\"768\" \/>\n\t<meta property=\"og:image:height\" content=\"960\" \/>\n\t<meta property=\"og:image:type\" content=\"image\/jpeg\" \/>\n<meta name=\"author\" content=\"Andrea Simonetti\" \/>\n<meta name=\"twitter:card\" content=\"summary_large_image\" \/>\n<meta name=\"twitter:creator\" content=\"@https:\/\/twitter.com\/Andrea_Simoneti\" \/>\n<meta name=\"twitter:site\" content=\"@Andrea_Simoneti\" \/>\n<meta name=\"twitter:label1\" content=\"Escrito por\" \/>\n\t<meta name=\"twitter:data1\" content=\"Andrea Simonetti\" \/>\n<!-- \/ Yoast SEO plugin. -->","yoast_head_json":{"title":"Mais um look lindo da Raffine Store - Andrea Simonetti","description":"Look \u00e9 da @raffinestorebauru que leva a sua casa pe\u00e7as exclusivas.","robots":{"index":"index","follow":"follow","max-snippet":"max-snippet:-1","max-image-preview":"max-image-preview:large","max-video-preview":"max-video-preview:-1"},"canonical":"https:\/\/andreasimonetti.com.br\/blog\/mais-um-look-lindo-da-raffine-store\/","og_locale":"pt_BR","og_type":"article","og_title":"Mais um look lindo da Raffine Store - Andrea Simonetti","og_description":"Look \u00e9 da @raffinestorebauru que leva a sua casa pe\u00e7as exclusivas.","og_url":"https:\/\/andreasimonetti.com.br\/blog\/mais-um-look-lindo-da-raffine-store\/","og_site_name":"Andrea Simonetti","article_publisher":"https:\/\/www.facebook.com\/blogdaandreasimonetti\/","article_author":"https:\/\/www.facebook.com\/blogdaandreasimonetti\/","article_published_time":"2019-10-28T21:39:06+00:00","og_image":[{"width":768,"height":960,"url":"https:\/\/andreasimonetti.com.br\/blog\/wp-content\/uploads\/2019\/10\/72377053_2437473369670632_5867826049697447936_n-1.jpg","type":"image\/jpeg"}],"author":"Andrea Simonetti","twitter_card":"summary_large_image","twitter_creator":"@https:\/\/twitter.com\/Andrea_Simoneti","twitter_site":"@Andrea_Simoneti","twitter_misc":{"Escrito por":"Andrea Simonetti"},"schema":{"@context":"https:\/\/schema.org","@graph":[{"@type":"WebPage","@id":"https:\/\/andreasimonetti.com.br\/blog\/mais-um-look-lindo-da-raffine-store\/","url":"https:\/\/andreasimonetti.com.br\/blog\/mais-um-look-lindo-da-raffine-store\/","name":"Mais um look lindo da Raffine Store - Andrea Simonetti","isPartOf":{"@id":"https:\/\/andreasimonetti.com.br\/blog\/#website"},"primaryImageOfPage":{"@id":"https:\/\/andreasimonetti.com.br\/blog\/mais-um-look-lindo-da-raffine-store\/#primaryimage"},"image":{"@id":"https:\/\/andreasimonetti.com.br\/blog\/mais-um-look-lindo-da-raffine-store\/#primaryimage"},"thumbnailUrl":"https:\/\/andreasimonetti.com.br\/blog\/wp-content\/uploads\/2019\/10\/72377053_2437473369670632_5867826049697447936_n-1.jpg","datePublished":"2019-10-28T21:39:06+00:00","author":{"@id":"https:\/\/andreasimonetti.com.br\/blog\/#\/schema\/person\/254f763c24ac288e27ea738a7366ad2a"},"description":"Look \u00e9 da @raffinestorebauru que leva a sua casa pe\u00e7as exclusivas.","breadcrumb":{"@id":"https:\/\/andreasimonetti.com.br\/blog\/mais-um-look-lindo-da-raffine-store\/#breadcrumb"},"inLanguage":"pt-BR","potentialAction":[{"@type":"ReadAction","target":["https:\/\/andreasimonetti.com.br\/blog\/mais-um-look-lindo-da-raffine-store\/"]}]},{"@type":"ImageObject","inLanguage":"pt-BR","@id":"https:\/\/andreasimonetti.com.br\/blog\/mais-um-look-lindo-da-raffine-store\/#primaryimage","url":"https:\/\/andreasimonetti.com.br\/blog\/wp-content\/uploads\/2019\/10\/72377053_2437473369670632_5867826049697447936_n-1.jpg","contentUrl":"https:\/\/andreasimonetti.com.br\/blog\/wp-content\/uploads\/2019\/10\/72377053_2437473369670632_5867826049697447936_n-1.jpg","width":768,"height":960},{"@type":"BreadcrumbList","@id":"https:\/\/andreasimonetti.com.br\/blog\/mais-um-look-lindo-da-raffine-store\/#breadcrumb","itemListElement":[{"@type":"ListItem","position":1,"name":"In\u00edcio","item":"https:\/\/andreasimonetti.com.br\/blog\/"},{"@type":"ListItem","position":2,"name":"Mais um look lindo da Raffine Store"}]},{"@type":"WebSite","@id":"https:\/\/andreasimonetti.com.br\/blog\/#website","url":"https:\/\/andreasimonetti.com.br\/blog\/","name":"Andrea Simonetti","description":"","potentialAction":[{"@type":"SearchAction","target":{"@type":"EntryPoint","urlTemplate":"https:\/\/andreasimonetti.com.br\/blog\/?s={search_term_string}"},"query-input":{"@type":"PropertyValueSpecification","valueRequired":true,"valueName":"search_term_string"}}],"inLanguage":"pt-BR"},{"@type":"Person","@id":"https:\/\/andreasimonetti.com.br\/blog\/#\/schema\/person\/254f763c24ac288e27ea738a7366ad2a","name":"Andrea Simonetti","image":{"@type":"ImageObject","inLanguage":"pt-BR","@id":"https:\/\/andreasimonetti.com.br\/blog\/#\/schema\/person\/image\/","url":"https:\/\/andreasimonetti.com.br\/blog\/wp-content\/uploads\/2018\/04\/andrea-simonetti-96x96.png","contentUrl":"https:\/\/andreasimonetti.com.br\/blog\/wp-content\/uploads\/2018\/04\/andrea-simonetti-96x96.png","caption":"Andrea Simonetti"},"description":"Sou formada em Administra\u00e7\u00e3o de Empresas, Produ\u00e7\u00e3o de Moda pelo SENAC e Consultoria de Estilo. Sou fascinada por moda desde sempre, adoro ver as pessoas produzidas e de bem com a vida. Moda \u00e9 o meu assunto preferido. Comecei meu blog em 2011, ele cresceu e hoje \u00e9 um site bem mais abrangente, onde eu falo sobre moda e meu trabalho de consultora de estilo. E falo tamb\u00e9m sobre a minha experi\u00eancia de vida. Mas antes de tudo, acredito num Deus Soberano que nos guia e aben\u00e7oa, o tempo todo!","sameAs":["https:\/\/www.andreasimonetti.com.br\/","https:\/\/www.facebook.com\/blogdaandreasimonetti\/","https:\/\/www.instagram.com\/andrea_simonetti\/","https:\/\/br.pinterest.com\/BlogAndrea\/","https:\/\/x.com\/https:\/\/twitter.com\/Andrea_Simoneti"],"url":"https:\/\/andreasimonetti.com.br\/blog\/author\/andrea\/"}]}},"_links":{"self":[{"href":"https:\/\/andreasimonetti.com.br\/blog\/wp-json\/wp\/v2\/posts\/21839","targetHints":{"allow":["GET"]}}],"collection":[{"href":"https:\/\/andreasimonetti.com.br\/blog\/wp-json\/wp\/v2\/posts"}],"about":[{"href":"https:\/\/andreasimonetti.com.br\/blog\/wp-json\/wp\/v2\/types\/post"}],"author":[{"embeddable":true,"href":"https:\/\/andreasimonetti.com.br\/blog\/wp-json\/wp\/v2\/users\/7"}],"replies":[{"embeddable":true,"href":"https:\/\/andreasimonetti.com.br\/blog\/wp-json\/wp\/v2\/comments?post=21839"}],"version-history":[{"count":2,"href":"https:\/\/andreasimonetti.com.br\/blog\/wp-json\/wp\/v2\/posts\/21839\/revisions"}],"predecessor-version":[{"id":21845,"href":"https:\/\/andreasimonetti.com.br\/blog\/wp-json\/wp\/v2\/posts\/21839\/revisions\/21845"}],"wp:featuredmedia":[{"embeddable":true,"href":"https:\/\/andreasimonetti.com.br\/blog\/wp-json\/wp\/v2\/media\/21842"}],"wp:attachment":[{"href":"https:\/\/andreasimonetti.com.br\/blog\/wp-json\/wp\/v2\/media?parent=21839"}],"wp:term":[{"taxonomy":"category","embeddable":true,"href":"https:\/\/andreasimonetti.com.br\/blog\/wp-json\/wp\/v2\/categories?post=21839"},{"taxonomy":"post_tag","embeddable":true,"href":"https:\/\/andreasimonetti.com.br\/blog\/wp-json\/wp\/v2\/tags?post=21839"}],"curies":[{"name":"wp","href":"https:\/\/api.w.org\/{rel}","templated":true}]}}