{"id":21415,"date":"2019-06-24T20:58:21","date_gmt":"2019-06-24T23:58:21","guid":{"rendered":"https:\/\/www.andreasimonetti.com.br\/?p=21415"},"modified":"2019-06-24T21:00:23","modified_gmt":"2019-06-25T00:00:23","slug":"cardiga-e-xale-para-um-inverno-tropical","status":"publish","type":"post","link":"https:\/\/andreasimonetti.com.br\/blog\/cardiga-e-xale-para-um-inverno-tropical\/","title":{"rendered":"Cardig\u00e3 e xale para um inverno tropical"},"content":{"rendered":"<p>Os cardig\u00e3s e os xales s\u00e3o perfeitos para o nosso inverno de clima tropical e que n\u00e3o exige roupas pesadas. A noite e pela manh\u00e3 bem cedinho \u00e9 quando as temperaturas est\u00e3o mais frias e a\u00ed um cardig\u00e3 e um xale, que podemos carregar na bolsa, s\u00e3o indispens\u00e1veis.<\/p>\n<p>Eles se apresentam em in\u00fameros modelos para compor os mais variados looks.<\/p>\n<p><strong>Preparei um look \u00a0total black com 03 propostas<\/strong> :<\/p>\n<ol>\n<li>Cardig\u00e3 curto : look mais neutro.<\/li>\n<li>Xale em viscose com estampa floral e franja, que proporciona sofistica\u00e7\u00e3o. Combinei com o scarpin.<\/li>\n<li>Cardig\u00e3 cinza : look mais casual.<\/li>\n<\/ol>\n<p>Vejam que usei uma meia fina em po\u00e1 que tamb\u00e9m deu um destaque nos looks.<\/p>\n<p><img loading=\"lazy\" decoding=\"async\" class=\"alignnone wp-image-21417 size-full\" src=\"https:\/\/www.andreasimonetti.com.br\/wp-content\/uploads\/2019\/06\/MG_5966.jpg\" alt=\"Look total black da Absolutti \" width=\"1365\" height=\"2048\" srcset=\"https:\/\/andreasimonetti.com.br\/blog\/wp-content\/uploads\/2019\/06\/MG_5966.jpg 1365w, https:\/\/andreasimonetti.com.br\/blog\/wp-content\/uploads\/2019\/06\/MG_5966-200x300.jpg 200w, https:\/\/andreasimonetti.com.br\/blog\/wp-content\/uploads\/2019\/06\/MG_5966-768x1152.jpg 768w, https:\/\/andreasimonetti.com.br\/blog\/wp-content\/uploads\/2019\/06\/MG_5966-683x1024.jpg 683w, https:\/\/andreasimonetti.com.br\/blog\/wp-content\/uploads\/2019\/06\/MG_5966-1170x1755.jpg 1170w, https:\/\/andreasimonetti.com.br\/blog\/wp-content\/uploads\/2019\/06\/MG_5966-585x878.jpg 585w\" sizes=\"auto, (max-width: 1365px) 100vw, 1365px\" \/><\/p>\n<p><img loading=\"lazy\" decoding=\"async\" class=\"alignnone wp-image-21420 size-full\" src=\"https:\/\/www.andreasimonetti.com.br\/wp-content\/uploads\/2019\/06\/page-5.jpg\" alt=\"Look total black da Absolutti \/ Meia fina poa \" width=\"900\" height=\"900\" srcset=\"https:\/\/andreasimonetti.com.br\/blog\/wp-content\/uploads\/2019\/06\/page-5.jpg 900w, https:\/\/andreasimonetti.com.br\/blog\/wp-content\/uploads\/2019\/06\/page-5-150x150.jpg 150w, https:\/\/andreasimonetti.com.br\/blog\/wp-content\/uploads\/2019\/06\/page-5-300x300.jpg 300w, https:\/\/andreasimonetti.com.br\/blog\/wp-content\/uploads\/2019\/06\/page-5-768x768.jpg 768w, https:\/\/andreasimonetti.com.br\/blog\/wp-content\/uploads\/2019\/06\/page-5-585x585.jpg 585w, https:\/\/andreasimonetti.com.br\/blog\/wp-content\/uploads\/2019\/06\/page-5-640x640.jpg 640w\" sizes=\"auto, (max-width: 900px) 100vw, 900px\" \/><\/p>\n<p><img loading=\"lazy\" decoding=\"async\" class=\"alignnone wp-image-21423 size-full\" src=\"https:\/\/www.andreasimonetti.com.br\/wp-content\/uploads\/2019\/06\/MG_5980.jpg\" alt=\"Look da Absolutti \/ Xale \" width=\"1365\" height=\"2048\" srcset=\"https:\/\/andreasimonetti.com.br\/blog\/wp-content\/uploads\/2019\/06\/MG_5980.jpg 1365w, https:\/\/andreasimonetti.com.br\/blog\/wp-content\/uploads\/2019\/06\/MG_5980-200x300.jpg 200w, https:\/\/andreasimonetti.com.br\/blog\/wp-content\/uploads\/2019\/06\/MG_5980-768x1152.jpg 768w, https:\/\/andreasimonetti.com.br\/blog\/wp-content\/uploads\/2019\/06\/MG_5980-683x1024.jpg 683w, https:\/\/andreasimonetti.com.br\/blog\/wp-content\/uploads\/2019\/06\/MG_5980-1170x1755.jpg 1170w, https:\/\/andreasimonetti.com.br\/blog\/wp-content\/uploads\/2019\/06\/MG_5980-585x878.jpg 585w\" sizes=\"auto, (max-width: 1365px) 100vw, 1365px\" \/><\/p>\n<p>&nbsp;<\/p>\n<p><img loading=\"lazy\" decoding=\"async\" class=\"alignnone wp-image-21421 size-full\" src=\"https:\/\/www.andreasimonetti.com.br\/wp-content\/uploads\/2019\/06\/page11.jpg\" alt=\"Look  Absolutti \/ Meia fina com scarpin vermelha\" width=\"900\" height=\"800\" srcset=\"https:\/\/andreasimonetti.com.br\/blog\/wp-content\/uploads\/2019\/06\/page11.jpg 900w, https:\/\/andreasimonetti.com.br\/blog\/wp-content\/uploads\/2019\/06\/page11-300x267.jpg 300w, https:\/\/andreasimonetti.com.br\/blog\/wp-content\/uploads\/2019\/06\/page11-768x683.jpg 768w, https:\/\/andreasimonetti.com.br\/blog\/wp-content\/uploads\/2019\/06\/page11-585x520.jpg 585w\" sizes=\"auto, (max-width: 900px) 100vw, 900px\" \/><\/p>\n<p><img loading=\"lazy\" decoding=\"async\" class=\"alignnone wp-image-21419 size-full\" src=\"https:\/\/www.andreasimonetti.com.br\/wp-content\/uploads\/2019\/06\/MG_5976.jpg\" alt=\"Look Absoluti \" width=\"1365\" height=\"2048\" srcset=\"https:\/\/andreasimonetti.com.br\/blog\/wp-content\/uploads\/2019\/06\/MG_5976.jpg 1365w, https:\/\/andreasimonetti.com.br\/blog\/wp-content\/uploads\/2019\/06\/MG_5976-200x300.jpg 200w, https:\/\/andreasimonetti.com.br\/blog\/wp-content\/uploads\/2019\/06\/MG_5976-768x1152.jpg 768w, https:\/\/andreasimonetti.com.br\/blog\/wp-content\/uploads\/2019\/06\/MG_5976-683x1024.jpg 683w, https:\/\/andreasimonetti.com.br\/blog\/wp-content\/uploads\/2019\/06\/MG_5976-1170x1755.jpg 1170w, https:\/\/andreasimonetti.com.br\/blog\/wp-content\/uploads\/2019\/06\/MG_5976-585x878.jpg 585w\" sizes=\"auto, (max-width: 1365px) 100vw, 1365px\" \/><\/p>\n<p><img loading=\"lazy\" decoding=\"async\" class=\"alignnone wp-image-21422 size-full\" src=\"https:\/\/www.andreasimonetti.com.br\/wp-content\/uploads\/2019\/06\/page9.jpg\" alt=\"Scarpin Carmim \" width=\"900\" height=\"900\" srcset=\"https:\/\/andreasimonetti.com.br\/blog\/wp-content\/uploads\/2019\/06\/page9.jpg 900w, https:\/\/andreasimonetti.com.br\/blog\/wp-content\/uploads\/2019\/06\/page9-150x150.jpg 150w, https:\/\/andreasimonetti.com.br\/blog\/wp-content\/uploads\/2019\/06\/page9-300x300.jpg 300w, https:\/\/andreasimonetti.com.br\/blog\/wp-content\/uploads\/2019\/06\/page9-768x768.jpg 768w, https:\/\/andreasimonetti.com.br\/blog\/wp-content\/uploads\/2019\/06\/page9-585x585.jpg 585w, https:\/\/andreasimonetti.com.br\/blog\/wp-content\/uploads\/2019\/06\/page9-640x640.jpg 640w\" sizes=\"auto, (max-width: 900px) 100vw, 900px\" \/><\/p>\n<p>Cr\u00e9ditos:<\/p>\n<ul>\n<li>Cal\u00e7a, regata, xale e cardig\u00e3 da<a href=\"ttps:\/\/www.absolutti.com.br\"> Absolutti<\/a>\u00a0<\/li>\n<li>Scarpin preto e branco da Carmim<\/li>\n<li>Scarpin vermelho Arezzo\u00a0<\/li>\n<li>Bolsa Carmim\u00a0<\/li>\n<li>Meia Lupo\u00a0<\/li>\n<li>Foto &#8211; Fotografando\u00a0<\/li>\n<\/ul>\n<p>&nbsp;<\/p>\n","protected":false},"excerpt":{"rendered":"<p>Os cardig\u00e3s e os xales s\u00e3o perfeitos para o nosso inverno de clima tropical e que n\u00e3o exige roupas pesadas. A noite e pela manh\u00e3 bem cedinho \u00e9 quando as&hellip;<\/p>\n","protected":false},"author":7,"featured_media":21425,"comment_status":"open","ping_status":"open","sticky":false,"template":"","format":"standard","meta":{"_monsterinsights_skip_tracking":false,"_monsterinsights_sitenote_active":false,"_monsterinsights_sitenote_note":"","_monsterinsights_sitenote_category":0,"footnotes":""},"categories":[1508,2675,3],"tags":[2873,2872,2874,2875],"class_list":["post-21415","post","type-post","status-publish","format-standard","has-post-thumbnail","hentry","category-destaque","category-meu-look","category-moda","tag-absolutti","tag-cardiga-e-xale-para-um-inverno-tropical","tag-meia-lupo","tag-scarpin-carmim"],"yoast_head":"<!-- This site is optimized with the Yoast SEO plugin v26.3 - https:\/\/yoast.com\/wordpress\/plugins\/seo\/ -->\n<title>Cardig\u00e3 e xale para um inverno tropical - Andrea Simonetti<\/title>\n<meta name=\"description\" content=\"Os cardig\u00e3s e os xales s\u00e3o perfeitos para o nosso inverno de clima tropical e que n\u00e3o exige roupas pesadas.\" \/>\n<meta name=\"robots\" content=\"index, follow, max-snippet:-1, max-image-preview:large, max-video-preview:-1\" \/>\n<link rel=\"canonical\" href=\"https:\/\/andreasimonetti.com.br\/blog\/cardiga-e-xale-para-um-inverno-tropical\/\" \/>\n<meta property=\"og:locale\" content=\"pt_BR\" \/>\n<meta property=\"og:type\" content=\"article\" \/>\n<meta property=\"og:title\" content=\"Cardig\u00e3 e xale para um inverno tropical - Andrea Simonetti\" \/>\n<meta property=\"og:description\" content=\"Os cardig\u00e3s e os xales s\u00e3o perfeitos para o nosso inverno de clima tropical e que n\u00e3o exige roupas pesadas.\" \/>\n<meta property=\"og:url\" content=\"https:\/\/andreasimonetti.com.br\/blog\/cardiga-e-xale-para-um-inverno-tropical\/\" \/>\n<meta property=\"og:site_name\" content=\"Andrea Simonetti\" \/>\n<meta property=\"article:publisher\" content=\"https:\/\/www.facebook.com\/blogdaandreasimonetti\/\" \/>\n<meta property=\"article:author\" content=\"https:\/\/www.facebook.com\/blogdaandreasimonetti\/\" \/>\n<meta property=\"article:published_time\" content=\"2019-06-24T23:58:21+00:00\" \/>\n<meta property=\"article:modified_time\" content=\"2019-06-25T00:00:23+00:00\" \/>\n<meta property=\"og:image\" content=\"https:\/\/andreasimonetti.com.br\/blog\/wp-content\/uploads\/2019\/06\/page-3.jpg\" \/>\n\t<meta property=\"og:image:width\" content=\"900\" \/>\n\t<meta property=\"og:image:height\" content=\"900\" \/>\n\t<meta property=\"og:image:type\" content=\"image\/jpeg\" \/>\n<meta name=\"author\" content=\"Andrea Simonetti\" \/>\n<meta name=\"twitter:card\" content=\"summary_large_image\" \/>\n<meta name=\"twitter:creator\" content=\"@https:\/\/twitter.com\/Andrea_Simoneti\" \/>\n<meta name=\"twitter:site\" content=\"@Andrea_Simoneti\" \/>\n<meta name=\"twitter:label1\" content=\"Escrito por\" \/>\n\t<meta name=\"twitter:data1\" content=\"Andrea Simonetti\" \/>\n\t<meta name=\"twitter:label2\" content=\"Est. tempo de leitura\" \/>\n\t<meta name=\"twitter:data2\" content=\"1 minuto\" \/>\n<!-- \/ Yoast SEO plugin. -->","yoast_head_json":{"title":"Cardig\u00e3 e xale para um inverno tropical - Andrea Simonetti","description":"Os cardig\u00e3s e os xales s\u00e3o perfeitos para o nosso inverno de clima tropical e que n\u00e3o exige roupas pesadas.","robots":{"index":"index","follow":"follow","max-snippet":"max-snippet:-1","max-image-preview":"max-image-preview:large","max-video-preview":"max-video-preview:-1"},"canonical":"https:\/\/andreasimonetti.com.br\/blog\/cardiga-e-xale-para-um-inverno-tropical\/","og_locale":"pt_BR","og_type":"article","og_title":"Cardig\u00e3 e xale para um inverno tropical - Andrea Simonetti","og_description":"Os cardig\u00e3s e os xales s\u00e3o perfeitos para o nosso inverno de clima tropical e que n\u00e3o exige roupas pesadas.","og_url":"https:\/\/andreasimonetti.com.br\/blog\/cardiga-e-xale-para-um-inverno-tropical\/","og_site_name":"Andrea Simonetti","article_publisher":"https:\/\/www.facebook.com\/blogdaandreasimonetti\/","article_author":"https:\/\/www.facebook.com\/blogdaandreasimonetti\/","article_published_time":"2019-06-24T23:58:21+00:00","article_modified_time":"2019-06-25T00:00:23+00:00","og_image":[{"width":900,"height":900,"url":"https:\/\/andreasimonetti.com.br\/blog\/wp-content\/uploads\/2019\/06\/page-3.jpg","type":"image\/jpeg"}],"author":"Andrea Simonetti","twitter_card":"summary_large_image","twitter_creator":"@https:\/\/twitter.com\/Andrea_Simoneti","twitter_site":"@Andrea_Simoneti","twitter_misc":{"Escrito por":"Andrea Simonetti","Est. tempo de leitura":"1 minuto"},"schema":{"@context":"https:\/\/schema.org","@graph":[{"@type":"WebPage","@id":"https:\/\/andreasimonetti.com.br\/blog\/cardiga-e-xale-para-um-inverno-tropical\/","url":"https:\/\/andreasimonetti.com.br\/blog\/cardiga-e-xale-para-um-inverno-tropical\/","name":"Cardig\u00e3 e xale para um inverno tropical - Andrea Simonetti","isPartOf":{"@id":"https:\/\/andreasimonetti.com.br\/blog\/#website"},"primaryImageOfPage":{"@id":"https:\/\/andreasimonetti.com.br\/blog\/cardiga-e-xale-para-um-inverno-tropical\/#primaryimage"},"image":{"@id":"https:\/\/andreasimonetti.com.br\/blog\/cardiga-e-xale-para-um-inverno-tropical\/#primaryimage"},"thumbnailUrl":"https:\/\/andreasimonetti.com.br\/blog\/wp-content\/uploads\/2019\/06\/page-3.jpg","datePublished":"2019-06-24T23:58:21+00:00","dateModified":"2019-06-25T00:00:23+00:00","author":{"@id":"https:\/\/andreasimonetti.com.br\/blog\/#\/schema\/person\/254f763c24ac288e27ea738a7366ad2a"},"description":"Os cardig\u00e3s e os xales s\u00e3o perfeitos para o nosso inverno de clima tropical e que n\u00e3o exige roupas pesadas.","breadcrumb":{"@id":"https:\/\/andreasimonetti.com.br\/blog\/cardiga-e-xale-para-um-inverno-tropical\/#breadcrumb"},"inLanguage":"pt-BR","potentialAction":[{"@type":"ReadAction","target":["https:\/\/andreasimonetti.com.br\/blog\/cardiga-e-xale-para-um-inverno-tropical\/"]}]},{"@type":"ImageObject","inLanguage":"pt-BR","@id":"https:\/\/andreasimonetti.com.br\/blog\/cardiga-e-xale-para-um-inverno-tropical\/#primaryimage","url":"https:\/\/andreasimonetti.com.br\/blog\/wp-content\/uploads\/2019\/06\/page-3.jpg","contentUrl":"https:\/\/andreasimonetti.com.br\/blog\/wp-content\/uploads\/2019\/06\/page-3.jpg","width":900,"height":900},{"@type":"BreadcrumbList","@id":"https:\/\/andreasimonetti.com.br\/blog\/cardiga-e-xale-para-um-inverno-tropical\/#breadcrumb","itemListElement":[{"@type":"ListItem","position":1,"name":"In\u00edcio","item":"https:\/\/andreasimonetti.com.br\/blog\/"},{"@type":"ListItem","position":2,"name":"Cardig\u00e3 e xale para um inverno tropical"}]},{"@type":"WebSite","@id":"https:\/\/andreasimonetti.com.br\/blog\/#website","url":"https:\/\/andreasimonetti.com.br\/blog\/","name":"Andrea Simonetti","description":"","potentialAction":[{"@type":"SearchAction","target":{"@type":"EntryPoint","urlTemplate":"https:\/\/andreasimonetti.com.br\/blog\/?s={search_term_string}"},"query-input":{"@type":"PropertyValueSpecification","valueRequired":true,"valueName":"search_term_string"}}],"inLanguage":"pt-BR"},{"@type":"Person","@id":"https:\/\/andreasimonetti.com.br\/blog\/#\/schema\/person\/254f763c24ac288e27ea738a7366ad2a","name":"Andrea Simonetti","image":{"@type":"ImageObject","inLanguage":"pt-BR","@id":"https:\/\/andreasimonetti.com.br\/blog\/#\/schema\/person\/image\/","url":"https:\/\/andreasimonetti.com.br\/blog\/wp-content\/uploads\/2018\/04\/andrea-simonetti-96x96.png","contentUrl":"https:\/\/andreasimonetti.com.br\/blog\/wp-content\/uploads\/2018\/04\/andrea-simonetti-96x96.png","caption":"Andrea Simonetti"},"description":"Sou formada em Administra\u00e7\u00e3o de Empresas, Produ\u00e7\u00e3o de Moda pelo SENAC e Consultoria de Estilo. Sou fascinada por moda desde sempre, adoro ver as pessoas produzidas e de bem com a vida. Moda \u00e9 o meu assunto preferido. Comecei meu blog em 2011, ele cresceu e hoje \u00e9 um site bem mais abrangente, onde eu falo sobre moda e meu trabalho de consultora de estilo. E falo tamb\u00e9m sobre a minha experi\u00eancia de vida. Mas antes de tudo, acredito num Deus Soberano que nos guia e aben\u00e7oa, o tempo todo!","sameAs":["https:\/\/www.andreasimonetti.com.br\/","https:\/\/www.facebook.com\/blogdaandreasimonetti\/","https:\/\/www.instagram.com\/andrea_simonetti\/","https:\/\/br.pinterest.com\/BlogAndrea\/","https:\/\/x.com\/https:\/\/twitter.com\/Andrea_Simoneti"],"url":"https:\/\/andreasimonetti.com.br\/blog\/author\/andrea\/"}]}},"_links":{"self":[{"href":"https:\/\/andreasimonetti.com.br\/blog\/wp-json\/wp\/v2\/posts\/21415","targetHints":{"allow":["GET"]}}],"collection":[{"href":"https:\/\/andreasimonetti.com.br\/blog\/wp-json\/wp\/v2\/posts"}],"about":[{"href":"https:\/\/andreasimonetti.com.br\/blog\/wp-json\/wp\/v2\/types\/post"}],"author":[{"embeddable":true,"href":"https:\/\/andreasimonetti.com.br\/blog\/wp-json\/wp\/v2\/users\/7"}],"replies":[{"embeddable":true,"href":"https:\/\/andreasimonetti.com.br\/blog\/wp-json\/wp\/v2\/comments?post=21415"}],"version-history":[{"count":0,"href":"https:\/\/andreasimonetti.com.br\/blog\/wp-json\/wp\/v2\/posts\/21415\/revisions"}],"wp:featuredmedia":[{"embeddable":true,"href":"https:\/\/andreasimonetti.com.br\/blog\/wp-json\/wp\/v2\/media\/21425"}],"wp:attachment":[{"href":"https:\/\/andreasimonetti.com.br\/blog\/wp-json\/wp\/v2\/media?parent=21415"}],"wp:term":[{"taxonomy":"category","embeddable":true,"href":"https:\/\/andreasimonetti.com.br\/blog\/wp-json\/wp\/v2\/categories?post=21415"},{"taxonomy":"post_tag","embeddable":true,"href":"https:\/\/andreasimonetti.com.br\/blog\/wp-json\/wp\/v2\/tags?post=21415"}],"curies":[{"name":"wp","href":"https:\/\/api.w.org\/{rel}","templated":true}]}}