{"id":21239,"date":"2019-05-20T20:51:35","date_gmt":"2019-05-20T23:51:35","guid":{"rendered":"https:\/\/www.andreasimonetti.com.br\/?p=21239"},"modified":"2019-05-20T20:51:35","modified_gmt":"2019-05-20T23:51:35","slug":"conheci-a-bioplastia-da-lowell-na-damme-bauru","status":"publish","type":"post","link":"https:\/\/andreasimonetti.com.br\/blog\/conheci-a-bioplastia-da-lowell-na-damme-bauru\/","title":{"rendered":"Conheci a Bioplastia da Lowell na Damme Bauru"},"content":{"rendered":"<h3>Conheci a Bioplastia da Lowell na Damme Bauru<\/h3>\n<p>Em comemora\u00e7\u00e3o ao Dia das M\u00e3es a <a href=\"https:\/\/www.andreasimonetti.com.br\/01-ano-da-damme-esmalteria-em-bauru\/\">Damme Esmalteria<\/a> e Escovaria preparou um evento especial de beleza em parceria com a Lowell. Foi incr\u00edvel !<\/p>\n<p>Durante um dia inteiro quem passou pela Damme ganhou tratamentos especiais para os cabelos.<\/p>\n<p>A t\u00e9cnica da Lowell, Joana Costa, indicou a Bioplasia Capilar para meu cabelo.<\/p>\n<p><span style=\"font-family: arial, helvetica, sans-serif; color: #ff6600;\">&#8220;Para quem n\u00e3o conhece, a Bioplastia \u00e9 um processo inovador que devolve a maleabilidade, a elasticidade, o brilho e a maciez dos cabelos. Com poder reconstrutor, rep\u00f5e a massa perdida dos fios e sela completamente as cut\u00edculas. Possui a\u00e7\u00e3o imediata e \u00e9 indicada como pr\u00e9 e p\u00f3s em qualquer tratamento qu\u00edmico&#8217;.<\/span><\/p>\n<p>O Shampoo de Pr\u00e9 Tratamento limpa sem ressecar e prepara a fibra para a reposi\u00e7\u00e3o capilar. Sua f\u00f3rmula permite brilho e hidrata\u00e7\u00e3o devido grande variedade de amino\u00e1cidos, vitaminas e minerais al\u00e9m de promover restaura\u00e7\u00e3o dos fios.\u00a0<\/p>\n<p>O Creme Repositor de Massa reconstr\u00f3i e restaura os fios de cabelos com danos muito severos al\u00e9m de repor a massa perdida. Sua f\u00f3rmula reconstr\u00f3i e aumenta a resist\u00eancia dos fios al\u00e9m de promover maciez e balan\u00e7o natural aos fios.<\/p>\n<p>Recupera completamente os fios quebradi\u00e7os, ressecados e emborrachados, al\u00e9m de possuir a\u00e7\u00e3o selante imediata e prevenir o surgimento de pontas duplas.&#8221;<\/p>\n<p><strong>Modo De Usar:<\/strong><\/p>\n<p>Ap\u00f3s lavar o cabelo com o Shampoo Lowell Bioplastia Pr\u00e9-Tratamento, remova o excesso de umidade e aplique Complexo Reconstrutor Lowell Bioplastia nas mechas mais danificadas. Com o aux\u00edlio de um pente, desembarace e aplique o Creme Repositor Lowell Bioplastia evitando a raiz. Enx\u00e1g\u00fce completamente.\u00a0<\/p>\n<p>Estou sentindo meu cabelo super hidratado e com menos frizz.<\/p>\n<p>\u00a0A Damme Esmalteria oferece a Bioplastia Capilar com os produtos Lowell.\u00a0<\/p>\n<p>Experimente esse tratamento e comprove os resultados nos cabelos.<\/p>\n<div id=\"attachment_21242\" style=\"width: 810px\" class=\"wp-caption alignnone\"><img loading=\"lazy\" decoding=\"async\" aria-describedby=\"caption-attachment-21242\" class=\"size-full wp-image-21242\" src=\"https:\/\/www.andreasimonetti.com.br\/wp-content\/uploads\/2019\/05\/page-1.jpg\" alt=\"\" width=\"800\" height=\"800\" srcset=\"https:\/\/andreasimonetti.com.br\/blog\/wp-content\/uploads\/2019\/05\/page-1.jpg 800w, https:\/\/andreasimonetti.com.br\/blog\/wp-content\/uploads\/2019\/05\/page-1-150x150.jpg 150w, https:\/\/andreasimonetti.com.br\/blog\/wp-content\/uploads\/2019\/05\/page-1-300x300.jpg 300w, https:\/\/andreasimonetti.com.br\/blog\/wp-content\/uploads\/2019\/05\/page-1-768x768.jpg 768w, https:\/\/andreasimonetti.com.br\/blog\/wp-content\/uploads\/2019\/05\/page-1-585x585.jpg 585w, https:\/\/andreasimonetti.com.br\/blog\/wp-content\/uploads\/2019\/05\/page-1-640x640.jpg 640w\" sizes=\"auto, (max-width: 800px) 100vw, 800px\" \/><p id=\"caption-attachment-21242\" class=\"wp-caption-text\">Kit Cont\u00c9M:<br \/>\n01 &#8211; Lowell Shampoo Pr\u00c9 Tratamento 1000ML *Uso Profissional*<br \/>\n01 &#8211; Lowell Creme Repositor 900G *Uso Profissional*<br \/>\n01 &#8211; Lowell Complexo Reconstrutor 100G *Uso Profissional*<\/p><\/div> <div id=\"attachment_21243\" style=\"width: 810px\" class=\"wp-caption alignnone\"><img loading=\"lazy\" decoding=\"async\" aria-describedby=\"caption-attachment-21243\" class=\"wp-image-21243\" src=\"https:\/\/www.andreasimonetti.com.br\/wp-content\/uploads\/2019\/05\/60011762_2276365419110313_9076924960710066176_n.jpg\" alt=\"Bioplastia Lowell \" width=\"800\" height=\"1422\" srcset=\"https:\/\/andreasimonetti.com.br\/blog\/wp-content\/uploads\/2019\/05\/60011762_2276365419110313_9076924960710066176_n.jpg 540w, https:\/\/andreasimonetti.com.br\/blog\/wp-content\/uploads\/2019\/05\/60011762_2276365419110313_9076924960710066176_n-169x300.jpg 169w\" sizes=\"auto, (max-width: 800px) 100vw, 800px\" \/><p id=\"caption-attachment-21243\" class=\"wp-caption-text\">Damme Bauru<\/p><\/div>\n<p><strong>A Damme Bauru fica na Rua Neder Issa, 2-60, Galeria 53<\/strong><\/p>\n<p><strong> Vila Guedes de Azevedo<\/strong><\/p>\n<p><strong> Fone (14) 3208-4674<\/strong><\/p>\n","protected":false},"excerpt":{"rendered":"<p>Conheci a Bioplastia da Lowell na Damme Bauru Em comemora\u00e7\u00e3o ao Dia das M\u00e3es a Damme Esmalteria e Escovaria preparou um evento especial de beleza em parceria com a Lowell.&hellip;<\/p>\n","protected":false},"author":7,"featured_media":21240,"comment_status":"open","ping_status":"open","sticky":false,"template":"","format":"standard","meta":{"_monsterinsights_skip_tracking":false,"_monsterinsights_sitenote_active":false,"_monsterinsights_sitenote_note":"","_monsterinsights_sitenote_category":0,"footnotes":""},"categories":[6,1508],"tags":[],"class_list":["post-21239","post","type-post","status-publish","format-standard","has-post-thumbnail","hentry","category-beleza","category-destaque"],"yoast_head":"<!-- This site is optimized with the Yoast SEO plugin v26.3 - https:\/\/yoast.com\/wordpress\/plugins\/seo\/ -->\n<title>Conheci a Bioplastia da Lowell na Damme Bauru - Andrea Simonetti<\/title>\n<meta name=\"description\" content=\"Em comemora\u00e7\u00e3o ao Dia das M\u00e3es a Damme Esmalteria e Escovaria preparou um evento especial de beleza em parceria com a Lowell, com tratamentos com a bioplastia.\" \/>\n<meta name=\"robots\" content=\"index, follow, max-snippet:-1, max-image-preview:large, max-video-preview:-1\" \/>\n<link rel=\"canonical\" href=\"https:\/\/andreasimonetti.com.br\/blog\/conheci-a-bioplastia-da-lowell-na-damme-bauru\/\" \/>\n<meta property=\"og:locale\" content=\"pt_BR\" \/>\n<meta property=\"og:type\" content=\"article\" \/>\n<meta property=\"og:title\" content=\"Conheci a Bioplastia da Lowell na Damme Bauru - Andrea Simonetti\" \/>\n<meta property=\"og:description\" content=\"Em comemora\u00e7\u00e3o ao Dia das M\u00e3es a Damme Esmalteria e Escovaria preparou um evento especial de beleza em parceria com a Lowell, com tratamentos com a bioplastia.\" \/>\n<meta property=\"og:url\" content=\"https:\/\/andreasimonetti.com.br\/blog\/conheci-a-bioplastia-da-lowell-na-damme-bauru\/\" \/>\n<meta property=\"og:site_name\" content=\"Andrea Simonetti\" \/>\n<meta property=\"article:publisher\" content=\"https:\/\/www.facebook.com\/blogdaandreasimonetti\/\" \/>\n<meta property=\"article:author\" content=\"https:\/\/www.facebook.com\/blogdaandreasimonetti\/\" \/>\n<meta property=\"article:published_time\" content=\"2019-05-20T23:51:35+00:00\" \/>\n<meta property=\"og:image\" content=\"https:\/\/andreasimonetti.com.br\/blog\/wp-content\/uploads\/2019\/05\/60329682_2276365495776972_5465922612368506880_n.jpg\" \/>\n\t<meta property=\"og:image:width\" content=\"960\" \/>\n\t<meta property=\"og:image:height\" content=\"960\" \/>\n\t<meta property=\"og:image:type\" content=\"image\/jpeg\" \/>\n<meta name=\"author\" content=\"Andrea Simonetti\" \/>\n<meta name=\"twitter:card\" content=\"summary_large_image\" \/>\n<meta name=\"twitter:creator\" content=\"@https:\/\/twitter.com\/Andrea_Simoneti\" \/>\n<meta name=\"twitter:site\" content=\"@Andrea_Simoneti\" \/>\n<meta name=\"twitter:label1\" content=\"Escrito por\" \/>\n\t<meta name=\"twitter:data1\" content=\"Andrea Simonetti\" \/>\n\t<meta name=\"twitter:label2\" content=\"Est. tempo de leitura\" \/>\n\t<meta name=\"twitter:data2\" content=\"2 minutos\" \/>\n<!-- \/ Yoast SEO plugin. -->","yoast_head_json":{"title":"Conheci a Bioplastia da Lowell na Damme Bauru - Andrea Simonetti","description":"Em comemora\u00e7\u00e3o ao Dia das M\u00e3es a Damme Esmalteria e Escovaria preparou um evento especial de beleza em parceria com a Lowell, com tratamentos com a bioplastia.","robots":{"index":"index","follow":"follow","max-snippet":"max-snippet:-1","max-image-preview":"max-image-preview:large","max-video-preview":"max-video-preview:-1"},"canonical":"https:\/\/andreasimonetti.com.br\/blog\/conheci-a-bioplastia-da-lowell-na-damme-bauru\/","og_locale":"pt_BR","og_type":"article","og_title":"Conheci a Bioplastia da Lowell na Damme Bauru - Andrea Simonetti","og_description":"Em comemora\u00e7\u00e3o ao Dia das M\u00e3es a Damme Esmalteria e Escovaria preparou um evento especial de beleza em parceria com a Lowell, com tratamentos com a bioplastia.","og_url":"https:\/\/andreasimonetti.com.br\/blog\/conheci-a-bioplastia-da-lowell-na-damme-bauru\/","og_site_name":"Andrea Simonetti","article_publisher":"https:\/\/www.facebook.com\/blogdaandreasimonetti\/","article_author":"https:\/\/www.facebook.com\/blogdaandreasimonetti\/","article_published_time":"2019-05-20T23:51:35+00:00","og_image":[{"width":960,"height":960,"url":"https:\/\/andreasimonetti.com.br\/blog\/wp-content\/uploads\/2019\/05\/60329682_2276365495776972_5465922612368506880_n.jpg","type":"image\/jpeg"}],"author":"Andrea Simonetti","twitter_card":"summary_large_image","twitter_creator":"@https:\/\/twitter.com\/Andrea_Simoneti","twitter_site":"@Andrea_Simoneti","twitter_misc":{"Escrito por":"Andrea Simonetti","Est. tempo de leitura":"2 minutos"},"schema":{"@context":"https:\/\/schema.org","@graph":[{"@type":"WebPage","@id":"https:\/\/andreasimonetti.com.br\/blog\/conheci-a-bioplastia-da-lowell-na-damme-bauru\/","url":"https:\/\/andreasimonetti.com.br\/blog\/conheci-a-bioplastia-da-lowell-na-damme-bauru\/","name":"Conheci a Bioplastia da Lowell na Damme Bauru - Andrea Simonetti","isPartOf":{"@id":"https:\/\/andreasimonetti.com.br\/blog\/#website"},"primaryImageOfPage":{"@id":"https:\/\/andreasimonetti.com.br\/blog\/conheci-a-bioplastia-da-lowell-na-damme-bauru\/#primaryimage"},"image":{"@id":"https:\/\/andreasimonetti.com.br\/blog\/conheci-a-bioplastia-da-lowell-na-damme-bauru\/#primaryimage"},"thumbnailUrl":"https:\/\/andreasimonetti.com.br\/blog\/wp-content\/uploads\/2019\/05\/60329682_2276365495776972_5465922612368506880_n.jpg","datePublished":"2019-05-20T23:51:35+00:00","author":{"@id":"https:\/\/andreasimonetti.com.br\/blog\/#\/schema\/person\/254f763c24ac288e27ea738a7366ad2a"},"description":"Em comemora\u00e7\u00e3o ao Dia das M\u00e3es a Damme Esmalteria e Escovaria preparou um evento especial de beleza em parceria com a Lowell, com tratamentos com a bioplastia.","breadcrumb":{"@id":"https:\/\/andreasimonetti.com.br\/blog\/conheci-a-bioplastia-da-lowell-na-damme-bauru\/#breadcrumb"},"inLanguage":"pt-BR","potentialAction":[{"@type":"ReadAction","target":["https:\/\/andreasimonetti.com.br\/blog\/conheci-a-bioplastia-da-lowell-na-damme-bauru\/"]}]},{"@type":"ImageObject","inLanguage":"pt-BR","@id":"https:\/\/andreasimonetti.com.br\/blog\/conheci-a-bioplastia-da-lowell-na-damme-bauru\/#primaryimage","url":"https:\/\/andreasimonetti.com.br\/blog\/wp-content\/uploads\/2019\/05\/60329682_2276365495776972_5465922612368506880_n.jpg","contentUrl":"https:\/\/andreasimonetti.com.br\/blog\/wp-content\/uploads\/2019\/05\/60329682_2276365495776972_5465922612368506880_n.jpg","width":960,"height":960},{"@type":"BreadcrumbList","@id":"https:\/\/andreasimonetti.com.br\/blog\/conheci-a-bioplastia-da-lowell-na-damme-bauru\/#breadcrumb","itemListElement":[{"@type":"ListItem","position":1,"name":"In\u00edcio","item":"https:\/\/andreasimonetti.com.br\/blog\/"},{"@type":"ListItem","position":2,"name":"Conheci a Bioplastia da Lowell na Damme Bauru"}]},{"@type":"WebSite","@id":"https:\/\/andreasimonetti.com.br\/blog\/#website","url":"https:\/\/andreasimonetti.com.br\/blog\/","name":"Andrea Simonetti","description":"","potentialAction":[{"@type":"SearchAction","target":{"@type":"EntryPoint","urlTemplate":"https:\/\/andreasimonetti.com.br\/blog\/?s={search_term_string}"},"query-input":{"@type":"PropertyValueSpecification","valueRequired":true,"valueName":"search_term_string"}}],"inLanguage":"pt-BR"},{"@type":"Person","@id":"https:\/\/andreasimonetti.com.br\/blog\/#\/schema\/person\/254f763c24ac288e27ea738a7366ad2a","name":"Andrea Simonetti","image":{"@type":"ImageObject","inLanguage":"pt-BR","@id":"https:\/\/andreasimonetti.com.br\/blog\/#\/schema\/person\/image\/","url":"https:\/\/andreasimonetti.com.br\/blog\/wp-content\/uploads\/2018\/04\/andrea-simonetti-96x96.png","contentUrl":"https:\/\/andreasimonetti.com.br\/blog\/wp-content\/uploads\/2018\/04\/andrea-simonetti-96x96.png","caption":"Andrea Simonetti"},"description":"Sou formada em Administra\u00e7\u00e3o de Empresas, Produ\u00e7\u00e3o de Moda pelo SENAC e Consultoria de Estilo. Sou fascinada por moda desde sempre, adoro ver as pessoas produzidas e de bem com a vida. Moda \u00e9 o meu assunto preferido. Comecei meu blog em 2011, ele cresceu e hoje \u00e9 um site bem mais abrangente, onde eu falo sobre moda e meu trabalho de consultora de estilo. E falo tamb\u00e9m sobre a minha experi\u00eancia de vida. Mas antes de tudo, acredito num Deus Soberano que nos guia e aben\u00e7oa, o tempo todo!","sameAs":["https:\/\/www.andreasimonetti.com.br\/","https:\/\/www.facebook.com\/blogdaandreasimonetti\/","https:\/\/www.instagram.com\/andrea_simonetti\/","https:\/\/br.pinterest.com\/BlogAndrea\/","https:\/\/x.com\/https:\/\/twitter.com\/Andrea_Simoneti"],"url":"https:\/\/andreasimonetti.com.br\/blog\/author\/andrea\/"}]}},"_links":{"self":[{"href":"https:\/\/andreasimonetti.com.br\/blog\/wp-json\/wp\/v2\/posts\/21239","targetHints":{"allow":["GET"]}}],"collection":[{"href":"https:\/\/andreasimonetti.com.br\/blog\/wp-json\/wp\/v2\/posts"}],"about":[{"href":"https:\/\/andreasimonetti.com.br\/blog\/wp-json\/wp\/v2\/types\/post"}],"author":[{"embeddable":true,"href":"https:\/\/andreasimonetti.com.br\/blog\/wp-json\/wp\/v2\/users\/7"}],"replies":[{"embeddable":true,"href":"https:\/\/andreasimonetti.com.br\/blog\/wp-json\/wp\/v2\/comments?post=21239"}],"version-history":[{"count":0,"href":"https:\/\/andreasimonetti.com.br\/blog\/wp-json\/wp\/v2\/posts\/21239\/revisions"}],"wp:featuredmedia":[{"embeddable":true,"href":"https:\/\/andreasimonetti.com.br\/blog\/wp-json\/wp\/v2\/media\/21240"}],"wp:attachment":[{"href":"https:\/\/andreasimonetti.com.br\/blog\/wp-json\/wp\/v2\/media?parent=21239"}],"wp:term":[{"taxonomy":"category","embeddable":true,"href":"https:\/\/andreasimonetti.com.br\/blog\/wp-json\/wp\/v2\/categories?post=21239"},{"taxonomy":"post_tag","embeddable":true,"href":"https:\/\/andreasimonetti.com.br\/blog\/wp-json\/wp\/v2\/tags?post=21239"}],"curies":[{"name":"wp","href":"https:\/\/api.w.org\/{rel}","templated":true}]}}