{"id":20819,"date":"2019-02-10T16:39:55","date_gmt":"2019-02-10T18:39:55","guid":{"rendered":"https:\/\/www.andreasimonetti.com.br\/?p=20819"},"modified":"2019-02-10T16:39:55","modified_gmt":"2019-02-10T18:39:55","slug":"jeans-t-shirt-nao-tem-erro","status":"publish","type":"post","link":"https:\/\/andreasimonetti.com.br\/blog\/jeans-t-shirt-nao-tem-erro\/","title":{"rendered":"Jeans + t-shirt n\u00e3o tem erro!"},"content":{"rendered":"<p><strong>Essa combina\u00e7\u00e3o\u00a0 Jeans + t-shirt n\u00e3o tem erro! <\/strong><\/p>\n<p>A cal\u00e7a skinny na cor mais escura e tecido mais grosso ajuda a n\u00e3o marcar demais o corpo.<\/p>\n<p>Por conta de seu shape, a cal\u00e7a skinny tamb\u00e9m pede partes de cima mais largas.<\/p>\n<p>Combinei com a t-shirts com amarra\u00e7\u00e3o na frente para fazer um contraponto interessante e criar um visual bem despojado.<\/p>\n<p>A sand\u00e1lia em dois tons de azul completou o visual.<\/p>\n<p>&nbsp;<\/p>\n<p>&nbsp;<\/p>\n<p><img loading=\"lazy\" decoding=\"async\" class=\"alignnone wp-image-20822 size-full\" src=\"https:\/\/www.andreasimonetti.com.br\/wp-content\/uploads\/2019\/02\/MG_4782.jpg\" alt=\"Look: jeans + t-shirt\" width=\"1365\" height=\"2048\" srcset=\"https:\/\/andreasimonetti.com.br\/blog\/wp-content\/uploads\/2019\/02\/MG_4782.jpg 1365w, https:\/\/andreasimonetti.com.br\/blog\/wp-content\/uploads\/2019\/02\/MG_4782-200x300.jpg 200w, https:\/\/andreasimonetti.com.br\/blog\/wp-content\/uploads\/2019\/02\/MG_4782-768x1152.jpg 768w, https:\/\/andreasimonetti.com.br\/blog\/wp-content\/uploads\/2019\/02\/MG_4782-683x1024.jpg 683w, https:\/\/andreasimonetti.com.br\/blog\/wp-content\/uploads\/2019\/02\/MG_4782-1170x1755.jpg 1170w, https:\/\/andreasimonetti.com.br\/blog\/wp-content\/uploads\/2019\/02\/MG_4782-585x878.jpg 585w\" sizes=\"auto, (max-width: 1365px) 100vw, 1365px\" \/><\/p>\n<p><img loading=\"lazy\" decoding=\"async\" class=\"alignnone wp-image-20823 size-full\" src=\"https:\/\/www.andreasimonetti.com.br\/wp-content\/uploads\/2019\/02\/MG_4788.jpg\" alt=\"Sand\u00e1lia Angela Galv\u00e3o \" width=\"2048\" height=\"1536\" srcset=\"https:\/\/andreasimonetti.com.br\/blog\/wp-content\/uploads\/2019\/02\/MG_4788.jpg 2048w, https:\/\/andreasimonetti.com.br\/blog\/wp-content\/uploads\/2019\/02\/MG_4788-300x225.jpg 300w, https:\/\/andreasimonetti.com.br\/blog\/wp-content\/uploads\/2019\/02\/MG_4788-768x576.jpg 768w, https:\/\/andreasimonetti.com.br\/blog\/wp-content\/uploads\/2019\/02\/MG_4788-1024x768.jpg 1024w, https:\/\/andreasimonetti.com.br\/blog\/wp-content\/uploads\/2019\/02\/MG_4788-1170x878.jpg 1170w, https:\/\/andreasimonetti.com.br\/blog\/wp-content\/uploads\/2019\/02\/MG_4788-585x439.jpg 585w\" sizes=\"auto, (max-width: 2048px) 100vw, 2048px\" \/><\/p>\n<p>Cr\u00e9ditos:\u00a0<\/p>\n<ul>\n<li>Cal\u00e7a e t-shirt &#8211; Shoulder\u00a0<\/li>\n<li>Sand\u00e1lia &#8211; <a href=\"https:\/\/www.facebook.com\/calcadosangelagalvao\/?__xts__[0]=68.ARCHAM_WxrmVrtZFJBAAD1T4FsNK8WsRugFLSlHU7uDUYajX8WaEEPckrBzBhteDlRUSNevCj2Trjt9Xmc0aLCqaNQGdjoSbXLCileiUyh_ok-0-5oC38ZQXtJdjmOmeBUAbAN1aE6nVvzScLvMIJsP6BVgas1dbbaDwJBL1RAPdh2aCASQqKBYFU0nGQ1ovvTBDewL6JCrrL80twP8Dh_8oDy4BU-w592TFk20jZk47cLHVZ05l2dhnjskwJA-H3PTlx_zwh4rvqGWPMYKXqX2sfVzMw-JbkeJFS_O8_L86w6Auv2elCUjn7lKuX2AeP7ZS3Rv0P6CFezjMKa-nFjnrUQ\">Angela\u00a0 Galv\u00e3o<\/a>\u00a0Ja\u00fa\u00a0<\/li>\n<li>Fotos &#8211; Fotografando\u00a0<\/li>\n<\/ul>\n","protected":false},"excerpt":{"rendered":"<p>Essa combina\u00e7\u00e3o\u00a0 Jeans + t-shirt n\u00e3o tem erro! A cal\u00e7a skinny na cor mais escura e tecido mais grosso ajuda a n\u00e3o marcar demais o corpo. Por conta de seu&hellip;<\/p>\n","protected":false},"author":7,"featured_media":20821,"comment_status":"open","ping_status":"open","sticky":false,"template":"","format":"standard","meta":{"_monsterinsights_skip_tracking":false,"_monsterinsights_sitenote_active":false,"_monsterinsights_sitenote_note":"","_monsterinsights_sitenote_category":0,"footnotes":""},"categories":[1508,2675,3],"tags":[2811,2810],"class_list":["post-20819","post","type-post","status-publish","format-standard","has-post-thumbnail","hentry","category-destaque","category-meu-look","category-moda","tag-angela-galvao-jau","tag-jeans-t-shirt-nao-tem-erro"],"yoast_head":"<!-- This site is optimized with the Yoast SEO plugin v26.3 - https:\/\/yoast.com\/wordpress\/plugins\/seo\/ -->\n<title>Jeans + t-shirt n\u00e3o tem erro! - Andrea Simonetti<\/title>\n<meta name=\"description\" content=\"Essa combina\u00e7\u00e3o: Jeans + t-shirt n\u00e3o tem erro!A cal\u00e7a skinny na cor mais escura e tecido mais grosso ajuda a n\u00e3o marcar demais o corpo.\" \/>\n<meta name=\"robots\" content=\"index, follow, max-snippet:-1, max-image-preview:large, max-video-preview:-1\" \/>\n<link rel=\"canonical\" href=\"https:\/\/andreasimonetti.com.br\/blog\/jeans-t-shirt-nao-tem-erro\/\" \/>\n<meta property=\"og:locale\" content=\"pt_BR\" \/>\n<meta property=\"og:type\" content=\"article\" \/>\n<meta property=\"og:title\" content=\"Jeans + t-shirt n\u00e3o tem erro! - Andrea Simonetti\" \/>\n<meta property=\"og:description\" content=\"Essa combina\u00e7\u00e3o: Jeans + t-shirt n\u00e3o tem erro!A cal\u00e7a skinny na cor mais escura e tecido mais grosso ajuda a n\u00e3o marcar demais o corpo.\" \/>\n<meta property=\"og:url\" content=\"https:\/\/andreasimonetti.com.br\/blog\/jeans-t-shirt-nao-tem-erro\/\" \/>\n<meta property=\"og:site_name\" content=\"Andrea Simonetti\" \/>\n<meta property=\"article:publisher\" content=\"https:\/\/www.facebook.com\/blogdaandreasimonetti\/\" \/>\n<meta property=\"article:author\" content=\"https:\/\/www.facebook.com\/blogdaandreasimonetti\/\" \/>\n<meta property=\"article:published_time\" content=\"2019-02-10T18:39:55+00:00\" \/>\n<meta property=\"og:image\" content=\"https:\/\/andreasimonetti.com.br\/blog\/wp-content\/uploads\/2019\/02\/MG_4755-683x1024.jpg\" \/>\n\t<meta property=\"og:image:width\" content=\"683\" \/>\n\t<meta property=\"og:image:height\" content=\"1024\" \/>\n\t<meta property=\"og:image:type\" content=\"image\/jpeg\" \/>\n<meta name=\"author\" content=\"Andrea Simonetti\" \/>\n<meta name=\"twitter:card\" content=\"summary_large_image\" \/>\n<meta name=\"twitter:creator\" content=\"@https:\/\/twitter.com\/Andrea_Simoneti\" \/>\n<meta name=\"twitter:site\" content=\"@Andrea_Simoneti\" \/>\n<meta name=\"twitter:label1\" content=\"Escrito por\" \/>\n\t<meta name=\"twitter:data1\" content=\"Andrea Simonetti\" \/>\n<!-- \/ Yoast SEO plugin. -->","yoast_head_json":{"title":"Jeans + t-shirt n\u00e3o tem erro! - Andrea Simonetti","description":"Essa combina\u00e7\u00e3o: Jeans + t-shirt n\u00e3o tem erro!A cal\u00e7a skinny na cor mais escura e tecido mais grosso ajuda a n\u00e3o marcar demais o corpo.","robots":{"index":"index","follow":"follow","max-snippet":"max-snippet:-1","max-image-preview":"max-image-preview:large","max-video-preview":"max-video-preview:-1"},"canonical":"https:\/\/andreasimonetti.com.br\/blog\/jeans-t-shirt-nao-tem-erro\/","og_locale":"pt_BR","og_type":"article","og_title":"Jeans + t-shirt n\u00e3o tem erro! - Andrea Simonetti","og_description":"Essa combina\u00e7\u00e3o: Jeans + t-shirt n\u00e3o tem erro!A cal\u00e7a skinny na cor mais escura e tecido mais grosso ajuda a n\u00e3o marcar demais o corpo.","og_url":"https:\/\/andreasimonetti.com.br\/blog\/jeans-t-shirt-nao-tem-erro\/","og_site_name":"Andrea Simonetti","article_publisher":"https:\/\/www.facebook.com\/blogdaandreasimonetti\/","article_author":"https:\/\/www.facebook.com\/blogdaandreasimonetti\/","article_published_time":"2019-02-10T18:39:55+00:00","og_image":[{"width":683,"height":1024,"url":"https:\/\/andreasimonetti.com.br\/blog\/wp-content\/uploads\/2019\/02\/MG_4755-683x1024.jpg","type":"image\/jpeg"}],"author":"Andrea Simonetti","twitter_card":"summary_large_image","twitter_creator":"@https:\/\/twitter.com\/Andrea_Simoneti","twitter_site":"@Andrea_Simoneti","twitter_misc":{"Escrito por":"Andrea Simonetti"},"schema":{"@context":"https:\/\/schema.org","@graph":[{"@type":"WebPage","@id":"https:\/\/andreasimonetti.com.br\/blog\/jeans-t-shirt-nao-tem-erro\/","url":"https:\/\/andreasimonetti.com.br\/blog\/jeans-t-shirt-nao-tem-erro\/","name":"Jeans + t-shirt n\u00e3o tem erro! - Andrea Simonetti","isPartOf":{"@id":"https:\/\/andreasimonetti.com.br\/blog\/#website"},"primaryImageOfPage":{"@id":"https:\/\/andreasimonetti.com.br\/blog\/jeans-t-shirt-nao-tem-erro\/#primaryimage"},"image":{"@id":"https:\/\/andreasimonetti.com.br\/blog\/jeans-t-shirt-nao-tem-erro\/#primaryimage"},"thumbnailUrl":"https:\/\/andreasimonetti.com.br\/blog\/wp-content\/uploads\/2019\/02\/MG_4755.jpg","datePublished":"2019-02-10T18:39:55+00:00","author":{"@id":"https:\/\/andreasimonetti.com.br\/blog\/#\/schema\/person\/254f763c24ac288e27ea738a7366ad2a"},"description":"Essa combina\u00e7\u00e3o: Jeans + t-shirt n\u00e3o tem erro!A cal\u00e7a skinny na cor mais escura e tecido mais grosso ajuda a n\u00e3o marcar demais o corpo.","breadcrumb":{"@id":"https:\/\/andreasimonetti.com.br\/blog\/jeans-t-shirt-nao-tem-erro\/#breadcrumb"},"inLanguage":"pt-BR","potentialAction":[{"@type":"ReadAction","target":["https:\/\/andreasimonetti.com.br\/blog\/jeans-t-shirt-nao-tem-erro\/"]}]},{"@type":"ImageObject","inLanguage":"pt-BR","@id":"https:\/\/andreasimonetti.com.br\/blog\/jeans-t-shirt-nao-tem-erro\/#primaryimage","url":"https:\/\/andreasimonetti.com.br\/blog\/wp-content\/uploads\/2019\/02\/MG_4755.jpg","contentUrl":"https:\/\/andreasimonetti.com.br\/blog\/wp-content\/uploads\/2019\/02\/MG_4755.jpg","width":1365,"height":2048},{"@type":"BreadcrumbList","@id":"https:\/\/andreasimonetti.com.br\/blog\/jeans-t-shirt-nao-tem-erro\/#breadcrumb","itemListElement":[{"@type":"ListItem","position":1,"name":"In\u00edcio","item":"https:\/\/andreasimonetti.com.br\/blog\/"},{"@type":"ListItem","position":2,"name":"Jeans + t-shirt n\u00e3o tem erro!"}]},{"@type":"WebSite","@id":"https:\/\/andreasimonetti.com.br\/blog\/#website","url":"https:\/\/andreasimonetti.com.br\/blog\/","name":"Andrea Simonetti","description":"","potentialAction":[{"@type":"SearchAction","target":{"@type":"EntryPoint","urlTemplate":"https:\/\/andreasimonetti.com.br\/blog\/?s={search_term_string}"},"query-input":{"@type":"PropertyValueSpecification","valueRequired":true,"valueName":"search_term_string"}}],"inLanguage":"pt-BR"},{"@type":"Person","@id":"https:\/\/andreasimonetti.com.br\/blog\/#\/schema\/person\/254f763c24ac288e27ea738a7366ad2a","name":"Andrea Simonetti","image":{"@type":"ImageObject","inLanguage":"pt-BR","@id":"https:\/\/andreasimonetti.com.br\/blog\/#\/schema\/person\/image\/","url":"https:\/\/andreasimonetti.com.br\/blog\/wp-content\/uploads\/2018\/04\/andrea-simonetti-96x96.png","contentUrl":"https:\/\/andreasimonetti.com.br\/blog\/wp-content\/uploads\/2018\/04\/andrea-simonetti-96x96.png","caption":"Andrea Simonetti"},"description":"Sou formada em Administra\u00e7\u00e3o de Empresas, Produ\u00e7\u00e3o de Moda pelo SENAC e Consultoria de Estilo. Sou fascinada por moda desde sempre, adoro ver as pessoas produzidas e de bem com a vida. Moda \u00e9 o meu assunto preferido. Comecei meu blog em 2011, ele cresceu e hoje \u00e9 um site bem mais abrangente, onde eu falo sobre moda e meu trabalho de consultora de estilo. E falo tamb\u00e9m sobre a minha experi\u00eancia de vida. Mas antes de tudo, acredito num Deus Soberano que nos guia e aben\u00e7oa, o tempo todo!","sameAs":["https:\/\/www.andreasimonetti.com.br\/","https:\/\/www.facebook.com\/blogdaandreasimonetti\/","https:\/\/www.instagram.com\/andrea_simonetti\/","https:\/\/br.pinterest.com\/BlogAndrea\/","https:\/\/x.com\/https:\/\/twitter.com\/Andrea_Simoneti"],"url":"https:\/\/andreasimonetti.com.br\/blog\/author\/andrea\/"}]}},"_links":{"self":[{"href":"https:\/\/andreasimonetti.com.br\/blog\/wp-json\/wp\/v2\/posts\/20819","targetHints":{"allow":["GET"]}}],"collection":[{"href":"https:\/\/andreasimonetti.com.br\/blog\/wp-json\/wp\/v2\/posts"}],"about":[{"href":"https:\/\/andreasimonetti.com.br\/blog\/wp-json\/wp\/v2\/types\/post"}],"author":[{"embeddable":true,"href":"https:\/\/andreasimonetti.com.br\/blog\/wp-json\/wp\/v2\/users\/7"}],"replies":[{"embeddable":true,"href":"https:\/\/andreasimonetti.com.br\/blog\/wp-json\/wp\/v2\/comments?post=20819"}],"version-history":[{"count":0,"href":"https:\/\/andreasimonetti.com.br\/blog\/wp-json\/wp\/v2\/posts\/20819\/revisions"}],"wp:featuredmedia":[{"embeddable":true,"href":"https:\/\/andreasimonetti.com.br\/blog\/wp-json\/wp\/v2\/media\/20821"}],"wp:attachment":[{"href":"https:\/\/andreasimonetti.com.br\/blog\/wp-json\/wp\/v2\/media?parent=20819"}],"wp:term":[{"taxonomy":"category","embeddable":true,"href":"https:\/\/andreasimonetti.com.br\/blog\/wp-json\/wp\/v2\/categories?post=20819"},{"taxonomy":"post_tag","embeddable":true,"href":"https:\/\/andreasimonetti.com.br\/blog\/wp-json\/wp\/v2\/tags?post=20819"}],"curies":[{"name":"wp","href":"https:\/\/api.w.org\/{rel}","templated":true}]}}