{"id":20621,"date":"2018-12-10T21:58:44","date_gmt":"2018-12-10T23:58:44","guid":{"rendered":"https:\/\/www.andreasimonetti.com.br\/?p=20621"},"modified":"2018-12-10T21:58:44","modified_gmt":"2018-12-10T23:58:44","slug":"living-coral-a-cor-do-ano-2019","status":"publish","type":"post","link":"https:\/\/andreasimonetti.com.br\/blog\/living-coral-a-cor-do-ano-2019\/","title":{"rendered":"Living Coral : a cor do ano 2019"},"content":{"rendered":"<p>Living Coral \u00e9 a cor do ano 2019,\u00a0escolhida pela <a href=\"https:\/\/www.pantone.com.br\/inteligencia-da-cor\/cor-do-ano-2019\">Pantone <\/a>&#8211; entidade mundial das cores.<\/p>\n<p>Se voc\u00ea gosta da tonalidade laranja, pode comemorar !<\/p>\n<p>A cor laranja significa alegria, vitalidade, prosperidade e sucesso. \u00c9 uma cor quente resultado da misturas das cores prim\u00e1rias vermelho e amarelo. Est\u00e1 associada \u00e0 criatividade, pois o seu uso desperta a mente e auxilia no processo de assimila\u00e7\u00e3o de novas ideias.<\/p>\n<p>Segundo a Pantone a cor simboliza a busca inata pela alegria e a necessidade por otimismo, simboliza nosso desejo por se expressar se divertindo.<\/p>\n<p>Eu adorei a escolha, at\u00e9 porque o laranja j\u00e1 est\u00e1 muito presente na moda das brasileiras e tamb\u00e9m na decora\u00e7\u00e3o.<\/p>\n<h4><span style=\"color: #ff6600;\">E a partir do pr\u00f3ximo ano o Living Coral vai colorir ainda mais as vitrines e as ruas.<\/span><\/h4>\n<p>Eu j\u00e1 penso em pintar uma parede do meu apartamento com a cor do ano.<\/p>\n<p>Seja bem-vida Living Coral !!!\u00a0<\/p>\n<div id=\"attachment_20624\" style=\"width: 1099px\" class=\"wp-caption alignnone\"><img loading=\"lazy\" decoding=\"async\" aria-describedby=\"caption-attachment-20624\" class=\"wp-image-20624 size-full\" src=\"https:\/\/www.andreasimonetti.com.br\/wp-content\/uploads\/2018\/12\/pantone-cor-do-ano-2019-2.jpg\" alt=\"PANTONE 2019\" width=\"1089\" height=\"598\" srcset=\"https:\/\/andreasimonetti.com.br\/blog\/wp-content\/uploads\/2018\/12\/pantone-cor-do-ano-2019-2.jpg 1089w, https:\/\/andreasimonetti.com.br\/blog\/wp-content\/uploads\/2018\/12\/pantone-cor-do-ano-2019-2-300x165.jpg 300w, https:\/\/andreasimonetti.com.br\/blog\/wp-content\/uploads\/2018\/12\/pantone-cor-do-ano-2019-2-768x422.jpg 768w, https:\/\/andreasimonetti.com.br\/blog\/wp-content\/uploads\/2018\/12\/pantone-cor-do-ano-2019-2-1024x562.jpg 1024w, https:\/\/andreasimonetti.com.br\/blog\/wp-content\/uploads\/2018\/12\/pantone-cor-do-ano-2019-2-585x321.jpg 585w\" sizes=\"auto, (max-width: 1089px) 100vw, 1089px\" \/><p id=\"caption-attachment-20624\" class=\"wp-caption-text\">Foto: blog.kitboxclub.com.br<\/p><\/div>\n<p><img loading=\"lazy\" decoding=\"async\" class=\"alignnone wp-image-20625\" src=\"https:\/\/www.andreasimonetti.com.br\/wp-content\/uploads\/2018\/12\/img21-1.jpg\" alt=\"Pantone 2019\" width=\"800\" height=\"570\" srcset=\"https:\/\/andreasimonetti.com.br\/blog\/wp-content\/uploads\/2018\/12\/img21-1.jpg 650w, https:\/\/andreasimonetti.com.br\/blog\/wp-content\/uploads\/2018\/12\/img21-1-300x214.jpg 300w, https:\/\/andreasimonetti.com.br\/blog\/wp-content\/uploads\/2018\/12\/img21-1-585x417.jpg 585w\" sizes=\"auto, (max-width: 800px) 100vw, 800px\" \/><\/p>\n<p><img loading=\"lazy\" decoding=\"async\" class=\"alignnone wp-image-20627 size-full\" src=\"https:\/\/www.andreasimonetti.com.br\/wp-content\/uploads\/2018\/12\/MG_0393.jpg\" alt=\"Pantone 2019 \" width=\"1365\" height=\"2048\" srcset=\"https:\/\/andreasimonetti.com.br\/blog\/wp-content\/uploads\/2018\/12\/MG_0393.jpg 1365w, https:\/\/andreasimonetti.com.br\/blog\/wp-content\/uploads\/2018\/12\/MG_0393-200x300.jpg 200w, https:\/\/andreasimonetti.com.br\/blog\/wp-content\/uploads\/2018\/12\/MG_0393-768x1152.jpg 768w, https:\/\/andreasimonetti.com.br\/blog\/wp-content\/uploads\/2018\/12\/MG_0393-683x1024.jpg 683w, https:\/\/andreasimonetti.com.br\/blog\/wp-content\/uploads\/2018\/12\/MG_0393-1170x1755.jpg 1170w, https:\/\/andreasimonetti.com.br\/blog\/wp-content\/uploads\/2018\/12\/MG_0393-585x878.jpg 585w\" sizes=\"auto, (max-width: 1365px) 100vw, 1365px\" \/><br \/>\n<img loading=\"lazy\" decoding=\"async\" class=\"alignnone wp-image-20626 size-full\" src=\"https:\/\/www.andreasimonetti.com.br\/wp-content\/uploads\/2018\/12\/FEL9929-2.jpg\" alt=\"Pantone 2019 \" width=\"1900\" height=\"1267\" srcset=\"https:\/\/andreasimonetti.com.br\/blog\/wp-content\/uploads\/2018\/12\/FEL9929-2.jpg 1900w, https:\/\/andreasimonetti.com.br\/blog\/wp-content\/uploads\/2018\/12\/FEL9929-2-300x200.jpg 300w, https:\/\/andreasimonetti.com.br\/blog\/wp-content\/uploads\/2018\/12\/FEL9929-2-768x512.jpg 768w, https:\/\/andreasimonetti.com.br\/blog\/wp-content\/uploads\/2018\/12\/FEL9929-2-1024x683.jpg 1024w, https:\/\/andreasimonetti.com.br\/blog\/wp-content\/uploads\/2018\/12\/FEL9929-2-1170x780.jpg 1170w, https:\/\/andreasimonetti.com.br\/blog\/wp-content\/uploads\/2018\/12\/FEL9929-2-585x390.jpg 585w, https:\/\/andreasimonetti.com.br\/blog\/wp-content\/uploads\/2018\/12\/FEL9929-2-263x175.jpg 263w\" sizes=\"auto, (max-width: 1900px) 100vw, 1900px\" \/><\/p>\n","protected":false},"excerpt":{"rendered":"<p>Living Coral \u00e9 a cor do ano 2019,\u00a0escolhida pela Pantone &#8211; entidade mundial das cores. Se voc\u00ea gosta da tonalidade laranja, pode comemorar ! A cor laranja significa alegria, vitalidade,&hellip;<\/p>\n","protected":false},"author":7,"featured_media":20623,"comment_status":"open","ping_status":"open","sticky":false,"template":"","format":"standard","meta":{"_monsterinsights_skip_tracking":false,"_monsterinsights_sitenote_active":false,"_monsterinsights_sitenote_note":"","_monsterinsights_sitenote_category":0,"footnotes":""},"categories":[1508,3],"tags":[2781,681],"class_list":["post-20621","post","type-post","status-publish","format-standard","has-post-thumbnail","hentry","category-destaque","category-moda","tag-living-coral-a-cor-do-ano-2019","tag-pantone"],"yoast_head":"<!-- This site is optimized with the Yoast SEO plugin v26.3 - https:\/\/yoast.com\/wordpress\/plugins\/seo\/ -->\n<title>Living Coral : a cor do ano 2019 - Andrea Simonetti<\/title>\n<meta name=\"description\" content=\"Living Coral \u00e9 a cor do ano 2019,\u00a0escolhida pela Pantone - entidade mundial das cores.Se voc\u00ea gosta da tonalidade laranja, pode comemorar !\" \/>\n<meta name=\"robots\" content=\"index, follow, max-snippet:-1, max-image-preview:large, max-video-preview:-1\" \/>\n<link rel=\"canonical\" href=\"https:\/\/andreasimonetti.com.br\/blog\/living-coral-a-cor-do-ano-2019\/\" \/>\n<meta property=\"og:locale\" content=\"pt_BR\" \/>\n<meta property=\"og:type\" content=\"article\" \/>\n<meta property=\"og:title\" content=\"Living Coral : a cor do ano 2019 - Andrea Simonetti\" \/>\n<meta property=\"og:description\" content=\"Living Coral \u00e9 a cor do ano 2019,\u00a0escolhida pela Pantone - entidade mundial das cores.Se voc\u00ea gosta da tonalidade laranja, pode comemorar !\" \/>\n<meta property=\"og:url\" content=\"https:\/\/andreasimonetti.com.br\/blog\/living-coral-a-cor-do-ano-2019\/\" \/>\n<meta property=\"og:site_name\" content=\"Andrea Simonetti\" \/>\n<meta property=\"article:publisher\" content=\"https:\/\/www.facebook.com\/blogdaandreasimonetti\/\" \/>\n<meta property=\"article:author\" content=\"https:\/\/www.facebook.com\/blogdaandreasimonetti\/\" \/>\n<meta property=\"article:published_time\" content=\"2018-12-10T23:58:44+00:00\" \/>\n<meta property=\"og:image\" content=\"https:\/\/andreasimonetti.com.br\/blog\/wp-content\/uploads\/2018\/12\/image-cor-do-ano-2019.jpg\" \/>\n\t<meta property=\"og:image:width\" content=\"976\" \/>\n\t<meta property=\"og:image:height\" content=\"549\" \/>\n\t<meta property=\"og:image:type\" content=\"image\/jpeg\" \/>\n<meta name=\"author\" content=\"Andrea Simonetti\" \/>\n<meta name=\"twitter:card\" content=\"summary_large_image\" \/>\n<meta name=\"twitter:creator\" content=\"@https:\/\/twitter.com\/Andrea_Simoneti\" \/>\n<meta name=\"twitter:site\" content=\"@Andrea_Simoneti\" \/>\n<meta name=\"twitter:label1\" content=\"Escrito por\" \/>\n\t<meta name=\"twitter:data1\" content=\"Andrea Simonetti\" \/>\n\t<meta name=\"twitter:label2\" content=\"Est. tempo de leitura\" \/>\n\t<meta name=\"twitter:data2\" content=\"1 minuto\" \/>\n<!-- \/ Yoast SEO plugin. -->","yoast_head_json":{"title":"Living Coral : a cor do ano 2019 - Andrea Simonetti","description":"Living Coral \u00e9 a cor do ano 2019,\u00a0escolhida pela Pantone - entidade mundial das cores.Se voc\u00ea gosta da tonalidade laranja, pode comemorar !","robots":{"index":"index","follow":"follow","max-snippet":"max-snippet:-1","max-image-preview":"max-image-preview:large","max-video-preview":"max-video-preview:-1"},"canonical":"https:\/\/andreasimonetti.com.br\/blog\/living-coral-a-cor-do-ano-2019\/","og_locale":"pt_BR","og_type":"article","og_title":"Living Coral : a cor do ano 2019 - Andrea Simonetti","og_description":"Living Coral \u00e9 a cor do ano 2019,\u00a0escolhida pela Pantone - entidade mundial das cores.Se voc\u00ea gosta da tonalidade laranja, pode comemorar !","og_url":"https:\/\/andreasimonetti.com.br\/blog\/living-coral-a-cor-do-ano-2019\/","og_site_name":"Andrea Simonetti","article_publisher":"https:\/\/www.facebook.com\/blogdaandreasimonetti\/","article_author":"https:\/\/www.facebook.com\/blogdaandreasimonetti\/","article_published_time":"2018-12-10T23:58:44+00:00","og_image":[{"width":976,"height":549,"url":"https:\/\/andreasimonetti.com.br\/blog\/wp-content\/uploads\/2018\/12\/image-cor-do-ano-2019.jpg","type":"image\/jpeg"}],"author":"Andrea Simonetti","twitter_card":"summary_large_image","twitter_creator":"@https:\/\/twitter.com\/Andrea_Simoneti","twitter_site":"@Andrea_Simoneti","twitter_misc":{"Escrito por":"Andrea Simonetti","Est. tempo de leitura":"1 minuto"},"schema":{"@context":"https:\/\/schema.org","@graph":[{"@type":"WebPage","@id":"https:\/\/andreasimonetti.com.br\/blog\/living-coral-a-cor-do-ano-2019\/","url":"https:\/\/andreasimonetti.com.br\/blog\/living-coral-a-cor-do-ano-2019\/","name":"Living Coral : a cor do ano 2019 - Andrea Simonetti","isPartOf":{"@id":"https:\/\/andreasimonetti.com.br\/blog\/#website"},"primaryImageOfPage":{"@id":"https:\/\/andreasimonetti.com.br\/blog\/living-coral-a-cor-do-ano-2019\/#primaryimage"},"image":{"@id":"https:\/\/andreasimonetti.com.br\/blog\/living-coral-a-cor-do-ano-2019\/#primaryimage"},"thumbnailUrl":"https:\/\/andreasimonetti.com.br\/blog\/wp-content\/uploads\/2018\/12\/image-cor-do-ano-2019.jpg","datePublished":"2018-12-10T23:58:44+00:00","author":{"@id":"https:\/\/andreasimonetti.com.br\/blog\/#\/schema\/person\/254f763c24ac288e27ea738a7366ad2a"},"description":"Living Coral \u00e9 a cor do ano 2019,\u00a0escolhida pela Pantone - entidade mundial das cores.Se voc\u00ea gosta da tonalidade laranja, pode comemorar !","breadcrumb":{"@id":"https:\/\/andreasimonetti.com.br\/blog\/living-coral-a-cor-do-ano-2019\/#breadcrumb"},"inLanguage":"pt-BR","potentialAction":[{"@type":"ReadAction","target":["https:\/\/andreasimonetti.com.br\/blog\/living-coral-a-cor-do-ano-2019\/"]}]},{"@type":"ImageObject","inLanguage":"pt-BR","@id":"https:\/\/andreasimonetti.com.br\/blog\/living-coral-a-cor-do-ano-2019\/#primaryimage","url":"https:\/\/andreasimonetti.com.br\/blog\/wp-content\/uploads\/2018\/12\/image-cor-do-ano-2019.jpg","contentUrl":"https:\/\/andreasimonetti.com.br\/blog\/wp-content\/uploads\/2018\/12\/image-cor-do-ano-2019.jpg","width":976,"height":549},{"@type":"BreadcrumbList","@id":"https:\/\/andreasimonetti.com.br\/blog\/living-coral-a-cor-do-ano-2019\/#breadcrumb","itemListElement":[{"@type":"ListItem","position":1,"name":"In\u00edcio","item":"https:\/\/andreasimonetti.com.br\/blog\/"},{"@type":"ListItem","position":2,"name":"Living Coral : a cor do ano 2019"}]},{"@type":"WebSite","@id":"https:\/\/andreasimonetti.com.br\/blog\/#website","url":"https:\/\/andreasimonetti.com.br\/blog\/","name":"Andrea Simonetti","description":"","potentialAction":[{"@type":"SearchAction","target":{"@type":"EntryPoint","urlTemplate":"https:\/\/andreasimonetti.com.br\/blog\/?s={search_term_string}"},"query-input":{"@type":"PropertyValueSpecification","valueRequired":true,"valueName":"search_term_string"}}],"inLanguage":"pt-BR"},{"@type":"Person","@id":"https:\/\/andreasimonetti.com.br\/blog\/#\/schema\/person\/254f763c24ac288e27ea738a7366ad2a","name":"Andrea Simonetti","image":{"@type":"ImageObject","inLanguage":"pt-BR","@id":"https:\/\/andreasimonetti.com.br\/blog\/#\/schema\/person\/image\/","url":"https:\/\/andreasimonetti.com.br\/blog\/wp-content\/uploads\/2018\/04\/andrea-simonetti-96x96.png","contentUrl":"https:\/\/andreasimonetti.com.br\/blog\/wp-content\/uploads\/2018\/04\/andrea-simonetti-96x96.png","caption":"Andrea Simonetti"},"description":"Sou formada em Administra\u00e7\u00e3o de Empresas, Produ\u00e7\u00e3o de Moda pelo SENAC e Consultoria de Estilo. Sou fascinada por moda desde sempre, adoro ver as pessoas produzidas e de bem com a vida. Moda \u00e9 o meu assunto preferido. Comecei meu blog em 2011, ele cresceu e hoje \u00e9 um site bem mais abrangente, onde eu falo sobre moda e meu trabalho de consultora de estilo. E falo tamb\u00e9m sobre a minha experi\u00eancia de vida. Mas antes de tudo, acredito num Deus Soberano que nos guia e aben\u00e7oa, o tempo todo!","sameAs":["https:\/\/www.andreasimonetti.com.br\/","https:\/\/www.facebook.com\/blogdaandreasimonetti\/","https:\/\/www.instagram.com\/andrea_simonetti\/","https:\/\/br.pinterest.com\/BlogAndrea\/","https:\/\/x.com\/https:\/\/twitter.com\/Andrea_Simoneti"],"url":"https:\/\/andreasimonetti.com.br\/blog\/author\/andrea\/"}]}},"_links":{"self":[{"href":"https:\/\/andreasimonetti.com.br\/blog\/wp-json\/wp\/v2\/posts\/20621","targetHints":{"allow":["GET"]}}],"collection":[{"href":"https:\/\/andreasimonetti.com.br\/blog\/wp-json\/wp\/v2\/posts"}],"about":[{"href":"https:\/\/andreasimonetti.com.br\/blog\/wp-json\/wp\/v2\/types\/post"}],"author":[{"embeddable":true,"href":"https:\/\/andreasimonetti.com.br\/blog\/wp-json\/wp\/v2\/users\/7"}],"replies":[{"embeddable":true,"href":"https:\/\/andreasimonetti.com.br\/blog\/wp-json\/wp\/v2\/comments?post=20621"}],"version-history":[{"count":0,"href":"https:\/\/andreasimonetti.com.br\/blog\/wp-json\/wp\/v2\/posts\/20621\/revisions"}],"wp:featuredmedia":[{"embeddable":true,"href":"https:\/\/andreasimonetti.com.br\/blog\/wp-json\/wp\/v2\/media\/20623"}],"wp:attachment":[{"href":"https:\/\/andreasimonetti.com.br\/blog\/wp-json\/wp\/v2\/media?parent=20621"}],"wp:term":[{"taxonomy":"category","embeddable":true,"href":"https:\/\/andreasimonetti.com.br\/blog\/wp-json\/wp\/v2\/categories?post=20621"},{"taxonomy":"post_tag","embeddable":true,"href":"https:\/\/andreasimonetti.com.br\/blog\/wp-json\/wp\/v2\/tags?post=20621"}],"curies":[{"name":"wp","href":"https:\/\/api.w.org\/{rel}","templated":true}]}}