{"id":20506,"date":"2018-11-25T23:25:10","date_gmt":"2018-11-26T01:25:10","guid":{"rendered":"https:\/\/www.andreasimonetti.com.br\/?p=20506"},"modified":"2018-11-25T23:26:02","modified_gmt":"2018-11-26T01:26:02","slug":"corpore-bauru-completa-15-anos","status":"publish","type":"post","link":"https:\/\/andreasimonetti.com.br\/blog\/corpore-bauru-completa-15-anos\/","title":{"rendered":"Corpore Bauru completa 15 anos"},"content":{"rendered":"<p>A <strong>Corpore Bauru<\/strong> comemorou 15 anos !<\/p>\n<p>Muitas atividades foram realizadas para marcar a data com uma programa\u00e7\u00e3o que come\u00e7ou \u00e0s 6 da manh\u00e3 e se estendeu at\u00e9 as 22 horas. E teve de tudo : caminhada, aula de zumba, cl\u00ednica de futebol, jogo de xadrez, aulas de mobilidade e core, step, combat e pilates, recrea\u00e7\u00e3o infantil, al\u00e9m de sess\u00f5es de quick massagem, relaxamento corporal osteop\u00e1tico e terapia hol\u00edstica com reiki e auriculoterapia.<\/p>\n<p>N\u00e3o faltou o tradicional desafio da Corpore de manter as esteiras ligadas por 15 horas ininterruptas, com alunos se revezando a cada hora; e eu &#8216;paguei&#8217; a minha hora !<\/p>\n<p>Estou na Corpore h\u00e1 mais de um ano e sei como isso mudou a minha vida para melhor. Al\u00e9m da estrutura incr\u00edvel eu admiro o comprometimento que toda a equipe tem com os objetivos dos seus clientes. Cada personal investe todo o seu conhecimento e experi\u00eancia nos treinamentos individualizados, e isso faz toda a diferen\u00e7a para quem procura sa\u00fade e bem estar.<\/p>\n<p><strong>Parab\u00e9ns ao Luciano e a K\u00e1tia Bufelli e\u00a0 a\u00a0toda equipe de profissionais que fazem a hist\u00f3ria de sucesso da Corpore Bauru.<\/strong><\/p>\n<p>Que venham os pr\u00f3ximos 15 anos !!<\/p>\n<p>&nbsp;<\/p>\n<div id=\"attachment_20512\" style=\"width: 1880px\" class=\"wp-caption alignnone\"><img loading=\"lazy\" decoding=\"async\" aria-describedby=\"caption-attachment-20512\" class=\"wp-image-20512 size-full\" src=\"https:\/\/www.andreasimonetti.com.br\/wp-content\/uploads\/2018\/11\/46665857_2015537795168647_6292536308828995584_o.jpg\" alt=\"15 anos da Corpore \" width=\"1870\" height=\"1250\" srcset=\"https:\/\/andreasimonetti.com.br\/blog\/wp-content\/uploads\/2018\/11\/46665857_2015537795168647_6292536308828995584_o.jpg 1870w, https:\/\/andreasimonetti.com.br\/blog\/wp-content\/uploads\/2018\/11\/46665857_2015537795168647_6292536308828995584_o-300x201.jpg 300w, https:\/\/andreasimonetti.com.br\/blog\/wp-content\/uploads\/2018\/11\/46665857_2015537795168647_6292536308828995584_o-768x513.jpg 768w, https:\/\/andreasimonetti.com.br\/blog\/wp-content\/uploads\/2018\/11\/46665857_2015537795168647_6292536308828995584_o-1024x684.jpg 1024w, https:\/\/andreasimonetti.com.br\/blog\/wp-content\/uploads\/2018\/11\/46665857_2015537795168647_6292536308828995584_o-1170x782.jpg 1170w, https:\/\/andreasimonetti.com.br\/blog\/wp-content\/uploads\/2018\/11\/46665857_2015537795168647_6292536308828995584_o-585x391.jpg 585w, https:\/\/andreasimonetti.com.br\/blog\/wp-content\/uploads\/2018\/11\/46665857_2015537795168647_6292536308828995584_o-263x175.jpg 263w\" sizes=\"auto, (max-width: 1870px) 100vw, 1870px\" \/><p id=\"caption-attachment-20512\" class=\"wp-caption-text\">Luciano Bufelli<\/p><\/div> <div id=\"attachment_20511\" style=\"width: 910px\" class=\"wp-caption alignnone\"><img loading=\"lazy\" decoding=\"async\" aria-describedby=\"caption-attachment-20511\" class=\"wp-image-20511\" src=\"https:\/\/www.andreasimonetti.com.br\/wp-content\/uploads\/2018\/11\/46518866_2015538371835256_5066568547367387136_n.jpg\" alt=\"15 anos da Corpore Bauru \" width=\"900\" height=\"1350\" srcset=\"https:\/\/andreasimonetti.com.br\/blog\/wp-content\/uploads\/2018\/11\/46518866_2015538371835256_5066568547367387136_n.jpg 640w, https:\/\/andreasimonetti.com.br\/blog\/wp-content\/uploads\/2018\/11\/46518866_2015538371835256_5066568547367387136_n-200x300.jpg 200w, https:\/\/andreasimonetti.com.br\/blog\/wp-content\/uploads\/2018\/11\/46518866_2015538371835256_5066568547367387136_n-585x878.jpg 585w\" sizes=\"auto, (max-width: 900px) 100vw, 900px\" \/><p id=\"caption-attachment-20511\" class=\"wp-caption-text\">Luciano e Katia Bufelli<\/p><\/div> <div id=\"attachment_20514\" style=\"width: 970px\" class=\"wp-caption alignnone\"><img loading=\"lazy\" decoding=\"async\" aria-describedby=\"caption-attachment-20514\" class=\"wp-image-20514 size-full\" src=\"https:\/\/www.andreasimonetti.com.br\/wp-content\/uploads\/2018\/11\/46742222_2032131780200346_7678543992077680640_n.jpg\" alt=\"15 anos da Corpore Bauru \" width=\"960\" height=\"960\" srcset=\"https:\/\/andreasimonetti.com.br\/blog\/wp-content\/uploads\/2018\/11\/46742222_2032131780200346_7678543992077680640_n.jpg 960w, https:\/\/andreasimonetti.com.br\/blog\/wp-content\/uploads\/2018\/11\/46742222_2032131780200346_7678543992077680640_n-150x150.jpg 150w, https:\/\/andreasimonetti.com.br\/blog\/wp-content\/uploads\/2018\/11\/46742222_2032131780200346_7678543992077680640_n-300x300.jpg 300w, https:\/\/andreasimonetti.com.br\/blog\/wp-content\/uploads\/2018\/11\/46742222_2032131780200346_7678543992077680640_n-768x768.jpg 768w, https:\/\/andreasimonetti.com.br\/blog\/wp-content\/uploads\/2018\/11\/46742222_2032131780200346_7678543992077680640_n-585x585.jpg 585w, https:\/\/andreasimonetti.com.br\/blog\/wp-content\/uploads\/2018\/11\/46742222_2032131780200346_7678543992077680640_n-640x640.jpg 640w\" sizes=\"auto, (max-width: 960px) 100vw, 960px\" \/><p id=\"caption-attachment-20514\" class=\"wp-caption-text\">Alex Ferreira, Arieni Aoki, Carolina Rorato<\/p><\/div> <div id=\"attachment_20509\" style=\"width: 970px\" class=\"wp-caption alignnone\"><img loading=\"lazy\" decoding=\"async\" aria-describedby=\"caption-attachment-20509\" class=\"wp-image-20509 size-full\" src=\"https:\/\/www.andreasimonetti.com.br\/wp-content\/uploads\/2018\/11\/46510539_2032131723533685_8362052689655234560_n.jpg\" alt=\"15 anos da Corpore Bauru \" width=\"960\" height=\"960\" srcset=\"https:\/\/andreasimonetti.com.br\/blog\/wp-content\/uploads\/2018\/11\/46510539_2032131723533685_8362052689655234560_n.jpg 960w, https:\/\/andreasimonetti.com.br\/blog\/wp-content\/uploads\/2018\/11\/46510539_2032131723533685_8362052689655234560_n-150x150.jpg 150w, https:\/\/andreasimonetti.com.br\/blog\/wp-content\/uploads\/2018\/11\/46510539_2032131723533685_8362052689655234560_n-300x300.jpg 300w, https:\/\/andreasimonetti.com.br\/blog\/wp-content\/uploads\/2018\/11\/46510539_2032131723533685_8362052689655234560_n-768x768.jpg 768w, https:\/\/andreasimonetti.com.br\/blog\/wp-content\/uploads\/2018\/11\/46510539_2032131723533685_8362052689655234560_n-585x585.jpg 585w, https:\/\/andreasimonetti.com.br\/blog\/wp-content\/uploads\/2018\/11\/46510539_2032131723533685_8362052689655234560_n-640x640.jpg 640w\" sizes=\"auto, (max-width: 960px) 100vw, 960px\" \/><p id=\"caption-attachment-20509\" class=\"wp-caption-text\">Edgard Guedes Dos Passos e Leandro Iackste<\/p><\/div> <div id=\"attachment_20508\" style=\"width: 970px\" class=\"wp-caption alignnone\"><img loading=\"lazy\" decoding=\"async\" aria-describedby=\"caption-attachment-20508\" class=\"wp-image-20508 size-full\" src=\"https:\/\/www.andreasimonetti.com.br\/wp-content\/uploads\/2018\/11\/46521524_2032131746867016_6869500749127090176_n.jpg\" alt=\"15 anos da Corpore Bauru \" width=\"960\" height=\"960\" srcset=\"https:\/\/andreasimonetti.com.br\/blog\/wp-content\/uploads\/2018\/11\/46521524_2032131746867016_6869500749127090176_n.jpg 960w, https:\/\/andreasimonetti.com.br\/blog\/wp-content\/uploads\/2018\/11\/46521524_2032131746867016_6869500749127090176_n-150x150.jpg 150w, https:\/\/andreasimonetti.com.br\/blog\/wp-content\/uploads\/2018\/11\/46521524_2032131746867016_6869500749127090176_n-300x300.jpg 300w, https:\/\/andreasimonetti.com.br\/blog\/wp-content\/uploads\/2018\/11\/46521524_2032131746867016_6869500749127090176_n-768x768.jpg 768w, https:\/\/andreasimonetti.com.br\/blog\/wp-content\/uploads\/2018\/11\/46521524_2032131746867016_6869500749127090176_n-585x585.jpg 585w, https:\/\/andreasimonetti.com.br\/blog\/wp-content\/uploads\/2018\/11\/46521524_2032131746867016_6869500749127090176_n-640x640.jpg 640w\" sizes=\"auto, (max-width: 960px) 100vw, 960px\" \/><p id=\"caption-attachment-20508\" class=\"wp-caption-text\">Maria, Alex e Rafael<\/p><\/div> <div id=\"attachment_20510\" style=\"width: 970px\" class=\"wp-caption alignnone\"><img loading=\"lazy\" decoding=\"async\" aria-describedby=\"caption-attachment-20510\" class=\"wp-image-20510 size-full\" src=\"https:\/\/www.andreasimonetti.com.br\/wp-content\/uploads\/2018\/11\/46949320_2032131776867013_1578522466941140992_n.jpg\" alt=\"15 anos da Corpore Bauru \" width=\"960\" height=\"960\" srcset=\"https:\/\/andreasimonetti.com.br\/blog\/wp-content\/uploads\/2018\/11\/46949320_2032131776867013_1578522466941140992_n.jpg 960w, https:\/\/andreasimonetti.com.br\/blog\/wp-content\/uploads\/2018\/11\/46949320_2032131776867013_1578522466941140992_n-150x150.jpg 150w, https:\/\/andreasimonetti.com.br\/blog\/wp-content\/uploads\/2018\/11\/46949320_2032131776867013_1578522466941140992_n-300x300.jpg 300w, https:\/\/andreasimonetti.com.br\/blog\/wp-content\/uploads\/2018\/11\/46949320_2032131776867013_1578522466941140992_n-768x768.jpg 768w, https:\/\/andreasimonetti.com.br\/blog\/wp-content\/uploads\/2018\/11\/46949320_2032131776867013_1578522466941140992_n-585x585.jpg 585w, https:\/\/andreasimonetti.com.br\/blog\/wp-content\/uploads\/2018\/11\/46949320_2032131776867013_1578522466941140992_n-640x640.jpg 640w\" sizes=\"auto, (max-width: 960px) 100vw, 960px\" \/><p id=\"caption-attachment-20510\" class=\"wp-caption-text\">Katia e Luciano Bufelli<\/p><\/div>\n<p>&nbsp;<\/p>\n<p>Fotos &#8211; Renan Casal<\/p>\n","protected":false},"excerpt":{"rendered":"<p>A Corpore Bauru comemorou 15 anos ! Muitas atividades foram realizadas para marcar a data com uma programa\u00e7\u00e3o que come\u00e7ou \u00e0s 6 da manh\u00e3 e se estendeu at\u00e9 as 22&hellip;<\/p>\n","protected":false},"author":7,"featured_media":20507,"comment_status":"open","ping_status":"open","sticky":false,"template":"","format":"standard","meta":{"_monsterinsights_skip_tracking":false,"_monsterinsights_sitenote_active":false,"_monsterinsights_sitenote_note":"","_monsterinsights_sitenote_category":0,"footnotes":""},"categories":[2013],"tags":[2775],"class_list":["post-20506","post","type-post","status-publish","format-standard","has-post-thumbnail","hentry","category-lifestyle","tag-corpore-bauru-completa-15-anos"],"yoast_head":"<!-- This site is optimized with the Yoast SEO plugin v26.3 - https:\/\/yoast.com\/wordpress\/plugins\/seo\/ -->\n<title>Corpore Bauru completa 15 anos - Andrea Simonetti<\/title>\n<meta name=\"description\" content=\"A Corpore Bauru comemorou 15 anos !Muitas atividades foram realizadas para marcar a data com uma programa\u00e7\u00e3o que come\u00e7ou \u00e0s 6 da manh\u00e3 e se estendeu at\u00e9 as 22 horas\" \/>\n<meta name=\"robots\" content=\"index, follow, max-snippet:-1, max-image-preview:large, max-video-preview:-1\" \/>\n<link rel=\"canonical\" href=\"https:\/\/andreasimonetti.com.br\/blog\/corpore-bauru-completa-15-anos\/\" \/>\n<meta property=\"og:locale\" content=\"pt_BR\" \/>\n<meta property=\"og:type\" content=\"article\" \/>\n<meta property=\"og:title\" content=\"Corpore Bauru completa 15 anos - Andrea Simonetti\" \/>\n<meta property=\"og:description\" content=\"A Corpore Bauru comemorou 15 anos !Muitas atividades foram realizadas para marcar a data com uma programa\u00e7\u00e3o que come\u00e7ou \u00e0s 6 da manh\u00e3 e se estendeu at\u00e9 as 22 horas\" \/>\n<meta property=\"og:url\" content=\"https:\/\/andreasimonetti.com.br\/blog\/corpore-bauru-completa-15-anos\/\" \/>\n<meta property=\"og:site_name\" content=\"Andrea Simonetti\" \/>\n<meta property=\"article:publisher\" content=\"https:\/\/www.facebook.com\/blogdaandreasimonetti\/\" \/>\n<meta property=\"article:author\" content=\"https:\/\/www.facebook.com\/blogdaandreasimonetti\/\" \/>\n<meta property=\"article:published_time\" content=\"2018-11-26T01:25:10+00:00\" \/>\n<meta property=\"article:modified_time\" content=\"2018-11-26T01:26:02+00:00\" \/>\n<meta property=\"og:image\" content=\"https:\/\/andreasimonetti.com.br\/blog\/wp-content\/uploads\/2018\/11\/46882599_2015536028502157_7295173446005161984_o.jpg\" \/>\n\t<meta property=\"og:image:width\" content=\"1870\" \/>\n\t<meta property=\"og:image:height\" content=\"1250\" \/>\n\t<meta property=\"og:image:type\" content=\"image\/jpeg\" \/>\n<meta name=\"author\" content=\"Andrea Simonetti\" \/>\n<meta name=\"twitter:card\" content=\"summary_large_image\" \/>\n<meta name=\"twitter:creator\" content=\"@https:\/\/twitter.com\/Andrea_Simoneti\" \/>\n<meta name=\"twitter:site\" content=\"@Andrea_Simoneti\" \/>\n<meta name=\"twitter:label1\" content=\"Escrito por\" \/>\n\t<meta name=\"twitter:data1\" content=\"Andrea Simonetti\" \/>\n\t<meta name=\"twitter:label2\" content=\"Est. tempo de leitura\" \/>\n\t<meta name=\"twitter:data2\" content=\"1 minuto\" \/>\n<!-- \/ Yoast SEO plugin. -->","yoast_head_json":{"title":"Corpore Bauru completa 15 anos - Andrea Simonetti","description":"A Corpore Bauru comemorou 15 anos !Muitas atividades foram realizadas para marcar a data com uma programa\u00e7\u00e3o que come\u00e7ou \u00e0s 6 da manh\u00e3 e se estendeu at\u00e9 as 22 horas","robots":{"index":"index","follow":"follow","max-snippet":"max-snippet:-1","max-image-preview":"max-image-preview:large","max-video-preview":"max-video-preview:-1"},"canonical":"https:\/\/andreasimonetti.com.br\/blog\/corpore-bauru-completa-15-anos\/","og_locale":"pt_BR","og_type":"article","og_title":"Corpore Bauru completa 15 anos - Andrea Simonetti","og_description":"A Corpore Bauru comemorou 15 anos !Muitas atividades foram realizadas para marcar a data com uma programa\u00e7\u00e3o que come\u00e7ou \u00e0s 6 da manh\u00e3 e se estendeu at\u00e9 as 22 horas","og_url":"https:\/\/andreasimonetti.com.br\/blog\/corpore-bauru-completa-15-anos\/","og_site_name":"Andrea Simonetti","article_publisher":"https:\/\/www.facebook.com\/blogdaandreasimonetti\/","article_author":"https:\/\/www.facebook.com\/blogdaandreasimonetti\/","article_published_time":"2018-11-26T01:25:10+00:00","article_modified_time":"2018-11-26T01:26:02+00:00","og_image":[{"width":1870,"height":1250,"url":"https:\/\/andreasimonetti.com.br\/blog\/wp-content\/uploads\/2018\/11\/46882599_2015536028502157_7295173446005161984_o.jpg","type":"image\/jpeg"}],"author":"Andrea Simonetti","twitter_card":"summary_large_image","twitter_creator":"@https:\/\/twitter.com\/Andrea_Simoneti","twitter_site":"@Andrea_Simoneti","twitter_misc":{"Escrito por":"Andrea Simonetti","Est. tempo de leitura":"1 minuto"},"schema":{"@context":"https:\/\/schema.org","@graph":[{"@type":"WebPage","@id":"https:\/\/andreasimonetti.com.br\/blog\/corpore-bauru-completa-15-anos\/","url":"https:\/\/andreasimonetti.com.br\/blog\/corpore-bauru-completa-15-anos\/","name":"Corpore Bauru completa 15 anos - Andrea Simonetti","isPartOf":{"@id":"https:\/\/andreasimonetti.com.br\/blog\/#website"},"primaryImageOfPage":{"@id":"https:\/\/andreasimonetti.com.br\/blog\/corpore-bauru-completa-15-anos\/#primaryimage"},"image":{"@id":"https:\/\/andreasimonetti.com.br\/blog\/corpore-bauru-completa-15-anos\/#primaryimage"},"thumbnailUrl":"https:\/\/andreasimonetti.com.br\/blog\/wp-content\/uploads\/2018\/11\/46882599_2015536028502157_7295173446005161984_o.jpg","datePublished":"2018-11-26T01:25:10+00:00","dateModified":"2018-11-26T01:26:02+00:00","author":{"@id":"https:\/\/andreasimonetti.com.br\/blog\/#\/schema\/person\/254f763c24ac288e27ea738a7366ad2a"},"description":"A Corpore Bauru comemorou 15 anos !Muitas atividades foram realizadas para marcar a data com uma programa\u00e7\u00e3o que come\u00e7ou \u00e0s 6 da manh\u00e3 e se estendeu at\u00e9 as 22 horas","breadcrumb":{"@id":"https:\/\/andreasimonetti.com.br\/blog\/corpore-bauru-completa-15-anos\/#breadcrumb"},"inLanguage":"pt-BR","potentialAction":[{"@type":"ReadAction","target":["https:\/\/andreasimonetti.com.br\/blog\/corpore-bauru-completa-15-anos\/"]}]},{"@type":"ImageObject","inLanguage":"pt-BR","@id":"https:\/\/andreasimonetti.com.br\/blog\/corpore-bauru-completa-15-anos\/#primaryimage","url":"https:\/\/andreasimonetti.com.br\/blog\/wp-content\/uploads\/2018\/11\/46882599_2015536028502157_7295173446005161984_o.jpg","contentUrl":"https:\/\/andreasimonetti.com.br\/blog\/wp-content\/uploads\/2018\/11\/46882599_2015536028502157_7295173446005161984_o.jpg","width":1870,"height":1250},{"@type":"BreadcrumbList","@id":"https:\/\/andreasimonetti.com.br\/blog\/corpore-bauru-completa-15-anos\/#breadcrumb","itemListElement":[{"@type":"ListItem","position":1,"name":"In\u00edcio","item":"https:\/\/andreasimonetti.com.br\/blog\/"},{"@type":"ListItem","position":2,"name":"Corpore Bauru completa 15 anos"}]},{"@type":"WebSite","@id":"https:\/\/andreasimonetti.com.br\/blog\/#website","url":"https:\/\/andreasimonetti.com.br\/blog\/","name":"Andrea Simonetti","description":"","potentialAction":[{"@type":"SearchAction","target":{"@type":"EntryPoint","urlTemplate":"https:\/\/andreasimonetti.com.br\/blog\/?s={search_term_string}"},"query-input":{"@type":"PropertyValueSpecification","valueRequired":true,"valueName":"search_term_string"}}],"inLanguage":"pt-BR"},{"@type":"Person","@id":"https:\/\/andreasimonetti.com.br\/blog\/#\/schema\/person\/254f763c24ac288e27ea738a7366ad2a","name":"Andrea Simonetti","image":{"@type":"ImageObject","inLanguage":"pt-BR","@id":"https:\/\/andreasimonetti.com.br\/blog\/#\/schema\/person\/image\/","url":"https:\/\/andreasimonetti.com.br\/blog\/wp-content\/uploads\/2018\/04\/andrea-simonetti-96x96.png","contentUrl":"https:\/\/andreasimonetti.com.br\/blog\/wp-content\/uploads\/2018\/04\/andrea-simonetti-96x96.png","caption":"Andrea Simonetti"},"description":"Sou formada em Administra\u00e7\u00e3o de Empresas, Produ\u00e7\u00e3o de Moda pelo SENAC e Consultoria de Estilo. Sou fascinada por moda desde sempre, adoro ver as pessoas produzidas e de bem com a vida. Moda \u00e9 o meu assunto preferido. Comecei meu blog em 2011, ele cresceu e hoje \u00e9 um site bem mais abrangente, onde eu falo sobre moda e meu trabalho de consultora de estilo. E falo tamb\u00e9m sobre a minha experi\u00eancia de vida. Mas antes de tudo, acredito num Deus Soberano que nos guia e aben\u00e7oa, o tempo todo!","sameAs":["https:\/\/www.andreasimonetti.com.br\/","https:\/\/www.facebook.com\/blogdaandreasimonetti\/","https:\/\/www.instagram.com\/andrea_simonetti\/","https:\/\/br.pinterest.com\/BlogAndrea\/","https:\/\/x.com\/https:\/\/twitter.com\/Andrea_Simoneti"],"url":"https:\/\/andreasimonetti.com.br\/blog\/author\/andrea\/"}]}},"_links":{"self":[{"href":"https:\/\/andreasimonetti.com.br\/blog\/wp-json\/wp\/v2\/posts\/20506","targetHints":{"allow":["GET"]}}],"collection":[{"href":"https:\/\/andreasimonetti.com.br\/blog\/wp-json\/wp\/v2\/posts"}],"about":[{"href":"https:\/\/andreasimonetti.com.br\/blog\/wp-json\/wp\/v2\/types\/post"}],"author":[{"embeddable":true,"href":"https:\/\/andreasimonetti.com.br\/blog\/wp-json\/wp\/v2\/users\/7"}],"replies":[{"embeddable":true,"href":"https:\/\/andreasimonetti.com.br\/blog\/wp-json\/wp\/v2\/comments?post=20506"}],"version-history":[{"count":0,"href":"https:\/\/andreasimonetti.com.br\/blog\/wp-json\/wp\/v2\/posts\/20506\/revisions"}],"wp:featuredmedia":[{"embeddable":true,"href":"https:\/\/andreasimonetti.com.br\/blog\/wp-json\/wp\/v2\/media\/20507"}],"wp:attachment":[{"href":"https:\/\/andreasimonetti.com.br\/blog\/wp-json\/wp\/v2\/media?parent=20506"}],"wp:term":[{"taxonomy":"category","embeddable":true,"href":"https:\/\/andreasimonetti.com.br\/blog\/wp-json\/wp\/v2\/categories?post=20506"},{"taxonomy":"post_tag","embeddable":true,"href":"https:\/\/andreasimonetti.com.br\/blog\/wp-json\/wp\/v2\/tags?post=20506"}],"curies":[{"name":"wp","href":"https:\/\/api.w.org\/{rel}","templated":true}]}}