{"id":20422,"date":"2018-11-14T19:39:03","date_gmt":"2018-11-14T21:39:03","guid":{"rendered":"https:\/\/www.andreasimonetti.com.br\/?p=20422"},"modified":"2018-11-14T19:39:03","modified_gmt":"2018-11-14T21:39:03","slug":"campanha-papai-noel-dos-correios","status":"publish","type":"post","link":"https:\/\/andreasimonetti.com.br\/blog\/campanha-papai-noel-dos-correios\/","title":{"rendered":"Campanha Papai Noel dos Correios"},"content":{"rendered":"<p>Fui convidada\u00a0 para ser uma das primeiras madrinhas da campanha <span style=\"color: #ff0000;\">Papai Noel dos Correios<\/span>, que contou tamb\u00e9m com a participa\u00e7\u00e3o de outros profissionais da comunica\u00e7\u00e3o como a influenciadora digital Mirella Cabaz, do Youtuber Fernando D&#8217;Avilla\u00a0 e da jornalista Juliana Oba do Social Bauru.\u00a0<\/p>\n<p><img loading=\"lazy\" decoding=\"async\" class=\"alignnone wp-image-20423 size-full\" src=\"https:\/\/www.andreasimonetti.com.br\/wp-content\/uploads\/2018\/11\/thumbnail_20181106_104925.jpg\" alt=\"Campanha Papai Noel dos Correios \" width=\"1280\" height=\"960\" srcset=\"https:\/\/andreasimonetti.com.br\/blog\/wp-content\/uploads\/2018\/11\/thumbnail_20181106_104925.jpg 1280w, https:\/\/andreasimonetti.com.br\/blog\/wp-content\/uploads\/2018\/11\/thumbnail_20181106_104925-300x225.jpg 300w, https:\/\/andreasimonetti.com.br\/blog\/wp-content\/uploads\/2018\/11\/thumbnail_20181106_104925-768x576.jpg 768w, https:\/\/andreasimonetti.com.br\/blog\/wp-content\/uploads\/2018\/11\/thumbnail_20181106_104925-1024x768.jpg 1024w, https:\/\/andreasimonetti.com.br\/blog\/wp-content\/uploads\/2018\/11\/thumbnail_20181106_104925-1170x878.jpg 1170w, https:\/\/andreasimonetti.com.br\/blog\/wp-content\/uploads\/2018\/11\/thumbnail_20181106_104925-585x439.jpg 585w\" sizes=\"auto, (max-width: 1280px) 100vw, 1280px\" \/><\/p>\n<p><strong>A campanha foi lan\u00e7ada oficialmente\u00a0 em todo Brasil no ultimo dia 06 de novembro.<\/strong><\/p>\n<div id=\"attachment_20424\" style=\"width: 1290px\" class=\"wp-caption alignnone\"><img loading=\"lazy\" decoding=\"async\" aria-describedby=\"caption-attachment-20424\" class=\"wp-image-20424 size-full\" src=\"https:\/\/www.andreasimonetti.com.br\/wp-content\/uploads\/2018\/11\/thumbnail_Dionisio-Dalben-e-crian\u00e7as.jpg\" alt=\"Campanha Papai Noel dos Correios \" width=\"1280\" height=\"853\" srcset=\"https:\/\/andreasimonetti.com.br\/blog\/wp-content\/uploads\/2018\/11\/thumbnail_Dionisio-Dalben-e-crian\u00e7as.jpg 1280w, https:\/\/andreasimonetti.com.br\/blog\/wp-content\/uploads\/2018\/11\/thumbnail_Dionisio-Dalben-e-crian\u00e7as-300x200.jpg 300w, https:\/\/andreasimonetti.com.br\/blog\/wp-content\/uploads\/2018\/11\/thumbnail_Dionisio-Dalben-e-crian\u00e7as-768x512.jpg 768w, https:\/\/andreasimonetti.com.br\/blog\/wp-content\/uploads\/2018\/11\/thumbnail_Dionisio-Dalben-e-crian\u00e7as-1024x682.jpg 1024w, https:\/\/andreasimonetti.com.br\/blog\/wp-content\/uploads\/2018\/11\/thumbnail_Dionisio-Dalben-e-crian\u00e7as-1170x780.jpg 1170w, https:\/\/andreasimonetti.com.br\/blog\/wp-content\/uploads\/2018\/11\/thumbnail_Dionisio-Dalben-e-crian\u00e7as-585x390.jpg 585w, https:\/\/andreasimonetti.com.br\/blog\/wp-content\/uploads\/2018\/11\/thumbnail_Dionisio-Dalben-e-crian\u00e7as-263x175.jpg 263w\" sizes=\"auto, (max-width: 1280px) 100vw, 1280px\" \/><p id=\"caption-attachment-20424\" class=\"wp-caption-text\">Dion\u00edsio Dalben<\/p><\/div>\n<p>A abertura contou com a presen\u00e7a do Superintendente Estadual de Opera\u00e7\u00f5es Wilson Abadio de Oliveira, colaboradores dos Correios e representantes de institui\u00e7\u00f5es locais. A cerimonia foi conduzida de forma brilhante\u00a0 pelo assessor de imprensa\u00a0 dos Correios Dion\u00edsio Dalben.\u00a0<\/p>\n<p>O evento, aberto ao p\u00fablico, contou com a chegada do <span style=\"color: #ff0000;\">Papai Noel<\/span>, a ado\u00e7\u00e3o das primeiras cartinhas, al\u00e9m da participa\u00e7\u00e3o do Coral Encanto Postal e do Quarteto de Cordas do Senai, bem como do carteiro Angelo Cristiano da Silva Antunes, conhecido como \u201cCarteiro Amigo dos Animais\u201d, profissional que ganhou visibilidade por seu bom relacionamento com os pets.<\/p>\n<div id=\"attachment_20429\" style=\"width: 1290px\" class=\"wp-caption alignnone\"><img loading=\"lazy\" decoding=\"async\" aria-describedby=\"caption-attachment-20429\" class=\"wp-image-20429 size-full\" src=\"https:\/\/www.andreasimonetti.com.br\/wp-content\/uploads\/2018\/11\/thumbnail_Descerramento-fita-inaugural.jpg\" alt=\"Campanha Papai Noel dos Correios \" width=\"1280\" height=\"853\" srcset=\"https:\/\/andreasimonetti.com.br\/blog\/wp-content\/uploads\/2018\/11\/thumbnail_Descerramento-fita-inaugural.jpg 1280w, https:\/\/andreasimonetti.com.br\/blog\/wp-content\/uploads\/2018\/11\/thumbnail_Descerramento-fita-inaugural-300x200.jpg 300w, https:\/\/andreasimonetti.com.br\/blog\/wp-content\/uploads\/2018\/11\/thumbnail_Descerramento-fita-inaugural-768x512.jpg 768w, https:\/\/andreasimonetti.com.br\/blog\/wp-content\/uploads\/2018\/11\/thumbnail_Descerramento-fita-inaugural-1024x682.jpg 1024w, https:\/\/andreasimonetti.com.br\/blog\/wp-content\/uploads\/2018\/11\/thumbnail_Descerramento-fita-inaugural-1170x780.jpg 1170w, https:\/\/andreasimonetti.com.br\/blog\/wp-content\/uploads\/2018\/11\/thumbnail_Descerramento-fita-inaugural-585x390.jpg 585w, https:\/\/andreasimonetti.com.br\/blog\/wp-content\/uploads\/2018\/11\/thumbnail_Descerramento-fita-inaugural-263x175.jpg 263w\" sizes=\"auto, (max-width: 1280px) 100vw, 1280px\" \/><p id=\"caption-attachment-20429\" class=\"wp-caption-text\">Angelo Cristiano da Silva Antunes, Papai Noel e Wilson Abadio de Oliveira<\/p><\/div>\n<p class=\"x_xmsonormal\">Ao longo dos 29 anos da campanha, milh\u00f5es de crian\u00e7as tiveram seu pedido atendido. Somente nos \u00faltimos tr\u00eas anos, foram recebidas mais de 2,6 milh\u00f5es de cartas destinadas ao <span style=\"color: #ff0000;\">Papai Noel dos Correios<\/span>. Nas cidades do interior paulista, foram mais de 317 mil cartinhas recebidas no \u00faltimo tri\u00eanio. Al\u00e9m de estimular as crian\u00e7as a escreverem cartas, a campanha dissemina valores natalinos, como a solidariedade.<\/p>\n<div id=\"attachment_20427\" style=\"width: 1290px\" class=\"wp-caption alignnone\"><img loading=\"lazy\" decoding=\"async\" aria-describedby=\"caption-attachment-20427\" class=\"wp-image-20427 size-full\" src=\"https:\/\/www.andreasimonetti.com.br\/wp-content\/uploads\/2018\/11\/thumbnail_20181106_100425.jpg\" alt=\"Campanha Papai Noel dos Correios \" width=\"1280\" height=\"960\" srcset=\"https:\/\/andreasimonetti.com.br\/blog\/wp-content\/uploads\/2018\/11\/thumbnail_20181106_100425.jpg 1280w, https:\/\/andreasimonetti.com.br\/blog\/wp-content\/uploads\/2018\/11\/thumbnail_20181106_100425-300x225.jpg 300w, https:\/\/andreasimonetti.com.br\/blog\/wp-content\/uploads\/2018\/11\/thumbnail_20181106_100425-768x576.jpg 768w, https:\/\/andreasimonetti.com.br\/blog\/wp-content\/uploads\/2018\/11\/thumbnail_20181106_100425-1024x768.jpg 1024w, https:\/\/andreasimonetti.com.br\/blog\/wp-content\/uploads\/2018\/11\/thumbnail_20181106_100425-1170x878.jpg 1170w, https:\/\/andreasimonetti.com.br\/blog\/wp-content\/uploads\/2018\/11\/thumbnail_20181106_100425-585x439.jpg 585w\" sizes=\"auto, (max-width: 1280px) 100vw, 1280px\" \/><p id=\"caption-attachment-20427\" class=\"wp-caption-text\">Quarteto de Cordas do Senai<\/p><\/div>\n<p class=\"x_xmsonormal\"><b>Como surgiu<\/b><\/p>\n<p class=\"x_xmsonormal\">A campanha Papai Noel dos Correios nasceu pela iniciativa de alguns empregados, que, durante a rotina de trabalho, recebiam cartas escritas por crian\u00e7as, destinadas ao Papai Noel, mas sem endere\u00e7o. Sensibilizados, resolveram adotar eles mesmos as cartinhas e enviar os presentes.<\/p>\n<p class=\"x_xmsonormal\">Com o passar do tempo, a a\u00e7\u00e3o foi ganhando propor\u00e7\u00e3o e acabou se transformando num projeto corporativo dos Correios.<\/p>\n<p>&nbsp;<\/p>\n<p><img loading=\"lazy\" decoding=\"async\" class=\"alignnone wp-image-20428 size-full\" src=\"https:\/\/www.andreasimonetti.com.br\/wp-content\/uploads\/2018\/11\/thumbnail_Papai-Noel-crian\u00e7as.jpg\" alt=\"Campanha Papai Noel dos Correios \" width=\"1280\" height=\"853\" srcset=\"https:\/\/andreasimonetti.com.br\/blog\/wp-content\/uploads\/2018\/11\/thumbnail_Papai-Noel-crian\u00e7as.jpg 1280w, https:\/\/andreasimonetti.com.br\/blog\/wp-content\/uploads\/2018\/11\/thumbnail_Papai-Noel-crian\u00e7as-300x200.jpg 300w, https:\/\/andreasimonetti.com.br\/blog\/wp-content\/uploads\/2018\/11\/thumbnail_Papai-Noel-crian\u00e7as-768x512.jpg 768w, https:\/\/andreasimonetti.com.br\/blog\/wp-content\/uploads\/2018\/11\/thumbnail_Papai-Noel-crian\u00e7as-1024x682.jpg 1024w, https:\/\/andreasimonetti.com.br\/blog\/wp-content\/uploads\/2018\/11\/thumbnail_Papai-Noel-crian\u00e7as-1170x780.jpg 1170w, https:\/\/andreasimonetti.com.br\/blog\/wp-content\/uploads\/2018\/11\/thumbnail_Papai-Noel-crian\u00e7as-585x390.jpg 585w, https:\/\/andreasimonetti.com.br\/blog\/wp-content\/uploads\/2018\/11\/thumbnail_Papai-Noel-crian\u00e7as-263x175.jpg 263w\" sizes=\"auto, (max-width: 1280px) 100vw, 1280px\" \/><\/p>\n<p class=\"x_xmsonormal\"><b>Funcionamento da campanha<\/b><\/p>\n<p class=\"x_xmsonormal\">A ado\u00e7\u00e3o pelos padrinhos \u00e9 feita da mesma maneira em todo o Brasil: as cartas enviadas pelas crian\u00e7as s\u00e3o lidas e selecionadas. Em seguida, s\u00e3o disponibilizadas na casa do Papai Noel ou em outras unidades da empresa. Os Correios n\u00e3o distribuem cartas para ado\u00e7\u00e3o diretamente \u00e0 popula\u00e7\u00e3o, em suas resid\u00eancias. As cartas do Papai Noel dos Correios ficam dispon\u00edveis apenas nos locais indicados no blog da campanha.<\/p>\n<p class=\"x_xmsonormal\">Os presentes s\u00e3o recebidos nos pontos de entrega divulgados pelos Correios para que, posteriormente, os Correios realizem a distribui\u00e7\u00e3o. N\u00e3o \u00e9 permitida a entrega direta do presente e, para assegurar a observ\u00e2ncia desse crit\u00e9rio, o endere\u00e7o da crian\u00e7a n\u00e3o \u00e9 divulgado ou informado ao padrinho.<\/p>\n<p class=\"x_xmsonormal\"><b>Prazos da campanha no interior de SP:<\/b><\/p>\n<ul type=\"disc\">\n<li class=\"x_MsoNormal\">Recebimento das cartinhas nos Correios:<b>\u00a0<\/b>de 6\/11 a 7\/12\/18.<\/li>\n<li class=\"x_MsoNormal\">Ado\u00e7\u00e3o das cartinhas pelos padrinhos (sociedade): at\u00e9 14\/12\/18.<\/li>\n<\/ul>\n<p class=\"x_xmsonormal\">\u00b7\u00a0\u00a0\u00a0\u00a0\u00a0\u00a0\u00a0\u00a0\u00a0Entrega dos presentes dos padrinhos nos Correios<b>:\u00a0<\/b>\u00a0at\u00e9 14\/12\/18.<\/p>\n<p>Mais informa\u00e7\u00f5es acesse:\u00a0\u00a0<a id=\"LPlnk318628\" href=\"http:\/\/blog.correios.com.br\/papainoeldoscorreios\" target=\"_blank\" rel=\"noopener noreferrer\" data-auth=\"NotApplicable\">http:\/\/blog.correios.com.br\/papainoeldoscorreios<\/a>.<\/p>\n","protected":false},"excerpt":{"rendered":"<p>Fui convidada\u00a0 para ser uma das primeiras madrinhas da campanha Papai Noel dos Correios, que contou tamb\u00e9m com a participa\u00e7\u00e3o de outros profissionais da comunica\u00e7\u00e3o como a influenciadora digital Mirella&hellip;<\/p>\n","protected":false},"author":7,"featured_media":20426,"comment_status":"open","ping_status":"open","sticky":false,"template":"","format":"standard","meta":{"_monsterinsights_skip_tracking":false,"_monsterinsights_sitenote_active":false,"_monsterinsights_sitenote_note":"","_monsterinsights_sitenote_category":0,"footnotes":""},"categories":[1508,2013],"tags":[],"class_list":["post-20422","post","type-post","status-publish","format-standard","has-post-thumbnail","hentry","category-destaque","category-lifestyle"],"yoast_head":"<!-- This site is optimized with the Yoast SEO plugin v26.3 - https:\/\/yoast.com\/wordpress\/plugins\/seo\/ -->\n<title>Campanha Papai Noel dos Correios - Andrea Simonetti<\/title>\n<meta name=\"robots\" content=\"index, follow, max-snippet:-1, max-image-preview:large, max-video-preview:-1\" \/>\n<link rel=\"canonical\" href=\"https:\/\/andreasimonetti.com.br\/blog\/campanha-papai-noel-dos-correios\/\" \/>\n<meta property=\"og:locale\" content=\"pt_BR\" \/>\n<meta property=\"og:type\" content=\"article\" \/>\n<meta property=\"og:title\" content=\"Campanha Papai Noel dos Correios - Andrea Simonetti\" \/>\n<meta property=\"og:description\" content=\"Fui convidada\u00a0 para ser uma das primeiras madrinhas da campanha Papai Noel dos Correios, que contou tamb\u00e9m com a participa\u00e7\u00e3o de outros profissionais da comunica\u00e7\u00e3o como a influenciadora digital Mirella&hellip;\" \/>\n<meta property=\"og:url\" content=\"https:\/\/andreasimonetti.com.br\/blog\/campanha-papai-noel-dos-correios\/\" \/>\n<meta property=\"og:site_name\" content=\"Andrea Simonetti\" \/>\n<meta property=\"article:publisher\" content=\"https:\/\/www.facebook.com\/blogdaandreasimonetti\/\" \/>\n<meta property=\"article:author\" content=\"https:\/\/www.facebook.com\/blogdaandreasimonetti\/\" \/>\n<meta property=\"article:published_time\" content=\"2018-11-14T21:39:03+00:00\" \/>\n<meta property=\"og:image\" content=\"https:\/\/andreasimonetti.com.br\/blog\/wp-content\/uploads\/2018\/11\/thumbnail_Projeto-Papai-Noel_2018.jpg\" \/>\n\t<meta property=\"og:image:width\" content=\"1280\" \/>\n\t<meta property=\"og:image:height\" content=\"853\" \/>\n\t<meta property=\"og:image:type\" content=\"image\/jpeg\" \/>\n<meta name=\"author\" content=\"Andrea Simonetti\" \/>\n<meta name=\"twitter:card\" content=\"summary_large_image\" \/>\n<meta name=\"twitter:creator\" content=\"@https:\/\/twitter.com\/Andrea_Simoneti\" \/>\n<meta name=\"twitter:site\" content=\"@Andrea_Simoneti\" \/>\n<meta name=\"twitter:label1\" content=\"Escrito por\" \/>\n\t<meta name=\"twitter:data1\" content=\"Andrea Simonetti\" \/>\n\t<meta name=\"twitter:label2\" content=\"Est. tempo de leitura\" \/>\n\t<meta name=\"twitter:data2\" content=\"3 minutos\" \/>\n<!-- \/ Yoast SEO plugin. -->","yoast_head_json":{"title":"Campanha Papai Noel dos Correios - Andrea Simonetti","robots":{"index":"index","follow":"follow","max-snippet":"max-snippet:-1","max-image-preview":"max-image-preview:large","max-video-preview":"max-video-preview:-1"},"canonical":"https:\/\/andreasimonetti.com.br\/blog\/campanha-papai-noel-dos-correios\/","og_locale":"pt_BR","og_type":"article","og_title":"Campanha Papai Noel dos Correios - Andrea Simonetti","og_description":"Fui convidada\u00a0 para ser uma das primeiras madrinhas da campanha Papai Noel dos Correios, que contou tamb\u00e9m com a participa\u00e7\u00e3o de outros profissionais da comunica\u00e7\u00e3o como a influenciadora digital Mirella&hellip;","og_url":"https:\/\/andreasimonetti.com.br\/blog\/campanha-papai-noel-dos-correios\/","og_site_name":"Andrea Simonetti","article_publisher":"https:\/\/www.facebook.com\/blogdaandreasimonetti\/","article_author":"https:\/\/www.facebook.com\/blogdaandreasimonetti\/","article_published_time":"2018-11-14T21:39:03+00:00","og_image":[{"width":1280,"height":853,"url":"https:\/\/andreasimonetti.com.br\/blog\/wp-content\/uploads\/2018\/11\/thumbnail_Projeto-Papai-Noel_2018.jpg","type":"image\/jpeg"}],"author":"Andrea Simonetti","twitter_card":"summary_large_image","twitter_creator":"@https:\/\/twitter.com\/Andrea_Simoneti","twitter_site":"@Andrea_Simoneti","twitter_misc":{"Escrito por":"Andrea Simonetti","Est. tempo de leitura":"3 minutos"},"schema":{"@context":"https:\/\/schema.org","@graph":[{"@type":"WebPage","@id":"https:\/\/andreasimonetti.com.br\/blog\/campanha-papai-noel-dos-correios\/","url":"https:\/\/andreasimonetti.com.br\/blog\/campanha-papai-noel-dos-correios\/","name":"Campanha Papai Noel dos Correios - Andrea Simonetti","isPartOf":{"@id":"https:\/\/andreasimonetti.com.br\/blog\/#website"},"primaryImageOfPage":{"@id":"https:\/\/andreasimonetti.com.br\/blog\/campanha-papai-noel-dos-correios\/#primaryimage"},"image":{"@id":"https:\/\/andreasimonetti.com.br\/blog\/campanha-papai-noel-dos-correios\/#primaryimage"},"thumbnailUrl":"https:\/\/andreasimonetti.com.br\/blog\/wp-content\/uploads\/2018\/11\/thumbnail_Projeto-Papai-Noel_2018.jpg","datePublished":"2018-11-14T21:39:03+00:00","author":{"@id":"https:\/\/andreasimonetti.com.br\/blog\/#\/schema\/person\/254f763c24ac288e27ea738a7366ad2a"},"breadcrumb":{"@id":"https:\/\/andreasimonetti.com.br\/blog\/campanha-papai-noel-dos-correios\/#breadcrumb"},"inLanguage":"pt-BR","potentialAction":[{"@type":"ReadAction","target":["https:\/\/andreasimonetti.com.br\/blog\/campanha-papai-noel-dos-correios\/"]}]},{"@type":"ImageObject","inLanguage":"pt-BR","@id":"https:\/\/andreasimonetti.com.br\/blog\/campanha-papai-noel-dos-correios\/#primaryimage","url":"https:\/\/andreasimonetti.com.br\/blog\/wp-content\/uploads\/2018\/11\/thumbnail_Projeto-Papai-Noel_2018.jpg","contentUrl":"https:\/\/andreasimonetti.com.br\/blog\/wp-content\/uploads\/2018\/11\/thumbnail_Projeto-Papai-Noel_2018.jpg","width":1280,"height":853},{"@type":"BreadcrumbList","@id":"https:\/\/andreasimonetti.com.br\/blog\/campanha-papai-noel-dos-correios\/#breadcrumb","itemListElement":[{"@type":"ListItem","position":1,"name":"In\u00edcio","item":"https:\/\/andreasimonetti.com.br\/blog\/"},{"@type":"ListItem","position":2,"name":"Campanha Papai Noel dos Correios"}]},{"@type":"WebSite","@id":"https:\/\/andreasimonetti.com.br\/blog\/#website","url":"https:\/\/andreasimonetti.com.br\/blog\/","name":"Andrea Simonetti","description":"","potentialAction":[{"@type":"SearchAction","target":{"@type":"EntryPoint","urlTemplate":"https:\/\/andreasimonetti.com.br\/blog\/?s={search_term_string}"},"query-input":{"@type":"PropertyValueSpecification","valueRequired":true,"valueName":"search_term_string"}}],"inLanguage":"pt-BR"},{"@type":"Person","@id":"https:\/\/andreasimonetti.com.br\/blog\/#\/schema\/person\/254f763c24ac288e27ea738a7366ad2a","name":"Andrea Simonetti","image":{"@type":"ImageObject","inLanguage":"pt-BR","@id":"https:\/\/andreasimonetti.com.br\/blog\/#\/schema\/person\/image\/","url":"https:\/\/andreasimonetti.com.br\/blog\/wp-content\/uploads\/2018\/04\/andrea-simonetti-96x96.png","contentUrl":"https:\/\/andreasimonetti.com.br\/blog\/wp-content\/uploads\/2018\/04\/andrea-simonetti-96x96.png","caption":"Andrea Simonetti"},"description":"Sou formada em Administra\u00e7\u00e3o de Empresas, Produ\u00e7\u00e3o de Moda pelo SENAC e Consultoria de Estilo. Sou fascinada por moda desde sempre, adoro ver as pessoas produzidas e de bem com a vida. Moda \u00e9 o meu assunto preferido. Comecei meu blog em 2011, ele cresceu e hoje \u00e9 um site bem mais abrangente, onde eu falo sobre moda e meu trabalho de consultora de estilo. E falo tamb\u00e9m sobre a minha experi\u00eancia de vida. Mas antes de tudo, acredito num Deus Soberano que nos guia e aben\u00e7oa, o tempo todo!","sameAs":["https:\/\/www.andreasimonetti.com.br\/","https:\/\/www.facebook.com\/blogdaandreasimonetti\/","https:\/\/www.instagram.com\/andrea_simonetti\/","https:\/\/br.pinterest.com\/BlogAndrea\/","https:\/\/x.com\/https:\/\/twitter.com\/Andrea_Simoneti"],"url":"https:\/\/andreasimonetti.com.br\/blog\/author\/andrea\/"}]}},"_links":{"self":[{"href":"https:\/\/andreasimonetti.com.br\/blog\/wp-json\/wp\/v2\/posts\/20422","targetHints":{"allow":["GET"]}}],"collection":[{"href":"https:\/\/andreasimonetti.com.br\/blog\/wp-json\/wp\/v2\/posts"}],"about":[{"href":"https:\/\/andreasimonetti.com.br\/blog\/wp-json\/wp\/v2\/types\/post"}],"author":[{"embeddable":true,"href":"https:\/\/andreasimonetti.com.br\/blog\/wp-json\/wp\/v2\/users\/7"}],"replies":[{"embeddable":true,"href":"https:\/\/andreasimonetti.com.br\/blog\/wp-json\/wp\/v2\/comments?post=20422"}],"version-history":[{"count":0,"href":"https:\/\/andreasimonetti.com.br\/blog\/wp-json\/wp\/v2\/posts\/20422\/revisions"}],"wp:featuredmedia":[{"embeddable":true,"href":"https:\/\/andreasimonetti.com.br\/blog\/wp-json\/wp\/v2\/media\/20426"}],"wp:attachment":[{"href":"https:\/\/andreasimonetti.com.br\/blog\/wp-json\/wp\/v2\/media?parent=20422"}],"wp:term":[{"taxonomy":"category","embeddable":true,"href":"https:\/\/andreasimonetti.com.br\/blog\/wp-json\/wp\/v2\/categories?post=20422"},{"taxonomy":"post_tag","embeddable":true,"href":"https:\/\/andreasimonetti.com.br\/blog\/wp-json\/wp\/v2\/tags?post=20422"}],"curies":[{"name":"wp","href":"https:\/\/api.w.org\/{rel}","templated":true}]}}