{"id":20411,"date":"2018-11-11T22:34:42","date_gmt":"2018-11-12T00:34:42","guid":{"rendered":"https:\/\/www.andreasimonetti.com.br\/?p=20411"},"modified":"2018-11-11T22:34:42","modified_gmt":"2018-11-12T00:34:42","slug":"jaqueta-corta-vento-e-a-peca-da-vez","status":"publish","type":"post","link":"https:\/\/andreasimonetti.com.br\/blog\/jaqueta-corta-vento-e-a-peca-da-vez\/","title":{"rendered":"Jaqueta corta vento \u00e9 a pe\u00e7a da vez!"},"content":{"rendered":"<p>Desfiles, editorias de moda e street style est\u00e3o destacando a jaqueta corta vento como a pe\u00e7a da vez!<\/p>\n<p>Originalmente ela era usada somente por praticantes de atividade f\u00edsica mas agora \u00e9 um item de moda.<\/p>\n<p>Com ela voc\u00ea pode montar diversos looks e aqui estou usando num estilo bem casual, com jeans + t shirt e t\u00eanis.<\/p>\n<p>\u00c9 uma pe\u00e7a leve e f\u00e1cil de transportar, al\u00e9m de proteger do frio, vento e chuva.<\/p>\n<p>Uma \u00f3tima op\u00e7\u00e3o para viagens!<\/p>\n<p><img loading=\"lazy\" decoding=\"async\" class=\"alignnone wp-image-20413 size-full\" src=\"https:\/\/www.andreasimonetti.com.br\/wp-content\/uploads\/2018\/11\/MG_1847.jpg\" alt=\"Jaqueta corta vento \" width=\"1365\" height=\"2048\" srcset=\"https:\/\/andreasimonetti.com.br\/blog\/wp-content\/uploads\/2018\/11\/MG_1847.jpg 1365w, https:\/\/andreasimonetti.com.br\/blog\/wp-content\/uploads\/2018\/11\/MG_1847-200x300.jpg 200w, https:\/\/andreasimonetti.com.br\/blog\/wp-content\/uploads\/2018\/11\/MG_1847-768x1152.jpg 768w, https:\/\/andreasimonetti.com.br\/blog\/wp-content\/uploads\/2018\/11\/MG_1847-683x1024.jpg 683w, https:\/\/andreasimonetti.com.br\/blog\/wp-content\/uploads\/2018\/11\/MG_1847-1170x1755.jpg 1170w, https:\/\/andreasimonetti.com.br\/blog\/wp-content\/uploads\/2018\/11\/MG_1847-585x878.jpg 585w\" sizes=\"auto, (max-width: 1365px) 100vw, 1365px\" \/> <img loading=\"lazy\" decoding=\"async\" class=\"alignnone wp-image-20414 size-full\" src=\"https:\/\/www.andreasimonetti.com.br\/wp-content\/uploads\/2018\/11\/MG_1862.jpg\" alt=\"Jaqueta corta vento \" width=\"2048\" height=\"1365\" srcset=\"https:\/\/andreasimonetti.com.br\/blog\/wp-content\/uploads\/2018\/11\/MG_1862.jpg 2048w, https:\/\/andreasimonetti.com.br\/blog\/wp-content\/uploads\/2018\/11\/MG_1862-300x200.jpg 300w, https:\/\/andreasimonetti.com.br\/blog\/wp-content\/uploads\/2018\/11\/MG_1862-768x512.jpg 768w, https:\/\/andreasimonetti.com.br\/blog\/wp-content\/uploads\/2018\/11\/MG_1862-1024x683.jpg 1024w, https:\/\/andreasimonetti.com.br\/blog\/wp-content\/uploads\/2018\/11\/MG_1862-1170x780.jpg 1170w, https:\/\/andreasimonetti.com.br\/blog\/wp-content\/uploads\/2018\/11\/MG_1862-585x390.jpg 585w, https:\/\/andreasimonetti.com.br\/blog\/wp-content\/uploads\/2018\/11\/MG_1862-263x175.jpg 263w\" sizes=\"auto, (max-width: 2048px) 100vw, 2048px\" \/> <img loading=\"lazy\" decoding=\"async\" class=\"alignnone size-full wp-image-20415\" src=\"https:\/\/www.andreasimonetti.com.br\/wp-content\/uploads\/2018\/11\/MG_1871.jpg\" alt=\"\" width=\"2048\" height=\"1365\" srcset=\"https:\/\/andreasimonetti.com.br\/blog\/wp-content\/uploads\/2018\/11\/MG_1871.jpg 2048w, https:\/\/andreasimonetti.com.br\/blog\/wp-content\/uploads\/2018\/11\/MG_1871-300x200.jpg 300w, https:\/\/andreasimonetti.com.br\/blog\/wp-content\/uploads\/2018\/11\/MG_1871-768x512.jpg 768w, https:\/\/andreasimonetti.com.br\/blog\/wp-content\/uploads\/2018\/11\/MG_1871-1024x683.jpg 1024w, https:\/\/andreasimonetti.com.br\/blog\/wp-content\/uploads\/2018\/11\/MG_1871-1170x780.jpg 1170w, https:\/\/andreasimonetti.com.br\/blog\/wp-content\/uploads\/2018\/11\/MG_1871-585x390.jpg 585w, https:\/\/andreasimonetti.com.br\/blog\/wp-content\/uploads\/2018\/11\/MG_1871-263x175.jpg 263w\" sizes=\"auto, (max-width: 2048px) 100vw, 2048px\" \/> <img loading=\"lazy\" decoding=\"async\" class=\"alignnone wp-image-20416 size-full\" src=\"https:\/\/www.andreasimonetti.com.br\/wp-content\/uploads\/2018\/11\/MG_1864.jpg\" alt=\"Tenis e bolsa cole\u00e7\u00e3o ver\u00e3o Arezzo - 2018\" width=\"2048\" height=\"1365\" srcset=\"https:\/\/andreasimonetti.com.br\/blog\/wp-content\/uploads\/2018\/11\/MG_1864.jpg 2048w, https:\/\/andreasimonetti.com.br\/blog\/wp-content\/uploads\/2018\/11\/MG_1864-300x200.jpg 300w, https:\/\/andreasimonetti.com.br\/blog\/wp-content\/uploads\/2018\/11\/MG_1864-768x512.jpg 768w, https:\/\/andreasimonetti.com.br\/blog\/wp-content\/uploads\/2018\/11\/MG_1864-1024x683.jpg 1024w, https:\/\/andreasimonetti.com.br\/blog\/wp-content\/uploads\/2018\/11\/MG_1864-1170x780.jpg 1170w, https:\/\/andreasimonetti.com.br\/blog\/wp-content\/uploads\/2018\/11\/MG_1864-585x390.jpg 585w, https:\/\/andreasimonetti.com.br\/blog\/wp-content\/uploads\/2018\/11\/MG_1864-263x175.jpg 263w\" sizes=\"auto, (max-width: 2048px) 100vw, 2048px\" \/><\/p>\n<p><strong>Cr\u00e9ditos:<\/strong><\/p>\n<ul>\n<li>T\u00eanis e bolsa da cole\u00e7\u00e3o de ver\u00e3o do Arezzo Boulevard Shopping Bauru\u00a0<\/li>\n<li>Cal\u00e7a , t-shirts e jaqueta corta vento\u00a0 da Loja Ped\u00e1gio de Bauru<\/li>\n<li>Make e hair \u2013 Dinard\u2019s Hair Fashion<\/li>\n<li>Foto : Fotografando<\/li>\n<\/ul>\n","protected":false},"excerpt":{"rendered":"<p>Desfiles, editorias de moda e street style est\u00e3o destacando a jaqueta corta vento como a pe\u00e7a da vez! Originalmente ela era usada somente por praticantes de atividade f\u00edsica mas agora&hellip;<\/p>\n","protected":false},"author":7,"featured_media":20412,"comment_status":"open","ping_status":"open","sticky":false,"template":"","format":"standard","meta":{"_monsterinsights_skip_tracking":false,"_monsterinsights_sitenote_active":false,"_monsterinsights_sitenote_note":"","_monsterinsights_sitenote_category":0,"footnotes":""},"categories":[1508,2675,3],"tags":[],"class_list":["post-20411","post","type-post","status-publish","format-standard","has-post-thumbnail","hentry","category-destaque","category-meu-look","category-moda"],"yoast_head":"<!-- This site is optimized with the Yoast SEO plugin v26.3 - https:\/\/yoast.com\/wordpress\/plugins\/seo\/ -->\n<title>Jaqueta corta vento \u00e9 a pe\u00e7a da vez! - Andrea Simonetti<\/title>\n<meta name=\"description\" content=\"Editorias de moda e street style est\u00e3o destacando a jaqueta corta vento como a pe\u00e7a da vez. Originalmente ela era usada somente por praticantes de atividade f\u00edsica mas agora \u00e9 um item de moda.\" \/>\n<meta name=\"robots\" content=\"index, follow, max-snippet:-1, max-image-preview:large, max-video-preview:-1\" \/>\n<link rel=\"canonical\" href=\"https:\/\/andreasimonetti.com.br\/blog\/jaqueta-corta-vento-e-a-peca-da-vez\/\" \/>\n<meta property=\"og:locale\" content=\"pt_BR\" \/>\n<meta property=\"og:type\" content=\"article\" \/>\n<meta property=\"og:title\" content=\"Jaqueta corta vento \u00e9 a pe\u00e7a da vez! - Andrea Simonetti\" \/>\n<meta property=\"og:description\" content=\"Editorias de moda e street style est\u00e3o destacando a jaqueta corta vento como a pe\u00e7a da vez. Originalmente ela era usada somente por praticantes de atividade f\u00edsica mas agora \u00e9 um item de moda.\" \/>\n<meta property=\"og:url\" content=\"https:\/\/andreasimonetti.com.br\/blog\/jaqueta-corta-vento-e-a-peca-da-vez\/\" \/>\n<meta property=\"og:site_name\" content=\"Andrea Simonetti\" \/>\n<meta property=\"article:publisher\" content=\"https:\/\/www.facebook.com\/blogdaandreasimonetti\/\" \/>\n<meta property=\"article:author\" content=\"https:\/\/www.facebook.com\/blogdaandreasimonetti\/\" \/>\n<meta property=\"article:published_time\" content=\"2018-11-12T00:34:42+00:00\" \/>\n<meta property=\"og:image\" content=\"https:\/\/andreasimonetti.com.br\/blog\/wp-content\/uploads\/2018\/11\/MG_1843.jpg\" \/>\n\t<meta property=\"og:image:width\" content=\"1365\" \/>\n\t<meta property=\"og:image:height\" content=\"2048\" \/>\n\t<meta property=\"og:image:type\" content=\"image\/jpeg\" \/>\n<meta name=\"author\" content=\"Andrea Simonetti\" \/>\n<meta name=\"twitter:card\" content=\"summary_large_image\" \/>\n<meta name=\"twitter:creator\" content=\"@https:\/\/twitter.com\/Andrea_Simoneti\" \/>\n<meta name=\"twitter:site\" content=\"@Andrea_Simoneti\" \/>\n<meta name=\"twitter:label1\" content=\"Escrito por\" \/>\n\t<meta name=\"twitter:data1\" content=\"Andrea Simonetti\" \/>\n\t<meta name=\"twitter:label2\" content=\"Est. tempo de leitura\" \/>\n\t<meta name=\"twitter:data2\" content=\"1 minuto\" \/>\n<!-- \/ Yoast SEO plugin. -->","yoast_head_json":{"title":"Jaqueta corta vento \u00e9 a pe\u00e7a da vez! - Andrea Simonetti","description":"Editorias de moda e street style est\u00e3o destacando a jaqueta corta vento como a pe\u00e7a da vez. Originalmente ela era usada somente por praticantes de atividade f\u00edsica mas agora \u00e9 um item de moda.","robots":{"index":"index","follow":"follow","max-snippet":"max-snippet:-1","max-image-preview":"max-image-preview:large","max-video-preview":"max-video-preview:-1"},"canonical":"https:\/\/andreasimonetti.com.br\/blog\/jaqueta-corta-vento-e-a-peca-da-vez\/","og_locale":"pt_BR","og_type":"article","og_title":"Jaqueta corta vento \u00e9 a pe\u00e7a da vez! - Andrea Simonetti","og_description":"Editorias de moda e street style est\u00e3o destacando a jaqueta corta vento como a pe\u00e7a da vez. Originalmente ela era usada somente por praticantes de atividade f\u00edsica mas agora \u00e9 um item de moda.","og_url":"https:\/\/andreasimonetti.com.br\/blog\/jaqueta-corta-vento-e-a-peca-da-vez\/","og_site_name":"Andrea Simonetti","article_publisher":"https:\/\/www.facebook.com\/blogdaandreasimonetti\/","article_author":"https:\/\/www.facebook.com\/blogdaandreasimonetti\/","article_published_time":"2018-11-12T00:34:42+00:00","og_image":[{"width":1365,"height":2048,"url":"https:\/\/andreasimonetti.com.br\/blog\/wp-content\/uploads\/2018\/11\/MG_1843.jpg","type":"image\/jpeg"}],"author":"Andrea Simonetti","twitter_card":"summary_large_image","twitter_creator":"@https:\/\/twitter.com\/Andrea_Simoneti","twitter_site":"@Andrea_Simoneti","twitter_misc":{"Escrito por":"Andrea Simonetti","Est. tempo de leitura":"1 minuto"},"schema":{"@context":"https:\/\/schema.org","@graph":[{"@type":"WebPage","@id":"https:\/\/andreasimonetti.com.br\/blog\/jaqueta-corta-vento-e-a-peca-da-vez\/","url":"https:\/\/andreasimonetti.com.br\/blog\/jaqueta-corta-vento-e-a-peca-da-vez\/","name":"Jaqueta corta vento \u00e9 a pe\u00e7a da vez! - Andrea Simonetti","isPartOf":{"@id":"https:\/\/andreasimonetti.com.br\/blog\/#website"},"primaryImageOfPage":{"@id":"https:\/\/andreasimonetti.com.br\/blog\/jaqueta-corta-vento-e-a-peca-da-vez\/#primaryimage"},"image":{"@id":"https:\/\/andreasimonetti.com.br\/blog\/jaqueta-corta-vento-e-a-peca-da-vez\/#primaryimage"},"thumbnailUrl":"https:\/\/andreasimonetti.com.br\/blog\/wp-content\/uploads\/2018\/11\/MG_1843.jpg","datePublished":"2018-11-12T00:34:42+00:00","author":{"@id":"https:\/\/andreasimonetti.com.br\/blog\/#\/schema\/person\/254f763c24ac288e27ea738a7366ad2a"},"description":"Editorias de moda e street style est\u00e3o destacando a jaqueta corta vento como a pe\u00e7a da vez. Originalmente ela era usada somente por praticantes de atividade f\u00edsica mas agora \u00e9 um item de moda.","breadcrumb":{"@id":"https:\/\/andreasimonetti.com.br\/blog\/jaqueta-corta-vento-e-a-peca-da-vez\/#breadcrumb"},"inLanguage":"pt-BR","potentialAction":[{"@type":"ReadAction","target":["https:\/\/andreasimonetti.com.br\/blog\/jaqueta-corta-vento-e-a-peca-da-vez\/"]}]},{"@type":"ImageObject","inLanguage":"pt-BR","@id":"https:\/\/andreasimonetti.com.br\/blog\/jaqueta-corta-vento-e-a-peca-da-vez\/#primaryimage","url":"https:\/\/andreasimonetti.com.br\/blog\/wp-content\/uploads\/2018\/11\/MG_1843.jpg","contentUrl":"https:\/\/andreasimonetti.com.br\/blog\/wp-content\/uploads\/2018\/11\/MG_1843.jpg","width":1365,"height":2048},{"@type":"BreadcrumbList","@id":"https:\/\/andreasimonetti.com.br\/blog\/jaqueta-corta-vento-e-a-peca-da-vez\/#breadcrumb","itemListElement":[{"@type":"ListItem","position":1,"name":"In\u00edcio","item":"https:\/\/andreasimonetti.com.br\/blog\/"},{"@type":"ListItem","position":2,"name":"Jaqueta corta vento \u00e9 a pe\u00e7a da vez!"}]},{"@type":"WebSite","@id":"https:\/\/andreasimonetti.com.br\/blog\/#website","url":"https:\/\/andreasimonetti.com.br\/blog\/","name":"Andrea Simonetti","description":"","potentialAction":[{"@type":"SearchAction","target":{"@type":"EntryPoint","urlTemplate":"https:\/\/andreasimonetti.com.br\/blog\/?s={search_term_string}"},"query-input":{"@type":"PropertyValueSpecification","valueRequired":true,"valueName":"search_term_string"}}],"inLanguage":"pt-BR"},{"@type":"Person","@id":"https:\/\/andreasimonetti.com.br\/blog\/#\/schema\/person\/254f763c24ac288e27ea738a7366ad2a","name":"Andrea Simonetti","image":{"@type":"ImageObject","inLanguage":"pt-BR","@id":"https:\/\/andreasimonetti.com.br\/blog\/#\/schema\/person\/image\/","url":"https:\/\/andreasimonetti.com.br\/blog\/wp-content\/uploads\/2018\/04\/andrea-simonetti-96x96.png","contentUrl":"https:\/\/andreasimonetti.com.br\/blog\/wp-content\/uploads\/2018\/04\/andrea-simonetti-96x96.png","caption":"Andrea Simonetti"},"description":"Sou formada em Administra\u00e7\u00e3o de Empresas, Produ\u00e7\u00e3o de Moda pelo SENAC e Consultoria de Estilo. Sou fascinada por moda desde sempre, adoro ver as pessoas produzidas e de bem com a vida. Moda \u00e9 o meu assunto preferido. Comecei meu blog em 2011, ele cresceu e hoje \u00e9 um site bem mais abrangente, onde eu falo sobre moda e meu trabalho de consultora de estilo. E falo tamb\u00e9m sobre a minha experi\u00eancia de vida. Mas antes de tudo, acredito num Deus Soberano que nos guia e aben\u00e7oa, o tempo todo!","sameAs":["https:\/\/www.andreasimonetti.com.br\/","https:\/\/www.facebook.com\/blogdaandreasimonetti\/","https:\/\/www.instagram.com\/andrea_simonetti\/","https:\/\/br.pinterest.com\/BlogAndrea\/","https:\/\/x.com\/https:\/\/twitter.com\/Andrea_Simoneti"],"url":"https:\/\/andreasimonetti.com.br\/blog\/author\/andrea\/"}]}},"_links":{"self":[{"href":"https:\/\/andreasimonetti.com.br\/blog\/wp-json\/wp\/v2\/posts\/20411","targetHints":{"allow":["GET"]}}],"collection":[{"href":"https:\/\/andreasimonetti.com.br\/blog\/wp-json\/wp\/v2\/posts"}],"about":[{"href":"https:\/\/andreasimonetti.com.br\/blog\/wp-json\/wp\/v2\/types\/post"}],"author":[{"embeddable":true,"href":"https:\/\/andreasimonetti.com.br\/blog\/wp-json\/wp\/v2\/users\/7"}],"replies":[{"embeddable":true,"href":"https:\/\/andreasimonetti.com.br\/blog\/wp-json\/wp\/v2\/comments?post=20411"}],"version-history":[{"count":0,"href":"https:\/\/andreasimonetti.com.br\/blog\/wp-json\/wp\/v2\/posts\/20411\/revisions"}],"wp:featuredmedia":[{"embeddable":true,"href":"https:\/\/andreasimonetti.com.br\/blog\/wp-json\/wp\/v2\/media\/20412"}],"wp:attachment":[{"href":"https:\/\/andreasimonetti.com.br\/blog\/wp-json\/wp\/v2\/media?parent=20411"}],"wp:term":[{"taxonomy":"category","embeddable":true,"href":"https:\/\/andreasimonetti.com.br\/blog\/wp-json\/wp\/v2\/categories?post=20411"},{"taxonomy":"post_tag","embeddable":true,"href":"https:\/\/andreasimonetti.com.br\/blog\/wp-json\/wp\/v2\/tags?post=20411"}],"curies":[{"name":"wp","href":"https:\/\/api.w.org\/{rel}","templated":true}]}}