{"id":20315,"date":"2018-10-22T19:44:07","date_gmt":"2018-10-22T22:44:07","guid":{"rendered":"https:\/\/www.andreasimonetti.com.br\/?p=20315"},"modified":"2018-10-22T19:44:50","modified_gmt":"2018-10-22T22:44:50","slug":"meu-look-para-o-evento-spring-experience","status":"publish","type":"post","link":"https:\/\/andreasimonetti.com.br\/blog\/meu-look-para-o-evento-spring-experience\/","title":{"rendered":"Meu look para o evento Spring Experience"},"content":{"rendered":"<p>Para o evento<strong> Spring Experience<\/strong>, que reuniu fornecedores de servi\u00e7os e produtos para o segmento de festas e aconteceu no Buffet Roccaporena em Bauru, a maquiagem e o cabelo foram escolhidos para acompanhar o dress code que a festa pedia : traje social.<\/p>\n<p>A maquiagem para festa e eventos noturnos deve ser sofisticada e moderna, com paletas mais escuras, sombras esfumadas, tons mais vibrantes e brilho. E quando o dress code \u00e9 social o cabelo deve estar com uma bela escova ou semi preso; jamais use aquele cabelo com apar\u00eancia que secou ao natural.\u00a0<\/p>\n<p>Saiba que quando o convite fala em traje social significa que n\u00e3o se deve usar cal\u00e7as com tecidos pesados e vestidos de malha. Entenda que isso n\u00e3o tem nada a ver com voc\u00ea ser obrigada a mudar seu estilo pessoal nessas ocasi\u00f5es, e sim, de mostrar uma imagem que voc\u00ea tamb\u00e9m tem mas insiste em esconder. Por isso, a ideia de dress code &#8211; c\u00f3digo de vestimenta &#8211; nada tem a ver com arbitrariedade mas como uma possibilidade de voc\u00ea se descobrir. E lembre-se : vestir-se de acordo demonstra respeito e considera\u00e7\u00e3o pelo anfitri\u00e3o.<\/p>\n<p>Sim, traje social tem brilho, cor e \u00e9 atual. Na <strong>loja Ped\u00e1gio<\/strong> escolhi esse lindo macac\u00e3o de paet\u00ea\u00a0 dourado da Pop Up.<\/p>\n<div style=\"width: 730px\" class=\"wp-caption alignnone\"><img loading=\"lazy\" decoding=\"async\" class=\"wp- image-20316\" src=\"https:\/\/www.andreasimonetti.com.br\/wp-content\/uploads\/2018\/10\/44339110_1982445765168948_3097505095042990080_n.jpg\" alt=\"Make e hair para festa \" width=\"720\" height=\"960\" \/><p class=\"wp-caption-text\">Make da Thais Ticianelli<\/p><\/div>\n<p><img loading=\"lazy\" decoding=\"async\" class=\"alignnone wp-image-20317 size-full\" src=\"https:\/\/www.andreasimonetti.com.br\/wp-content\/uploads\/2018\/10\/44390748_1982447455168779_8260949696378306560_n.jpg\" alt=\"Make e hair para festa \" width=\"720\" height=\"960\" srcset=\"https:\/\/andreasimonetti.com.br\/blog\/wp-content\/uploads\/2018\/10\/44390748_1982447455168779_8260949696378306560_n.jpg 720w, https:\/\/andreasimonetti.com.br\/blog\/wp-content\/uploads\/2018\/10\/44390748_1982447455168779_8260949696378306560_n-225x300.jpg 225w, https:\/\/andreasimonetti.com.br\/blog\/wp-content\/uploads\/2018\/10\/44390748_1982447455168779_8260949696378306560_n-585x780.jpg 585w\" sizes=\"auto, (max-width: 720px) 100vw, 720px\" \/><\/p>\n<p><img loading=\"lazy\" decoding=\"async\" class=\"alignnone wp-image-20318 size-full\" src=\"https:\/\/www.andreasimonetti.com.br\/wp-content\/uploads\/2018\/10\/44442759_1982445795168945_6411918850421424128_n.jpg\" alt=\"Make e hair para festa \" width=\"720\" height=\"960\" srcset=\"https:\/\/andreasimonetti.com.br\/blog\/wp-content\/uploads\/2018\/10\/44442759_1982445795168945_6411918850421424128_n.jpg 720w, https:\/\/andreasimonetti.com.br\/blog\/wp-content\/uploads\/2018\/10\/44442759_1982445795168945_6411918850421424128_n-225x300.jpg 225w, https:\/\/andreasimonetti.com.br\/blog\/wp-content\/uploads\/2018\/10\/44442759_1982445795168945_6411918850421424128_n-585x780.jpg 585w\" sizes=\"auto, (max-width: 720px) 100vw, 720px\" \/><\/p>\n<p><img loading=\"lazy\" decoding=\"async\" class=\"alignnone wp-image-20320 size-full\" src=\"https:\/\/www.andreasimonetti.com.br\/wp-content\/uploads\/2018\/10\/44515339_1982447441835447_3070903472065871872_n.jpg\" alt=\"Make e hair para festa \" width=\"720\" height=\"960\" srcset=\"https:\/\/andreasimonetti.com.br\/blog\/wp-content\/uploads\/2018\/10\/44515339_1982447441835447_3070903472065871872_n.jpg 720w, https:\/\/andreasimonetti.com.br\/blog\/wp-content\/uploads\/2018\/10\/44515339_1982447441835447_3070903472065871872_n-225x300.jpg 225w, https:\/\/andreasimonetti.com.br\/blog\/wp-content\/uploads\/2018\/10\/44515339_1982447441835447_3070903472065871872_n-585x780.jpg 585w\" sizes=\"auto, (max-width: 720px) 100vw, 720px\" \/><\/p>\n<div id=\"attachment_20321\" style=\"width: 730px\" class=\"wp-caption alignnone\"><img loading=\"lazy\" decoding=\"async\" aria-describedby=\"caption-attachment-20321\" class=\"wp-image-20321 size-full\" src=\"https:\/\/www.andreasimonetti.com.br\/wp-content\/uploads\/2018\/10\/44443595_1982414555172069_4353862915514695680_n.jpg\" alt=\"Make e hair para festa \" width=\"720\" height=\"960\" srcset=\"https:\/\/andreasimonetti.com.br\/blog\/wp-content\/uploads\/2018\/10\/44443595_1982414555172069_4353862915514695680_n.jpg 720w, https:\/\/andreasimonetti.com.br\/blog\/wp-content\/uploads\/2018\/10\/44443595_1982414555172069_4353862915514695680_n-225x300.jpg 225w, https:\/\/andreasimonetti.com.br\/blog\/wp-content\/uploads\/2018\/10\/44443595_1982414555172069_4353862915514695680_n-585x780.jpg 585w\" sizes=\"auto, (max-width: 720px) 100vw, 720px\" \/><p id=\"caption-attachment-20321\" class=\"wp-caption-text\">Hair da Regina Dinards<\/p><\/div>\n<p><img loading=\"lazy\" decoding=\"async\" class=\"alignnone wp-image-20322 size-full\" src=\"https:\/\/www.andreasimonetti.com.br\/wp-content\/uploads\/2018\/10\/44452594_1982445788502279_8633014260735148032_n.jpg\" alt=\"Make e hair para festa - moicano \" width=\"720\" height=\"960\" srcset=\"https:\/\/andreasimonetti.com.br\/blog\/wp-content\/uploads\/2018\/10\/44452594_1982445788502279_8633014260735148032_n.jpg 720w, https:\/\/andreasimonetti.com.br\/blog\/wp-content\/uploads\/2018\/10\/44452594_1982445788502279_8633014260735148032_n-225x300.jpg 225w, https:\/\/andreasimonetti.com.br\/blog\/wp-content\/uploads\/2018\/10\/44452594_1982445788502279_8633014260735148032_n-585x780.jpg 585w\" sizes=\"auto, (max-width: 720px) 100vw, 720px\" \/><\/p>\n<p><img loading=\"lazy\" decoding=\"async\" class=\"alignnone wp-image-20323 size-full\" src=\"https:\/\/www.andreasimonetti.com.br\/wp-content\/uploads\/2018\/10\/44406477_1982445681835623_7514463021461143552_n.jpg\" alt=\"Acessorios T Arrigoni \" width=\"720\" height=\"960\" srcset=\"https:\/\/andreasimonetti.com.br\/blog\/wp-content\/uploads\/2018\/10\/44406477_1982445681835623_7514463021461143552_n.jpg 720w, https:\/\/andreasimonetti.com.br\/blog\/wp-content\/uploads\/2018\/10\/44406477_1982445681835623_7514463021461143552_n-225x300.jpg 225w, https:\/\/andreasimonetti.com.br\/blog\/wp-content\/uploads\/2018\/10\/44406477_1982445681835623_7514463021461143552_n-585x780.jpg 585w\" sizes=\"auto, (max-width: 720px) 100vw, 720px\" \/><\/p>\n<div id=\"attachment_20325\" style=\"width: 778px\" class=\"wp-caption alignnone\"><img loading=\"lazy\" decoding=\"async\" aria-describedby=\"caption-attachment-20325\" class=\"wp-image-20325 size-full\" src=\"https:\/\/www.andreasimonetti.com.br\/wp-content\/uploads\/2018\/10\/44455912_1898510480233593_6676829607150223360_n.jpg\" alt=\"Macac\u00e3o Paet\u00ea - Look festa \" width=\"768\" height=\"960\" srcset=\"https:\/\/andreasimonetti.com.br\/blog\/wp-content\/uploads\/2018\/10\/44455912_1898510480233593_6676829607150223360_n.jpg 768w, https:\/\/andreasimonetti.com.br\/blog\/wp-content\/uploads\/2018\/10\/44455912_1898510480233593_6676829607150223360_n-240x300.jpg 240w, https:\/\/andreasimonetti.com.br\/blog\/wp-content\/uploads\/2018\/10\/44455912_1898510480233593_6676829607150223360_n-585x731.jpg 585w\" sizes=\"auto, (max-width: 768px) 100vw, 768px\" \/><p id=\"caption-attachment-20325\" class=\"wp-caption-text\">Foto &#8211; Fotografando<\/p><\/div>\n<p><strong>Cr\u00e9ditos:<\/strong><\/p>\n<ul>\n<li><b>Macac\u00e3o &#8211; Loja Ped\u00e1gio\u00a0<\/b><\/li>\n<li><strong>Acess\u00f3rios &#8211;\u00a0Belle Store Semijoias e Acess\u00f3rios<\/strong><\/li>\n<li><strong>Make &#8211; Thais Ticianelli\u00a0<\/strong><\/li>\n<li><strong>Hair &#8211; Regina Dinards do Dinards Hair Fashion\u00a0<\/strong><\/li>\n<\/ul>\n","protected":false},"excerpt":{"rendered":"<p>Para o evento Spring Experience, que reuniu fornecedores de servi\u00e7os e produtos para o segmento de festas e aconteceu no Buffet Roccaporena em Bauru, a maquiagem e o cabelo foram&hellip;<\/p>\n","protected":false},"author":7,"featured_media":20325,"comment_status":"open","ping_status":"open","sticky":false,"template":"","format":"standard","meta":{"_monsterinsights_skip_tracking":false,"_monsterinsights_sitenote_active":false,"_monsterinsights_sitenote_note":"","_monsterinsights_sitenote_category":0,"footnotes":""},"categories":[1508,2675],"tags":[2765],"class_list":["post-20315","post","type-post","status-publish","format-standard","has-post-thumbnail","hentry","category-destaque","category-meu-look","tag-meu-look-para-o-evento-spring-experience"],"yoast_head":"<!-- This site is optimized with the Yoast SEO plugin v26.3 - https:\/\/yoast.com\/wordpress\/plugins\/seo\/ -->\n<title>Meu look para o evento Spring Experience - Andrea Simonetti<\/title>\n<meta name=\"description\" content=\"Para o evento Spring Experience, que aconteceu no Buffet Roccaporena em Bauru, a maquiagem e o cabelo foram escolhidos para acompanhar o dress code que a festa pedia : traje social.\" \/>\n<meta name=\"robots\" content=\"index, follow, max-snippet:-1, max-image-preview:large, max-video-preview:-1\" \/>\n<link rel=\"canonical\" href=\"https:\/\/andreasimonetti.com.br\/blog\/meu-look-para-o-evento-spring-experience\/\" \/>\n<meta property=\"og:locale\" content=\"pt_BR\" \/>\n<meta property=\"og:type\" content=\"article\" \/>\n<meta property=\"og:title\" content=\"Meu look para o evento Spring Experience - Andrea Simonetti\" \/>\n<meta property=\"og:description\" content=\"Para o evento Spring Experience, que aconteceu no Buffet Roccaporena em Bauru, a maquiagem e o cabelo foram escolhidos para acompanhar o dress code que a festa pedia : traje social.\" \/>\n<meta property=\"og:url\" content=\"https:\/\/andreasimonetti.com.br\/blog\/meu-look-para-o-evento-spring-experience\/\" \/>\n<meta property=\"og:site_name\" content=\"Andrea Simonetti\" \/>\n<meta property=\"article:publisher\" content=\"https:\/\/www.facebook.com\/blogdaandreasimonetti\/\" \/>\n<meta property=\"article:author\" content=\"https:\/\/www.facebook.com\/blogdaandreasimonetti\/\" \/>\n<meta property=\"article:published_time\" content=\"2018-10-22T22:44:07+00:00\" \/>\n<meta property=\"article:modified_time\" content=\"2018-10-22T22:44:50+00:00\" \/>\n<meta property=\"og:image\" content=\"https:\/\/andreasimonetti.com.br\/blog\/wp-content\/uploads\/2018\/10\/44455912_1898510480233593_6676829607150223360_n.jpg\" \/>\n\t<meta property=\"og:image:width\" content=\"768\" \/>\n\t<meta property=\"og:image:height\" content=\"960\" \/>\n\t<meta property=\"og:image:type\" content=\"image\/jpeg\" \/>\n<meta name=\"author\" content=\"Andrea Simonetti\" \/>\n<meta name=\"twitter:card\" content=\"summary_large_image\" \/>\n<meta name=\"twitter:creator\" content=\"@https:\/\/twitter.com\/Andrea_Simoneti\" \/>\n<meta name=\"twitter:site\" content=\"@Andrea_Simoneti\" \/>\n<meta name=\"twitter:label1\" content=\"Escrito por\" \/>\n\t<meta name=\"twitter:data1\" content=\"Andrea Simonetti\" \/>\n\t<meta name=\"twitter:label2\" content=\"Est. tempo de leitura\" \/>\n\t<meta name=\"twitter:data2\" content=\"1 minuto\" \/>\n<!-- \/ Yoast SEO plugin. -->","yoast_head_json":{"title":"Meu look para o evento Spring Experience - Andrea Simonetti","description":"Para o evento Spring Experience, que aconteceu no Buffet Roccaporena em Bauru, a maquiagem e o cabelo foram escolhidos para acompanhar o dress code que a festa pedia : traje social.","robots":{"index":"index","follow":"follow","max-snippet":"max-snippet:-1","max-image-preview":"max-image-preview:large","max-video-preview":"max-video-preview:-1"},"canonical":"https:\/\/andreasimonetti.com.br\/blog\/meu-look-para-o-evento-spring-experience\/","og_locale":"pt_BR","og_type":"article","og_title":"Meu look para o evento Spring Experience - Andrea Simonetti","og_description":"Para o evento Spring Experience, que aconteceu no Buffet Roccaporena em Bauru, a maquiagem e o cabelo foram escolhidos para acompanhar o dress code que a festa pedia : traje social.","og_url":"https:\/\/andreasimonetti.com.br\/blog\/meu-look-para-o-evento-spring-experience\/","og_site_name":"Andrea Simonetti","article_publisher":"https:\/\/www.facebook.com\/blogdaandreasimonetti\/","article_author":"https:\/\/www.facebook.com\/blogdaandreasimonetti\/","article_published_time":"2018-10-22T22:44:07+00:00","article_modified_time":"2018-10-22T22:44:50+00:00","og_image":[{"width":768,"height":960,"url":"https:\/\/andreasimonetti.com.br\/blog\/wp-content\/uploads\/2018\/10\/44455912_1898510480233593_6676829607150223360_n.jpg","type":"image\/jpeg"}],"author":"Andrea Simonetti","twitter_card":"summary_large_image","twitter_creator":"@https:\/\/twitter.com\/Andrea_Simoneti","twitter_site":"@Andrea_Simoneti","twitter_misc":{"Escrito por":"Andrea Simonetti","Est. tempo de leitura":"1 minuto"},"schema":{"@context":"https:\/\/schema.org","@graph":[{"@type":"WebPage","@id":"https:\/\/andreasimonetti.com.br\/blog\/meu-look-para-o-evento-spring-experience\/","url":"https:\/\/andreasimonetti.com.br\/blog\/meu-look-para-o-evento-spring-experience\/","name":"Meu look para o evento Spring Experience - Andrea Simonetti","isPartOf":{"@id":"https:\/\/andreasimonetti.com.br\/blog\/#website"},"primaryImageOfPage":{"@id":"https:\/\/andreasimonetti.com.br\/blog\/meu-look-para-o-evento-spring-experience\/#primaryimage"},"image":{"@id":"https:\/\/andreasimonetti.com.br\/blog\/meu-look-para-o-evento-spring-experience\/#primaryimage"},"thumbnailUrl":"https:\/\/andreasimonetti.com.br\/blog\/wp-content\/uploads\/2018\/10\/44455912_1898510480233593_6676829607150223360_n.jpg","datePublished":"2018-10-22T22:44:07+00:00","dateModified":"2018-10-22T22:44:50+00:00","author":{"@id":"https:\/\/andreasimonetti.com.br\/blog\/#\/schema\/person\/254f763c24ac288e27ea738a7366ad2a"},"description":"Para o evento Spring Experience, que aconteceu no Buffet Roccaporena em Bauru, a maquiagem e o cabelo foram escolhidos para acompanhar o dress code que a festa pedia : traje social.","breadcrumb":{"@id":"https:\/\/andreasimonetti.com.br\/blog\/meu-look-para-o-evento-spring-experience\/#breadcrumb"},"inLanguage":"pt-BR","potentialAction":[{"@type":"ReadAction","target":["https:\/\/andreasimonetti.com.br\/blog\/meu-look-para-o-evento-spring-experience\/"]}]},{"@type":"ImageObject","inLanguage":"pt-BR","@id":"https:\/\/andreasimonetti.com.br\/blog\/meu-look-para-o-evento-spring-experience\/#primaryimage","url":"https:\/\/andreasimonetti.com.br\/blog\/wp-content\/uploads\/2018\/10\/44455912_1898510480233593_6676829607150223360_n.jpg","contentUrl":"https:\/\/andreasimonetti.com.br\/blog\/wp-content\/uploads\/2018\/10\/44455912_1898510480233593_6676829607150223360_n.jpg","width":768,"height":960},{"@type":"BreadcrumbList","@id":"https:\/\/andreasimonetti.com.br\/blog\/meu-look-para-o-evento-spring-experience\/#breadcrumb","itemListElement":[{"@type":"ListItem","position":1,"name":"In\u00edcio","item":"https:\/\/andreasimonetti.com.br\/blog\/"},{"@type":"ListItem","position":2,"name":"Meu look para o evento Spring Experience"}]},{"@type":"WebSite","@id":"https:\/\/andreasimonetti.com.br\/blog\/#website","url":"https:\/\/andreasimonetti.com.br\/blog\/","name":"Andrea Simonetti","description":"","potentialAction":[{"@type":"SearchAction","target":{"@type":"EntryPoint","urlTemplate":"https:\/\/andreasimonetti.com.br\/blog\/?s={search_term_string}"},"query-input":{"@type":"PropertyValueSpecification","valueRequired":true,"valueName":"search_term_string"}}],"inLanguage":"pt-BR"},{"@type":"Person","@id":"https:\/\/andreasimonetti.com.br\/blog\/#\/schema\/person\/254f763c24ac288e27ea738a7366ad2a","name":"Andrea Simonetti","image":{"@type":"ImageObject","inLanguage":"pt-BR","@id":"https:\/\/andreasimonetti.com.br\/blog\/#\/schema\/person\/image\/","url":"https:\/\/andreasimonetti.com.br\/blog\/wp-content\/uploads\/2018\/04\/andrea-simonetti-96x96.png","contentUrl":"https:\/\/andreasimonetti.com.br\/blog\/wp-content\/uploads\/2018\/04\/andrea-simonetti-96x96.png","caption":"Andrea Simonetti"},"description":"Sou formada em Administra\u00e7\u00e3o de Empresas, Produ\u00e7\u00e3o de Moda pelo SENAC e Consultoria de Estilo. Sou fascinada por moda desde sempre, adoro ver as pessoas produzidas e de bem com a vida. Moda \u00e9 o meu assunto preferido. Comecei meu blog em 2011, ele cresceu e hoje \u00e9 um site bem mais abrangente, onde eu falo sobre moda e meu trabalho de consultora de estilo. E falo tamb\u00e9m sobre a minha experi\u00eancia de vida. Mas antes de tudo, acredito num Deus Soberano que nos guia e aben\u00e7oa, o tempo todo!","sameAs":["https:\/\/www.andreasimonetti.com.br\/","https:\/\/www.facebook.com\/blogdaandreasimonetti\/","https:\/\/www.instagram.com\/andrea_simonetti\/","https:\/\/br.pinterest.com\/BlogAndrea\/","https:\/\/x.com\/https:\/\/twitter.com\/Andrea_Simoneti"],"url":"https:\/\/andreasimonetti.com.br\/blog\/author\/andrea\/"}]}},"_links":{"self":[{"href":"https:\/\/andreasimonetti.com.br\/blog\/wp-json\/wp\/v2\/posts\/20315","targetHints":{"allow":["GET"]}}],"collection":[{"href":"https:\/\/andreasimonetti.com.br\/blog\/wp-json\/wp\/v2\/posts"}],"about":[{"href":"https:\/\/andreasimonetti.com.br\/blog\/wp-json\/wp\/v2\/types\/post"}],"author":[{"embeddable":true,"href":"https:\/\/andreasimonetti.com.br\/blog\/wp-json\/wp\/v2\/users\/7"}],"replies":[{"embeddable":true,"href":"https:\/\/andreasimonetti.com.br\/blog\/wp-json\/wp\/v2\/comments?post=20315"}],"version-history":[{"count":0,"href":"https:\/\/andreasimonetti.com.br\/blog\/wp-json\/wp\/v2\/posts\/20315\/revisions"}],"wp:featuredmedia":[{"embeddable":true,"href":"https:\/\/andreasimonetti.com.br\/blog\/wp-json\/wp\/v2\/media\/20325"}],"wp:attachment":[{"href":"https:\/\/andreasimonetti.com.br\/blog\/wp-json\/wp\/v2\/media?parent=20315"}],"wp:term":[{"taxonomy":"category","embeddable":true,"href":"https:\/\/andreasimonetti.com.br\/blog\/wp-json\/wp\/v2\/categories?post=20315"},{"taxonomy":"post_tag","embeddable":true,"href":"https:\/\/andreasimonetti.com.br\/blog\/wp-json\/wp\/v2\/tags?post=20315"}],"curies":[{"name":"wp","href":"https:\/\/api.w.org\/{rel}","templated":true}]}}