{"id":20218,"date":"2018-10-11T22:21:44","date_gmt":"2018-10-12T01:21:44","guid":{"rendered":"https:\/\/www.andreasimonetti.com.br\/?p=20218"},"modified":"2018-10-16T17:01:38","modified_gmt":"2018-10-16T20:01:38","slug":"meu-look-vestido-listrado-2","status":"publish","type":"post","link":"https:\/\/andreasimonetti.com.br\/blog\/meu-look-vestido-listrado-2\/","title":{"rendered":"Meu look : Vestido listrado"},"content":{"rendered":"<p>Um vestido listrado \u00e9 sempre bem-vindo porque listras alongam a imagem.<\/p>\n<p>Essa foi uma das escolhas para a pr\u00f3xima edi\u00e7\u00e3o da minha coluna de moda na Revista Vitrinni, que trar\u00e1 tr\u00eas looks da <strong>Richards<\/strong>.<\/p>\n<p>\u00a0O DNA da marca \u00e9 apostar em roupas mais livres, casuais, f\u00e1ceis de usar e atemporais.<\/p>\n<p>Esse vestido \u00e9 indicado para ocasi\u00f5es informais mas que pedem uma certa sofistica\u00e7\u00e3o; a amarra\u00e7\u00e3o com la\u00e7o na cintura\u00a0 chama a aten\u00e7\u00e3o e traz um toque de delicadeza.<br \/>\nCombinei com a bolsa vermelha tamb\u00e9m da marca que acendeu um ponto de luz no look.<br \/>\nQuem aprovou ??<\/p>\n<p>Nos pr\u00f3ximos posts mostrarei os outros dois looks que escolhi na Richards.<\/p>\n<p><img loading=\"lazy\" decoding=\"async\" class=\"alignnone wp-image-20219 size-full\" src=\"https:\/\/www.andreasimonetti.com.br\/wp-content\/uploads\/2018\/10\/ECM_3700.jpg\" alt=\"Vestido Richards Ver\u00e3o 2018 - vestido listrado \" width=\"4004\" height=\"6000\" srcset=\"https:\/\/andreasimonetti.com.br\/blog\/wp-content\/uploads\/2018\/10\/ECM_3700.jpg 4004w, https:\/\/andreasimonetti.com.br\/blog\/wp-content\/uploads\/2018\/10\/ECM_3700-200x300.jpg 200w, https:\/\/andreasimonetti.com.br\/blog\/wp-content\/uploads\/2018\/10\/ECM_3700-768x1151.jpg 768w, https:\/\/andreasimonetti.com.br\/blog\/wp-content\/uploads\/2018\/10\/ECM_3700-683x1024.jpg 683w, https:\/\/andreasimonetti.com.br\/blog\/wp-content\/uploads\/2018\/10\/ECM_3700-1170x1753.jpg 1170w, https:\/\/andreasimonetti.com.br\/blog\/wp-content\/uploads\/2018\/10\/ECM_3700-585x877.jpg 585w\" sizes=\"auto, (max-width: 4004px) 100vw, 4004px\" \/><\/p>\n<p><img loading=\"lazy\" decoding=\"async\" class=\"alignnone wp-image-20221 size-full\" src=\"https:\/\/www.andreasimonetti.com.br\/wp-content\/uploads\/2018\/10\/ECM_3706.jpg\" alt=\"Vestido Richards Ver\u00e3o 2018 \" width=\"4004\" height=\"6000\" srcset=\"https:\/\/andreasimonetti.com.br\/blog\/wp-content\/uploads\/2018\/10\/ECM_3706.jpg 4004w, https:\/\/andreasimonetti.com.br\/blog\/wp-content\/uploads\/2018\/10\/ECM_3706-200x300.jpg 200w, https:\/\/andreasimonetti.com.br\/blog\/wp-content\/uploads\/2018\/10\/ECM_3706-768x1151.jpg 768w, https:\/\/andreasimonetti.com.br\/blog\/wp-content\/uploads\/2018\/10\/ECM_3706-683x1024.jpg 683w, https:\/\/andreasimonetti.com.br\/blog\/wp-content\/uploads\/2018\/10\/ECM_3706-1170x1753.jpg 1170w, https:\/\/andreasimonetti.com.br\/blog\/wp-content\/uploads\/2018\/10\/ECM_3706-585x877.jpg 585w\" sizes=\"auto, (max-width: 4004px) 100vw, 4004px\" \/><\/p>\n<p>&nbsp;<\/p>\n<p><strong>Cr\u00e9ditos: <\/strong><\/p>\n<p>Vestido e bolsa : Richards do Boulevard Shopping de Bauru.<\/p>\n<p>Make e hair : Dinard\u00b4s Hair Fashion.<\/p>\n<p>Fotos : Eber Moscheto<\/p>\n","protected":false},"excerpt":{"rendered":"<p>Um vestido listrado \u00e9 sempre bem-vindo porque listras alongam a imagem. Essa foi uma das escolhas para a pr\u00f3xima edi\u00e7\u00e3o da minha coluna de moda na Revista Vitrinni, que trar\u00e1&hellip;<\/p>\n","protected":false},"author":7,"featured_media":20223,"comment_status":"open","ping_status":"open","sticky":false,"template":"","format":"standard","meta":{"_monsterinsights_skip_tracking":false,"_monsterinsights_sitenote_active":false,"_monsterinsights_sitenote_note":"","_monsterinsights_sitenote_category":0,"footnotes":""},"categories":[1508,2675],"tags":[2750,2751,2095],"class_list":["post-20218","post","type-post","status-publish","format-standard","has-post-thumbnail","hentry","category-destaque","category-meu-look","tag-meu-look-vestido-listrado","tag-richards-boulevard-shopping","tag-richards"],"yoast_head":"<!-- This site is optimized with the Yoast SEO plugin v26.3 - https:\/\/yoast.com\/wordpress\/plugins\/seo\/ -->\n<title>Meu look : Vestido listrado - Andrea Simonetti<\/title>\n<meta name=\"description\" content=\"Um vestido listrado \u00e9 sempre bem-vindo porque listras alongam a imagem.\" \/>\n<meta name=\"robots\" content=\"index, follow, max-snippet:-1, max-image-preview:large, max-video-preview:-1\" \/>\n<link rel=\"canonical\" href=\"https:\/\/andreasimonetti.com.br\/blog\/meu-look-vestido-listrado-2\/\" \/>\n<meta property=\"og:locale\" content=\"pt_BR\" \/>\n<meta property=\"og:type\" content=\"article\" \/>\n<meta property=\"og:title\" content=\"Meu look : Vestido listrado - Andrea Simonetti\" \/>\n<meta property=\"og:description\" content=\"Um vestido listrado \u00e9 sempre bem-vindo porque listras alongam a imagem.\" \/>\n<meta property=\"og:url\" content=\"https:\/\/andreasimonetti.com.br\/blog\/meu-look-vestido-listrado-2\/\" \/>\n<meta property=\"og:site_name\" content=\"Andrea Simonetti\" \/>\n<meta property=\"article:publisher\" content=\"https:\/\/www.facebook.com\/blogdaandreasimonetti\/\" \/>\n<meta property=\"article:author\" content=\"https:\/\/www.facebook.com\/blogdaandreasimonetti\/\" \/>\n<meta property=\"article:published_time\" content=\"2018-10-12T01:21:44+00:00\" \/>\n<meta property=\"article:modified_time\" content=\"2018-10-16T20:01:38+00:00\" \/>\n<meta property=\"og:image\" content=\"https:\/\/andreasimonetti.com.br\/blog\/wp-content\/uploads\/2018\/10\/ECM_3722-683x1024.jpg\" \/>\n\t<meta property=\"og:image:width\" content=\"683\" \/>\n\t<meta property=\"og:image:height\" content=\"1024\" \/>\n\t<meta property=\"og:image:type\" content=\"image\/jpeg\" \/>\n<meta name=\"author\" content=\"Andrea Simonetti\" \/>\n<meta name=\"twitter:card\" content=\"summary_large_image\" \/>\n<meta name=\"twitter:creator\" content=\"@https:\/\/twitter.com\/Andrea_Simoneti\" \/>\n<meta name=\"twitter:site\" content=\"@Andrea_Simoneti\" \/>\n<meta name=\"twitter:label1\" content=\"Escrito por\" \/>\n\t<meta name=\"twitter:data1\" content=\"Andrea Simonetti\" \/>\n\t<meta name=\"twitter:label2\" content=\"Est. tempo de leitura\" \/>\n\t<meta name=\"twitter:data2\" content=\"1 minuto\" \/>\n<!-- \/ Yoast SEO plugin. -->","yoast_head_json":{"title":"Meu look : Vestido listrado - Andrea Simonetti","description":"Um vestido listrado \u00e9 sempre bem-vindo porque listras alongam a imagem.","robots":{"index":"index","follow":"follow","max-snippet":"max-snippet:-1","max-image-preview":"max-image-preview:large","max-video-preview":"max-video-preview:-1"},"canonical":"https:\/\/andreasimonetti.com.br\/blog\/meu-look-vestido-listrado-2\/","og_locale":"pt_BR","og_type":"article","og_title":"Meu look : Vestido listrado - Andrea Simonetti","og_description":"Um vestido listrado \u00e9 sempre bem-vindo porque listras alongam a imagem.","og_url":"https:\/\/andreasimonetti.com.br\/blog\/meu-look-vestido-listrado-2\/","og_site_name":"Andrea Simonetti","article_publisher":"https:\/\/www.facebook.com\/blogdaandreasimonetti\/","article_author":"https:\/\/www.facebook.com\/blogdaandreasimonetti\/","article_published_time":"2018-10-12T01:21:44+00:00","article_modified_time":"2018-10-16T20:01:38+00:00","og_image":[{"width":683,"height":1024,"url":"https:\/\/andreasimonetti.com.br\/blog\/wp-content\/uploads\/2018\/10\/ECM_3722-683x1024.jpg","type":"image\/jpeg"}],"author":"Andrea Simonetti","twitter_card":"summary_large_image","twitter_creator":"@https:\/\/twitter.com\/Andrea_Simoneti","twitter_site":"@Andrea_Simoneti","twitter_misc":{"Escrito por":"Andrea Simonetti","Est. tempo de leitura":"1 minuto"},"schema":{"@context":"https:\/\/schema.org","@graph":[{"@type":"WebPage","@id":"https:\/\/andreasimonetti.com.br\/blog\/meu-look-vestido-listrado-2\/","url":"https:\/\/andreasimonetti.com.br\/blog\/meu-look-vestido-listrado-2\/","name":"Meu look : Vestido listrado - Andrea Simonetti","isPartOf":{"@id":"https:\/\/andreasimonetti.com.br\/blog\/#website"},"primaryImageOfPage":{"@id":"https:\/\/andreasimonetti.com.br\/blog\/meu-look-vestido-listrado-2\/#primaryimage"},"image":{"@id":"https:\/\/andreasimonetti.com.br\/blog\/meu-look-vestido-listrado-2\/#primaryimage"},"thumbnailUrl":"https:\/\/andreasimonetti.com.br\/blog\/wp-content\/uploads\/2018\/10\/ECM_3722.jpg","datePublished":"2018-10-12T01:21:44+00:00","dateModified":"2018-10-16T20:01:38+00:00","author":{"@id":"https:\/\/andreasimonetti.com.br\/blog\/#\/schema\/person\/254f763c24ac288e27ea738a7366ad2a"},"description":"Um vestido listrado \u00e9 sempre bem-vindo porque listras alongam a imagem.","breadcrumb":{"@id":"https:\/\/andreasimonetti.com.br\/blog\/meu-look-vestido-listrado-2\/#breadcrumb"},"inLanguage":"pt-BR","potentialAction":[{"@type":"ReadAction","target":["https:\/\/andreasimonetti.com.br\/blog\/meu-look-vestido-listrado-2\/"]}]},{"@type":"ImageObject","inLanguage":"pt-BR","@id":"https:\/\/andreasimonetti.com.br\/blog\/meu-look-vestido-listrado-2\/#primaryimage","url":"https:\/\/andreasimonetti.com.br\/blog\/wp-content\/uploads\/2018\/10\/ECM_3722.jpg","contentUrl":"https:\/\/andreasimonetti.com.br\/blog\/wp-content\/uploads\/2018\/10\/ECM_3722.jpg","width":4004,"height":6000},{"@type":"BreadcrumbList","@id":"https:\/\/andreasimonetti.com.br\/blog\/meu-look-vestido-listrado-2\/#breadcrumb","itemListElement":[{"@type":"ListItem","position":1,"name":"In\u00edcio","item":"https:\/\/andreasimonetti.com.br\/blog\/"},{"@type":"ListItem","position":2,"name":"Meu look : Vestido listrado"}]},{"@type":"WebSite","@id":"https:\/\/andreasimonetti.com.br\/blog\/#website","url":"https:\/\/andreasimonetti.com.br\/blog\/","name":"Andrea Simonetti","description":"","potentialAction":[{"@type":"SearchAction","target":{"@type":"EntryPoint","urlTemplate":"https:\/\/andreasimonetti.com.br\/blog\/?s={search_term_string}"},"query-input":{"@type":"PropertyValueSpecification","valueRequired":true,"valueName":"search_term_string"}}],"inLanguage":"pt-BR"},{"@type":"Person","@id":"https:\/\/andreasimonetti.com.br\/blog\/#\/schema\/person\/254f763c24ac288e27ea738a7366ad2a","name":"Andrea Simonetti","image":{"@type":"ImageObject","inLanguage":"pt-BR","@id":"https:\/\/andreasimonetti.com.br\/blog\/#\/schema\/person\/image\/","url":"https:\/\/andreasimonetti.com.br\/blog\/wp-content\/uploads\/2018\/04\/andrea-simonetti-96x96.png","contentUrl":"https:\/\/andreasimonetti.com.br\/blog\/wp-content\/uploads\/2018\/04\/andrea-simonetti-96x96.png","caption":"Andrea Simonetti"},"description":"Sou formada em Administra\u00e7\u00e3o de Empresas, Produ\u00e7\u00e3o de Moda pelo SENAC e Consultoria de Estilo. Sou fascinada por moda desde sempre, adoro ver as pessoas produzidas e de bem com a vida. Moda \u00e9 o meu assunto preferido. Comecei meu blog em 2011, ele cresceu e hoje \u00e9 um site bem mais abrangente, onde eu falo sobre moda e meu trabalho de consultora de estilo. E falo tamb\u00e9m sobre a minha experi\u00eancia de vida. Mas antes de tudo, acredito num Deus Soberano que nos guia e aben\u00e7oa, o tempo todo!","sameAs":["https:\/\/www.andreasimonetti.com.br\/","https:\/\/www.facebook.com\/blogdaandreasimonetti\/","https:\/\/www.instagram.com\/andrea_simonetti\/","https:\/\/br.pinterest.com\/BlogAndrea\/","https:\/\/x.com\/https:\/\/twitter.com\/Andrea_Simoneti"],"url":"https:\/\/andreasimonetti.com.br\/blog\/author\/andrea\/"}]}},"_links":{"self":[{"href":"https:\/\/andreasimonetti.com.br\/blog\/wp-json\/wp\/v2\/posts\/20218","targetHints":{"allow":["GET"]}}],"collection":[{"href":"https:\/\/andreasimonetti.com.br\/blog\/wp-json\/wp\/v2\/posts"}],"about":[{"href":"https:\/\/andreasimonetti.com.br\/blog\/wp-json\/wp\/v2\/types\/post"}],"author":[{"embeddable":true,"href":"https:\/\/andreasimonetti.com.br\/blog\/wp-json\/wp\/v2\/users\/7"}],"replies":[{"embeddable":true,"href":"https:\/\/andreasimonetti.com.br\/blog\/wp-json\/wp\/v2\/comments?post=20218"}],"version-history":[{"count":0,"href":"https:\/\/andreasimonetti.com.br\/blog\/wp-json\/wp\/v2\/posts\/20218\/revisions"}],"wp:featuredmedia":[{"embeddable":true,"href":"https:\/\/andreasimonetti.com.br\/blog\/wp-json\/wp\/v2\/media\/20223"}],"wp:attachment":[{"href":"https:\/\/andreasimonetti.com.br\/blog\/wp-json\/wp\/v2\/media?parent=20218"}],"wp:term":[{"taxonomy":"category","embeddable":true,"href":"https:\/\/andreasimonetti.com.br\/blog\/wp-json\/wp\/v2\/categories?post=20218"},{"taxonomy":"post_tag","embeddable":true,"href":"https:\/\/andreasimonetti.com.br\/blog\/wp-json\/wp\/v2\/tags?post=20218"}],"curies":[{"name":"wp","href":"https:\/\/api.w.org\/{rel}","templated":true}]}}