{"id":20069,"date":"2018-09-20T11:38:00","date_gmt":"2018-09-20T14:38:00","guid":{"rendered":"https:\/\/www.andreasimonetti.com.br\/?p=20069"},"modified":"2018-09-20T11:38:00","modified_gmt":"2018-09-20T14:38:00","slug":"premio-muda-responsabilidade-socioambiental-na-industria-da-moda","status":"publish","type":"post","link":"https:\/\/andreasimonetti.com.br\/blog\/premio-muda-responsabilidade-socioambiental-na-industria-da-moda\/","title":{"rendered":"Pr\u00eamio Muda &#8211; responsabilidade socioambiental na ind\u00fastria da moda"},"content":{"rendered":"<p>Hoje quero compartilhar com voc\u00eas uma iniciativa super importante da editora <strong>Globo Cond\u00e9 Nas<\/strong>t, respons\u00e1vel pelas publica\u00e7\u00f5es Vogue, Casa Vogue e Glamour, que ir\u00e1 premiar empresas que aplicam pr\u00e1ticas sustent\u00e1veis. Trata-se do Pr\u00eamio Muda, que\u00a0avaliar\u00e1 e certificar\u00e1 empresas sustent\u00e1veis de moda, beleza e design. Esse processo de certifica\u00e7\u00e3o ser\u00e1 conduzido pelo Sistema B, organiza\u00e7\u00e3o criada em 2006 nos Estados Unidos cuja miss\u00e3o \u00e9 redefinir o conceito de sucesso nos neg\u00f3cios visando &#8216;<strong>o lucro com benef\u00edcios socioambientais&#8217;.<\/strong><\/p>\n<p>Cada empresa cadastrada no Pr\u00eamio Muda passar\u00e1 por uma rigorosa avalia\u00e7\u00e3o do Sistema B em que \u00e9 preciso alcan\u00e7ar uma pontua\u00e7\u00e3o m\u00ednima entre as 160 perguntas disponibilizadas. Al\u00e9m do esfor\u00e7o inicial, para manter o selo, a cada dois anos a empresa precisa provar que suas pr\u00e1ticas e pol\u00edticas de sustentabilidade est\u00e3o avan\u00e7ando.<\/p>\n<p>Por que considero essa not\u00edcia t\u00e3o importante ? Porque a ind\u00fastria da moda \u00e9 uma das que mais poluem o meio ambiente.<\/p>\n<p>Segundo dados publicados pela BBC, o poli\u00e9ster, por exemplo, que \u00e9 a fibra sint\u00e9tica mais usada na ind\u00fastria t\u00eaxtil,\u00a0gasta 70 milh\u00f5es de barris de petr\u00f3leo\u00a0para ser produzido, al\u00e9m de demorar cerca de<strong>\u00a0<\/strong>200 anos para se decompor<strong>.<\/strong>\u00a0A viscose, outro tipo de tecido feito da celulose, provoca a<strong>\u00a0<\/strong>derrubada de 70 milh\u00f5es de \u00e1rvores anualmente.<\/p>\n<p>E mesmo diante desses n\u00fameros assustadores a ind\u00fastria continua produzindo sem parar, lojas e fast-fashion est\u00e3o abarrotadas de roupas, o consumismo \u00e9 fren\u00e9tico. E aqui cabe uma reflex\u00e3o : precisamos consumir tanto ? Falo por experi\u00eancia pr\u00f3pria : n\u00e3o precisamos. Nos \u00faltimos meses tenho procurado viver com o que j\u00e1 tenho no arm\u00e1rio, tomando consci\u00eancia de que uma nova sacolinha de compra n\u00e3o me faz melhor e nem mais feliz.<\/p>\n<p>Acho que a ideia aqui \u00e9 : consumo consciente. Pense nisso. Ensine seus filhos &#8211; pelo seu exemplo &#8211; que comprar \u00e9 bom, mas o pre\u00e7o a pagar vai muito al\u00e9m daquele na etiqueta.<\/p>\n<p>Percebe como essas quest\u00f5es afetam a vida do planeta e, consequentemente, a vida de todos n\u00f3s e das pr\u00f3ximas gera\u00e7\u00f5es ?<\/p>\n<p>Por isso, iniciativas como o Pr\u00eamio Muda s\u00e3o fundamentais, para avaliar e certificar empresas que produzem de forma exemplar na quest\u00e3o socioambiental. E faz parte do consumo consciente escolher produtos de empresas que agem assim.<\/p>\n<p><a href=\"https:\/\/app.bimpactassessment.net\/get-started\/partner\/premio-muda-2018\"><span style=\"font-family: 'arial black', sans-serif;\">INSCREVA-SE AQUI NO PREMIO MUDA 2018<\/span><\/a>.<\/p>\n","protected":false},"excerpt":{"rendered":"<p>Hoje quero compartilhar com voc\u00eas uma iniciativa super importante da editora Globo Cond\u00e9 Nast, respons\u00e1vel pelas publica\u00e7\u00f5es Vogue, Casa Vogue e Glamour, que ir\u00e1 premiar empresas que aplicam pr\u00e1ticas sustent\u00e1veis.&hellip;<\/p>\n","protected":false},"author":7,"featured_media":20071,"comment_status":"open","ping_status":"open","sticky":false,"template":"","format":"standard","meta":{"_monsterinsights_skip_tracking":false,"_monsterinsights_sitenote_active":false,"_monsterinsights_sitenote_note":"","_monsterinsights_sitenote_category":0,"footnotes":""},"categories":[2013,3],"tags":[2737,2738,2736,2740,2739],"class_list":["post-20069","post","type-post","status-publish","format-standard","has-post-thumbnail","hentry","category-lifestyle","category-moda","tag-consumo-consciente","tag-editora-globo-conde-nast","tag-premio-muda-responsabilidade-socioambiental-na-industria-da-moda","tag-premio-muda-2018","tag-sistema-b"],"yoast_head":"<!-- This site is optimized with the Yoast SEO plugin v26.3 - https:\/\/yoast.com\/wordpress\/plugins\/seo\/ -->\n<title>Pr\u00eamio Muda - responsabilidade socioambiental na ind\u00fastria da moda - Andrea Simonetti<\/title>\n<meta name=\"description\" content=\"Hoje quero compartilhar com voc\u00eas uma iniciativa super importante da editora Globo Cond\u00e9 Nast, que ir\u00e1 premiar empresas que aplicam pr\u00e1ticas sustent\u00e1veis.\" \/>\n<meta name=\"robots\" content=\"index, follow, max-snippet:-1, max-image-preview:large, max-video-preview:-1\" \/>\n<link rel=\"canonical\" href=\"https:\/\/andreasimonetti.com.br\/blog\/premio-muda-responsabilidade-socioambiental-na-industria-da-moda\/\" \/>\n<meta property=\"og:locale\" content=\"pt_BR\" \/>\n<meta property=\"og:type\" content=\"article\" \/>\n<meta property=\"og:title\" content=\"Pr\u00eamio Muda - responsabilidade socioambiental na ind\u00fastria da moda - Andrea Simonetti\" \/>\n<meta property=\"og:description\" content=\"Hoje quero compartilhar com voc\u00eas uma iniciativa super importante da editora Globo Cond\u00e9 Nast, que ir\u00e1 premiar empresas que aplicam pr\u00e1ticas sustent\u00e1veis.\" \/>\n<meta property=\"og:url\" content=\"https:\/\/andreasimonetti.com.br\/blog\/premio-muda-responsabilidade-socioambiental-na-industria-da-moda\/\" \/>\n<meta property=\"og:site_name\" content=\"Andrea Simonetti\" \/>\n<meta property=\"article:publisher\" content=\"https:\/\/www.facebook.com\/blogdaandreasimonetti\/\" \/>\n<meta property=\"article:author\" content=\"https:\/\/www.facebook.com\/blogdaandreasimonetti\/\" \/>\n<meta property=\"article:published_time\" content=\"2018-09-20T14:38:00+00:00\" \/>\n<meta property=\"og:image\" content=\"https:\/\/andreasimonetti.com.br\/blog\/wp-content\/uploads\/2018\/09\/2567406942-asd.jpg\" \/>\n\t<meta property=\"og:image:width\" content=\"1000\" \/>\n\t<meta property=\"og:image:height\" content=\"609\" \/>\n\t<meta property=\"og:image:type\" content=\"image\/jpeg\" \/>\n<meta name=\"author\" content=\"Andrea Simonetti\" \/>\n<meta name=\"twitter:card\" content=\"summary_large_image\" \/>\n<meta name=\"twitter:creator\" content=\"@https:\/\/twitter.com\/Andrea_Simoneti\" \/>\n<meta name=\"twitter:site\" content=\"@Andrea_Simoneti\" \/>\n<meta name=\"twitter:label1\" content=\"Escrito por\" \/>\n\t<meta name=\"twitter:data1\" content=\"Andrea Simonetti\" \/>\n\t<meta name=\"twitter:label2\" content=\"Est. tempo de leitura\" \/>\n\t<meta name=\"twitter:data2\" content=\"2 minutos\" \/>\n<!-- \/ Yoast SEO plugin. -->","yoast_head_json":{"title":"Pr\u00eamio Muda - responsabilidade socioambiental na ind\u00fastria da moda - Andrea Simonetti","description":"Hoje quero compartilhar com voc\u00eas uma iniciativa super importante da editora Globo Cond\u00e9 Nast, que ir\u00e1 premiar empresas que aplicam pr\u00e1ticas sustent\u00e1veis.","robots":{"index":"index","follow":"follow","max-snippet":"max-snippet:-1","max-image-preview":"max-image-preview:large","max-video-preview":"max-video-preview:-1"},"canonical":"https:\/\/andreasimonetti.com.br\/blog\/premio-muda-responsabilidade-socioambiental-na-industria-da-moda\/","og_locale":"pt_BR","og_type":"article","og_title":"Pr\u00eamio Muda - responsabilidade socioambiental na ind\u00fastria da moda - Andrea Simonetti","og_description":"Hoje quero compartilhar com voc\u00eas uma iniciativa super importante da editora Globo Cond\u00e9 Nast, que ir\u00e1 premiar empresas que aplicam pr\u00e1ticas sustent\u00e1veis.","og_url":"https:\/\/andreasimonetti.com.br\/blog\/premio-muda-responsabilidade-socioambiental-na-industria-da-moda\/","og_site_name":"Andrea Simonetti","article_publisher":"https:\/\/www.facebook.com\/blogdaandreasimonetti\/","article_author":"https:\/\/www.facebook.com\/blogdaandreasimonetti\/","article_published_time":"2018-09-20T14:38:00+00:00","og_image":[{"width":1000,"height":609,"url":"https:\/\/andreasimonetti.com.br\/blog\/wp-content\/uploads\/2018\/09\/2567406942-asd.jpg","type":"image\/jpeg"}],"author":"Andrea Simonetti","twitter_card":"summary_large_image","twitter_creator":"@https:\/\/twitter.com\/Andrea_Simoneti","twitter_site":"@Andrea_Simoneti","twitter_misc":{"Escrito por":"Andrea Simonetti","Est. tempo de leitura":"2 minutos"},"schema":{"@context":"https:\/\/schema.org","@graph":[{"@type":"WebPage","@id":"https:\/\/andreasimonetti.com.br\/blog\/premio-muda-responsabilidade-socioambiental-na-industria-da-moda\/","url":"https:\/\/andreasimonetti.com.br\/blog\/premio-muda-responsabilidade-socioambiental-na-industria-da-moda\/","name":"Pr\u00eamio Muda - responsabilidade socioambiental na ind\u00fastria da moda - Andrea Simonetti","isPartOf":{"@id":"https:\/\/andreasimonetti.com.br\/blog\/#website"},"primaryImageOfPage":{"@id":"https:\/\/andreasimonetti.com.br\/blog\/premio-muda-responsabilidade-socioambiental-na-industria-da-moda\/#primaryimage"},"image":{"@id":"https:\/\/andreasimonetti.com.br\/blog\/premio-muda-responsabilidade-socioambiental-na-industria-da-moda\/#primaryimage"},"thumbnailUrl":"https:\/\/andreasimonetti.com.br\/blog\/wp-content\/uploads\/2018\/09\/2567406942-asd.jpg","datePublished":"2018-09-20T14:38:00+00:00","author":{"@id":"https:\/\/andreasimonetti.com.br\/blog\/#\/schema\/person\/254f763c24ac288e27ea738a7366ad2a"},"description":"Hoje quero compartilhar com voc\u00eas uma iniciativa super importante da editora Globo Cond\u00e9 Nast, que ir\u00e1 premiar empresas que aplicam pr\u00e1ticas sustent\u00e1veis.","breadcrumb":{"@id":"https:\/\/andreasimonetti.com.br\/blog\/premio-muda-responsabilidade-socioambiental-na-industria-da-moda\/#breadcrumb"},"inLanguage":"pt-BR","potentialAction":[{"@type":"ReadAction","target":["https:\/\/andreasimonetti.com.br\/blog\/premio-muda-responsabilidade-socioambiental-na-industria-da-moda\/"]}]},{"@type":"ImageObject","inLanguage":"pt-BR","@id":"https:\/\/andreasimonetti.com.br\/blog\/premio-muda-responsabilidade-socioambiental-na-industria-da-moda\/#primaryimage","url":"https:\/\/andreasimonetti.com.br\/blog\/wp-content\/uploads\/2018\/09\/2567406942-asd.jpg","contentUrl":"https:\/\/andreasimonetti.com.br\/blog\/wp-content\/uploads\/2018\/09\/2567406942-asd.jpg","width":1000,"height":609},{"@type":"BreadcrumbList","@id":"https:\/\/andreasimonetti.com.br\/blog\/premio-muda-responsabilidade-socioambiental-na-industria-da-moda\/#breadcrumb","itemListElement":[{"@type":"ListItem","position":1,"name":"In\u00edcio","item":"https:\/\/andreasimonetti.com.br\/blog\/"},{"@type":"ListItem","position":2,"name":"Pr\u00eamio Muda &#8211; responsabilidade socioambiental na ind\u00fastria da moda"}]},{"@type":"WebSite","@id":"https:\/\/andreasimonetti.com.br\/blog\/#website","url":"https:\/\/andreasimonetti.com.br\/blog\/","name":"Andrea Simonetti","description":"","potentialAction":[{"@type":"SearchAction","target":{"@type":"EntryPoint","urlTemplate":"https:\/\/andreasimonetti.com.br\/blog\/?s={search_term_string}"},"query-input":{"@type":"PropertyValueSpecification","valueRequired":true,"valueName":"search_term_string"}}],"inLanguage":"pt-BR"},{"@type":"Person","@id":"https:\/\/andreasimonetti.com.br\/blog\/#\/schema\/person\/254f763c24ac288e27ea738a7366ad2a","name":"Andrea Simonetti","image":{"@type":"ImageObject","inLanguage":"pt-BR","@id":"https:\/\/andreasimonetti.com.br\/blog\/#\/schema\/person\/image\/","url":"https:\/\/andreasimonetti.com.br\/blog\/wp-content\/uploads\/2018\/04\/andrea-simonetti-96x96.png","contentUrl":"https:\/\/andreasimonetti.com.br\/blog\/wp-content\/uploads\/2018\/04\/andrea-simonetti-96x96.png","caption":"Andrea Simonetti"},"description":"Sou formada em Administra\u00e7\u00e3o de Empresas, Produ\u00e7\u00e3o de Moda pelo SENAC e Consultoria de Estilo. Sou fascinada por moda desde sempre, adoro ver as pessoas produzidas e de bem com a vida. Moda \u00e9 o meu assunto preferido. Comecei meu blog em 2011, ele cresceu e hoje \u00e9 um site bem mais abrangente, onde eu falo sobre moda e meu trabalho de consultora de estilo. E falo tamb\u00e9m sobre a minha experi\u00eancia de vida. Mas antes de tudo, acredito num Deus Soberano que nos guia e aben\u00e7oa, o tempo todo!","sameAs":["https:\/\/www.andreasimonetti.com.br\/","https:\/\/www.facebook.com\/blogdaandreasimonetti\/","https:\/\/www.instagram.com\/andrea_simonetti\/","https:\/\/br.pinterest.com\/BlogAndrea\/","https:\/\/x.com\/https:\/\/twitter.com\/Andrea_Simoneti"],"url":"https:\/\/andreasimonetti.com.br\/blog\/author\/andrea\/"}]}},"_links":{"self":[{"href":"https:\/\/andreasimonetti.com.br\/blog\/wp-json\/wp\/v2\/posts\/20069","targetHints":{"allow":["GET"]}}],"collection":[{"href":"https:\/\/andreasimonetti.com.br\/blog\/wp-json\/wp\/v2\/posts"}],"about":[{"href":"https:\/\/andreasimonetti.com.br\/blog\/wp-json\/wp\/v2\/types\/post"}],"author":[{"embeddable":true,"href":"https:\/\/andreasimonetti.com.br\/blog\/wp-json\/wp\/v2\/users\/7"}],"replies":[{"embeddable":true,"href":"https:\/\/andreasimonetti.com.br\/blog\/wp-json\/wp\/v2\/comments?post=20069"}],"version-history":[{"count":0,"href":"https:\/\/andreasimonetti.com.br\/blog\/wp-json\/wp\/v2\/posts\/20069\/revisions"}],"wp:featuredmedia":[{"embeddable":true,"href":"https:\/\/andreasimonetti.com.br\/blog\/wp-json\/wp\/v2\/media\/20071"}],"wp:attachment":[{"href":"https:\/\/andreasimonetti.com.br\/blog\/wp-json\/wp\/v2\/media?parent=20069"}],"wp:term":[{"taxonomy":"category","embeddable":true,"href":"https:\/\/andreasimonetti.com.br\/blog\/wp-json\/wp\/v2\/categories?post=20069"},{"taxonomy":"post_tag","embeddable":true,"href":"https:\/\/andreasimonetti.com.br\/blog\/wp-json\/wp\/v2\/tags?post=20069"}],"curies":[{"name":"wp","href":"https:\/\/api.w.org\/{rel}","templated":true}]}}