{"id":19584,"date":"2018-07-03T18:36:16","date_gmt":"2018-07-03T21:36:16","guid":{"rendered":"https:\/\/www.andreasimonetti.com.br\/?p=19584"},"modified":"2018-07-03T18:41:02","modified_gmt":"2018-07-03T21:41:02","slug":"testei-e-aprovei-agua-thermal-aromatica-de-geranio","status":"publish","type":"post","link":"https:\/\/andreasimonetti.com.br\/blog\/testei-e-aprovei-agua-thermal-aromatica-de-geranio\/","title":{"rendered":"Testei e aprovei : \u00c1gua Thermal Arom\u00e1tica de Ger\u00e2nio"},"content":{"rendered":"<p>O inverno \u00e9 uma esta\u00e7\u00e3o que eu particularmente gosto bastante, mas com o inverno vem o qu\u00ea ? Pele ressecada !! E isso acontece quando se relaxa na hidrata\u00e7\u00e3o e se abusa dos banhos quentes. Ainda bem que eu descobri, testei e aprovei um produto que tem me ajudado muito : a<strong> \u00c1gua Thermal Arom\u00e1tica de Ger\u00e2nio,<\/strong> que comprei na<a href=\"http:\/\/www.fitonatureza.com.br\/\"> Fitonatureza.<\/a><\/p>\n<p>Quem me acompanha no Instagram Stories j\u00e1 viu como essa \u00c1gua Thermal da <a href=\"http:\/\/www.wnf.com.br\">WNF <\/a> \u00e9 especial. Ela cont\u00e9m alta concentra\u00e7\u00e3o de pot\u00e1ssio e magn\u00e9sio, f\u00f3rmula que garante uma eficiente hidrata\u00e7\u00e3o e manuten\u00e7\u00e3o da elasticidade da pele.<\/p>\n<p>Eu tenho usado a \u00c1gua duas vezes ao dia : de manh\u00e3 antes da make e a noite antes dos meus cremes. Ela atua para aliviar as manchas e \u00e9 um produto hipoalerg\u00eanicos e 100% natural, indicado para peles sens\u00edveis.<\/p>\n<p>Al\u00e9m do perfume delicioso de ger\u00e2nio ela tamb\u00e9m pode ser usada nos cabelos, reduzindo o frizz &#8211; aquele arrepiadinho chato. Agora, antes da academia, sempre passo a \u00c1gua nos cabelos.<\/p>\n<div class=\"box-collateral box-description\">\n<h3>Informa\u00e7\u00f5es do fabricante:<\/h3>\n<div class=\"std\"><span style=\"color: #333333;\">Propriedades: agente anti-aging, antirrugas, hidratante, clareador da pele, homogeneizador da pigmenta\u00e7\u00e3o do rosto, calmante, equilibrante e tonificante. Auxilia na flexibilidade e no t\u00f4nus, retarda a ocorr\u00eancia de rugas, estrias e manchas. Usada nos tratamentos relacionados a pele envelhecida, ressecada, desidratada e manchada.<\/span><\/div>\n<\/div>\n<p>Compre a sua \u00c1gua Thermal Arom\u00e1tica de Ger\u00e2nio na\u00a0<a href=\"https:\/\/www.facebook.com\/FitonaturezaBauru\/\" data-hovercard=\"\/ajax\/hovercard\/page.php?id=1544750332429274&amp;extragetparams=%7B%22directed_target_id%22%3Anull%2C%22groups_location%22%3Anull%7D\" data-hovercard-prefer-more-content-show=\"1\">Fito natureza<\/a>\u00a0em Bauru.<\/p>\n<p>&nbsp;<\/p>\n<p><img loading=\"lazy\" decoding=\"async\" class=\"alignnone size-full wp-image-19593\" src=\"https:\/\/www.andreasimonetti.com.br\/wp-content\/uploads\/2018\/07\/36576946_1750748958343080_1258444534627434496_n.jpg\" alt=\"\" width=\"960\" height=\"960\" srcset=\"https:\/\/andreasimonetti.com.br\/blog\/wp-content\/uploads\/2018\/07\/36576946_1750748958343080_1258444534627434496_n.jpg 960w, https:\/\/andreasimonetti.com.br\/blog\/wp-content\/uploads\/2018\/07\/36576946_1750748958343080_1258444534627434496_n-150x150.jpg 150w, https:\/\/andreasimonetti.com.br\/blog\/wp-content\/uploads\/2018\/07\/36576946_1750748958343080_1258444534627434496_n-300x300.jpg 300w, https:\/\/andreasimonetti.com.br\/blog\/wp-content\/uploads\/2018\/07\/36576946_1750748958343080_1258444534627434496_n-768x768.jpg 768w, https:\/\/andreasimonetti.com.br\/blog\/wp-content\/uploads\/2018\/07\/36576946_1750748958343080_1258444534627434496_n-585x585.jpg 585w, https:\/\/andreasimonetti.com.br\/blog\/wp-content\/uploads\/2018\/07\/36576946_1750748958343080_1258444534627434496_n-640x640.jpg 640w\" sizes=\"auto, (max-width: 960px) 100vw, 960px\" \/><\/p>\n<p>&nbsp;<\/p>\n","protected":false},"excerpt":{"rendered":"<p>O inverno \u00e9 uma esta\u00e7\u00e3o que eu particularmente gosto bastante, mas com o inverno vem o qu\u00ea ? Pele ressecada !! E isso acontece quando se relaxa na hidrata\u00e7\u00e3o e&hellip;<\/p>\n","protected":false},"author":7,"featured_media":19585,"comment_status":"open","ping_status":"open","sticky":false,"template":"","format":"standard","meta":{"_monsterinsights_skip_tracking":false,"_monsterinsights_sitenote_active":false,"_monsterinsights_sitenote_note":"","_monsterinsights_sitenote_category":0,"footnotes":""},"categories":[6,1508],"tags":[],"class_list":["post-19584","post","type-post","status-publish","format-standard","has-post-thumbnail","hentry","category-beleza","category-destaque"],"yoast_head":"<!-- This site is optimized with the Yoast SEO plugin v26.3 - https:\/\/yoast.com\/wordpress\/plugins\/seo\/ -->\n<title>Testei e aprovei : \u00c1gua Thermal Arom\u00e1tica de Ger\u00e2nio - Andrea Simonetti<\/title>\n<meta name=\"robots\" content=\"index, follow, max-snippet:-1, max-image-preview:large, max-video-preview:-1\" \/>\n<link rel=\"canonical\" href=\"https:\/\/andreasimonetti.com.br\/blog\/testei-e-aprovei-agua-thermal-aromatica-de-geranio\/\" \/>\n<meta property=\"og:locale\" content=\"pt_BR\" \/>\n<meta property=\"og:type\" content=\"article\" \/>\n<meta property=\"og:title\" content=\"Testei e aprovei : \u00c1gua Thermal Arom\u00e1tica de Ger\u00e2nio - Andrea Simonetti\" \/>\n<meta property=\"og:description\" content=\"O inverno \u00e9 uma esta\u00e7\u00e3o que eu particularmente gosto bastante, mas com o inverno vem o qu\u00ea ? Pele ressecada !! E isso acontece quando se relaxa na hidrata\u00e7\u00e3o e&hellip;\" \/>\n<meta property=\"og:url\" content=\"https:\/\/andreasimonetti.com.br\/blog\/testei-e-aprovei-agua-thermal-aromatica-de-geranio\/\" \/>\n<meta property=\"og:site_name\" content=\"Andrea Simonetti\" \/>\n<meta property=\"article:publisher\" content=\"https:\/\/www.facebook.com\/blogdaandreasimonetti\/\" \/>\n<meta property=\"article:author\" content=\"https:\/\/www.facebook.com\/blogdaandreasimonetti\/\" \/>\n<meta property=\"article:published_time\" content=\"2018-07-03T21:36:16+00:00\" \/>\n<meta property=\"article:modified_time\" content=\"2018-07-03T21:41:02+00:00\" \/>\n<meta property=\"og:image\" content=\"https:\/\/andreasimonetti.com.br\/blog\/wp-content\/uploads\/2018\/07\/36177342_1738836152867694_5218665137593909248_n.jpg\" \/>\n\t<meta property=\"og:image:width\" content=\"768\" \/>\n\t<meta property=\"og:image:height\" content=\"960\" \/>\n\t<meta property=\"og:image:type\" content=\"image\/jpeg\" \/>\n<meta name=\"author\" content=\"Andrea Simonetti\" \/>\n<meta name=\"twitter:card\" content=\"summary_large_image\" \/>\n<meta name=\"twitter:creator\" content=\"@https:\/\/twitter.com\/Andrea_Simoneti\" \/>\n<meta name=\"twitter:site\" content=\"@Andrea_Simoneti\" \/>\n<meta name=\"twitter:label1\" content=\"Escrito por\" \/>\n\t<meta name=\"twitter:data1\" content=\"Andrea Simonetti\" \/>\n\t<meta name=\"twitter:label2\" content=\"Est. tempo de leitura\" \/>\n\t<meta name=\"twitter:data2\" content=\"1 minuto\" \/>\n<!-- \/ Yoast SEO plugin. -->","yoast_head_json":{"title":"Testei e aprovei : \u00c1gua Thermal Arom\u00e1tica de Ger\u00e2nio - Andrea Simonetti","robots":{"index":"index","follow":"follow","max-snippet":"max-snippet:-1","max-image-preview":"max-image-preview:large","max-video-preview":"max-video-preview:-1"},"canonical":"https:\/\/andreasimonetti.com.br\/blog\/testei-e-aprovei-agua-thermal-aromatica-de-geranio\/","og_locale":"pt_BR","og_type":"article","og_title":"Testei e aprovei : \u00c1gua Thermal Arom\u00e1tica de Ger\u00e2nio - Andrea Simonetti","og_description":"O inverno \u00e9 uma esta\u00e7\u00e3o que eu particularmente gosto bastante, mas com o inverno vem o qu\u00ea ? Pele ressecada !! E isso acontece quando se relaxa na hidrata\u00e7\u00e3o e&hellip;","og_url":"https:\/\/andreasimonetti.com.br\/blog\/testei-e-aprovei-agua-thermal-aromatica-de-geranio\/","og_site_name":"Andrea Simonetti","article_publisher":"https:\/\/www.facebook.com\/blogdaandreasimonetti\/","article_author":"https:\/\/www.facebook.com\/blogdaandreasimonetti\/","article_published_time":"2018-07-03T21:36:16+00:00","article_modified_time":"2018-07-03T21:41:02+00:00","og_image":[{"width":768,"height":960,"url":"https:\/\/andreasimonetti.com.br\/blog\/wp-content\/uploads\/2018\/07\/36177342_1738836152867694_5218665137593909248_n.jpg","type":"image\/jpeg"}],"author":"Andrea Simonetti","twitter_card":"summary_large_image","twitter_creator":"@https:\/\/twitter.com\/Andrea_Simoneti","twitter_site":"@Andrea_Simoneti","twitter_misc":{"Escrito por":"Andrea Simonetti","Est. tempo de leitura":"1 minuto"},"schema":{"@context":"https:\/\/schema.org","@graph":[{"@type":"WebPage","@id":"https:\/\/andreasimonetti.com.br\/blog\/testei-e-aprovei-agua-thermal-aromatica-de-geranio\/","url":"https:\/\/andreasimonetti.com.br\/blog\/testei-e-aprovei-agua-thermal-aromatica-de-geranio\/","name":"Testei e aprovei : \u00c1gua Thermal Arom\u00e1tica de Ger\u00e2nio - Andrea Simonetti","isPartOf":{"@id":"https:\/\/andreasimonetti.com.br\/blog\/#website"},"primaryImageOfPage":{"@id":"https:\/\/andreasimonetti.com.br\/blog\/testei-e-aprovei-agua-thermal-aromatica-de-geranio\/#primaryimage"},"image":{"@id":"https:\/\/andreasimonetti.com.br\/blog\/testei-e-aprovei-agua-thermal-aromatica-de-geranio\/#primaryimage"},"thumbnailUrl":"https:\/\/andreasimonetti.com.br\/blog\/wp-content\/uploads\/2018\/07\/36177342_1738836152867694_5218665137593909248_n.jpg","datePublished":"2018-07-03T21:36:16+00:00","dateModified":"2018-07-03T21:41:02+00:00","author":{"@id":"https:\/\/andreasimonetti.com.br\/blog\/#\/schema\/person\/254f763c24ac288e27ea738a7366ad2a"},"breadcrumb":{"@id":"https:\/\/andreasimonetti.com.br\/blog\/testei-e-aprovei-agua-thermal-aromatica-de-geranio\/#breadcrumb"},"inLanguage":"pt-BR","potentialAction":[{"@type":"ReadAction","target":["https:\/\/andreasimonetti.com.br\/blog\/testei-e-aprovei-agua-thermal-aromatica-de-geranio\/"]}]},{"@type":"ImageObject","inLanguage":"pt-BR","@id":"https:\/\/andreasimonetti.com.br\/blog\/testei-e-aprovei-agua-thermal-aromatica-de-geranio\/#primaryimage","url":"https:\/\/andreasimonetti.com.br\/blog\/wp-content\/uploads\/2018\/07\/36177342_1738836152867694_5218665137593909248_n.jpg","contentUrl":"https:\/\/andreasimonetti.com.br\/blog\/wp-content\/uploads\/2018\/07\/36177342_1738836152867694_5218665137593909248_n.jpg","width":768,"height":960},{"@type":"BreadcrumbList","@id":"https:\/\/andreasimonetti.com.br\/blog\/testei-e-aprovei-agua-thermal-aromatica-de-geranio\/#breadcrumb","itemListElement":[{"@type":"ListItem","position":1,"name":"In\u00edcio","item":"https:\/\/andreasimonetti.com.br\/blog\/"},{"@type":"ListItem","position":2,"name":"Testei e aprovei : \u00c1gua Thermal Arom\u00e1tica de Ger\u00e2nio"}]},{"@type":"WebSite","@id":"https:\/\/andreasimonetti.com.br\/blog\/#website","url":"https:\/\/andreasimonetti.com.br\/blog\/","name":"Andrea Simonetti","description":"","potentialAction":[{"@type":"SearchAction","target":{"@type":"EntryPoint","urlTemplate":"https:\/\/andreasimonetti.com.br\/blog\/?s={search_term_string}"},"query-input":{"@type":"PropertyValueSpecification","valueRequired":true,"valueName":"search_term_string"}}],"inLanguage":"pt-BR"},{"@type":"Person","@id":"https:\/\/andreasimonetti.com.br\/blog\/#\/schema\/person\/254f763c24ac288e27ea738a7366ad2a","name":"Andrea Simonetti","image":{"@type":"ImageObject","inLanguage":"pt-BR","@id":"https:\/\/andreasimonetti.com.br\/blog\/#\/schema\/person\/image\/","url":"https:\/\/andreasimonetti.com.br\/blog\/wp-content\/uploads\/2018\/04\/andrea-simonetti-96x96.png","contentUrl":"https:\/\/andreasimonetti.com.br\/blog\/wp-content\/uploads\/2018\/04\/andrea-simonetti-96x96.png","caption":"Andrea Simonetti"},"description":"Sou formada em Administra\u00e7\u00e3o de Empresas, Produ\u00e7\u00e3o de Moda pelo SENAC e Consultoria de Estilo. Sou fascinada por moda desde sempre, adoro ver as pessoas produzidas e de bem com a vida. Moda \u00e9 o meu assunto preferido. Comecei meu blog em 2011, ele cresceu e hoje \u00e9 um site bem mais abrangente, onde eu falo sobre moda e meu trabalho de consultora de estilo. E falo tamb\u00e9m sobre a minha experi\u00eancia de vida. Mas antes de tudo, acredito num Deus Soberano que nos guia e aben\u00e7oa, o tempo todo!","sameAs":["https:\/\/www.andreasimonetti.com.br\/","https:\/\/www.facebook.com\/blogdaandreasimonetti\/","https:\/\/www.instagram.com\/andrea_simonetti\/","https:\/\/br.pinterest.com\/BlogAndrea\/","https:\/\/x.com\/https:\/\/twitter.com\/Andrea_Simoneti"],"url":"https:\/\/andreasimonetti.com.br\/blog\/author\/andrea\/"}]}},"_links":{"self":[{"href":"https:\/\/andreasimonetti.com.br\/blog\/wp-json\/wp\/v2\/posts\/19584","targetHints":{"allow":["GET"]}}],"collection":[{"href":"https:\/\/andreasimonetti.com.br\/blog\/wp-json\/wp\/v2\/posts"}],"about":[{"href":"https:\/\/andreasimonetti.com.br\/blog\/wp-json\/wp\/v2\/types\/post"}],"author":[{"embeddable":true,"href":"https:\/\/andreasimonetti.com.br\/blog\/wp-json\/wp\/v2\/users\/7"}],"replies":[{"embeddable":true,"href":"https:\/\/andreasimonetti.com.br\/blog\/wp-json\/wp\/v2\/comments?post=19584"}],"version-history":[{"count":0,"href":"https:\/\/andreasimonetti.com.br\/blog\/wp-json\/wp\/v2\/posts\/19584\/revisions"}],"wp:featuredmedia":[{"embeddable":true,"href":"https:\/\/andreasimonetti.com.br\/blog\/wp-json\/wp\/v2\/media\/19585"}],"wp:attachment":[{"href":"https:\/\/andreasimonetti.com.br\/blog\/wp-json\/wp\/v2\/media?parent=19584"}],"wp:term":[{"taxonomy":"category","embeddable":true,"href":"https:\/\/andreasimonetti.com.br\/blog\/wp-json\/wp\/v2\/categories?post=19584"},{"taxonomy":"post_tag","embeddable":true,"href":"https:\/\/andreasimonetti.com.br\/blog\/wp-json\/wp\/v2\/tags?post=19584"}],"curies":[{"name":"wp","href":"https:\/\/api.w.org\/{rel}","templated":true}]}}