{"id":19204,"date":"2018-05-23T18:17:08","date_gmt":"2018-05-23T21:17:08","guid":{"rendered":"https:\/\/www.andreasimonetti.com.br\/?p=19204"},"modified":"2018-05-25T08:30:19","modified_gmt":"2018-05-25T11:30:19","slug":"nana","status":"publish","type":"post","link":"https:\/\/andreasimonetti.com.br\/blog\/nana\/","title":{"rendered":"Abuse das saias longas neste inverno"},"content":{"rendered":"<p style=\"text-align: left;\">As saias longas s\u00e3o uma op\u00e7\u00e3o muito especial para o inverno pois inspiram feminilidade valorizando o corpo feminino.<br \/>\nEsse conjunto da marca Nana Kokaev tem um caimento perfeito : a blusa transparente vem com for\u00e7a na esta\u00e7\u00e3o e comp\u00f5e um conjunto harmonioso com a saia de cetim de seda.<\/p>\n<p style=\"text-align: left;\">Muitas mulheres ficam inseguras em usar uma saia longa preocupadas se combinam com o seu tipo f\u00edsico.<\/p>\n<p style=\"text-align: left;\"><strong>Dica de consultora de estilo :<\/strong><\/p>\n<ul style=\"text-align: left;\">\n<li>\u00a0Se voc\u00ea quiser dar a impress\u00e3o de um corpo longil\u00edneo opte por cores em tons parecidos tanto em cima quanto em baixo e o modelo de saia bem comprido. Essa dica \u00e9 \u00f3tima para as baixinhas. Se for usar cinto, ele deve ser finos.<\/li>\n<li>Os sapatos devem sempre estar sempre encobertos pela saia .<\/li>\n<li>Para quem tem o busto ou ombros largos \u00e9 melhor equilibrar as propor\u00e7\u00f5es, mudando o foco para a parte de baixo : escolha\u00a0 tons escuros ou cores lisas na parte de cima e na saia pode-se usar um tecido mais encorpado ou estampado.<\/li>\n<li>As gordinhas\u00a0 devem evitar saias estampadas, optando por cores neutras\u00a0 e lisas. O tecido deve ser leve para n\u00e3o dar volume.<\/li>\n<\/ul>\n<p style=\"text-align: left;\">Moral da hist\u00f3ria : saias longas s\u00e3o para todas ! Abuse delas nesse inverno.<\/p>\n<div id=\"attachment_19205\" style=\"width: 710px\" class=\"wp-caption alignnone\"><img loading=\"lazy\" decoding=\"async\" aria-describedby=\"caption-attachment-19205\" class=\"wp-image-19205\" src=\"https:\/\/www.andreasimonetti.com.br\/wp-content\/uploads\/2018\/05\/33113923_1699105840174059_161870973719543808_n.jpg\" alt=\"\" width=\"700\" height=\"933\" srcset=\"https:\/\/andreasimonetti.com.br\/blog\/wp-content\/uploads\/2018\/05\/33113923_1699105840174059_161870973719543808_n.jpg 720w, https:\/\/andreasimonetti.com.br\/blog\/wp-content\/uploads\/2018\/05\/33113923_1699105840174059_161870973719543808_n-225x300.jpg 225w, https:\/\/andreasimonetti.com.br\/blog\/wp-content\/uploads\/2018\/05\/33113923_1699105840174059_161870973719543808_n-585x780.jpg 585w\" sizes=\"auto, (max-width: 700px) 100vw, 700px\" \/><p id=\"caption-attachment-19205\" class=\"wp-caption-text\">Nana Kokaev inverno 2018<\/p><\/div>\n<div id=\"attachment_19206\" style=\"width: 710px\" class=\"wp-caption alignnone\"><img loading=\"lazy\" decoding=\"async\" aria-describedby=\"caption-attachment-19206\" class=\"wp-image-19206\" src=\"https:\/\/www.andreasimonetti.com.br\/wp-content\/uploads\/2018\/05\/33236771_1699105916840718_1802062719990366208_n.jpg\" alt=\"\" width=\"700\" height=\"933\" srcset=\"https:\/\/andreasimonetti.com.br\/blog\/wp-content\/uploads\/2018\/05\/33236771_1699105916840718_1802062719990366208_n.jpg 720w, https:\/\/andreasimonetti.com.br\/blog\/wp-content\/uploads\/2018\/05\/33236771_1699105916840718_1802062719990366208_n-225x300.jpg 225w, https:\/\/andreasimonetti.com.br\/blog\/wp-content\/uploads\/2018\/05\/33236771_1699105916840718_1802062719990366208_n-585x780.jpg 585w\" sizes=\"auto, (max-width: 700px) 100vw, 700px\" \/><p id=\"caption-attachment-19206\" class=\"wp-caption-text\">Nana Kokaev inverno 2018<\/p><\/div>\n<div id=\"attachment_19208\" style=\"width: 730px\" class=\"wp-caption alignnone\"><img loading=\"lazy\" decoding=\"async\" aria-describedby=\"caption-attachment-19208\" class=\"wp-image-19208 size-full\" src=\"https:\/\/www.andreasimonetti.com.br\/wp-content\/uploads\/2018\/05\/32202877_1699105963507380_4098517716674019328_n.jpg\" alt=\"\" width=\"720\" height=\"960\" srcset=\"https:\/\/andreasimonetti.com.br\/blog\/wp-content\/uploads\/2018\/05\/32202877_1699105963507380_4098517716674019328_n.jpg 720w, https:\/\/andreasimonetti.com.br\/blog\/wp-content\/uploads\/2018\/05\/32202877_1699105963507380_4098517716674019328_n-225x300.jpg 225w, https:\/\/andreasimonetti.com.br\/blog\/wp-content\/uploads\/2018\/05\/32202877_1699105963507380_4098517716674019328_n-585x780.jpg 585w\" sizes=\"auto, (max-width: 720px) 100vw, 720px\" \/><p id=\"caption-attachment-19208\" class=\"wp-caption-text\">Abuse das saias longas neste inverno<\/p><\/div>\n","protected":false},"excerpt":{"rendered":"<p>As saias longas s\u00e3o uma op\u00e7\u00e3o muito especial para o inverno pois inspiram feminilidade valorizando o corpo feminino. Esse conjunto da marca Nana Kokaev tem um caimento perfeito : a&hellip;<\/p>\n","protected":false},"author":7,"featured_media":19206,"comment_status":"closed","ping_status":"closed","sticky":false,"template":"","format":"standard","meta":{"_monsterinsights_skip_tracking":false,"_monsterinsights_sitenote_active":false,"_monsterinsights_sitenote_note":"","_monsterinsights_sitenote_category":0,"footnotes":""},"categories":[3],"tags":[2667,1952,2668],"class_list":["post-19204","post","type-post","status-publish","format-standard","has-post-thumbnail","hentry","category-moda","tag-abuse-das-saias-longas-neste-inverno","tag-nana-kokaev","tag-quem-pode-usar-sai-longa"],"yoast_head":"<!-- This site is optimized with the Yoast SEO plugin v26.3 - https:\/\/yoast.com\/wordpress\/plugins\/seo\/ -->\n<title>Abuse das saias longas neste inverno - Andrea Simonetti<\/title>\n<meta name=\"description\" content=\"s saias longas continuam em alta neste inverno, elas inspiram feminilidade e valorizam o corpo feminino. Esse conjunto da cole\u00e7\u00e3o de inverno da Nanakokaev tem um caimento perfeito. A blusa transparente que tamb\u00e9m \u00e9 uma tendencia forte no inverno comp\u00f5e um conjunto lindo com a saia de cetim de seda.\" \/>\n<meta name=\"robots\" content=\"index, follow, max-snippet:-1, max-image-preview:large, max-video-preview:-1\" \/>\n<link rel=\"canonical\" href=\"https:\/\/andreasimonetti.com.br\/blog\/nana\/\" \/>\n<meta property=\"og:locale\" content=\"pt_BR\" \/>\n<meta property=\"og:type\" content=\"article\" \/>\n<meta property=\"og:title\" content=\"Abuse das saias longas neste inverno - Andrea Simonetti\" \/>\n<meta property=\"og:description\" content=\"s saias longas continuam em alta neste inverno, elas inspiram feminilidade e valorizam o corpo feminino. Esse conjunto da cole\u00e7\u00e3o de inverno da Nanakokaev tem um caimento perfeito. A blusa transparente que tamb\u00e9m \u00e9 uma tendencia forte no inverno comp\u00f5e um conjunto lindo com a saia de cetim de seda.\" \/>\n<meta property=\"og:url\" content=\"https:\/\/andreasimonetti.com.br\/blog\/nana\/\" \/>\n<meta property=\"og:site_name\" content=\"Andrea Simonetti\" \/>\n<meta property=\"article:publisher\" content=\"https:\/\/www.facebook.com\/blogdaandreasimonetti\/\" \/>\n<meta property=\"article:author\" content=\"https:\/\/www.facebook.com\/blogdaandreasimonetti\/\" \/>\n<meta property=\"article:published_time\" content=\"2018-05-23T21:17:08+00:00\" \/>\n<meta property=\"article:modified_time\" content=\"2018-05-25T11:30:19+00:00\" \/>\n<meta property=\"og:image\" content=\"https:\/\/andreasimonetti.com.br\/blog\/wp-content\/uploads\/2018\/05\/33236771_1699105916840718_1802062719990366208_n.jpg\" \/>\n\t<meta property=\"og:image:width\" content=\"720\" \/>\n\t<meta property=\"og:image:height\" content=\"960\" \/>\n\t<meta property=\"og:image:type\" content=\"image\/jpeg\" \/>\n<meta name=\"author\" content=\"Andrea Simonetti\" \/>\n<meta name=\"twitter:card\" content=\"summary_large_image\" \/>\n<meta name=\"twitter:creator\" content=\"@https:\/\/twitter.com\/Andrea_Simoneti\" \/>\n<meta name=\"twitter:site\" content=\"@Andrea_Simoneti\" \/>\n<meta name=\"twitter:label1\" content=\"Escrito por\" \/>\n\t<meta name=\"twitter:data1\" content=\"Andrea Simonetti\" \/>\n\t<meta name=\"twitter:label2\" content=\"Est. tempo de leitura\" \/>\n\t<meta name=\"twitter:data2\" content=\"1 minuto\" \/>\n<!-- \/ Yoast SEO plugin. -->","yoast_head_json":{"title":"Abuse das saias longas neste inverno - Andrea Simonetti","description":"s saias longas continuam em alta neste inverno, elas inspiram feminilidade e valorizam o corpo feminino. Esse conjunto da cole\u00e7\u00e3o de inverno da Nanakokaev tem um caimento perfeito. A blusa transparente que tamb\u00e9m \u00e9 uma tendencia forte no inverno comp\u00f5e um conjunto lindo com a saia de cetim de seda.","robots":{"index":"index","follow":"follow","max-snippet":"max-snippet:-1","max-image-preview":"max-image-preview:large","max-video-preview":"max-video-preview:-1"},"canonical":"https:\/\/andreasimonetti.com.br\/blog\/nana\/","og_locale":"pt_BR","og_type":"article","og_title":"Abuse das saias longas neste inverno - Andrea Simonetti","og_description":"s saias longas continuam em alta neste inverno, elas inspiram feminilidade e valorizam o corpo feminino. Esse conjunto da cole\u00e7\u00e3o de inverno da Nanakokaev tem um caimento perfeito. A blusa transparente que tamb\u00e9m \u00e9 uma tendencia forte no inverno comp\u00f5e um conjunto lindo com a saia de cetim de seda.","og_url":"https:\/\/andreasimonetti.com.br\/blog\/nana\/","og_site_name":"Andrea Simonetti","article_publisher":"https:\/\/www.facebook.com\/blogdaandreasimonetti\/","article_author":"https:\/\/www.facebook.com\/blogdaandreasimonetti\/","article_published_time":"2018-05-23T21:17:08+00:00","article_modified_time":"2018-05-25T11:30:19+00:00","og_image":[{"width":720,"height":960,"url":"https:\/\/andreasimonetti.com.br\/blog\/wp-content\/uploads\/2018\/05\/33236771_1699105916840718_1802062719990366208_n.jpg","type":"image\/jpeg"}],"author":"Andrea Simonetti","twitter_card":"summary_large_image","twitter_creator":"@https:\/\/twitter.com\/Andrea_Simoneti","twitter_site":"@Andrea_Simoneti","twitter_misc":{"Escrito por":"Andrea Simonetti","Est. tempo de leitura":"1 minuto"},"schema":{"@context":"https:\/\/schema.org","@graph":[{"@type":"WebPage","@id":"https:\/\/andreasimonetti.com.br\/blog\/nana\/","url":"https:\/\/andreasimonetti.com.br\/blog\/nana\/","name":"Abuse das saias longas neste inverno - Andrea Simonetti","isPartOf":{"@id":"https:\/\/andreasimonetti.com.br\/blog\/#website"},"primaryImageOfPage":{"@id":"https:\/\/andreasimonetti.com.br\/blog\/nana\/#primaryimage"},"image":{"@id":"https:\/\/andreasimonetti.com.br\/blog\/nana\/#primaryimage"},"thumbnailUrl":"https:\/\/andreasimonetti.com.br\/blog\/wp-content\/uploads\/2018\/05\/33236771_1699105916840718_1802062719990366208_n.jpg","datePublished":"2018-05-23T21:17:08+00:00","dateModified":"2018-05-25T11:30:19+00:00","author":{"@id":"https:\/\/andreasimonetti.com.br\/blog\/#\/schema\/person\/254f763c24ac288e27ea738a7366ad2a"},"description":"s saias longas continuam em alta neste inverno, elas inspiram feminilidade e valorizam o corpo feminino. Esse conjunto da cole\u00e7\u00e3o de inverno da Nanakokaev tem um caimento perfeito. A blusa transparente que tamb\u00e9m \u00e9 uma tendencia forte no inverno comp\u00f5e um conjunto lindo com a saia de cetim de seda.","breadcrumb":{"@id":"https:\/\/andreasimonetti.com.br\/blog\/nana\/#breadcrumb"},"inLanguage":"pt-BR","potentialAction":[{"@type":"ReadAction","target":["https:\/\/andreasimonetti.com.br\/blog\/nana\/"]}]},{"@type":"ImageObject","inLanguage":"pt-BR","@id":"https:\/\/andreasimonetti.com.br\/blog\/nana\/#primaryimage","url":"https:\/\/andreasimonetti.com.br\/blog\/wp-content\/uploads\/2018\/05\/33236771_1699105916840718_1802062719990366208_n.jpg","contentUrl":"https:\/\/andreasimonetti.com.br\/blog\/wp-content\/uploads\/2018\/05\/33236771_1699105916840718_1802062719990366208_n.jpg","width":720,"height":960},{"@type":"BreadcrumbList","@id":"https:\/\/andreasimonetti.com.br\/blog\/nana\/#breadcrumb","itemListElement":[{"@type":"ListItem","position":1,"name":"In\u00edcio","item":"https:\/\/andreasimonetti.com.br\/blog\/"},{"@type":"ListItem","position":2,"name":"Abuse das saias longas neste inverno"}]},{"@type":"WebSite","@id":"https:\/\/andreasimonetti.com.br\/blog\/#website","url":"https:\/\/andreasimonetti.com.br\/blog\/","name":"Andrea Simonetti","description":"","potentialAction":[{"@type":"SearchAction","target":{"@type":"EntryPoint","urlTemplate":"https:\/\/andreasimonetti.com.br\/blog\/?s={search_term_string}"},"query-input":{"@type":"PropertyValueSpecification","valueRequired":true,"valueName":"search_term_string"}}],"inLanguage":"pt-BR"},{"@type":"Person","@id":"https:\/\/andreasimonetti.com.br\/blog\/#\/schema\/person\/254f763c24ac288e27ea738a7366ad2a","name":"Andrea Simonetti","image":{"@type":"ImageObject","inLanguage":"pt-BR","@id":"https:\/\/andreasimonetti.com.br\/blog\/#\/schema\/person\/image\/","url":"https:\/\/andreasimonetti.com.br\/blog\/wp-content\/uploads\/2018\/04\/andrea-simonetti-96x96.png","contentUrl":"https:\/\/andreasimonetti.com.br\/blog\/wp-content\/uploads\/2018\/04\/andrea-simonetti-96x96.png","caption":"Andrea Simonetti"},"description":"Sou formada em Administra\u00e7\u00e3o de Empresas, Produ\u00e7\u00e3o de Moda pelo SENAC e Consultoria de Estilo. Sou fascinada por moda desde sempre, adoro ver as pessoas produzidas e de bem com a vida. Moda \u00e9 o meu assunto preferido. Comecei meu blog em 2011, ele cresceu e hoje \u00e9 um site bem mais abrangente, onde eu falo sobre moda e meu trabalho de consultora de estilo. E falo tamb\u00e9m sobre a minha experi\u00eancia de vida. Mas antes de tudo, acredito num Deus Soberano que nos guia e aben\u00e7oa, o tempo todo!","sameAs":["https:\/\/www.andreasimonetti.com.br\/","https:\/\/www.facebook.com\/blogdaandreasimonetti\/","https:\/\/www.instagram.com\/andrea_simonetti\/","https:\/\/br.pinterest.com\/BlogAndrea\/","https:\/\/x.com\/https:\/\/twitter.com\/Andrea_Simoneti"],"url":"https:\/\/andreasimonetti.com.br\/blog\/author\/andrea\/"}]}},"_links":{"self":[{"href":"https:\/\/andreasimonetti.com.br\/blog\/wp-json\/wp\/v2\/posts\/19204","targetHints":{"allow":["GET"]}}],"collection":[{"href":"https:\/\/andreasimonetti.com.br\/blog\/wp-json\/wp\/v2\/posts"}],"about":[{"href":"https:\/\/andreasimonetti.com.br\/blog\/wp-json\/wp\/v2\/types\/post"}],"author":[{"embeddable":true,"href":"https:\/\/andreasimonetti.com.br\/blog\/wp-json\/wp\/v2\/users\/7"}],"replies":[{"embeddable":true,"href":"https:\/\/andreasimonetti.com.br\/blog\/wp-json\/wp\/v2\/comments?post=19204"}],"version-history":[{"count":0,"href":"https:\/\/andreasimonetti.com.br\/blog\/wp-json\/wp\/v2\/posts\/19204\/revisions"}],"wp:featuredmedia":[{"embeddable":true,"href":"https:\/\/andreasimonetti.com.br\/blog\/wp-json\/wp\/v2\/media\/19206"}],"wp:attachment":[{"href":"https:\/\/andreasimonetti.com.br\/blog\/wp-json\/wp\/v2\/media?parent=19204"}],"wp:term":[{"taxonomy":"category","embeddable":true,"href":"https:\/\/andreasimonetti.com.br\/blog\/wp-json\/wp\/v2\/categories?post=19204"},{"taxonomy":"post_tag","embeddable":true,"href":"https:\/\/andreasimonetti.com.br\/blog\/wp-json\/wp\/v2\/tags?post=19204"}],"curies":[{"name":"wp","href":"https:\/\/api.w.org\/{rel}","templated":true}]}}