{"id":19139,"date":"2018-05-15T18:23:57","date_gmt":"2018-05-15T21:23:57","guid":{"rendered":"https:\/\/www.andreasimonetti.com.br\/?p=19139"},"modified":"2018-07-18T14:12:22","modified_gmt":"2018-07-18T17:12:22","slug":"meu-look-blusa-trico-de-lurex","status":"publish","type":"post","link":"https:\/\/andreasimonetti.com.br\/blog\/meu-look-blusa-trico-de-lurex\/","title":{"rendered":"Meu look : Blusa tric\u00f4 de lurex"},"content":{"rendered":"<p>Para a reinaugura\u00e7\u00e3o da loja Provence no Bauru Shopping usei\u00a0blusa tric\u00f4 de lurex com recorte nos ombros, da cole\u00e7\u00e3o de inverno da <a href=\"https:\/\/www.facebook.com\/tvzbauruoficial\/\">TVZ Bauru Shopping\u00a0<\/a>. A blusa\u00a0 tem toque macio e se ajusta perfeitamente\u00a0 ao\u00a0 corpo. Looks com\u00a0 ombros \u00e0 amostra s\u00e3o despretensiosos\u00a0 e cheios de feminilidade. Combinei com cal\u00e7a preta da mesma marca. A op\u00e7\u00e3o do cabelo preso foi para valorizar a blusa e como ela j\u00e1 tem brilho optei por acess\u00f3rios delicados como um brinco de argola e an\u00e9is da Pandora do Bauru Shopping.<\/p>\n<p>Dica da consultora de estilo :<\/p>\n<ul>\n<li>O decote gola alta \u00e9 perfeito para mulheres com seis pequenos, pois cria volume no colo e d\u00e1 efeito de um busto maior.<\/li>\n<li>Para quem tem seis grandes como eu o ideal \u00e9 usar cores escuras para disfar\u00e7ar o tamanho.<\/li>\n<li>Mulheres de pesco\u00e7o longo ficam muito bem com decote de gola alta.<\/li>\n<\/ul>\n<div id=\"attachment_19140\" style=\"width: 710px\" class=\"wp-caption alignnone\"><img loading=\"lazy\" decoding=\"async\" aria-describedby=\"caption-attachment-19140\" class=\"wp-image-19140\" src=\"https:\/\/www.andreasimonetti.com.br\/wp-content\/uploads\/2018\/05\/30742405_1781461765251085_4150136721802571504_n.jpg\" alt=\"\" width=\"700\" height=\"1050\" srcset=\"https:\/\/andreasimonetti.com.br\/blog\/wp-content\/uploads\/2018\/05\/30742405_1781461765251085_4150136721802571504_n.jpg 640w, https:\/\/andreasimonetti.com.br\/blog\/wp-content\/uploads\/2018\/05\/30742405_1781461765251085_4150136721802571504_n-200x300.jpg 200w, https:\/\/andreasimonetti.com.br\/blog\/wp-content\/uploads\/2018\/05\/30742405_1781461765251085_4150136721802571504_n-585x878.jpg 585w\" sizes=\"auto, (max-width: 700px) 100vw, 700px\" \/><p id=\"caption-attachment-19140\" class=\"wp-caption-text\">Meu look: Cal\u00e7a e blusa da TVZ<\/p><\/div>\n<div id=\"attachment_19153\" style=\"width: 710px\" class=\"wp-caption alignnone\"><img loading=\"lazy\" decoding=\"async\" aria-describedby=\"caption-attachment-19153\" class=\"wp-image-19153\" src=\"https:\/\/www.andreasimonetti.com.br\/wp-content\/uploads\/2018\/05\/30740215_1781461851917743_3856780187860646345_n.jpg\" alt=\"\" width=\"700\" height=\"1050\" srcset=\"https:\/\/andreasimonetti.com.br\/blog\/wp-content\/uploads\/2018\/05\/30740215_1781461851917743_3856780187860646345_n.jpg 640w, https:\/\/andreasimonetti.com.br\/blog\/wp-content\/uploads\/2018\/05\/30740215_1781461851917743_3856780187860646345_n-200x300.jpg 200w, https:\/\/andreasimonetti.com.br\/blog\/wp-content\/uploads\/2018\/05\/30740215_1781461851917743_3856780187860646345_n-585x878.jpg 585w\" sizes=\"auto, (max-width: 700px) 100vw, 700px\" \/><p id=\"caption-attachment-19153\" class=\"wp-caption-text\">Marinez Manflin propriet\u00e1ria da Provence<\/p><\/div>\n<div id=\"attachment_19141\" style=\"width: 710px\" class=\"wp-caption alignnone\"><img loading=\"lazy\" decoding=\"async\" aria-describedby=\"caption-attachment-19141\" class=\"wp-image-19141\" src=\"https:\/\/www.andreasimonetti.com.br\/wp-content\/uploads\/2018\/05\/32536883_1692613254156651_1784861410329624576_n.jpg\" alt=\"\" width=\"700\" height=\"933\" srcset=\"https:\/\/andreasimonetti.com.br\/blog\/wp-content\/uploads\/2018\/05\/32536883_1692613254156651_1784861410329624576_n.jpg 720w, https:\/\/andreasimonetti.com.br\/blog\/wp-content\/uploads\/2018\/05\/32536883_1692613254156651_1784861410329624576_n-225x300.jpg 225w, https:\/\/andreasimonetti.com.br\/blog\/wp-content\/uploads\/2018\/05\/32536883_1692613254156651_1784861410329624576_n-585x780.jpg 585w\" sizes=\"auto, (max-width: 700px) 100vw, 700px\" \/><p id=\"caption-attachment-19141\" class=\"wp-caption-text\">Acess\u00f3rios Pandora Bauru Shopping<\/p><\/div>\n<div id=\"attachment_19142\" style=\"width: 710px\" class=\"wp-caption alignnone\"><img loading=\"lazy\" decoding=\"async\" aria-describedby=\"caption-attachment-19142\" class=\"wp-image-19142\" src=\"https:\/\/www.andreasimonetti.com.br\/wp-content\/uploads\/2018\/05\/32506895_1692613170823326_6937239220972945408_n.jpg\" alt=\"\" width=\"700\" height=\"1050\" srcset=\"https:\/\/andreasimonetti.com.br\/blog\/wp-content\/uploads\/2018\/05\/32506895_1692613170823326_6937239220972945408_n.jpg 640w, https:\/\/andreasimonetti.com.br\/blog\/wp-content\/uploads\/2018\/05\/32506895_1692613170823326_6937239220972945408_n-200x300.jpg 200w, https:\/\/andreasimonetti.com.br\/blog\/wp-content\/uploads\/2018\/05\/32506895_1692613170823326_6937239220972945408_n-585x878.jpg 585w\" sizes=\"auto, (max-width: 700px) 100vw, 700px\" \/><p id=\"caption-attachment-19142\" class=\"wp-caption-text\">Make e hair Dinard\u00b4s Hair Fashion<\/p><\/div>\n<div id=\"attachment_19157\" style=\"width: 710px\" class=\"wp-caption alignnone\"><img loading=\"lazy\" decoding=\"async\" aria-describedby=\"caption-attachment-19157\" class=\"wp-image-19157\" src=\"https:\/\/www.andreasimonetti.com.br\/wp-content\/uploads\/2018\/05\/30592524_166950930795118_6997795721520873472_n1.jpg\" alt=\"\" width=\"700\" height=\"466\" srcset=\"https:\/\/andreasimonetti.com.br\/blog\/wp-content\/uploads\/2018\/05\/30592524_166950930795118_6997795721520873472_n1.jpg 1080w, https:\/\/andreasimonetti.com.br\/blog\/wp-content\/uploads\/2018\/05\/30592524_166950930795118_6997795721520873472_n1-300x200.jpg 300w, https:\/\/andreasimonetti.com.br\/blog\/wp-content\/uploads\/2018\/05\/30592524_166950930795118_6997795721520873472_n1-768x511.jpg 768w, https:\/\/andreasimonetti.com.br\/blog\/wp-content\/uploads\/2018\/05\/30592524_166950930795118_6997795721520873472_n1-1024x682.jpg 1024w, https:\/\/andreasimonetti.com.br\/blog\/wp-content\/uploads\/2018\/05\/30592524_166950930795118_6997795721520873472_n1-585x389.jpg 585w, https:\/\/andreasimonetti.com.br\/blog\/wp-content\/uploads\/2018\/05\/30592524_166950930795118_6997795721520873472_n1-263x175.jpg 263w\" sizes=\"auto, (max-width: 700px) 100vw, 700px\" \/><p id=\"caption-attachment-19157\" class=\"wp-caption-text\">Acess\u00f3rios Pandora do Bauru Shopping<\/p><\/div>\n<p>Cr\u00e9ditos:<br \/>\nBlusa e cal\u00e7a &#8211; <a href=\"https:\/\/www.facebook.com\/tvzbauruoficial\/\">TVZ Bauru Shopping<\/a>.<br \/>\nClutch &#8211; <a href=\"https:\/\/www.facebook.com\/santalollabauru\/\">Santa Lolla Bauru Shopping<\/a>.<br \/>\nAcess\u00f3rios- Pandora Bauru Shopping.<br \/>\nMake e Hair &#8211; <a href=\"https:\/\/www.facebook.com\/DinardsHairFashion\/\">Dinard\u00b4s Hair Fashion <\/a><br \/>\nFotos &#8211; Social Bauru<\/p>\n","protected":false},"excerpt":{"rendered":"<p>Para a reinaugura\u00e7\u00e3o da loja Provence no Bauru Shopping usei\u00a0blusa tric\u00f4 de lurex com recorte nos ombros, da cole\u00e7\u00e3o de inverno da TVZ Bauru Shopping\u00a0. A blusa\u00a0 tem toque macio&hellip;<\/p>\n","protected":false},"author":7,"featured_media":19149,"comment_status":"closed","ping_status":"closed","sticky":false,"template":"","format":"standard","meta":{"_monsterinsights_skip_tracking":false,"_monsterinsights_sitenote_active":false,"_monsterinsights_sitenote_note":"","_monsterinsights_sitenote_category":0,"footnotes":""},"categories":[2675,3],"tags":[2658,2659,116,2628],"class_list":["post-19139","post","type-post","status-publish","format-standard","has-post-thumbnail","hentry","category-meu-look","category-moda","tag-blusa-de-trico-de-lurex","tag-dica-de-como-usar-blusa-decote-alto","tag-meu-look-2","tag-tvz"],"yoast_head":"<!-- This site is optimized with the Yoast SEO plugin v26.3 - https:\/\/yoast.com\/wordpress\/plugins\/seo\/ -->\n<title>Meu look : Blusa tric\u00f4 de lurex - Andrea Simonetti<\/title>\n<meta name=\"description\" content=\"ara a reinaugura\u00e7\u00e3o da loja Provence no Bauru Shopping usei blusa tric\u00f4 de lurex com recorte nos ombros, da cole\u00e7\u00e3o de inverno da TVZ Bauru Shopping\" \/>\n<meta name=\"robots\" content=\"index, follow, max-snippet:-1, max-image-preview:large, max-video-preview:-1\" \/>\n<link rel=\"canonical\" href=\"https:\/\/andreasimonetti.com.br\/blog\/meu-look-blusa-trico-de-lurex\/\" \/>\n<meta property=\"og:locale\" content=\"pt_BR\" \/>\n<meta property=\"og:type\" content=\"article\" \/>\n<meta property=\"og:title\" content=\"Meu look : Blusa tric\u00f4 de lurex - Andrea Simonetti\" \/>\n<meta property=\"og:description\" content=\"ara a reinaugura\u00e7\u00e3o da loja Provence no Bauru Shopping usei blusa tric\u00f4 de lurex com recorte nos ombros, da cole\u00e7\u00e3o de inverno da TVZ Bauru Shopping\" \/>\n<meta property=\"og:url\" content=\"https:\/\/andreasimonetti.com.br\/blog\/meu-look-blusa-trico-de-lurex\/\" \/>\n<meta property=\"og:site_name\" content=\"Andrea Simonetti\" \/>\n<meta property=\"article:publisher\" content=\"https:\/\/www.facebook.com\/blogdaandreasimonetti\/\" \/>\n<meta property=\"article:author\" content=\"https:\/\/www.facebook.com\/blogdaandreasimonetti\/\" \/>\n<meta property=\"article:published_time\" content=\"2018-05-15T21:23:57+00:00\" \/>\n<meta property=\"article:modified_time\" content=\"2018-07-18T17:12:22+00:00\" \/>\n<meta property=\"og:image\" content=\"https:\/\/andreasimonetti.com.br\/blog\/wp-content\/uploads\/2018\/05\/32506895_1692613170823326_6937239220972945408_n-1.jpg\" \/>\n\t<meta property=\"og:image:width\" content=\"640\" \/>\n\t<meta property=\"og:image:height\" content=\"960\" \/>\n\t<meta property=\"og:image:type\" content=\"image\/jpeg\" \/>\n<meta name=\"author\" content=\"Andrea Simonetti\" \/>\n<meta name=\"twitter:card\" content=\"summary_large_image\" \/>\n<meta name=\"twitter:creator\" content=\"@https:\/\/twitter.com\/Andrea_Simoneti\" \/>\n<meta name=\"twitter:site\" content=\"@Andrea_Simoneti\" \/>\n<meta name=\"twitter:label1\" content=\"Escrito por\" \/>\n\t<meta name=\"twitter:data1\" content=\"Andrea Simonetti\" \/>\n\t<meta name=\"twitter:label2\" content=\"Est. tempo de leitura\" \/>\n\t<meta name=\"twitter:data2\" content=\"1 minuto\" \/>\n<!-- \/ Yoast SEO plugin. -->","yoast_head_json":{"title":"Meu look : Blusa tric\u00f4 de lurex - Andrea Simonetti","description":"ara a reinaugura\u00e7\u00e3o da loja Provence no Bauru Shopping usei blusa tric\u00f4 de lurex com recorte nos ombros, da cole\u00e7\u00e3o de inverno da TVZ Bauru Shopping","robots":{"index":"index","follow":"follow","max-snippet":"max-snippet:-1","max-image-preview":"max-image-preview:large","max-video-preview":"max-video-preview:-1"},"canonical":"https:\/\/andreasimonetti.com.br\/blog\/meu-look-blusa-trico-de-lurex\/","og_locale":"pt_BR","og_type":"article","og_title":"Meu look : Blusa tric\u00f4 de lurex - Andrea Simonetti","og_description":"ara a reinaugura\u00e7\u00e3o da loja Provence no Bauru Shopping usei blusa tric\u00f4 de lurex com recorte nos ombros, da cole\u00e7\u00e3o de inverno da TVZ Bauru Shopping","og_url":"https:\/\/andreasimonetti.com.br\/blog\/meu-look-blusa-trico-de-lurex\/","og_site_name":"Andrea Simonetti","article_publisher":"https:\/\/www.facebook.com\/blogdaandreasimonetti\/","article_author":"https:\/\/www.facebook.com\/blogdaandreasimonetti\/","article_published_time":"2018-05-15T21:23:57+00:00","article_modified_time":"2018-07-18T17:12:22+00:00","og_image":[{"width":640,"height":960,"url":"https:\/\/andreasimonetti.com.br\/blog\/wp-content\/uploads\/2018\/05\/32506895_1692613170823326_6937239220972945408_n-1.jpg","type":"image\/jpeg"}],"author":"Andrea Simonetti","twitter_card":"summary_large_image","twitter_creator":"@https:\/\/twitter.com\/Andrea_Simoneti","twitter_site":"@Andrea_Simoneti","twitter_misc":{"Escrito por":"Andrea Simonetti","Est. tempo de leitura":"1 minuto"},"schema":{"@context":"https:\/\/schema.org","@graph":[{"@type":"WebPage","@id":"https:\/\/andreasimonetti.com.br\/blog\/meu-look-blusa-trico-de-lurex\/","url":"https:\/\/andreasimonetti.com.br\/blog\/meu-look-blusa-trico-de-lurex\/","name":"Meu look : Blusa tric\u00f4 de lurex - Andrea Simonetti","isPartOf":{"@id":"https:\/\/andreasimonetti.com.br\/blog\/#website"},"primaryImageOfPage":{"@id":"https:\/\/andreasimonetti.com.br\/blog\/meu-look-blusa-trico-de-lurex\/#primaryimage"},"image":{"@id":"https:\/\/andreasimonetti.com.br\/blog\/meu-look-blusa-trico-de-lurex\/#primaryimage"},"thumbnailUrl":"https:\/\/andreasimonetti.com.br\/blog\/wp-content\/uploads\/2018\/05\/32506895_1692613170823326_6937239220972945408_n-1.jpg","datePublished":"2018-05-15T21:23:57+00:00","dateModified":"2018-07-18T17:12:22+00:00","author":{"@id":"https:\/\/andreasimonetti.com.br\/blog\/#\/schema\/person\/254f763c24ac288e27ea738a7366ad2a"},"description":"ara a reinaugura\u00e7\u00e3o da loja Provence no Bauru Shopping usei blusa tric\u00f4 de lurex com recorte nos ombros, da cole\u00e7\u00e3o de inverno da TVZ Bauru Shopping","breadcrumb":{"@id":"https:\/\/andreasimonetti.com.br\/blog\/meu-look-blusa-trico-de-lurex\/#breadcrumb"},"inLanguage":"pt-BR","potentialAction":[{"@type":"ReadAction","target":["https:\/\/andreasimonetti.com.br\/blog\/meu-look-blusa-trico-de-lurex\/"]}]},{"@type":"ImageObject","inLanguage":"pt-BR","@id":"https:\/\/andreasimonetti.com.br\/blog\/meu-look-blusa-trico-de-lurex\/#primaryimage","url":"https:\/\/andreasimonetti.com.br\/blog\/wp-content\/uploads\/2018\/05\/32506895_1692613170823326_6937239220972945408_n-1.jpg","contentUrl":"https:\/\/andreasimonetti.com.br\/blog\/wp-content\/uploads\/2018\/05\/32506895_1692613170823326_6937239220972945408_n-1.jpg","width":640,"height":960},{"@type":"BreadcrumbList","@id":"https:\/\/andreasimonetti.com.br\/blog\/meu-look-blusa-trico-de-lurex\/#breadcrumb","itemListElement":[{"@type":"ListItem","position":1,"name":"In\u00edcio","item":"https:\/\/andreasimonetti.com.br\/blog\/"},{"@type":"ListItem","position":2,"name":"Meu look : Blusa tric\u00f4 de lurex"}]},{"@type":"WebSite","@id":"https:\/\/andreasimonetti.com.br\/blog\/#website","url":"https:\/\/andreasimonetti.com.br\/blog\/","name":"Andrea Simonetti","description":"","potentialAction":[{"@type":"SearchAction","target":{"@type":"EntryPoint","urlTemplate":"https:\/\/andreasimonetti.com.br\/blog\/?s={search_term_string}"},"query-input":{"@type":"PropertyValueSpecification","valueRequired":true,"valueName":"search_term_string"}}],"inLanguage":"pt-BR"},{"@type":"Person","@id":"https:\/\/andreasimonetti.com.br\/blog\/#\/schema\/person\/254f763c24ac288e27ea738a7366ad2a","name":"Andrea Simonetti","image":{"@type":"ImageObject","inLanguage":"pt-BR","@id":"https:\/\/andreasimonetti.com.br\/blog\/#\/schema\/person\/image\/","url":"https:\/\/andreasimonetti.com.br\/blog\/wp-content\/uploads\/2018\/04\/andrea-simonetti-96x96.png","contentUrl":"https:\/\/andreasimonetti.com.br\/blog\/wp-content\/uploads\/2018\/04\/andrea-simonetti-96x96.png","caption":"Andrea Simonetti"},"description":"Sou formada em Administra\u00e7\u00e3o de Empresas, Produ\u00e7\u00e3o de Moda pelo SENAC e Consultoria de Estilo. Sou fascinada por moda desde sempre, adoro ver as pessoas produzidas e de bem com a vida. Moda \u00e9 o meu assunto preferido. Comecei meu blog em 2011, ele cresceu e hoje \u00e9 um site bem mais abrangente, onde eu falo sobre moda e meu trabalho de consultora de estilo. E falo tamb\u00e9m sobre a minha experi\u00eancia de vida. Mas antes de tudo, acredito num Deus Soberano que nos guia e aben\u00e7oa, o tempo todo!","sameAs":["https:\/\/www.andreasimonetti.com.br\/","https:\/\/www.facebook.com\/blogdaandreasimonetti\/","https:\/\/www.instagram.com\/andrea_simonetti\/","https:\/\/br.pinterest.com\/BlogAndrea\/","https:\/\/x.com\/https:\/\/twitter.com\/Andrea_Simoneti"],"url":"https:\/\/andreasimonetti.com.br\/blog\/author\/andrea\/"}]}},"_links":{"self":[{"href":"https:\/\/andreasimonetti.com.br\/blog\/wp-json\/wp\/v2\/posts\/19139","targetHints":{"allow":["GET"]}}],"collection":[{"href":"https:\/\/andreasimonetti.com.br\/blog\/wp-json\/wp\/v2\/posts"}],"about":[{"href":"https:\/\/andreasimonetti.com.br\/blog\/wp-json\/wp\/v2\/types\/post"}],"author":[{"embeddable":true,"href":"https:\/\/andreasimonetti.com.br\/blog\/wp-json\/wp\/v2\/users\/7"}],"replies":[{"embeddable":true,"href":"https:\/\/andreasimonetti.com.br\/blog\/wp-json\/wp\/v2\/comments?post=19139"}],"version-history":[{"count":0,"href":"https:\/\/andreasimonetti.com.br\/blog\/wp-json\/wp\/v2\/posts\/19139\/revisions"}],"wp:featuredmedia":[{"embeddable":true,"href":"https:\/\/andreasimonetti.com.br\/blog\/wp-json\/wp\/v2\/media\/19149"}],"wp:attachment":[{"href":"https:\/\/andreasimonetti.com.br\/blog\/wp-json\/wp\/v2\/media?parent=19139"}],"wp:term":[{"taxonomy":"category","embeddable":true,"href":"https:\/\/andreasimonetti.com.br\/blog\/wp-json\/wp\/v2\/categories?post=19139"},{"taxonomy":"post_tag","embeddable":true,"href":"https:\/\/andreasimonetti.com.br\/blog\/wp-json\/wp\/v2\/tags?post=19139"}],"curies":[{"name":"wp","href":"https:\/\/api.w.org\/{rel}","templated":true}]}}