{"id":19097,"date":"2018-05-10T20:03:54","date_gmt":"2018-05-10T23:03:54","guid":{"rendered":"https:\/\/www.andreasimonetti.com.br\/?p=19097"},"modified":"2018-07-18T14:20:08","modified_gmt":"2018-07-18T17:20:08","slug":"meu-look-mix-de-estampas-2","status":"publish","type":"post","link":"https:\/\/andreasimonetti.com.br\/blog\/meu-look-mix-de-estampas-2\/","title":{"rendered":"Meu look : Mix de Estampas"},"content":{"rendered":"<p>Voc\u00ea sabia que\u00a0 o <strong>mix de estampas<\/strong> fica perfeito quando mistura a mesma cartela de cores ?<br \/>\nLooks vers\u00e1teis s\u00e3o aqueles que te acompanham em diferentes momentos do seu dia, desde um compromisso de manh\u00e3 ou a tarde at\u00e9 um encontro mais tranquilo a noite.<br \/>\nO estilo contempor\u00e2neo permite essa transi\u00e7\u00e3o por ser ao mesmo tempo refinado e atualizado, sofisticado e conectado &#8211; mesmo que apenas nos detalhes &#8211; com as tend\u00eancias.<br \/>\nPor exemplo : misturar estampas e cores \u00e9 a arte do bom gosto e da propor\u00e7\u00e3o na hora de se vestir.<br \/>\nO mix estampa versus estampa cria looks personal\u00edssimos.<br \/>\n<strong>Dicas de como combinar cores:<\/strong><\/p>\n<ul>\n<li>O po\u00e1\u00a0 com listras ou o floral com listras<\/li>\n<li>Floral com listras<\/li>\n<li>Listras\u00a0 com a on\u00e7a<\/li>\n<li>Po\u00e1 com a on\u00e7a<\/li>\n<li>Floral com o po\u00e1<\/li>\n<li>Mesmas estampas em cores ou tamanhos diferentes s\u00e3o \u00f3timas apostas<\/li>\n<\/ul>\n<p>O segredo est\u00e1 na compatibilidade das cores, com tons que criem um efeito de harmonia e modernidade.<br \/>\nLooks contempor\u00e2neos ganham um toque de ousadia com prints misturados e que se equilibram com acess\u00f3rios discretos, al\u00e9m de sapato e bolsa em tons neutros ou suaves.<br \/>\nPara a noite o blazer transforma o look e comprova a for\u00e7a de uma terceira pe\u00e7a.<br \/>\nSe o seu estilo \u00e9 contempor\u00e2neo, op\u00e7\u00f5es n\u00e3o faltam !<\/p>\n<div id=\"attachment_19098\" style=\"width: 710px\" class=\"wp-caption alignnone\"><img loading=\"lazy\" decoding=\"async\" aria-describedby=\"caption-attachment-19098\" class=\"wp-image-19098\" src=\"https:\/\/www.andreasimonetti.com.br\/wp-content\/uploads\/2018\/05\/ECM_1103-2.jpg\" alt=\"\" width=\"700\" height=\"1049\" srcset=\"https:\/\/andreasimonetti.com.br\/blog\/wp-content\/uploads\/2018\/05\/ECM_1103-2.jpg 3337w, https:\/\/andreasimonetti.com.br\/blog\/wp-content\/uploads\/2018\/05\/ECM_1103-2-200x300.jpg 200w, https:\/\/andreasimonetti.com.br\/blog\/wp-content\/uploads\/2018\/05\/ECM_1103-2-768x1151.jpg 768w, https:\/\/andreasimonetti.com.br\/blog\/wp-content\/uploads\/2018\/05\/ECM_1103-2-683x1024.jpg 683w, https:\/\/andreasimonetti.com.br\/blog\/wp-content\/uploads\/2018\/05\/ECM_1103-2-1170x1753.jpg 1170w, https:\/\/andreasimonetti.com.br\/blog\/wp-content\/uploads\/2018\/05\/ECM_1103-2-585x877.jpg 585w\" sizes=\"auto, (max-width: 700px) 100vw, 700px\" \/><p id=\"caption-attachment-19098\" class=\"wp-caption-text\">Meu look Mix de estampas<\/p><\/div>\n<div id=\"attachment_19099\" style=\"width: 710px\" class=\"wp-caption alignnone\"><img loading=\"lazy\" decoding=\"async\" aria-describedby=\"caption-attachment-19099\" class=\"wp-image-19099\" src=\"https:\/\/www.andreasimonetti.com.br\/wp-content\/uploads\/2018\/05\/ECM_1109-5.jpg\" alt=\"\" width=\"700\" height=\"1049\" srcset=\"https:\/\/andreasimonetti.com.br\/blog\/wp-content\/uploads\/2018\/05\/ECM_1109-5.jpg 3337w, https:\/\/andreasimonetti.com.br\/blog\/wp-content\/uploads\/2018\/05\/ECM_1109-5-200x300.jpg 200w, https:\/\/andreasimonetti.com.br\/blog\/wp-content\/uploads\/2018\/05\/ECM_1109-5-768x1151.jpg 768w, https:\/\/andreasimonetti.com.br\/blog\/wp-content\/uploads\/2018\/05\/ECM_1109-5-683x1024.jpg 683w, https:\/\/andreasimonetti.com.br\/blog\/wp-content\/uploads\/2018\/05\/ECM_1109-5-1170x1753.jpg 1170w, https:\/\/andreasimonetti.com.br\/blog\/wp-content\/uploads\/2018\/05\/ECM_1109-5-585x877.jpg 585w\" sizes=\"auto, (max-width: 700px) 100vw, 700px\" \/><p id=\"caption-attachment-19099\" class=\"wp-caption-text\">Look: Cal\u00e7a e blusa da I\u00f3dice<\/p><\/div>\n<div id=\"attachment_19100\" style=\"width: 710px\" class=\"wp-caption alignnone\"><img loading=\"lazy\" decoding=\"async\" aria-describedby=\"caption-attachment-19100\" class=\"wp-image-19100\" src=\"https:\/\/www.andreasimonetti.com.br\/wp-content\/uploads\/2018\/05\/ECM_1115-8.jpg\" alt=\"\" width=\"700\" height=\"1048\" srcset=\"https:\/\/andreasimonetti.com.br\/blog\/wp-content\/uploads\/2018\/05\/ECM_1115-8.jpg 3340w, https:\/\/andreasimonetti.com.br\/blog\/wp-content\/uploads\/2018\/05\/ECM_1115-8-200x300.jpg 200w, https:\/\/andreasimonetti.com.br\/blog\/wp-content\/uploads\/2018\/05\/ECM_1115-8-768x1150.jpg 768w, https:\/\/andreasimonetti.com.br\/blog\/wp-content\/uploads\/2018\/05\/ECM_1115-8-684x1024.jpg 684w, https:\/\/andreasimonetti.com.br\/blog\/wp-content\/uploads\/2018\/05\/ECM_1115-8-1170x1751.jpg 1170w, https:\/\/andreasimonetti.com.br\/blog\/wp-content\/uploads\/2018\/05\/ECM_1115-8-585x876.jpg 585w\" sizes=\"auto, (max-width: 700px) 100vw, 700px\" \/><p id=\"caption-attachment-19100\" class=\"wp-caption-text\">Mix de estampas<\/p><\/div>\n<div id=\"attachment_19101\" style=\"width: 710px\" class=\"wp-caption alignnone\"><img loading=\"lazy\" decoding=\"async\" aria-describedby=\"caption-attachment-19101\" class=\"wp-image-19101\" src=\"https:\/\/www.andreasimonetti.com.br\/wp-content\/uploads\/2018\/05\/ECM_1121-11.jpg\" alt=\"\" width=\"700\" height=\"1049\" srcset=\"https:\/\/andreasimonetti.com.br\/blog\/wp-content\/uploads\/2018\/05\/ECM_1121-11.jpg 3337w, https:\/\/andreasimonetti.com.br\/blog\/wp-content\/uploads\/2018\/05\/ECM_1121-11-200x300.jpg 200w, https:\/\/andreasimonetti.com.br\/blog\/wp-content\/uploads\/2018\/05\/ECM_1121-11-768x1151.jpg 768w, https:\/\/andreasimonetti.com.br\/blog\/wp-content\/uploads\/2018\/05\/ECM_1121-11-683x1024.jpg 683w, https:\/\/andreasimonetti.com.br\/blog\/wp-content\/uploads\/2018\/05\/ECM_1121-11-1170x1753.jpg 1170w, https:\/\/andreasimonetti.com.br\/blog\/wp-content\/uploads\/2018\/05\/ECM_1121-11-585x877.jpg 585w\" sizes=\"auto, (max-width: 700px) 100vw, 700px\" \/><p id=\"caption-attachment-19101\" class=\"wp-caption-text\">Com a op\u00e7\u00e3o da terceira pe\u00e7a &#8220;Blazer preto&#8221;<\/p><\/div>\n<div id=\"attachment_19102\" style=\"width: 710px\" class=\"wp-caption alignnone\"><img loading=\"lazy\" decoding=\"async\" aria-describedby=\"caption-attachment-19102\" class=\"wp-image-19102\" src=\"https:\/\/www.andreasimonetti.com.br\/wp-content\/uploads\/2018\/05\/ECM_1123-12.jpg\" alt=\"\" width=\"700\" height=\"1049\" srcset=\"https:\/\/andreasimonetti.com.br\/blog\/wp-content\/uploads\/2018\/05\/ECM_1123-12.jpg 3337w, https:\/\/andreasimonetti.com.br\/blog\/wp-content\/uploads\/2018\/05\/ECM_1123-12-200x300.jpg 200w, https:\/\/andreasimonetti.com.br\/blog\/wp-content\/uploads\/2018\/05\/ECM_1123-12-768x1151.jpg 768w, https:\/\/andreasimonetti.com.br\/blog\/wp-content\/uploads\/2018\/05\/ECM_1123-12-683x1024.jpg 683w, https:\/\/andreasimonetti.com.br\/blog\/wp-content\/uploads\/2018\/05\/ECM_1123-12-1170x1753.jpg 1170w, https:\/\/andreasimonetti.com.br\/blog\/wp-content\/uploads\/2018\/05\/ECM_1123-12-585x877.jpg 585w\" sizes=\"auto, (max-width: 700px) 100vw, 700px\" \/><p id=\"caption-attachment-19102\" class=\"wp-caption-text\">Bolsa desejo: voc\u00ea pode usa-la tanto de dia como a noite<\/p><\/div>\n<p>Cr\u00e9ditos:<br \/>\nBlusa e cal\u00e7a &#8211; I\u00f3dice (<a href=\"http:\/\/www.lojapedagio.com.br\/\">Loja Ped\u00e1gio)<\/a><br \/>\nBolsa &#8211; Bob Store (Loja Ped\u00e1gio)<br \/>\nFotos &#8211; Eber Moscheto <\/p>\n","protected":false},"excerpt":{"rendered":"<p>Voc\u00ea sabia que\u00a0 o mix de estampas fica perfeito quando mistura a mesma cartela de cores ? Looks vers\u00e1teis s\u00e3o aqueles que te acompanham em diferentes momentos do seu dia,&hellip;<\/p>\n","protected":false},"author":7,"featured_media":19098,"comment_status":"open","ping_status":"open","sticky":false,"template":"","format":"standard","meta":{"_monsterinsights_skip_tracking":false,"_monsterinsights_sitenote_active":false,"_monsterinsights_sitenote_note":"","_monsterinsights_sitenote_category":0,"footnotes":""},"categories":[2675,3],"tags":[1745,1320,116,2652],"class_list":["post-19097","post","type-post","status-publish","format-standard","has-post-thumbnail","hentry","category-meu-look","category-moda","tag-bob-store","tag-iodice","tag-meu-look-2","tag-mix-de-estampas"],"yoast_head":"<!-- This site is optimized with the Yoast SEO plugin v26.3 - https:\/\/yoast.com\/wordpress\/plugins\/seo\/ -->\n<title>Meu look : Mix de Estampas - Andrea Simonetti<\/title>\n<meta name=\"description\" content=\"O mix de estampas versus estampa cria looks personal\u00edssimos.O segredo est\u00e1 na compatibilidade das cores, com tons que criem um efeito de harmonia e modernidade.sturar estampas e cores \u00e9 a arte do bom gosto e da propor\u00e7\u00e3o na hora de se vestir.\" \/>\n<meta name=\"robots\" content=\"index, follow, max-snippet:-1, max-image-preview:large, max-video-preview:-1\" \/>\n<link rel=\"canonical\" href=\"https:\/\/andreasimonetti.com.br\/blog\/meu-look-mix-de-estampas-2\/\" \/>\n<meta property=\"og:locale\" content=\"pt_BR\" \/>\n<meta property=\"og:type\" content=\"article\" \/>\n<meta property=\"og:title\" content=\"Meu look : Mix de Estampas - Andrea Simonetti\" \/>\n<meta property=\"og:description\" content=\"O mix de estampas versus estampa cria looks personal\u00edssimos.O segredo est\u00e1 na compatibilidade das cores, com tons que criem um efeito de harmonia e modernidade.sturar estampas e cores \u00e9 a arte do bom gosto e da propor\u00e7\u00e3o na hora de se vestir.\" \/>\n<meta property=\"og:url\" content=\"https:\/\/andreasimonetti.com.br\/blog\/meu-look-mix-de-estampas-2\/\" \/>\n<meta property=\"og:site_name\" content=\"Andrea Simonetti\" \/>\n<meta property=\"article:publisher\" content=\"https:\/\/www.facebook.com\/blogdaandreasimonetti\/\" \/>\n<meta property=\"article:author\" content=\"https:\/\/www.facebook.com\/blogdaandreasimonetti\/\" \/>\n<meta property=\"article:published_time\" content=\"2018-05-10T23:03:54+00:00\" \/>\n<meta property=\"article:modified_time\" content=\"2018-07-18T17:20:08+00:00\" \/>\n<meta property=\"og:image\" content=\"https:\/\/andreasimonetti.com.br\/blog\/wp-content\/uploads\/2018\/05\/ECM_1103-2-683x1024.jpg\" \/>\n\t<meta property=\"og:image:width\" content=\"683\" \/>\n\t<meta property=\"og:image:height\" content=\"1024\" \/>\n\t<meta property=\"og:image:type\" content=\"image\/jpeg\" \/>\n<meta name=\"author\" content=\"Andrea Simonetti\" \/>\n<meta name=\"twitter:card\" content=\"summary_large_image\" \/>\n<meta name=\"twitter:creator\" content=\"@https:\/\/twitter.com\/Andrea_Simoneti\" \/>\n<meta name=\"twitter:site\" content=\"@Andrea_Simoneti\" \/>\n<meta name=\"twitter:label1\" content=\"Escrito por\" \/>\n\t<meta name=\"twitter:data1\" content=\"Andrea Simonetti\" \/>\n\t<meta name=\"twitter:label2\" content=\"Est. tempo de leitura\" \/>\n\t<meta name=\"twitter:data2\" content=\"2 minutos\" \/>\n<!-- \/ Yoast SEO plugin. -->","yoast_head_json":{"title":"Meu look : Mix de Estampas - Andrea Simonetti","description":"O mix de estampas versus estampa cria looks personal\u00edssimos.O segredo est\u00e1 na compatibilidade das cores, com tons que criem um efeito de harmonia e modernidade.sturar estampas e cores \u00e9 a arte do bom gosto e da propor\u00e7\u00e3o na hora de se vestir.","robots":{"index":"index","follow":"follow","max-snippet":"max-snippet:-1","max-image-preview":"max-image-preview:large","max-video-preview":"max-video-preview:-1"},"canonical":"https:\/\/andreasimonetti.com.br\/blog\/meu-look-mix-de-estampas-2\/","og_locale":"pt_BR","og_type":"article","og_title":"Meu look : Mix de Estampas - Andrea Simonetti","og_description":"O mix de estampas versus estampa cria looks personal\u00edssimos.O segredo est\u00e1 na compatibilidade das cores, com tons que criem um efeito de harmonia e modernidade.sturar estampas e cores \u00e9 a arte do bom gosto e da propor\u00e7\u00e3o na hora de se vestir.","og_url":"https:\/\/andreasimonetti.com.br\/blog\/meu-look-mix-de-estampas-2\/","og_site_name":"Andrea Simonetti","article_publisher":"https:\/\/www.facebook.com\/blogdaandreasimonetti\/","article_author":"https:\/\/www.facebook.com\/blogdaandreasimonetti\/","article_published_time":"2018-05-10T23:03:54+00:00","article_modified_time":"2018-07-18T17:20:08+00:00","og_image":[{"width":683,"height":1024,"url":"https:\/\/andreasimonetti.com.br\/blog\/wp-content\/uploads\/2018\/05\/ECM_1103-2-683x1024.jpg","type":"image\/jpeg"}],"author":"Andrea Simonetti","twitter_card":"summary_large_image","twitter_creator":"@https:\/\/twitter.com\/Andrea_Simoneti","twitter_site":"@Andrea_Simoneti","twitter_misc":{"Escrito por":"Andrea Simonetti","Est. tempo de leitura":"2 minutos"},"schema":{"@context":"https:\/\/schema.org","@graph":[{"@type":"WebPage","@id":"https:\/\/andreasimonetti.com.br\/blog\/meu-look-mix-de-estampas-2\/","url":"https:\/\/andreasimonetti.com.br\/blog\/meu-look-mix-de-estampas-2\/","name":"Meu look : Mix de Estampas - Andrea Simonetti","isPartOf":{"@id":"https:\/\/andreasimonetti.com.br\/blog\/#website"},"primaryImageOfPage":{"@id":"https:\/\/andreasimonetti.com.br\/blog\/meu-look-mix-de-estampas-2\/#primaryimage"},"image":{"@id":"https:\/\/andreasimonetti.com.br\/blog\/meu-look-mix-de-estampas-2\/#primaryimage"},"thumbnailUrl":"https:\/\/andreasimonetti.com.br\/blog\/wp-content\/uploads\/2018\/05\/ECM_1103-2.jpg","datePublished":"2018-05-10T23:03:54+00:00","dateModified":"2018-07-18T17:20:08+00:00","author":{"@id":"https:\/\/andreasimonetti.com.br\/blog\/#\/schema\/person\/254f763c24ac288e27ea738a7366ad2a"},"description":"O mix de estampas versus estampa cria looks personal\u00edssimos.O segredo est\u00e1 na compatibilidade das cores, com tons que criem um efeito de harmonia e modernidade.sturar estampas e cores \u00e9 a arte do bom gosto e da propor\u00e7\u00e3o na hora de se vestir.","breadcrumb":{"@id":"https:\/\/andreasimonetti.com.br\/blog\/meu-look-mix-de-estampas-2\/#breadcrumb"},"inLanguage":"pt-BR","potentialAction":[{"@type":"ReadAction","target":["https:\/\/andreasimonetti.com.br\/blog\/meu-look-mix-de-estampas-2\/"]}]},{"@type":"ImageObject","inLanguage":"pt-BR","@id":"https:\/\/andreasimonetti.com.br\/blog\/meu-look-mix-de-estampas-2\/#primaryimage","url":"https:\/\/andreasimonetti.com.br\/blog\/wp-content\/uploads\/2018\/05\/ECM_1103-2.jpg","contentUrl":"https:\/\/andreasimonetti.com.br\/blog\/wp-content\/uploads\/2018\/05\/ECM_1103-2.jpg","width":3337,"height":5000},{"@type":"BreadcrumbList","@id":"https:\/\/andreasimonetti.com.br\/blog\/meu-look-mix-de-estampas-2\/#breadcrumb","itemListElement":[{"@type":"ListItem","position":1,"name":"In\u00edcio","item":"https:\/\/andreasimonetti.com.br\/blog\/"},{"@type":"ListItem","position":2,"name":"Meu look : Mix de Estampas"}]},{"@type":"WebSite","@id":"https:\/\/andreasimonetti.com.br\/blog\/#website","url":"https:\/\/andreasimonetti.com.br\/blog\/","name":"Andrea Simonetti","description":"","potentialAction":[{"@type":"SearchAction","target":{"@type":"EntryPoint","urlTemplate":"https:\/\/andreasimonetti.com.br\/blog\/?s={search_term_string}"},"query-input":{"@type":"PropertyValueSpecification","valueRequired":true,"valueName":"search_term_string"}}],"inLanguage":"pt-BR"},{"@type":"Person","@id":"https:\/\/andreasimonetti.com.br\/blog\/#\/schema\/person\/254f763c24ac288e27ea738a7366ad2a","name":"Andrea Simonetti","image":{"@type":"ImageObject","inLanguage":"pt-BR","@id":"https:\/\/andreasimonetti.com.br\/blog\/#\/schema\/person\/image\/","url":"https:\/\/andreasimonetti.com.br\/blog\/wp-content\/uploads\/2018\/04\/andrea-simonetti-96x96.png","contentUrl":"https:\/\/andreasimonetti.com.br\/blog\/wp-content\/uploads\/2018\/04\/andrea-simonetti-96x96.png","caption":"Andrea Simonetti"},"description":"Sou formada em Administra\u00e7\u00e3o de Empresas, Produ\u00e7\u00e3o de Moda pelo SENAC e Consultoria de Estilo. Sou fascinada por moda desde sempre, adoro ver as pessoas produzidas e de bem com a vida. Moda \u00e9 o meu assunto preferido. Comecei meu blog em 2011, ele cresceu e hoje \u00e9 um site bem mais abrangente, onde eu falo sobre moda e meu trabalho de consultora de estilo. E falo tamb\u00e9m sobre a minha experi\u00eancia de vida. Mas antes de tudo, acredito num Deus Soberano que nos guia e aben\u00e7oa, o tempo todo!","sameAs":["https:\/\/www.andreasimonetti.com.br\/","https:\/\/www.facebook.com\/blogdaandreasimonetti\/","https:\/\/www.instagram.com\/andrea_simonetti\/","https:\/\/br.pinterest.com\/BlogAndrea\/","https:\/\/x.com\/https:\/\/twitter.com\/Andrea_Simoneti"],"url":"https:\/\/andreasimonetti.com.br\/blog\/author\/andrea\/"}]}},"_links":{"self":[{"href":"https:\/\/andreasimonetti.com.br\/blog\/wp-json\/wp\/v2\/posts\/19097","targetHints":{"allow":["GET"]}}],"collection":[{"href":"https:\/\/andreasimonetti.com.br\/blog\/wp-json\/wp\/v2\/posts"}],"about":[{"href":"https:\/\/andreasimonetti.com.br\/blog\/wp-json\/wp\/v2\/types\/post"}],"author":[{"embeddable":true,"href":"https:\/\/andreasimonetti.com.br\/blog\/wp-json\/wp\/v2\/users\/7"}],"replies":[{"embeddable":true,"href":"https:\/\/andreasimonetti.com.br\/blog\/wp-json\/wp\/v2\/comments?post=19097"}],"version-history":[{"count":0,"href":"https:\/\/andreasimonetti.com.br\/blog\/wp-json\/wp\/v2\/posts\/19097\/revisions"}],"wp:featuredmedia":[{"embeddable":true,"href":"https:\/\/andreasimonetti.com.br\/blog\/wp-json\/wp\/v2\/media\/19098"}],"wp:attachment":[{"href":"https:\/\/andreasimonetti.com.br\/blog\/wp-json\/wp\/v2\/media?parent=19097"}],"wp:term":[{"taxonomy":"category","embeddable":true,"href":"https:\/\/andreasimonetti.com.br\/blog\/wp-json\/wp\/v2\/categories?post=19097"},{"taxonomy":"post_tag","embeddable":true,"href":"https:\/\/andreasimonetti.com.br\/blog\/wp-json\/wp\/v2\/tags?post=19097"}],"curies":[{"name":"wp","href":"https:\/\/api.w.org\/{rel}","templated":true}]}}