{"id":18714,"date":"2018-03-16T23:08:03","date_gmt":"2018-03-17T02:08:03","guid":{"rendered":"http:\/\/www.blogdaandreasimonetti.com.br\/?p=18714"},"modified":"2018-07-18T14:21:00","modified_gmt":"2018-07-18T17:21:00","slug":"tvz-faz-festa-para-lancamento-de-colecao","status":"publish","type":"post","link":"https:\/\/andreasimonetti.com.br\/blog\/tvz-faz-festa-para-lancamento-de-colecao\/","title":{"rendered":"A TVZ faz festa para lan\u00e7amento de cole\u00e7\u00e3o"},"content":{"rendered":"<p>A loja<strong> TVZ<\/strong> organizou\u00a0 evento muito gostoso para marcar o lan\u00e7amento da sua cole\u00e7\u00e3o outono-inverno.<br \/>\nA TVZ \u00e9 uma marca que sintoniza com a moda sem perder a identidade.<br \/>\nE qual \u00e9 essa identidade ?<br \/>\nAs cole\u00e7\u00f5es da TVZ miram mulheres com esp\u00edrito jovem, urbanas, criativas, conectadas e que vivem intensamente, independente da idade.<br \/>\nA marca tem aquelas op\u00e7\u00f5es do tipo &#8216;isso \u00e9 tudo o que eu preciso agora !&#8217; seja para o trabalho, festas, lazer ou balada. \u00c9 uma roupa super us\u00e1vel que permite combina\u00e7\u00f5es em looks variados.<br \/>\nE tem o indispens\u00e1vel : cal\u00e7as, vestidos, camisas e blusas.<\/p>\n<p>Durante o coquetel algumas amigas se surpreenderam :&#8217;nossa, quanta coisa linda tem aqui !&#8217; Sim, a TVZ \u00e9 uma marca pr\u00e1 se conhecer melhor e ainda mais agora que a loja de Bauru vive um novo momento sob a dire\u00e7\u00e3o da competente empres\u00e1ria<span style=\"color: #000000;\"> Maria El\u00edsia Gal\u00edcia<\/span>, que conhece moda e inspira suas equipes a oferecerem sempre o melhor atendimento.<\/p>\n<p><strong>Passando pelo Bauru Shopping vale a pena voc\u00ea conhecer a TVZ, no piso t\u00e9rreo.<\/strong><\/p>\n<p>E a querida Maria El\u00edsia caprichou nos detalhes para receber suas convidadas e apresentar as novidades da marca.<br \/>\nDurante o evento usei tr\u00eas looks TVZ , ma-ra-vi-lho-sos !<\/p>\n<p>Foi uma noite linda, de muita harmonia e alegria.<\/p>\n<div id=\"attachment_18729\" style=\"width: 710px\" class=\"wp-caption alignnone\"><img loading=\"lazy\" decoding=\"async\" aria-describedby=\"caption-attachment-18729\" class=\"wp-image-18729\" src=\"http:\/\/www.blogdaandreasimonetti.com.br\/wp-content\/uploads\/2018\/03\/29216620_1745375988859663_621717256736697429_n.jpg\" alt=\"\" width=\"700\" height=\"1050\" srcset=\"https:\/\/andreasimonetti.com.br\/blog\/wp-content\/uploads\/2018\/03\/29216620_1745375988859663_621717256736697429_n.jpg 640w, https:\/\/andreasimonetti.com.br\/blog\/wp-content\/uploads\/2018\/03\/29216620_1745375988859663_621717256736697429_n-200x300.jpg 200w, https:\/\/andreasimonetti.com.br\/blog\/wp-content\/uploads\/2018\/03\/29216620_1745375988859663_621717256736697429_n-585x878.jpg 585w\" sizes=\"auto, (max-width: 700px) 100vw, 700px\" \/><p id=\"caption-attachment-18729\" class=\"wp-caption-text\">Maria Elisia Galicia<\/p><\/div>\n<p>Meu primeiro look : saia e blusa de cetim em tons azuis, caimento leve e elegante.<\/p>\n<p>Sand\u00e1lia My Shoes.<\/p>\n<div id=\"attachment_18715\" style=\"width: 710px\" class=\"wp-caption alignnone\"><img loading=\"lazy\" decoding=\"async\" aria-describedby=\"caption-attachment-18715\" class=\"wp-image-18715\" src=\"http:\/\/www.blogdaandreasimonetti.com.br\/wp-content\/uploads\/2018\/03\/IMG_2728-e1521249378308.jpg\" alt=\"\" width=\"700\" height=\"1050\" srcset=\"https:\/\/andreasimonetti.com.br\/blog\/wp-content\/uploads\/2018\/03\/IMG_2728-e1521249378308.jpg 3648w, https:\/\/andreasimonetti.com.br\/blog\/wp-content\/uploads\/2018\/03\/IMG_2728-e1521249378308-200x300.jpg 200w, https:\/\/andreasimonetti.com.br\/blog\/wp-content\/uploads\/2018\/03\/IMG_2728-e1521249378308-768x1152.jpg 768w, https:\/\/andreasimonetti.com.br\/blog\/wp-content\/uploads\/2018\/03\/IMG_2728-e1521249378308-683x1024.jpg 683w, https:\/\/andreasimonetti.com.br\/blog\/wp-content\/uploads\/2018\/03\/IMG_2728-e1521249378308-1170x1755.jpg 1170w, https:\/\/andreasimonetti.com.br\/blog\/wp-content\/uploads\/2018\/03\/IMG_2728-e1521249378308-585x878.jpg 585w\" sizes=\"auto, (max-width: 700px) 100vw, 700px\" \/><p id=\"caption-attachment-18715\" class=\"wp-caption-text\">TVZ Outono Inverno 2018<\/p><\/div>\n<div id=\"attachment_18718\" style=\"width: 710px\" class=\"wp-caption alignnone\"><img loading=\"lazy\" decoding=\"async\" aria-describedby=\"caption-attachment-18718\" class=\"wp-image-18718\" src=\"http:\/\/www.blogdaandreasimonetti.com.br\/wp-content\/uploads\/2018\/03\/IMG_2730-e1521249567723.jpg\" alt=\"\" width=\"700\" height=\"1050\" srcset=\"https:\/\/andreasimonetti.com.br\/blog\/wp-content\/uploads\/2018\/03\/IMG_2730-e1521249567723.jpg 3648w, https:\/\/andreasimonetti.com.br\/blog\/wp-content\/uploads\/2018\/03\/IMG_2730-e1521249567723-200x300.jpg 200w, https:\/\/andreasimonetti.com.br\/blog\/wp-content\/uploads\/2018\/03\/IMG_2730-e1521249567723-768x1152.jpg 768w, https:\/\/andreasimonetti.com.br\/blog\/wp-content\/uploads\/2018\/03\/IMG_2730-e1521249567723-683x1024.jpg 683w, https:\/\/andreasimonetti.com.br\/blog\/wp-content\/uploads\/2018\/03\/IMG_2730-e1521249567723-1170x1755.jpg 1170w, https:\/\/andreasimonetti.com.br\/blog\/wp-content\/uploads\/2018\/03\/IMG_2730-e1521249567723-585x878.jpg 585w\" sizes=\"auto, (max-width: 700px) 100vw, 700px\" \/><p id=\"caption-attachment-18718\" class=\"wp-caption-text\">Acess\u00f3rios Pandora<\/p><\/div>\n<p>Os acess\u00f3rios s\u00e3o da <strong>Pandora<\/strong> do Bauru Shopping.<\/p>\n<div id=\"attachment_18719\" style=\"width: 710px\" class=\"wp-caption alignnone\"><img loading=\"lazy\" decoding=\"async\" aria-describedby=\"caption-attachment-18719\" class=\"wp-image-18719\" src=\"http:\/\/www.blogdaandreasimonetti.com.br\/wp-content\/uploads\/2018\/03\/IMG_2731-e1521249604545.jpg\" alt=\"\" width=\"700\" height=\"1050\" srcset=\"https:\/\/andreasimonetti.com.br\/blog\/wp-content\/uploads\/2018\/03\/IMG_2731-e1521249604545.jpg 3648w, https:\/\/andreasimonetti.com.br\/blog\/wp-content\/uploads\/2018\/03\/IMG_2731-e1521249604545-200x300.jpg 200w, https:\/\/andreasimonetti.com.br\/blog\/wp-content\/uploads\/2018\/03\/IMG_2731-e1521249604545-768x1152.jpg 768w, https:\/\/andreasimonetti.com.br\/blog\/wp-content\/uploads\/2018\/03\/IMG_2731-e1521249604545-683x1024.jpg 683w, https:\/\/andreasimonetti.com.br\/blog\/wp-content\/uploads\/2018\/03\/IMG_2731-e1521249604545-1170x1755.jpg 1170w, https:\/\/andreasimonetti.com.br\/blog\/wp-content\/uploads\/2018\/03\/IMG_2731-e1521249604545-585x878.jpg 585w\" sizes=\"auto, (max-width: 700px) 100vw, 700px\" \/><p id=\"caption-attachment-18719\" class=\"wp-caption-text\">TVZ Outono Inverno 2018<\/p><\/div>\n<div id=\"attachment_18720\" style=\"width: 710px\" class=\"wp-caption alignnone\"><img loading=\"lazy\" decoding=\"async\" aria-describedby=\"caption-attachment-18720\" class=\"wp-image-18720\" src=\"http:\/\/www.blogdaandreasimonetti.com.br\/wp-content\/uploads\/2018\/03\/IMG_2732-e1521249675783.jpg\" alt=\"\" width=\"700\" height=\"1050\" srcset=\"https:\/\/andreasimonetti.com.br\/blog\/wp-content\/uploads\/2018\/03\/IMG_2732-e1521249675783.jpg 3648w, https:\/\/andreasimonetti.com.br\/blog\/wp-content\/uploads\/2018\/03\/IMG_2732-e1521249675783-200x300.jpg 200w, https:\/\/andreasimonetti.com.br\/blog\/wp-content\/uploads\/2018\/03\/IMG_2732-e1521249675783-768x1152.jpg 768w, https:\/\/andreasimonetti.com.br\/blog\/wp-content\/uploads\/2018\/03\/IMG_2732-e1521249675783-683x1024.jpg 683w, https:\/\/andreasimonetti.com.br\/blog\/wp-content\/uploads\/2018\/03\/IMG_2732-e1521249675783-1170x1755.jpg 1170w, https:\/\/andreasimonetti.com.br\/blog\/wp-content\/uploads\/2018\/03\/IMG_2732-e1521249675783-585x878.jpg 585w\" sizes=\"auto, (max-width: 700px) 100vw, 700px\" \/><p id=\"caption-attachment-18720\" class=\"wp-caption-text\">TVZ Outono Inverno 2018<\/p><\/div>\n<p>O segundo look\u00a0 escolhi\u00a0 vestido de festa com\u00a0 dois tecidos diferentes que se complementam criando um look \u00fanico.<\/p>\n<p>A saia possui fios metalizados e paet\u00eas,\u00a0 que \u00e9 uma super tend\u00eancia da temporada.<\/p>\n<p>Sand\u00e1lia Santa Lolla.<\/p>\n<div id=\"attachment_18721\" style=\"width: 710px\" class=\"wp-caption alignnone\"><img loading=\"lazy\" decoding=\"async\" aria-describedby=\"caption-attachment-18721\" class=\"wp-image-18721\" src=\"http:\/\/www.blogdaandreasimonetti.com.br\/wp-content\/uploads\/2018\/03\/IMG_2749-e1521249718698.jpg\" alt=\"\" width=\"700\" height=\"1050\" srcset=\"https:\/\/andreasimonetti.com.br\/blog\/wp-content\/uploads\/2018\/03\/IMG_2749-e1521249718698.jpg 3648w, https:\/\/andreasimonetti.com.br\/blog\/wp-content\/uploads\/2018\/03\/IMG_2749-e1521249718698-200x300.jpg 200w, https:\/\/andreasimonetti.com.br\/blog\/wp-content\/uploads\/2018\/03\/IMG_2749-e1521249718698-768x1152.jpg 768w, https:\/\/andreasimonetti.com.br\/blog\/wp-content\/uploads\/2018\/03\/IMG_2749-e1521249718698-683x1024.jpg 683w, https:\/\/andreasimonetti.com.br\/blog\/wp-content\/uploads\/2018\/03\/IMG_2749-e1521249718698-1170x1755.jpg 1170w, https:\/\/andreasimonetti.com.br\/blog\/wp-content\/uploads\/2018\/03\/IMG_2749-e1521249718698-585x878.jpg 585w\" sizes=\"auto, (max-width: 700px) 100vw, 700px\" \/><p id=\"caption-attachment-18721\" class=\"wp-caption-text\">TVZ Outono Inverno 2018<\/p><\/div>\n<div id=\"attachment_18722\" style=\"width: 710px\" class=\"wp-caption alignnone\"><img loading=\"lazy\" decoding=\"async\" aria-describedby=\"caption-attachment-18722\" class=\"wp-image-18722\" src=\"http:\/\/www.blogdaandreasimonetti.com.br\/wp-content\/uploads\/2018\/03\/IMG_2750-e1521249760361.jpg\" alt=\"\" width=\"700\" height=\"1050\" srcset=\"https:\/\/andreasimonetti.com.br\/blog\/wp-content\/uploads\/2018\/03\/IMG_2750-e1521249760361.jpg 3648w, https:\/\/andreasimonetti.com.br\/blog\/wp-content\/uploads\/2018\/03\/IMG_2750-e1521249760361-200x300.jpg 200w, https:\/\/andreasimonetti.com.br\/blog\/wp-content\/uploads\/2018\/03\/IMG_2750-e1521249760361-768x1152.jpg 768w, https:\/\/andreasimonetti.com.br\/blog\/wp-content\/uploads\/2018\/03\/IMG_2750-e1521249760361-683x1024.jpg 683w, https:\/\/andreasimonetti.com.br\/blog\/wp-content\/uploads\/2018\/03\/IMG_2750-e1521249760361-1170x1755.jpg 1170w, https:\/\/andreasimonetti.com.br\/blog\/wp-content\/uploads\/2018\/03\/IMG_2750-e1521249760361-585x878.jpg 585w\" sizes=\"auto, (max-width: 700px) 100vw, 700px\" \/><p id=\"caption-attachment-18722\" class=\"wp-caption-text\">TVZ Outono Inverno 2018<\/p><\/div>\n<div id=\"attachment_18723\" style=\"width: 710px\" class=\"wp-caption alignnone\"><img loading=\"lazy\" decoding=\"async\" aria-describedby=\"caption-attachment-18723\" class=\"wp-image-18723\" src=\"http:\/\/www.blogdaandreasimonetti.com.br\/wp-content\/uploads\/2018\/03\/IMG_2751-e1521249808957.jpg\" alt=\"\" width=\"700\" height=\"1050\" srcset=\"https:\/\/andreasimonetti.com.br\/blog\/wp-content\/uploads\/2018\/03\/IMG_2751-e1521249808957.jpg 3648w, https:\/\/andreasimonetti.com.br\/blog\/wp-content\/uploads\/2018\/03\/IMG_2751-e1521249808957-200x300.jpg 200w, https:\/\/andreasimonetti.com.br\/blog\/wp-content\/uploads\/2018\/03\/IMG_2751-e1521249808957-768x1152.jpg 768w, https:\/\/andreasimonetti.com.br\/blog\/wp-content\/uploads\/2018\/03\/IMG_2751-e1521249808957-683x1024.jpg 683w, https:\/\/andreasimonetti.com.br\/blog\/wp-content\/uploads\/2018\/03\/IMG_2751-e1521249808957-1170x1755.jpg 1170w, https:\/\/andreasimonetti.com.br\/blog\/wp-content\/uploads\/2018\/03\/IMG_2751-e1521249808957-585x878.jpg 585w\" sizes=\"auto, (max-width: 700px) 100vw, 700px\" \/><p id=\"caption-attachment-18723\" class=\"wp-caption-text\">TVZ Outono Inverno 2018<\/p><\/div>\n<p>O terceiro look\u00a0 combinei : saia em viscose e regata azul marinho.<\/p>\n<p>A saia no comprimento midi \u00e9 um hit desta temporada.<\/p>\n<div id=\"attachment_18726\" style=\"width: 710px\" class=\"wp-caption alignnone\"><img loading=\"lazy\" decoding=\"async\" aria-describedby=\"caption-attachment-18726\" class=\"wp-image-18726\" src=\"http:\/\/www.blogdaandreasimonetti.com.br\/wp-content\/uploads\/2018\/03\/IMG_2794-e1521249845842.jpg\" alt=\"\" width=\"700\" height=\"1050\" srcset=\"https:\/\/andreasimonetti.com.br\/blog\/wp-content\/uploads\/2018\/03\/IMG_2794-e1521249845842.jpg 3648w, https:\/\/andreasimonetti.com.br\/blog\/wp-content\/uploads\/2018\/03\/IMG_2794-e1521249845842-200x300.jpg 200w, https:\/\/andreasimonetti.com.br\/blog\/wp-content\/uploads\/2018\/03\/IMG_2794-e1521249845842-768x1152.jpg 768w, https:\/\/andreasimonetti.com.br\/blog\/wp-content\/uploads\/2018\/03\/IMG_2794-e1521249845842-683x1024.jpg 683w, https:\/\/andreasimonetti.com.br\/blog\/wp-content\/uploads\/2018\/03\/IMG_2794-e1521249845842-1170x1755.jpg 1170w, https:\/\/andreasimonetti.com.br\/blog\/wp-content\/uploads\/2018\/03\/IMG_2794-e1521249845842-585x878.jpg 585w\" sizes=\"auto, (max-width: 700px) 100vw, 700px\" \/><p id=\"caption-attachment-18726\" class=\"wp-caption-text\">TVZ Outono Inverno 2018<\/p><\/div>\n<div id=\"attachment_18727\" style=\"width: 710px\" class=\"wp-caption alignnone\"><img loading=\"lazy\" decoding=\"async\" aria-describedby=\"caption-attachment-18727\" class=\"wp-image-18727\" src=\"http:\/\/www.blogdaandreasimonetti.com.br\/wp-content\/uploads\/2018\/03\/IMG_2795-e1521249877722.jpg\" alt=\"\" width=\"700\" height=\"1050\" srcset=\"https:\/\/andreasimonetti.com.br\/blog\/wp-content\/uploads\/2018\/03\/IMG_2795-e1521249877722.jpg 3648w, https:\/\/andreasimonetti.com.br\/blog\/wp-content\/uploads\/2018\/03\/IMG_2795-e1521249877722-200x300.jpg 200w, https:\/\/andreasimonetti.com.br\/blog\/wp-content\/uploads\/2018\/03\/IMG_2795-e1521249877722-768x1152.jpg 768w, https:\/\/andreasimonetti.com.br\/blog\/wp-content\/uploads\/2018\/03\/IMG_2795-e1521249877722-683x1024.jpg 683w, https:\/\/andreasimonetti.com.br\/blog\/wp-content\/uploads\/2018\/03\/IMG_2795-e1521249877722-1170x1755.jpg 1170w, https:\/\/andreasimonetti.com.br\/blog\/wp-content\/uploads\/2018\/03\/IMG_2795-e1521249877722-585x878.jpg 585w\" sizes=\"auto, (max-width: 700px) 100vw, 700px\" \/><p id=\"caption-attachment-18727\" class=\"wp-caption-text\">TVZ Outono Inverno 2018<\/p><\/div>\n<div id=\"attachment_18728\" style=\"width: 710px\" class=\"wp-caption alignnone\"><img loading=\"lazy\" decoding=\"async\" aria-describedby=\"caption-attachment-18728\" class=\"wp-image-18728\" src=\"http:\/\/www.blogdaandreasimonetti.com.br\/wp-content\/uploads\/2018\/03\/IMG_2796-e1521249918736.jpg\" alt=\"\" width=\"700\" height=\"1050\" srcset=\"https:\/\/andreasimonetti.com.br\/blog\/wp-content\/uploads\/2018\/03\/IMG_2796-e1521249918736.jpg 3648w, https:\/\/andreasimonetti.com.br\/blog\/wp-content\/uploads\/2018\/03\/IMG_2796-e1521249918736-200x300.jpg 200w, https:\/\/andreasimonetti.com.br\/blog\/wp-content\/uploads\/2018\/03\/IMG_2796-e1521249918736-768x1152.jpg 768w, https:\/\/andreasimonetti.com.br\/blog\/wp-content\/uploads\/2018\/03\/IMG_2796-e1521249918736-683x1024.jpg 683w, https:\/\/andreasimonetti.com.br\/blog\/wp-content\/uploads\/2018\/03\/IMG_2796-e1521249918736-1170x1755.jpg 1170w, https:\/\/andreasimonetti.com.br\/blog\/wp-content\/uploads\/2018\/03\/IMG_2796-e1521249918736-585x878.jpg 585w\" sizes=\"auto, (max-width: 700px) 100vw, 700px\" \/><p id=\"caption-attachment-18728\" class=\"wp-caption-text\">TVZ Outono Inverno 2018<\/p><\/div>\n<p>Presen\u00e7a dos digital influencers\u00a0<i>\u00a0<\/i>Gustavo Barreto, Paula Bastos e Marilla Cabaz.<\/p>\n<div id=\"attachment_18731\" style=\"width: 710px\" class=\"wp-caption alignnone\"><img loading=\"lazy\" decoding=\"async\" aria-describedby=\"caption-attachment-18731\" class=\"wp-image-18731\" src=\"http:\/\/www.blogdaandreasimonetti.com.br\/wp-content\/uploads\/2018\/03\/29216514_1745375315526397_3714024644893170247_n.jpg\" alt=\"\" width=\"700\" height=\"1050\" srcset=\"https:\/\/andreasimonetti.com.br\/blog\/wp-content\/uploads\/2018\/03\/29216514_1745375315526397_3714024644893170247_n.jpg 640w, https:\/\/andreasimonetti.com.br\/blog\/wp-content\/uploads\/2018\/03\/29216514_1745375315526397_3714024644893170247_n-200x300.jpg 200w, https:\/\/andreasimonetti.com.br\/blog\/wp-content\/uploads\/2018\/03\/29216514_1745375315526397_3714024644893170247_n-585x878.jpg 585w\" sizes=\"auto, (max-width: 700px) 100vw, 700px\" \/><p id=\"caption-attachment-18731\" class=\"wp-caption-text\">Gustavo Barreto, Paula Bastos e Mirella Cabaz<\/p><\/div>\n<p>&nbsp;<\/p>\n<p><strong>Cr\u00e9ditos:<\/strong><\/p>\n<p>Looks da <a href=\"https:\/\/www.facebook.com\/tvzbauruoficial\/\">TVZ Bauru Shopping.<\/a><br \/>\nAcess\u00f3rios: Pandora Bauru Shopping.<br \/>\nMake: Laura Santinelli<br \/>\nFotos: Social Bauru<\/p>\n","protected":false},"excerpt":{"rendered":"<p>A loja TVZ organizou\u00a0 evento muito gostoso para marcar o lan\u00e7amento da sua cole\u00e7\u00e3o outono-inverno. A TVZ \u00e9 uma marca que sintoniza com a moda sem perder a identidade. E&hellip;<\/p>\n","protected":false},"author":7,"featured_media":18732,"comment_status":"open","ping_status":"open","sticky":false,"template":"","format":"standard","meta":{"_monsterinsights_skip_tracking":false,"_monsterinsights_sitenote_active":false,"_monsterinsights_sitenote_note":"","_monsterinsights_sitenote_category":0,"footnotes":""},"categories":[1508,2675,3],"tags":[2620,2621],"class_list":["post-18714","post","type-post","status-publish","format-standard","has-post-thumbnail","hentry","category-destaque","category-meu-look","category-moda","tag-tvz-faz-festa-para-lancamento-de-colecao","tag-tvz-outono-inverno-2018"],"yoast_head":"<!-- This site is optimized with the Yoast SEO plugin v26.3 - https:\/\/yoast.com\/wordpress\/plugins\/seo\/ -->\n<title>A TVZ faz festa para lan\u00e7amento de cole\u00e7\u00e3o - Andrea Simonetti<\/title>\n<meta name=\"robots\" content=\"index, follow, max-snippet:-1, max-image-preview:large, max-video-preview:-1\" \/>\n<link rel=\"canonical\" href=\"https:\/\/andreasimonetti.com.br\/blog\/tvz-faz-festa-para-lancamento-de-colecao\/\" \/>\n<meta property=\"og:locale\" content=\"pt_BR\" \/>\n<meta property=\"og:type\" content=\"article\" \/>\n<meta property=\"og:title\" content=\"A TVZ faz festa para lan\u00e7amento de cole\u00e7\u00e3o - Andrea Simonetti\" \/>\n<meta property=\"og:description\" content=\"A loja TVZ organizou\u00a0 evento muito gostoso para marcar o lan\u00e7amento da sua cole\u00e7\u00e3o outono-inverno. A TVZ \u00e9 uma marca que sintoniza com a moda sem perder a identidade. E&hellip;\" \/>\n<meta property=\"og:url\" content=\"https:\/\/andreasimonetti.com.br\/blog\/tvz-faz-festa-para-lancamento-de-colecao\/\" \/>\n<meta property=\"og:site_name\" content=\"Andrea Simonetti\" \/>\n<meta property=\"article:publisher\" content=\"https:\/\/www.facebook.com\/blogdaandreasimonetti\/\" \/>\n<meta property=\"article:author\" content=\"https:\/\/www.facebook.com\/blogdaandreasimonetti\/\" \/>\n<meta property=\"article:published_time\" content=\"2018-03-17T02:08:03+00:00\" \/>\n<meta property=\"article:modified_time\" content=\"2018-07-18T17:21:00+00:00\" \/>\n<meta property=\"og:image\" content=\"https:\/\/andreasimonetti.com.br\/blog\/wp-content\/uploads\/2018\/03\/page-2.jpg\" \/>\n\t<meta property=\"og:image:width\" content=\"700\" \/>\n\t<meta property=\"og:image:height\" content=\"700\" \/>\n\t<meta property=\"og:image:type\" content=\"image\/jpeg\" \/>\n<meta name=\"author\" content=\"Andrea Simonetti\" \/>\n<meta name=\"twitter:card\" content=\"summary_large_image\" \/>\n<meta name=\"twitter:creator\" content=\"@https:\/\/twitter.com\/Andrea_Simoneti\" \/>\n<meta name=\"twitter:site\" content=\"@Andrea_Simoneti\" \/>\n<meta name=\"twitter:label1\" content=\"Escrito por\" \/>\n\t<meta name=\"twitter:data1\" content=\"Andrea Simonetti\" \/>\n\t<meta name=\"twitter:label2\" content=\"Est. tempo de leitura\" \/>\n\t<meta name=\"twitter:data2\" content=\"2 minutos\" \/>\n<!-- \/ Yoast SEO plugin. -->","yoast_head_json":{"title":"A TVZ faz festa para lan\u00e7amento de cole\u00e7\u00e3o - Andrea Simonetti","robots":{"index":"index","follow":"follow","max-snippet":"max-snippet:-1","max-image-preview":"max-image-preview:large","max-video-preview":"max-video-preview:-1"},"canonical":"https:\/\/andreasimonetti.com.br\/blog\/tvz-faz-festa-para-lancamento-de-colecao\/","og_locale":"pt_BR","og_type":"article","og_title":"A TVZ faz festa para lan\u00e7amento de cole\u00e7\u00e3o - Andrea Simonetti","og_description":"A loja TVZ organizou\u00a0 evento muito gostoso para marcar o lan\u00e7amento da sua cole\u00e7\u00e3o outono-inverno. A TVZ \u00e9 uma marca que sintoniza com a moda sem perder a identidade. E&hellip;","og_url":"https:\/\/andreasimonetti.com.br\/blog\/tvz-faz-festa-para-lancamento-de-colecao\/","og_site_name":"Andrea Simonetti","article_publisher":"https:\/\/www.facebook.com\/blogdaandreasimonetti\/","article_author":"https:\/\/www.facebook.com\/blogdaandreasimonetti\/","article_published_time":"2018-03-17T02:08:03+00:00","article_modified_time":"2018-07-18T17:21:00+00:00","og_image":[{"width":700,"height":700,"url":"https:\/\/andreasimonetti.com.br\/blog\/wp-content\/uploads\/2018\/03\/page-2.jpg","type":"image\/jpeg"}],"author":"Andrea Simonetti","twitter_card":"summary_large_image","twitter_creator":"@https:\/\/twitter.com\/Andrea_Simoneti","twitter_site":"@Andrea_Simoneti","twitter_misc":{"Escrito por":"Andrea Simonetti","Est. tempo de leitura":"2 minutos"},"schema":{"@context":"https:\/\/schema.org","@graph":[{"@type":"WebPage","@id":"https:\/\/andreasimonetti.com.br\/blog\/tvz-faz-festa-para-lancamento-de-colecao\/","url":"https:\/\/andreasimonetti.com.br\/blog\/tvz-faz-festa-para-lancamento-de-colecao\/","name":"A TVZ faz festa para lan\u00e7amento de cole\u00e7\u00e3o - Andrea Simonetti","isPartOf":{"@id":"https:\/\/andreasimonetti.com.br\/blog\/#website"},"primaryImageOfPage":{"@id":"https:\/\/andreasimonetti.com.br\/blog\/tvz-faz-festa-para-lancamento-de-colecao\/#primaryimage"},"image":{"@id":"https:\/\/andreasimonetti.com.br\/blog\/tvz-faz-festa-para-lancamento-de-colecao\/#primaryimage"},"thumbnailUrl":"https:\/\/andreasimonetti.com.br\/blog\/wp-content\/uploads\/2018\/03\/page-2.jpg","datePublished":"2018-03-17T02:08:03+00:00","dateModified":"2018-07-18T17:21:00+00:00","author":{"@id":"https:\/\/andreasimonetti.com.br\/blog\/#\/schema\/person\/254f763c24ac288e27ea738a7366ad2a"},"breadcrumb":{"@id":"https:\/\/andreasimonetti.com.br\/blog\/tvz-faz-festa-para-lancamento-de-colecao\/#breadcrumb"},"inLanguage":"pt-BR","potentialAction":[{"@type":"ReadAction","target":["https:\/\/andreasimonetti.com.br\/blog\/tvz-faz-festa-para-lancamento-de-colecao\/"]}]},{"@type":"ImageObject","inLanguage":"pt-BR","@id":"https:\/\/andreasimonetti.com.br\/blog\/tvz-faz-festa-para-lancamento-de-colecao\/#primaryimage","url":"https:\/\/andreasimonetti.com.br\/blog\/wp-content\/uploads\/2018\/03\/page-2.jpg","contentUrl":"https:\/\/andreasimonetti.com.br\/blog\/wp-content\/uploads\/2018\/03\/page-2.jpg","width":700,"height":700},{"@type":"BreadcrumbList","@id":"https:\/\/andreasimonetti.com.br\/blog\/tvz-faz-festa-para-lancamento-de-colecao\/#breadcrumb","itemListElement":[{"@type":"ListItem","position":1,"name":"In\u00edcio","item":"https:\/\/andreasimonetti.com.br\/blog\/"},{"@type":"ListItem","position":2,"name":"A TVZ faz festa para lan\u00e7amento de cole\u00e7\u00e3o"}]},{"@type":"WebSite","@id":"https:\/\/andreasimonetti.com.br\/blog\/#website","url":"https:\/\/andreasimonetti.com.br\/blog\/","name":"Andrea Simonetti","description":"","potentialAction":[{"@type":"SearchAction","target":{"@type":"EntryPoint","urlTemplate":"https:\/\/andreasimonetti.com.br\/blog\/?s={search_term_string}"},"query-input":{"@type":"PropertyValueSpecification","valueRequired":true,"valueName":"search_term_string"}}],"inLanguage":"pt-BR"},{"@type":"Person","@id":"https:\/\/andreasimonetti.com.br\/blog\/#\/schema\/person\/254f763c24ac288e27ea738a7366ad2a","name":"Andrea Simonetti","image":{"@type":"ImageObject","inLanguage":"pt-BR","@id":"https:\/\/andreasimonetti.com.br\/blog\/#\/schema\/person\/image\/","url":"https:\/\/andreasimonetti.com.br\/blog\/wp-content\/uploads\/2018\/04\/andrea-simonetti-96x96.png","contentUrl":"https:\/\/andreasimonetti.com.br\/blog\/wp-content\/uploads\/2018\/04\/andrea-simonetti-96x96.png","caption":"Andrea Simonetti"},"description":"Sou formada em Administra\u00e7\u00e3o de Empresas, Produ\u00e7\u00e3o de Moda pelo SENAC e Consultoria de Estilo. Sou fascinada por moda desde sempre, adoro ver as pessoas produzidas e de bem com a vida. Moda \u00e9 o meu assunto preferido. Comecei meu blog em 2011, ele cresceu e hoje \u00e9 um site bem mais abrangente, onde eu falo sobre moda e meu trabalho de consultora de estilo. E falo tamb\u00e9m sobre a minha experi\u00eancia de vida. Mas antes de tudo, acredito num Deus Soberano que nos guia e aben\u00e7oa, o tempo todo!","sameAs":["https:\/\/www.andreasimonetti.com.br\/","https:\/\/www.facebook.com\/blogdaandreasimonetti\/","https:\/\/www.instagram.com\/andrea_simonetti\/","https:\/\/br.pinterest.com\/BlogAndrea\/","https:\/\/x.com\/https:\/\/twitter.com\/Andrea_Simoneti"],"url":"https:\/\/andreasimonetti.com.br\/blog\/author\/andrea\/"}]}},"_links":{"self":[{"href":"https:\/\/andreasimonetti.com.br\/blog\/wp-json\/wp\/v2\/posts\/18714","targetHints":{"allow":["GET"]}}],"collection":[{"href":"https:\/\/andreasimonetti.com.br\/blog\/wp-json\/wp\/v2\/posts"}],"about":[{"href":"https:\/\/andreasimonetti.com.br\/blog\/wp-json\/wp\/v2\/types\/post"}],"author":[{"embeddable":true,"href":"https:\/\/andreasimonetti.com.br\/blog\/wp-json\/wp\/v2\/users\/7"}],"replies":[{"embeddable":true,"href":"https:\/\/andreasimonetti.com.br\/blog\/wp-json\/wp\/v2\/comments?post=18714"}],"version-history":[{"count":0,"href":"https:\/\/andreasimonetti.com.br\/blog\/wp-json\/wp\/v2\/posts\/18714\/revisions"}],"wp:featuredmedia":[{"embeddable":true,"href":"https:\/\/andreasimonetti.com.br\/blog\/wp-json\/wp\/v2\/media\/18732"}],"wp:attachment":[{"href":"https:\/\/andreasimonetti.com.br\/blog\/wp-json\/wp\/v2\/media?parent=18714"}],"wp:term":[{"taxonomy":"category","embeddable":true,"href":"https:\/\/andreasimonetti.com.br\/blog\/wp-json\/wp\/v2\/categories?post=18714"},{"taxonomy":"post_tag","embeddable":true,"href":"https:\/\/andreasimonetti.com.br\/blog\/wp-json\/wp\/v2\/tags?post=18714"}],"curies":[{"name":"wp","href":"https:\/\/api.w.org\/{rel}","templated":true}]}}