{"id":18545,"date":"2018-02-14T18:50:55","date_gmt":"2018-02-14T20:50:55","guid":{"rendered":"http:\/\/www.blogdaandreasimonetti.com.br\/?p=18545"},"modified":"2018-05-25T08:52:03","modified_gmt":"2018-05-25T11:52:03","slug":"moda-que-vem-da-rua","status":"publish","type":"post","link":"https:\/\/andreasimonetti.com.br\/blog\/moda-que-vem-da-rua\/","title":{"rendered":"A moda que vem da rua"},"content":{"rendered":"<p>Terminou a semana de moda de Nova York, mas os desfiles que mais chamaram a aten\u00e7\u00e3o aconteceram nas ruas, cheios de personalidade e estilo; as\u00a0fashionistas deram uma verdadeira aula de moda no street style.<\/p>\n<p>A combina\u00e7\u00e3o de cores fortes e vibrantes veio nos casacos, cal\u00e7as com detalhes e botas de v\u00e1rias cores.<\/p>\n<p><img loading=\"lazy\" decoding=\"async\" class=\"alignnone wp-image-18560\" src=\"http:\/\/www.blogdaandreasimonetti.com.br\/wp-content\/uploads\/2018\/02\/New-York-A_W-18_19-D2_TST2707.jpg\" alt=\"\" width=\"700\" height=\"1050\" srcset=\"https:\/\/andreasimonetti.com.br\/blog\/wp-content\/uploads\/2018\/02\/New-York-A_W-18_19-D2_TST2707.jpg 696w, https:\/\/andreasimonetti.com.br\/blog\/wp-content\/uploads\/2018\/02\/New-York-A_W-18_19-D2_TST2707-200x300.jpg 200w, https:\/\/andreasimonetti.com.br\/blog\/wp-content\/uploads\/2018\/02\/New-York-A_W-18_19-D2_TST2707-683x1024.jpg 683w, https:\/\/andreasimonetti.com.br\/blog\/wp-content\/uploads\/2018\/02\/New-York-A_W-18_19-D2_TST2707-585x878.jpg 585w\" sizes=\"auto, (max-width: 700px) 100vw, 700px\" \/><\/p>\n<p><img loading=\"lazy\" decoding=\"async\" class=\"alignnone wp-image-18561\" src=\"http:\/\/www.blogdaandreasimonetti.com.br\/wp-content\/uploads\/2018\/02\/020918-street-style-10.jpg\" alt=\"\" width=\"700\" height=\"1050\" srcset=\"https:\/\/andreasimonetti.com.br\/blog\/wp-content\/uploads\/2018\/02\/020918-street-style-10.jpg 696w, https:\/\/andreasimonetti.com.br\/blog\/wp-content\/uploads\/2018\/02\/020918-street-style-10-200x300.jpg 200w, https:\/\/andreasimonetti.com.br\/blog\/wp-content\/uploads\/2018\/02\/020918-street-style-10-683x1024.jpg 683w, https:\/\/andreasimonetti.com.br\/blog\/wp-content\/uploads\/2018\/02\/020918-street-style-10-585x878.jpg 585w\" sizes=\"auto, (max-width: 700px) 100vw, 700px\" \/><\/p>\n<p><img loading=\"lazy\" decoding=\"async\" class=\"alignnone wp-image-18546\" src=\"http:\/\/www.blogdaandreasimonetti.com.br\/wp-content\/uploads\/2018\/02\/streetstyle-nyfw-2019-inverno_1.jpg\" alt=\"\" width=\"700\" height=\"467\" srcset=\"https:\/\/andreasimonetti.com.br\/blog\/wp-content\/uploads\/2018\/02\/streetstyle-nyfw-2019-inverno_1.jpg 2880w, https:\/\/andreasimonetti.com.br\/blog\/wp-content\/uploads\/2018\/02\/streetstyle-nyfw-2019-inverno_1-300x200.jpg 300w, https:\/\/andreasimonetti.com.br\/blog\/wp-content\/uploads\/2018\/02\/streetstyle-nyfw-2019-inverno_1-768x512.jpg 768w, https:\/\/andreasimonetti.com.br\/blog\/wp-content\/uploads\/2018\/02\/streetstyle-nyfw-2019-inverno_1-1024x683.jpg 1024w, https:\/\/andreasimonetti.com.br\/blog\/wp-content\/uploads\/2018\/02\/streetstyle-nyfw-2019-inverno_1-1170x780.jpg 1170w, https:\/\/andreasimonetti.com.br\/blog\/wp-content\/uploads\/2018\/02\/streetstyle-nyfw-2019-inverno_1-585x390.jpg 585w, https:\/\/andreasimonetti.com.br\/blog\/wp-content\/uploads\/2018\/02\/streetstyle-nyfw-2019-inverno_1-263x175.jpg 263w\" sizes=\"auto, (max-width: 700px) 100vw, 700px\" \/><\/p>\n<p><img loading=\"lazy\" decoding=\"async\" class=\"alignnone wp-image-18547\" src=\"http:\/\/www.blogdaandreasimonetti.com.br\/wp-content\/uploads\/2018\/02\/streetstyle-nyfw-2019-inverno_2.jpg\" alt=\"\" width=\"700\" height=\"1050\" srcset=\"https:\/\/andreasimonetti.com.br\/blog\/wp-content\/uploads\/2018\/02\/streetstyle-nyfw-2019-inverno_2.jpg 1920w, https:\/\/andreasimonetti.com.br\/blog\/wp-content\/uploads\/2018\/02\/streetstyle-nyfw-2019-inverno_2-200x300.jpg 200w, https:\/\/andreasimonetti.com.br\/blog\/wp-content\/uploads\/2018\/02\/streetstyle-nyfw-2019-inverno_2-768x1152.jpg 768w, https:\/\/andreasimonetti.com.br\/blog\/wp-content\/uploads\/2018\/02\/streetstyle-nyfw-2019-inverno_2-683x1024.jpg 683w, https:\/\/andreasimonetti.com.br\/blog\/wp-content\/uploads\/2018\/02\/streetstyle-nyfw-2019-inverno_2-1170x1755.jpg 1170w, https:\/\/andreasimonetti.com.br\/blog\/wp-content\/uploads\/2018\/02\/streetstyle-nyfw-2019-inverno_2-585x878.jpg 585w\" sizes=\"auto, (max-width: 700px) 100vw, 700px\" \/><\/p>\n<p><img loading=\"lazy\" decoding=\"async\" class=\"alignnone wp-image-18548\" src=\"http:\/\/www.blogdaandreasimonetti.com.br\/wp-content\/uploads\/2018\/02\/streetstyle-nyfw-2019-inverno_7.jpg\" alt=\"\" width=\"700\" height=\"1050\" srcset=\"https:\/\/andreasimonetti.com.br\/blog\/wp-content\/uploads\/2018\/02\/streetstyle-nyfw-2019-inverno_7.jpg 1920w, https:\/\/andreasimonetti.com.br\/blog\/wp-content\/uploads\/2018\/02\/streetstyle-nyfw-2019-inverno_7-200x300.jpg 200w, https:\/\/andreasimonetti.com.br\/blog\/wp-content\/uploads\/2018\/02\/streetstyle-nyfw-2019-inverno_7-768x1152.jpg 768w, https:\/\/andreasimonetti.com.br\/blog\/wp-content\/uploads\/2018\/02\/streetstyle-nyfw-2019-inverno_7-683x1024.jpg 683w, https:\/\/andreasimonetti.com.br\/blog\/wp-content\/uploads\/2018\/02\/streetstyle-nyfw-2019-inverno_7-1170x1755.jpg 1170w, https:\/\/andreasimonetti.com.br\/blog\/wp-content\/uploads\/2018\/02\/streetstyle-nyfw-2019-inverno_7-585x878.jpg 585w\" sizes=\"auto, (max-width: 700px) 100vw, 700px\" \/><\/p>\n<p><img loading=\"lazy\" decoding=\"async\" class=\"alignnone wp-image-18549\" src=\"http:\/\/www.blogdaandreasimonetti.com.br\/wp-content\/uploads\/2018\/02\/streetstyle-nyfw-2019-inverno_18.jpg\" alt=\"\" width=\"700\" height=\"1050\" srcset=\"https:\/\/andreasimonetti.com.br\/blog\/wp-content\/uploads\/2018\/02\/streetstyle-nyfw-2019-inverno_18.jpg 1920w, https:\/\/andreasimonetti.com.br\/blog\/wp-content\/uploads\/2018\/02\/streetstyle-nyfw-2019-inverno_18-200x300.jpg 200w, https:\/\/andreasimonetti.com.br\/blog\/wp-content\/uploads\/2018\/02\/streetstyle-nyfw-2019-inverno_18-768x1152.jpg 768w, https:\/\/andreasimonetti.com.br\/blog\/wp-content\/uploads\/2018\/02\/streetstyle-nyfw-2019-inverno_18-683x1024.jpg 683w, https:\/\/andreasimonetti.com.br\/blog\/wp-content\/uploads\/2018\/02\/streetstyle-nyfw-2019-inverno_18-1170x1755.jpg 1170w, https:\/\/andreasimonetti.com.br\/blog\/wp-content\/uploads\/2018\/02\/streetstyle-nyfw-2019-inverno_18-585x878.jpg 585w\" sizes=\"auto, (max-width: 700px) 100vw, 700px\" \/><\/p>\n<p><img loading=\"lazy\" decoding=\"async\" class=\"alignnone wp-image-18550\" src=\"http:\/\/www.blogdaandreasimonetti.com.br\/wp-content\/uploads\/2018\/02\/streetstyle-nyfw-2019-inverno_22.jpg\" alt=\"\" width=\"700\" height=\"1050\" srcset=\"https:\/\/andreasimonetti.com.br\/blog\/wp-content\/uploads\/2018\/02\/streetstyle-nyfw-2019-inverno_22.jpg 1920w, https:\/\/andreasimonetti.com.br\/blog\/wp-content\/uploads\/2018\/02\/streetstyle-nyfw-2019-inverno_22-200x300.jpg 200w, https:\/\/andreasimonetti.com.br\/blog\/wp-content\/uploads\/2018\/02\/streetstyle-nyfw-2019-inverno_22-768x1152.jpg 768w, https:\/\/andreasimonetti.com.br\/blog\/wp-content\/uploads\/2018\/02\/streetstyle-nyfw-2019-inverno_22-683x1024.jpg 683w, https:\/\/andreasimonetti.com.br\/blog\/wp-content\/uploads\/2018\/02\/streetstyle-nyfw-2019-inverno_22-1170x1755.jpg 1170w, https:\/\/andreasimonetti.com.br\/blog\/wp-content\/uploads\/2018\/02\/streetstyle-nyfw-2019-inverno_22-585x878.jpg 585w\" sizes=\"auto, (max-width: 700px) 100vw, 700px\" \/><\/p>\n<p><img loading=\"lazy\" decoding=\"async\" class=\"alignnone wp-image-18551\" src=\"http:\/\/www.blogdaandreasimonetti.com.br\/wp-content\/uploads\/2018\/02\/streetstyle-nyfw-2019-inverno_30.jpg\" alt=\"\" width=\"700\" height=\"467\" srcset=\"https:\/\/andreasimonetti.com.br\/blog\/wp-content\/uploads\/2018\/02\/streetstyle-nyfw-2019-inverno_30.jpg 2880w, https:\/\/andreasimonetti.com.br\/blog\/wp-content\/uploads\/2018\/02\/streetstyle-nyfw-2019-inverno_30-300x200.jpg 300w, https:\/\/andreasimonetti.com.br\/blog\/wp-content\/uploads\/2018\/02\/streetstyle-nyfw-2019-inverno_30-768x512.jpg 768w, https:\/\/andreasimonetti.com.br\/blog\/wp-content\/uploads\/2018\/02\/streetstyle-nyfw-2019-inverno_30-1024x683.jpg 1024w, https:\/\/andreasimonetti.com.br\/blog\/wp-content\/uploads\/2018\/02\/streetstyle-nyfw-2019-inverno_30-1170x780.jpg 1170w, https:\/\/andreasimonetti.com.br\/blog\/wp-content\/uploads\/2018\/02\/streetstyle-nyfw-2019-inverno_30-585x390.jpg 585w, https:\/\/andreasimonetti.com.br\/blog\/wp-content\/uploads\/2018\/02\/streetstyle-nyfw-2019-inverno_30-263x175.jpg 263w\" sizes=\"auto, (max-width: 700px) 100vw, 700px\" \/><\/p>\n<p><img loading=\"lazy\" decoding=\"async\" class=\"alignnone wp-image-18552\" src=\"http:\/\/www.blogdaandreasimonetti.com.br\/wp-content\/uploads\/2018\/02\/streetstyle-nyfw-2019-inverno_33.jpg\" alt=\"\" width=\"700\" height=\"1050\" srcset=\"https:\/\/andreasimonetti.com.br\/blog\/wp-content\/uploads\/2018\/02\/streetstyle-nyfw-2019-inverno_33.jpg 1920w, https:\/\/andreasimonetti.com.br\/blog\/wp-content\/uploads\/2018\/02\/streetstyle-nyfw-2019-inverno_33-200x300.jpg 200w, https:\/\/andreasimonetti.com.br\/blog\/wp-content\/uploads\/2018\/02\/streetstyle-nyfw-2019-inverno_33-768x1152.jpg 768w, https:\/\/andreasimonetti.com.br\/blog\/wp-content\/uploads\/2018\/02\/streetstyle-nyfw-2019-inverno_33-683x1024.jpg 683w, https:\/\/andreasimonetti.com.br\/blog\/wp-content\/uploads\/2018\/02\/streetstyle-nyfw-2019-inverno_33-1170x1755.jpg 1170w, https:\/\/andreasimonetti.com.br\/blog\/wp-content\/uploads\/2018\/02\/streetstyle-nyfw-2019-inverno_33-585x878.jpg 585w\" sizes=\"auto, (max-width: 700px) 100vw, 700px\" \/><\/p>\n<p><img loading=\"lazy\" decoding=\"async\" class=\"alignnone wp-image-18553\" src=\"http:\/\/www.blogdaandreasimonetti.com.br\/wp-content\/uploads\/2018\/02\/streetstyle-nyfw-2019-inverno_34.jpg\" alt=\"\" width=\"700\" height=\"1050\" srcset=\"https:\/\/andreasimonetti.com.br\/blog\/wp-content\/uploads\/2018\/02\/streetstyle-nyfw-2019-inverno_34.jpg 1920w, https:\/\/andreasimonetti.com.br\/blog\/wp-content\/uploads\/2018\/02\/streetstyle-nyfw-2019-inverno_34-200x300.jpg 200w, https:\/\/andreasimonetti.com.br\/blog\/wp-content\/uploads\/2018\/02\/streetstyle-nyfw-2019-inverno_34-768x1152.jpg 768w, https:\/\/andreasimonetti.com.br\/blog\/wp-content\/uploads\/2018\/02\/streetstyle-nyfw-2019-inverno_34-683x1024.jpg 683w, https:\/\/andreasimonetti.com.br\/blog\/wp-content\/uploads\/2018\/02\/streetstyle-nyfw-2019-inverno_34-1170x1755.jpg 1170w, https:\/\/andreasimonetti.com.br\/blog\/wp-content\/uploads\/2018\/02\/streetstyle-nyfw-2019-inverno_34-585x878.jpg 585w\" sizes=\"auto, (max-width: 700px) 100vw, 700px\" \/><\/p>\n<p><img loading=\"lazy\" decoding=\"async\" class=\"alignnone wp-image-18554\" src=\"http:\/\/www.blogdaandreasimonetti.com.br\/wp-content\/uploads\/2018\/02\/streetstyle-nyfw-2019-inverno_56.jpg\" alt=\"\" width=\"700\" height=\"467\" srcset=\"https:\/\/andreasimonetti.com.br\/blog\/wp-content\/uploads\/2018\/02\/streetstyle-nyfw-2019-inverno_56.jpg 2880w, https:\/\/andreasimonetti.com.br\/blog\/wp-content\/uploads\/2018\/02\/streetstyle-nyfw-2019-inverno_56-300x200.jpg 300w, https:\/\/andreasimonetti.com.br\/blog\/wp-content\/uploads\/2018\/02\/streetstyle-nyfw-2019-inverno_56-768x512.jpg 768w, https:\/\/andreasimonetti.com.br\/blog\/wp-content\/uploads\/2018\/02\/streetstyle-nyfw-2019-inverno_56-1024x683.jpg 1024w, https:\/\/andreasimonetti.com.br\/blog\/wp-content\/uploads\/2018\/02\/streetstyle-nyfw-2019-inverno_56-1170x780.jpg 1170w, https:\/\/andreasimonetti.com.br\/blog\/wp-content\/uploads\/2018\/02\/streetstyle-nyfw-2019-inverno_56-585x390.jpg 585w, https:\/\/andreasimonetti.com.br\/blog\/wp-content\/uploads\/2018\/02\/streetstyle-nyfw-2019-inverno_56-263x175.jpg 263w\" sizes=\"auto, (max-width: 700px) 100vw, 700px\" \/><\/p>\n<p><img loading=\"lazy\" decoding=\"async\" class=\"alignnone wp-image-18555\" src=\"http:\/\/www.blogdaandreasimonetti.com.br\/wp-content\/uploads\/2018\/02\/streetstyle-nyfw-2019-inverno_59.jpg\" alt=\"\" width=\"700\" height=\"495\" srcset=\"https:\/\/andreasimonetti.com.br\/blog\/wp-content\/uploads\/2018\/02\/streetstyle-nyfw-2019-inverno_59.jpg 620w, https:\/\/andreasimonetti.com.br\/blog\/wp-content\/uploads\/2018\/02\/streetstyle-nyfw-2019-inverno_59-300x212.jpg 300w, https:\/\/andreasimonetti.com.br\/blog\/wp-content\/uploads\/2018\/02\/streetstyle-nyfw-2019-inverno_59-585x413.jpg 585w\" sizes=\"auto, (max-width: 700px) 100vw, 700px\" \/><\/p>\n<p><img loading=\"lazy\" decoding=\"async\" class=\"alignnone wp-image-18556\" src=\"http:\/\/www.blogdaandreasimonetti.com.br\/wp-content\/uploads\/2018\/02\/streetstyle-nyfw-2019-inverno_63.jpg\" alt=\"\" width=\"700\" height=\"467\" srcset=\"https:\/\/andreasimonetti.com.br\/blog\/wp-content\/uploads\/2018\/02\/streetstyle-nyfw-2019-inverno_63.jpg 2880w, https:\/\/andreasimonetti.com.br\/blog\/wp-content\/uploads\/2018\/02\/streetstyle-nyfw-2019-inverno_63-300x200.jpg 300w, https:\/\/andreasimonetti.com.br\/blog\/wp-content\/uploads\/2018\/02\/streetstyle-nyfw-2019-inverno_63-768x512.jpg 768w, https:\/\/andreasimonetti.com.br\/blog\/wp-content\/uploads\/2018\/02\/streetstyle-nyfw-2019-inverno_63-1024x683.jpg 1024w, https:\/\/andreasimonetti.com.br\/blog\/wp-content\/uploads\/2018\/02\/streetstyle-nyfw-2019-inverno_63-1170x780.jpg 1170w, https:\/\/andreasimonetti.com.br\/blog\/wp-content\/uploads\/2018\/02\/streetstyle-nyfw-2019-inverno_63-585x390.jpg 585w, https:\/\/andreasimonetti.com.br\/blog\/wp-content\/uploads\/2018\/02\/streetstyle-nyfw-2019-inverno_63-263x175.jpg 263w\" sizes=\"auto, (max-width: 700px) 100vw, 700px\" \/><\/p>\n<p><img loading=\"lazy\" decoding=\"async\" class=\"alignnone wp-image-18557\" src=\"http:\/\/www.blogdaandreasimonetti.com.br\/wp-content\/uploads\/2018\/02\/streetstyle-nyfw-2019-inverno_67.jpg\" alt=\"\" width=\"700\" height=\"467\" srcset=\"https:\/\/andreasimonetti.com.br\/blog\/wp-content\/uploads\/2018\/02\/streetstyle-nyfw-2019-inverno_67.jpg 2880w, https:\/\/andreasimonetti.com.br\/blog\/wp-content\/uploads\/2018\/02\/streetstyle-nyfw-2019-inverno_67-300x200.jpg 300w, https:\/\/andreasimonetti.com.br\/blog\/wp-content\/uploads\/2018\/02\/streetstyle-nyfw-2019-inverno_67-768x512.jpg 768w, https:\/\/andreasimonetti.com.br\/blog\/wp-content\/uploads\/2018\/02\/streetstyle-nyfw-2019-inverno_67-1024x683.jpg 1024w, https:\/\/andreasimonetti.com.br\/blog\/wp-content\/uploads\/2018\/02\/streetstyle-nyfw-2019-inverno_67-1170x780.jpg 1170w, https:\/\/andreasimonetti.com.br\/blog\/wp-content\/uploads\/2018\/02\/streetstyle-nyfw-2019-inverno_67-585x390.jpg 585w, https:\/\/andreasimonetti.com.br\/blog\/wp-content\/uploads\/2018\/02\/streetstyle-nyfw-2019-inverno_67-263x175.jpg 263w\" sizes=\"auto, (max-width: 700px) 100vw, 700px\" \/><\/p>\n","protected":false},"excerpt":{"rendered":"<p>Terminou a semana de moda de Nova York, mas os desfiles que mais chamaram a aten\u00e7\u00e3o aconteceram nas ruas, cheios de personalidade e estilo; as\u00a0fashionistas deram uma verdadeira aula de&hellip;<\/p>\n","protected":false},"author":7,"featured_media":18551,"comment_status":"open","ping_status":"open","sticky":false,"template":"","format":"standard","meta":{"_monsterinsights_skip_tracking":false,"_monsterinsights_sitenote_active":false,"_monsterinsights_sitenote_note":"","_monsterinsights_sitenote_category":0,"footnotes":""},"categories":[1508,3],"tags":[2606,2277],"class_list":["post-18545","post","type-post","status-publish","format-standard","has-post-thumbnail","hentry","category-destaque","category-moda","tag-a-moda-que-vem-da-rua","tag-street-style-nova-york"],"yoast_head":"<!-- This site is optimized with the Yoast SEO plugin v26.3 - https:\/\/yoast.com\/wordpress\/plugins\/seo\/ -->\n<title>A moda que vem da rua - Andrea Simonetti<\/title>\n<meta name=\"robots\" content=\"index, follow, max-snippet:-1, max-image-preview:large, max-video-preview:-1\" \/>\n<link rel=\"canonical\" href=\"https:\/\/andreasimonetti.com.br\/blog\/moda-que-vem-da-rua\/\" \/>\n<meta property=\"og:locale\" content=\"pt_BR\" \/>\n<meta property=\"og:type\" content=\"article\" \/>\n<meta property=\"og:title\" content=\"A moda que vem da rua - Andrea Simonetti\" \/>\n<meta property=\"og:description\" content=\"Terminou a semana de moda de Nova York, mas os desfiles que mais chamaram a aten\u00e7\u00e3o aconteceram nas ruas, cheios de personalidade e estilo; as\u00a0fashionistas deram uma verdadeira aula de&hellip;\" \/>\n<meta property=\"og:url\" content=\"https:\/\/andreasimonetti.com.br\/blog\/moda-que-vem-da-rua\/\" \/>\n<meta property=\"og:site_name\" content=\"Andrea Simonetti\" \/>\n<meta property=\"article:publisher\" content=\"https:\/\/www.facebook.com\/blogdaandreasimonetti\/\" \/>\n<meta property=\"article:author\" content=\"https:\/\/www.facebook.com\/blogdaandreasimonetti\/\" \/>\n<meta property=\"article:published_time\" content=\"2018-02-14T20:50:55+00:00\" \/>\n<meta property=\"article:modified_time\" content=\"2018-05-25T11:52:03+00:00\" \/>\n<meta property=\"og:image\" content=\"https:\/\/andreasimonetti.com.br\/blog\/wp-content\/uploads\/2018\/02\/streetstyle-nyfw-2019-inverno_30-1024x683.jpg\" \/>\n\t<meta property=\"og:image:width\" content=\"1024\" \/>\n\t<meta property=\"og:image:height\" content=\"683\" \/>\n\t<meta property=\"og:image:type\" content=\"image\/jpeg\" \/>\n<meta name=\"author\" content=\"Andrea Simonetti\" \/>\n<meta name=\"twitter:card\" content=\"summary_large_image\" \/>\n<meta name=\"twitter:creator\" content=\"@https:\/\/twitter.com\/Andrea_Simoneti\" \/>\n<meta name=\"twitter:site\" content=\"@Andrea_Simoneti\" \/>\n<meta name=\"twitter:label1\" content=\"Escrito por\" \/>\n\t<meta name=\"twitter:data1\" content=\"Andrea Simonetti\" \/>\n<!-- \/ Yoast SEO plugin. -->","yoast_head_json":{"title":"A moda que vem da rua - Andrea Simonetti","robots":{"index":"index","follow":"follow","max-snippet":"max-snippet:-1","max-image-preview":"max-image-preview:large","max-video-preview":"max-video-preview:-1"},"canonical":"https:\/\/andreasimonetti.com.br\/blog\/moda-que-vem-da-rua\/","og_locale":"pt_BR","og_type":"article","og_title":"A moda que vem da rua - Andrea Simonetti","og_description":"Terminou a semana de moda de Nova York, mas os desfiles que mais chamaram a aten\u00e7\u00e3o aconteceram nas ruas, cheios de personalidade e estilo; as\u00a0fashionistas deram uma verdadeira aula de&hellip;","og_url":"https:\/\/andreasimonetti.com.br\/blog\/moda-que-vem-da-rua\/","og_site_name":"Andrea Simonetti","article_publisher":"https:\/\/www.facebook.com\/blogdaandreasimonetti\/","article_author":"https:\/\/www.facebook.com\/blogdaandreasimonetti\/","article_published_time":"2018-02-14T20:50:55+00:00","article_modified_time":"2018-05-25T11:52:03+00:00","og_image":[{"width":1024,"height":683,"url":"https:\/\/andreasimonetti.com.br\/blog\/wp-content\/uploads\/2018\/02\/streetstyle-nyfw-2019-inverno_30-1024x683.jpg","type":"image\/jpeg"}],"author":"Andrea Simonetti","twitter_card":"summary_large_image","twitter_creator":"@https:\/\/twitter.com\/Andrea_Simoneti","twitter_site":"@Andrea_Simoneti","twitter_misc":{"Escrito por":"Andrea Simonetti"},"schema":{"@context":"https:\/\/schema.org","@graph":[{"@type":"WebPage","@id":"https:\/\/andreasimonetti.com.br\/blog\/moda-que-vem-da-rua\/","url":"https:\/\/andreasimonetti.com.br\/blog\/moda-que-vem-da-rua\/","name":"A moda que vem da rua - Andrea Simonetti","isPartOf":{"@id":"https:\/\/andreasimonetti.com.br\/blog\/#website"},"primaryImageOfPage":{"@id":"https:\/\/andreasimonetti.com.br\/blog\/moda-que-vem-da-rua\/#primaryimage"},"image":{"@id":"https:\/\/andreasimonetti.com.br\/blog\/moda-que-vem-da-rua\/#primaryimage"},"thumbnailUrl":"https:\/\/andreasimonetti.com.br\/blog\/wp-content\/uploads\/2018\/02\/streetstyle-nyfw-2019-inverno_30.jpg","datePublished":"2018-02-14T20:50:55+00:00","dateModified":"2018-05-25T11:52:03+00:00","author":{"@id":"https:\/\/andreasimonetti.com.br\/blog\/#\/schema\/person\/254f763c24ac288e27ea738a7366ad2a"},"breadcrumb":{"@id":"https:\/\/andreasimonetti.com.br\/blog\/moda-que-vem-da-rua\/#breadcrumb"},"inLanguage":"pt-BR","potentialAction":[{"@type":"ReadAction","target":["https:\/\/andreasimonetti.com.br\/blog\/moda-que-vem-da-rua\/"]}]},{"@type":"ImageObject","inLanguage":"pt-BR","@id":"https:\/\/andreasimonetti.com.br\/blog\/moda-que-vem-da-rua\/#primaryimage","url":"https:\/\/andreasimonetti.com.br\/blog\/wp-content\/uploads\/2018\/02\/streetstyle-nyfw-2019-inverno_30.jpg","contentUrl":"https:\/\/andreasimonetti.com.br\/blog\/wp-content\/uploads\/2018\/02\/streetstyle-nyfw-2019-inverno_30.jpg","width":2880,"height":1920},{"@type":"BreadcrumbList","@id":"https:\/\/andreasimonetti.com.br\/blog\/moda-que-vem-da-rua\/#breadcrumb","itemListElement":[{"@type":"ListItem","position":1,"name":"In\u00edcio","item":"https:\/\/andreasimonetti.com.br\/blog\/"},{"@type":"ListItem","position":2,"name":"A moda que vem da rua"}]},{"@type":"WebSite","@id":"https:\/\/andreasimonetti.com.br\/blog\/#website","url":"https:\/\/andreasimonetti.com.br\/blog\/","name":"Andrea Simonetti","description":"","potentialAction":[{"@type":"SearchAction","target":{"@type":"EntryPoint","urlTemplate":"https:\/\/andreasimonetti.com.br\/blog\/?s={search_term_string}"},"query-input":{"@type":"PropertyValueSpecification","valueRequired":true,"valueName":"search_term_string"}}],"inLanguage":"pt-BR"},{"@type":"Person","@id":"https:\/\/andreasimonetti.com.br\/blog\/#\/schema\/person\/254f763c24ac288e27ea738a7366ad2a","name":"Andrea Simonetti","image":{"@type":"ImageObject","inLanguage":"pt-BR","@id":"https:\/\/andreasimonetti.com.br\/blog\/#\/schema\/person\/image\/","url":"https:\/\/andreasimonetti.com.br\/blog\/wp-content\/uploads\/2018\/04\/andrea-simonetti-96x96.png","contentUrl":"https:\/\/andreasimonetti.com.br\/blog\/wp-content\/uploads\/2018\/04\/andrea-simonetti-96x96.png","caption":"Andrea Simonetti"},"description":"Sou formada em Administra\u00e7\u00e3o de Empresas, Produ\u00e7\u00e3o de Moda pelo SENAC e Consultoria de Estilo. Sou fascinada por moda desde sempre, adoro ver as pessoas produzidas e de bem com a vida. Moda \u00e9 o meu assunto preferido. Comecei meu blog em 2011, ele cresceu e hoje \u00e9 um site bem mais abrangente, onde eu falo sobre moda e meu trabalho de consultora de estilo. E falo tamb\u00e9m sobre a minha experi\u00eancia de vida. Mas antes de tudo, acredito num Deus Soberano que nos guia e aben\u00e7oa, o tempo todo!","sameAs":["https:\/\/www.andreasimonetti.com.br\/","https:\/\/www.facebook.com\/blogdaandreasimonetti\/","https:\/\/www.instagram.com\/andrea_simonetti\/","https:\/\/br.pinterest.com\/BlogAndrea\/","https:\/\/x.com\/https:\/\/twitter.com\/Andrea_Simoneti"],"url":"https:\/\/andreasimonetti.com.br\/blog\/author\/andrea\/"}]}},"_links":{"self":[{"href":"https:\/\/andreasimonetti.com.br\/blog\/wp-json\/wp\/v2\/posts\/18545","targetHints":{"allow":["GET"]}}],"collection":[{"href":"https:\/\/andreasimonetti.com.br\/blog\/wp-json\/wp\/v2\/posts"}],"about":[{"href":"https:\/\/andreasimonetti.com.br\/blog\/wp-json\/wp\/v2\/types\/post"}],"author":[{"embeddable":true,"href":"https:\/\/andreasimonetti.com.br\/blog\/wp-json\/wp\/v2\/users\/7"}],"replies":[{"embeddable":true,"href":"https:\/\/andreasimonetti.com.br\/blog\/wp-json\/wp\/v2\/comments?post=18545"}],"version-history":[{"count":0,"href":"https:\/\/andreasimonetti.com.br\/blog\/wp-json\/wp\/v2\/posts\/18545\/revisions"}],"wp:featuredmedia":[{"embeddable":true,"href":"https:\/\/andreasimonetti.com.br\/blog\/wp-json\/wp\/v2\/media\/18551"}],"wp:attachment":[{"href":"https:\/\/andreasimonetti.com.br\/blog\/wp-json\/wp\/v2\/media?parent=18545"}],"wp:term":[{"taxonomy":"category","embeddable":true,"href":"https:\/\/andreasimonetti.com.br\/blog\/wp-json\/wp\/v2\/categories?post=18545"},{"taxonomy":"post_tag","embeddable":true,"href":"https:\/\/andreasimonetti.com.br\/blog\/wp-json\/wp\/v2\/tags?post=18545"}],"curies":[{"name":"wp","href":"https:\/\/api.w.org\/{rel}","templated":true}]}}