{"id":18345,"date":"2017-12-19T22:10:50","date_gmt":"2017-12-20T00:10:50","guid":{"rendered":"http:\/\/www.blogdaandreasimonetti.com.br\/?p=18345"},"modified":"2018-05-25T08:52:04","modified_gmt":"2018-05-25T11:52:04","slug":"e-a-cor-do-ano-e","status":"publish","type":"post","link":"https:\/\/andreasimonetti.com.br\/blog\/e-a-cor-do-ano-e\/","title":{"rendered":"E a cor do ano \u00e9 &#8230;"},"content":{"rendered":"<p>A Pantone divulgou a cor do ano 2018 e a eleita foi a <span style=\"color: #ff0000;\">Ultra Violet<\/span>. Segundo a marca, a cor comunica originalidade, engenhosidade e um pensamento vision\u00e1rio.<\/p>\n<p>A tend\u00eancia promete fazer sucesso entre as fashionistas por simbolizar uma quebra de paradigmas, criatividade e ousadia.<\/p>\n<p>Num momento onde tudo \u00e9 igual podemos brincar com esse tom, tanto nos looks, quanto nas makes e acess\u00f3rios.<\/p>\n<p>Por ser uma cor muito marcante, o ideal \u00e9 utiliz\u00e1-la em apenas uma pe\u00e7a no look ou como ponto de luz na produ\u00e7\u00e3o.<\/p>\n<p>Que 2018, tingido de ultra violet, traga o melhor para nossas vidas !!<\/p>\n<p>&nbsp;<\/p>\n<p><img loading=\"lazy\" decoding=\"async\" class=\"alignnone size-full wp-image-18346\" src=\"http:\/\/www.blogdaandreasimonetti.com.br\/wp-content\/uploads\/2017\/12\/pantone-color-of-the-year-2018-ultra-violet-banner.jpg\" alt=\"\" width=\"620\" height=\"207\" srcset=\"https:\/\/andreasimonetti.com.br\/blog\/wp-content\/uploads\/2017\/12\/pantone-color-of-the-year-2018-ultra-violet-banner.jpg 620w, https:\/\/andreasimonetti.com.br\/blog\/wp-content\/uploads\/2017\/12\/pantone-color-of-the-year-2018-ultra-violet-banner-300x100.jpg 300w, https:\/\/andreasimonetti.com.br\/blog\/wp-content\/uploads\/2017\/12\/pantone-color-of-the-year-2018-ultra-violet-banner-585x195.jpg 585w\" sizes=\"auto, (max-width: 620px) 100vw, 620px\" \/><\/p>\n<p><img loading=\"lazy\" decoding=\"async\" class=\"alignnone size-full wp-image-18347\" src=\"http:\/\/www.blogdaandreasimonetti.com.br\/wp-content\/uploads\/2017\/12\/pantone-color-of-the-year-2018-tools-for-designers-fashion.jpg\" alt=\"\" width=\"620\" height=\"392\" srcset=\"https:\/\/andreasimonetti.com.br\/blog\/wp-content\/uploads\/2017\/12\/pantone-color-of-the-year-2018-tools-for-designers-fashion.jpg 620w, https:\/\/andreasimonetti.com.br\/blog\/wp-content\/uploads\/2017\/12\/pantone-color-of-the-year-2018-tools-for-designers-fashion-300x190.jpg 300w, https:\/\/andreasimonetti.com.br\/blog\/wp-content\/uploads\/2017\/12\/pantone-color-of-the-year-2018-tools-for-designers-fashion-585x370.jpg 585w\" sizes=\"auto, (max-width: 620px) 100vw, 620px\" \/><\/p>\n<div id=\"attachment_18348\" style=\"width: 710px\" class=\"wp-caption alignnone\"><img loading=\"lazy\" decoding=\"async\" aria-describedby=\"caption-attachment-18348\" class=\"wp-image-18348 size-full\" src=\"http:\/\/www.blogdaandreasimonetti.com.br\/wp-content\/uploads\/2017\/12\/page-4.jpg\" alt=\"\" width=\"700\" height=\"700\" srcset=\"https:\/\/andreasimonetti.com.br\/blog\/wp-content\/uploads\/2017\/12\/page-4.jpg 700w, https:\/\/andreasimonetti.com.br\/blog\/wp-content\/uploads\/2017\/12\/page-4-150x150.jpg 150w, https:\/\/andreasimonetti.com.br\/blog\/wp-content\/uploads\/2017\/12\/page-4-300x300.jpg 300w, https:\/\/andreasimonetti.com.br\/blog\/wp-content\/uploads\/2017\/12\/page-4-585x585.jpg 585w\" sizes=\"auto, (max-width: 700px) 100vw, 700px\" \/><p id=\"caption-attachment-18348\" class=\"wp-caption-text\"><strong>Os looks ficam super elegantes com a cor ultra Violet.<\/strong><\/p><\/div>\n<div id=\"attachment_18351\" style=\"width: 710px\" class=\"wp-caption alignnone\"><img loading=\"lazy\" decoding=\"async\" aria-describedby=\"caption-attachment-18351\" class=\"wp-image-18351 size-full\" src=\"http:\/\/www.blogdaandreasimonetti.com.br\/wp-content\/uploads\/2017\/12\/page-10.jpg\" alt=\"\" width=\"700\" height=\"700\" srcset=\"https:\/\/andreasimonetti.com.br\/blog\/wp-content\/uploads\/2017\/12\/page-10.jpg 700w, https:\/\/andreasimonetti.com.br\/blog\/wp-content\/uploads\/2017\/12\/page-10-150x150.jpg 150w, https:\/\/andreasimonetti.com.br\/blog\/wp-content\/uploads\/2017\/12\/page-10-300x300.jpg 300w, https:\/\/andreasimonetti.com.br\/blog\/wp-content\/uploads\/2017\/12\/page-10-585x585.jpg 585w\" sizes=\"auto, (max-width: 700px) 100vw, 700px\" \/><p id=\"caption-attachment-18351\" class=\"wp-caption-text\"><strong>Bolsa, t\u00eanis e sand\u00e1lias no tom ultra violet<\/strong><\/p><\/div>\n<div id=\"attachment_18349\" style=\"width: 710px\" class=\"wp-caption alignnone\"><img loading=\"lazy\" decoding=\"async\" aria-describedby=\"caption-attachment-18349\" class=\"wp-image-18349\" src=\"http:\/\/www.blogdaandreasimonetti.com.br\/wp-content\/uploads\/2017\/12\/pantone-ultra_violet-eye_makeup-1.jpg\" alt=\"\" width=\"700\" height=\"691\" srcset=\"https:\/\/andreasimonetti.com.br\/blog\/wp-content\/uploads\/2017\/12\/pantone-ultra_violet-eye_makeup-1.jpg 764w, https:\/\/andreasimonetti.com.br\/blog\/wp-content\/uploads\/2017\/12\/pantone-ultra_violet-eye_makeup-1-300x296.jpg 300w, https:\/\/andreasimonetti.com.br\/blog\/wp-content\/uploads\/2017\/12\/pantone-ultra_violet-eye_makeup-1-585x577.jpg 585w\" sizes=\"auto, (max-width: 700px) 100vw, 700px\" \/><p id=\"caption-attachment-18349\" class=\"wp-caption-text\"><strong>Use a cor Ultra Violet apenas nos l\u00e1bios ou na regi\u00e3o dos olhos. Nunca os dois de uma vez.<\/strong><\/p><\/div>\n<div id=\"attachment_18354\" style=\"width: 778px\" class=\"wp-caption alignnone\"><img loading=\"lazy\" decoding=\"async\" aria-describedby=\"caption-attachment-18354\" class=\"wp-image-18354 size-full\" src=\"http:\/\/www.blogdaandreasimonetti.com.br\/wp-content\/uploads\/2017\/12\/cine-esmaltes-1-768x470.jpg\" alt=\"\" width=\"768\" height=\"470\" srcset=\"https:\/\/andreasimonetti.com.br\/blog\/wp-content\/uploads\/2017\/12\/cine-esmaltes-1-768x470.jpg 768w, https:\/\/andreasimonetti.com.br\/blog\/wp-content\/uploads\/2017\/12\/cine-esmaltes-1-768x470-300x184.jpg 300w, https:\/\/andreasimonetti.com.br\/blog\/wp-content\/uploads\/2017\/12\/cine-esmaltes-1-768x470-585x358.jpg 585w\" sizes=\"auto, (max-width: 768px) 100vw, 768px\" \/><p id=\"caption-attachment-18354\" class=\"wp-caption-text\"><strong>Esmaltes j\u00e1 apostam na cor :\u00a0 Obsess\u00e3o e Psico da Risqu\u00e9 \u2013 R$3,90; Sandy \u2013 Dedilhada \u2013 R$4,20; Morgan Taylor \u2013 R$18,9<\/strong>0<\/p><\/div>\n<div id=\"attachment_18350\" style=\"width: 710px\" class=\"wp-caption alignnone\"><img loading=\"lazy\" decoding=\"async\" aria-describedby=\"caption-attachment-18350\" class=\"wp-image-18350\" src=\"http:\/\/www.blogdaandreasimonetti.com.br\/wp-content\/uploads\/2017\/12\/24126434_548544415497545_1278007152883007488_n.jpg\" alt=\"\" width=\"700\" height=\"700\" srcset=\"https:\/\/andreasimonetti.com.br\/blog\/wp-content\/uploads\/2017\/12\/24126434_548544415497545_1278007152883007488_n.jpg 750w, https:\/\/andreasimonetti.com.br\/blog\/wp-content\/uploads\/2017\/12\/24126434_548544415497545_1278007152883007488_n-150x150.jpg 150w, https:\/\/andreasimonetti.com.br\/blog\/wp-content\/uploads\/2017\/12\/24126434_548544415497545_1278007152883007488_n-300x300.jpg 300w, https:\/\/andreasimonetti.com.br\/blog\/wp-content\/uploads\/2017\/12\/24126434_548544415497545_1278007152883007488_n-585x585.jpg 585w\" sizes=\"auto, (max-width: 700px) 100vw, 700px\" \/><p id=\"caption-attachment-18350\" class=\"wp-caption-text\"><strong>A ultra violet j\u00e1 aparece nas decora\u00e7\u00f5es de festas. Fotografia: @thayrabello<\/strong><\/p><\/div>\n","protected":false},"excerpt":{"rendered":"<p>A Pantone divulgou a cor do ano 2018 e a eleita foi a Ultra Violet. Segundo a marca, a cor comunica originalidade, engenhosidade e um pensamento vision\u00e1rio. A tend\u00eancia promete&hellip;<\/p>\n","protected":false},"author":7,"featured_media":18348,"comment_status":"open","ping_status":"open","sticky":false,"template":"","format":"standard","meta":{"_monsterinsights_skip_tracking":false,"_monsterinsights_sitenote_active":false,"_monsterinsights_sitenote_note":"","_monsterinsights_sitenote_category":0,"footnotes":""},"categories":[1508,3],"tags":[1432,2587,681],"class_list":["post-18345","post","type-post","status-publish","format-standard","has-post-thumbnail","hentry","category-destaque","category-moda","tag-cor-do-ano-2014","tag-e-a-cor-do-ano-e-ultra-violet","tag-pantone"],"yoast_head":"<!-- This site is optimized with the Yoast SEO plugin v26.3 - https:\/\/yoast.com\/wordpress\/plugins\/seo\/ -->\n<title>E a cor do ano \u00e9 ... - Andrea Simonetti<\/title>\n<meta name=\"robots\" content=\"index, follow, max-snippet:-1, max-image-preview:large, max-video-preview:-1\" \/>\n<link rel=\"canonical\" href=\"https:\/\/andreasimonetti.com.br\/blog\/e-a-cor-do-ano-e\/\" \/>\n<meta property=\"og:locale\" content=\"pt_BR\" \/>\n<meta property=\"og:type\" content=\"article\" \/>\n<meta property=\"og:title\" content=\"E a cor do ano \u00e9 ... - Andrea Simonetti\" \/>\n<meta property=\"og:description\" content=\"A Pantone divulgou a cor do ano 2018 e a eleita foi a Ultra Violet. Segundo a marca, a cor comunica originalidade, engenhosidade e um pensamento vision\u00e1rio. A tend\u00eancia promete&hellip;\" \/>\n<meta property=\"og:url\" content=\"https:\/\/andreasimonetti.com.br\/blog\/e-a-cor-do-ano-e\/\" \/>\n<meta property=\"og:site_name\" content=\"Andrea Simonetti\" \/>\n<meta property=\"article:publisher\" content=\"https:\/\/www.facebook.com\/blogdaandreasimonetti\/\" \/>\n<meta property=\"article:author\" content=\"https:\/\/www.facebook.com\/blogdaandreasimonetti\/\" \/>\n<meta property=\"article:published_time\" content=\"2017-12-20T00:10:50+00:00\" \/>\n<meta property=\"article:modified_time\" content=\"2018-05-25T11:52:04+00:00\" \/>\n<meta property=\"og:image\" content=\"https:\/\/andreasimonetti.com.br\/blog\/wp-content\/uploads\/2017\/12\/page-4.jpg\" \/>\n\t<meta property=\"og:image:width\" content=\"700\" \/>\n\t<meta property=\"og:image:height\" content=\"700\" \/>\n\t<meta property=\"og:image:type\" content=\"image\/jpeg\" \/>\n<meta name=\"author\" content=\"Andrea Simonetti\" \/>\n<meta name=\"twitter:card\" content=\"summary_large_image\" \/>\n<meta name=\"twitter:creator\" content=\"@https:\/\/twitter.com\/Andrea_Simoneti\" \/>\n<meta name=\"twitter:site\" content=\"@Andrea_Simoneti\" \/>\n<meta name=\"twitter:label1\" content=\"Escrito por\" \/>\n\t<meta name=\"twitter:data1\" content=\"Andrea Simonetti\" \/>\n\t<meta name=\"twitter:label2\" content=\"Est. tempo de leitura\" \/>\n\t<meta name=\"twitter:data2\" content=\"1 minuto\" \/>\n<!-- \/ Yoast SEO plugin. -->","yoast_head_json":{"title":"E a cor do ano \u00e9 ... - Andrea Simonetti","robots":{"index":"index","follow":"follow","max-snippet":"max-snippet:-1","max-image-preview":"max-image-preview:large","max-video-preview":"max-video-preview:-1"},"canonical":"https:\/\/andreasimonetti.com.br\/blog\/e-a-cor-do-ano-e\/","og_locale":"pt_BR","og_type":"article","og_title":"E a cor do ano \u00e9 ... - Andrea Simonetti","og_description":"A Pantone divulgou a cor do ano 2018 e a eleita foi a Ultra Violet. Segundo a marca, a cor comunica originalidade, engenhosidade e um pensamento vision\u00e1rio. A tend\u00eancia promete&hellip;","og_url":"https:\/\/andreasimonetti.com.br\/blog\/e-a-cor-do-ano-e\/","og_site_name":"Andrea Simonetti","article_publisher":"https:\/\/www.facebook.com\/blogdaandreasimonetti\/","article_author":"https:\/\/www.facebook.com\/blogdaandreasimonetti\/","article_published_time":"2017-12-20T00:10:50+00:00","article_modified_time":"2018-05-25T11:52:04+00:00","og_image":[{"width":700,"height":700,"url":"https:\/\/andreasimonetti.com.br\/blog\/wp-content\/uploads\/2017\/12\/page-4.jpg","type":"image\/jpeg"}],"author":"Andrea Simonetti","twitter_card":"summary_large_image","twitter_creator":"@https:\/\/twitter.com\/Andrea_Simoneti","twitter_site":"@Andrea_Simoneti","twitter_misc":{"Escrito por":"Andrea Simonetti","Est. tempo de leitura":"1 minuto"},"schema":{"@context":"https:\/\/schema.org","@graph":[{"@type":"WebPage","@id":"https:\/\/andreasimonetti.com.br\/blog\/e-a-cor-do-ano-e\/","url":"https:\/\/andreasimonetti.com.br\/blog\/e-a-cor-do-ano-e\/","name":"E a cor do ano \u00e9 ... - Andrea Simonetti","isPartOf":{"@id":"https:\/\/andreasimonetti.com.br\/blog\/#website"},"primaryImageOfPage":{"@id":"https:\/\/andreasimonetti.com.br\/blog\/e-a-cor-do-ano-e\/#primaryimage"},"image":{"@id":"https:\/\/andreasimonetti.com.br\/blog\/e-a-cor-do-ano-e\/#primaryimage"},"thumbnailUrl":"https:\/\/andreasimonetti.com.br\/blog\/wp-content\/uploads\/2017\/12\/page-4.jpg","datePublished":"2017-12-20T00:10:50+00:00","dateModified":"2018-05-25T11:52:04+00:00","author":{"@id":"https:\/\/andreasimonetti.com.br\/blog\/#\/schema\/person\/254f763c24ac288e27ea738a7366ad2a"},"breadcrumb":{"@id":"https:\/\/andreasimonetti.com.br\/blog\/e-a-cor-do-ano-e\/#breadcrumb"},"inLanguage":"pt-BR","potentialAction":[{"@type":"ReadAction","target":["https:\/\/andreasimonetti.com.br\/blog\/e-a-cor-do-ano-e\/"]}]},{"@type":"ImageObject","inLanguage":"pt-BR","@id":"https:\/\/andreasimonetti.com.br\/blog\/e-a-cor-do-ano-e\/#primaryimage","url":"https:\/\/andreasimonetti.com.br\/blog\/wp-content\/uploads\/2017\/12\/page-4.jpg","contentUrl":"https:\/\/andreasimonetti.com.br\/blog\/wp-content\/uploads\/2017\/12\/page-4.jpg","width":700,"height":700},{"@type":"BreadcrumbList","@id":"https:\/\/andreasimonetti.com.br\/blog\/e-a-cor-do-ano-e\/#breadcrumb","itemListElement":[{"@type":"ListItem","position":1,"name":"In\u00edcio","item":"https:\/\/andreasimonetti.com.br\/blog\/"},{"@type":"ListItem","position":2,"name":"E a cor do ano \u00e9 &#8230;"}]},{"@type":"WebSite","@id":"https:\/\/andreasimonetti.com.br\/blog\/#website","url":"https:\/\/andreasimonetti.com.br\/blog\/","name":"Andrea Simonetti","description":"","potentialAction":[{"@type":"SearchAction","target":{"@type":"EntryPoint","urlTemplate":"https:\/\/andreasimonetti.com.br\/blog\/?s={search_term_string}"},"query-input":{"@type":"PropertyValueSpecification","valueRequired":true,"valueName":"search_term_string"}}],"inLanguage":"pt-BR"},{"@type":"Person","@id":"https:\/\/andreasimonetti.com.br\/blog\/#\/schema\/person\/254f763c24ac288e27ea738a7366ad2a","name":"Andrea Simonetti","image":{"@type":"ImageObject","inLanguage":"pt-BR","@id":"https:\/\/andreasimonetti.com.br\/blog\/#\/schema\/person\/image\/","url":"https:\/\/andreasimonetti.com.br\/blog\/wp-content\/uploads\/2018\/04\/andrea-simonetti-96x96.png","contentUrl":"https:\/\/andreasimonetti.com.br\/blog\/wp-content\/uploads\/2018\/04\/andrea-simonetti-96x96.png","caption":"Andrea Simonetti"},"description":"Sou formada em Administra\u00e7\u00e3o de Empresas, Produ\u00e7\u00e3o de Moda pelo SENAC e Consultoria de Estilo. Sou fascinada por moda desde sempre, adoro ver as pessoas produzidas e de bem com a vida. Moda \u00e9 o meu assunto preferido. Comecei meu blog em 2011, ele cresceu e hoje \u00e9 um site bem mais abrangente, onde eu falo sobre moda e meu trabalho de consultora de estilo. E falo tamb\u00e9m sobre a minha experi\u00eancia de vida. Mas antes de tudo, acredito num Deus Soberano que nos guia e aben\u00e7oa, o tempo todo!","sameAs":["https:\/\/www.andreasimonetti.com.br\/","https:\/\/www.facebook.com\/blogdaandreasimonetti\/","https:\/\/www.instagram.com\/andrea_simonetti\/","https:\/\/br.pinterest.com\/BlogAndrea\/","https:\/\/x.com\/https:\/\/twitter.com\/Andrea_Simoneti"],"url":"https:\/\/andreasimonetti.com.br\/blog\/author\/andrea\/"}]}},"_links":{"self":[{"href":"https:\/\/andreasimonetti.com.br\/blog\/wp-json\/wp\/v2\/posts\/18345","targetHints":{"allow":["GET"]}}],"collection":[{"href":"https:\/\/andreasimonetti.com.br\/blog\/wp-json\/wp\/v2\/posts"}],"about":[{"href":"https:\/\/andreasimonetti.com.br\/blog\/wp-json\/wp\/v2\/types\/post"}],"author":[{"embeddable":true,"href":"https:\/\/andreasimonetti.com.br\/blog\/wp-json\/wp\/v2\/users\/7"}],"replies":[{"embeddable":true,"href":"https:\/\/andreasimonetti.com.br\/blog\/wp-json\/wp\/v2\/comments?post=18345"}],"version-history":[{"count":0,"href":"https:\/\/andreasimonetti.com.br\/blog\/wp-json\/wp\/v2\/posts\/18345\/revisions"}],"wp:featuredmedia":[{"embeddable":true,"href":"https:\/\/andreasimonetti.com.br\/blog\/wp-json\/wp\/v2\/media\/18348"}],"wp:attachment":[{"href":"https:\/\/andreasimonetti.com.br\/blog\/wp-json\/wp\/v2\/media?parent=18345"}],"wp:term":[{"taxonomy":"category","embeddable":true,"href":"https:\/\/andreasimonetti.com.br\/blog\/wp-json\/wp\/v2\/categories?post=18345"},{"taxonomy":"post_tag","embeddable":true,"href":"https:\/\/andreasimonetti.com.br\/blog\/wp-json\/wp\/v2\/tags?post=18345"}],"curies":[{"name":"wp","href":"https:\/\/api.w.org\/{rel}","templated":true}]}}