{"id":17691,"date":"2017-07-24T20:11:31","date_gmt":"2017-07-24T23:11:31","guid":{"rendered":"http:\/\/www.blogdaandreasimonetti.com.br\/?p=17691"},"modified":"2018-05-25T07:44:29","modified_gmt":"2018-05-25T10:44:29","slug":"receita-granola-de-maca-e-cranberry","status":"publish","type":"post","link":"https:\/\/andreasimonetti.com.br\/blog\/receita-granola-de-maca-e-cranberry\/","title":{"rendered":"Receita : Granola de Ma\u00e7\u00e3 e Cranberry"},"content":{"rendered":"<p>A aveia dessa receita saborosa proporciona uma dose extra de energia e uma agrad\u00e1vel sensa\u00e7\u00e3o de tranquilidade.<\/p>\n<p>Que tal aprender \u00a0mais esta deliciosa e nutritiva receita funcional para evitar a ansiedade?<\/p>\n<p>&nbsp;<\/p>\n<p><img loading=\"lazy\" decoding=\"async\" class=\"alignnone wp-image-17692\" src=\"http:\/\/www.blogdaandreasimonetti.com.br\/wp-content\/uploads\/2017\/07\/0703-Centro-Nutri\u00e7\u00e3o-Celular-Receitas-Granola-de-ma\u00e7\u00e3-e-canberry-SITE.jpg\" alt=\"\" width=\"700\" height=\"467\" srcset=\"https:\/\/andreasimonetti.com.br\/blog\/wp-content\/uploads\/2017\/07\/0703-Centro-Nutri\u00e7\u00e3o-Celular-Receitas-Granola-de-ma\u00e7\u00e3-e-canberry-SITE.jpg 960w, https:\/\/andreasimonetti.com.br\/blog\/wp-content\/uploads\/2017\/07\/0703-Centro-Nutri\u00e7\u00e3o-Celular-Receitas-Granola-de-ma\u00e7\u00e3-e-canberry-SITE-300x200.jpg 300w, https:\/\/andreasimonetti.com.br\/blog\/wp-content\/uploads\/2017\/07\/0703-Centro-Nutri\u00e7\u00e3o-Celular-Receitas-Granola-de-ma\u00e7\u00e3-e-canberry-SITE-768x512.jpg 768w, https:\/\/andreasimonetti.com.br\/blog\/wp-content\/uploads\/2017\/07\/0703-Centro-Nutri\u00e7\u00e3o-Celular-Receitas-Granola-de-ma\u00e7\u00e3-e-canberry-SITE-140x94.jpg 140w\" sizes=\"auto, (max-width: 700px) 100vw, 700px\" \/><\/p>\n<h6><em>Ingredientes<\/em><\/h6>\n<ul>\n<li>2 ma\u00e7\u00e3s grandes descascada e picadas<\/li>\n<li>4 colheres (sopa) de maple syrup<\/li>\n<li>2 colheres de ch\u00e1 de canela<\/li>\n<li>1 colheres (sopa) de azeite<\/li>\n<li>1 colher (ch\u00e1) de noz-moscada ralada<\/li>\n<li>250 g de flocos de aveia<\/li>\n<li>25 g de semente de linha\u00e7a dourada<\/li>\n<li>50 g de am\u00eandoa picada<\/li>\n<li>50 g de noz-pe\u00e7a picada<\/li>\n<li>50g de semente de girassol<\/li>\n<li>150 g de cranberry seco<\/li>\n<\/ul>\n<p>&nbsp;<\/p>\n<h6><em>Para servir<\/em><\/h6>\n<ul>\n<li>150ml de iogurte natural por por\u00e7\u00e3o<\/li>\n<li>Um punhado de frutas secas (uva, mirtilo ou p\u00eassego cortados em fatias)<\/li>\n<\/ul>\n<p>&nbsp;<\/p>\n<h6><em>Modo de preparo<\/em><\/h6>\n<p>Bata a ma\u00e7a com maple syrup, a canela, o azeite e a noz-moscada no liquidificador ou processador, at\u00e9 ficar homog\u00eaneo.<\/p>\n<p>Junte a aveia, a linha\u00e7a, a am\u00eandoa, a castanha do para, a pec\u00e3 e a semente de girassol em uma tigela, acrescente a ma\u00e7\u00e3 batida e misture.<\/p>\n<p>Transporte para uma assadeira levemente untada e leve ao forno preaquecido por 15-20 minutos. Mexa frequentemente, at\u00e9 secar e dourar. Retire do forno, deixe esfriar e adicione o cranberry.<\/p>\n<p>Sirva a granola com iogurte e frutas frescas.<\/p>\n","protected":false},"excerpt":{"rendered":"<p>A aveia dessa receita saborosa proporciona uma dose extra de energia e uma agrad\u00e1vel sensa\u00e7\u00e3o de tranquilidade. Que tal aprender \u00a0mais esta deliciosa e nutritiva receita funcional para evitar a&hellip;<\/p>\n","protected":false},"author":7,"featured_media":17692,"comment_status":"open","ping_status":"open","sticky":false,"template":"","format":"standard","meta":{"_monsterinsights_skip_tracking":false,"_monsterinsights_sitenote_active":false,"_monsterinsights_sitenote_note":"","_monsterinsights_sitenote_category":0,"footnotes":""},"categories":[2670,1508],"tags":[2531],"class_list":["post-17691","post","type-post","status-publish","format-standard","has-post-thumbnail","hentry","category-bem-estar","category-destaque","tag-granola-de-maca-e-canberry"],"yoast_head":"<!-- This site is optimized with the Yoast SEO plugin v26.3 - https:\/\/yoast.com\/wordpress\/plugins\/seo\/ -->\n<title>Receita : Granola de Ma\u00e7\u00e3 e Cranberry - Andrea Simonetti<\/title>\n<meta name=\"robots\" content=\"index, follow, max-snippet:-1, max-image-preview:large, max-video-preview:-1\" \/>\n<link rel=\"canonical\" href=\"https:\/\/andreasimonetti.com.br\/blog\/receita-granola-de-maca-e-cranberry\/\" \/>\n<meta property=\"og:locale\" content=\"pt_BR\" \/>\n<meta property=\"og:type\" content=\"article\" \/>\n<meta property=\"og:title\" content=\"Receita : Granola de Ma\u00e7\u00e3 e Cranberry - Andrea Simonetti\" \/>\n<meta property=\"og:description\" content=\"A aveia dessa receita saborosa proporciona uma dose extra de energia e uma agrad\u00e1vel sensa\u00e7\u00e3o de tranquilidade. Que tal aprender \u00a0mais esta deliciosa e nutritiva receita funcional para evitar a&hellip;\" \/>\n<meta property=\"og:url\" content=\"https:\/\/andreasimonetti.com.br\/blog\/receita-granola-de-maca-e-cranberry\/\" \/>\n<meta property=\"og:site_name\" content=\"Andrea Simonetti\" \/>\n<meta property=\"article:publisher\" content=\"https:\/\/www.facebook.com\/blogdaandreasimonetti\/\" \/>\n<meta property=\"article:author\" content=\"https:\/\/www.facebook.com\/blogdaandreasimonetti\/\" \/>\n<meta property=\"article:published_time\" content=\"2017-07-24T23:11:31+00:00\" \/>\n<meta property=\"article:modified_time\" content=\"2018-05-25T10:44:29+00:00\" \/>\n<meta property=\"og:image\" content=\"https:\/\/andreasimonetti.com.br\/blog\/wp-content\/uploads\/2017\/07\/0703-Centro-Nutri\u00e7\u00e3o-Celular-Receitas-Granola-de-ma\u00e7\u00e3-e-canberry-SITE.jpg\" \/>\n\t<meta property=\"og:image:width\" content=\"960\" \/>\n\t<meta property=\"og:image:height\" content=\"640\" \/>\n\t<meta property=\"og:image:type\" content=\"image\/jpeg\" \/>\n<meta name=\"author\" content=\"Andrea Simonetti\" \/>\n<meta name=\"twitter:card\" content=\"summary_large_image\" \/>\n<meta name=\"twitter:creator\" content=\"@https:\/\/twitter.com\/Andrea_Simoneti\" \/>\n<meta name=\"twitter:site\" content=\"@Andrea_Simoneti\" \/>\n<meta name=\"twitter:label1\" content=\"Escrito por\" \/>\n\t<meta name=\"twitter:data1\" content=\"Andrea Simonetti\" \/>\n\t<meta name=\"twitter:label2\" content=\"Est. tempo de leitura\" \/>\n\t<meta name=\"twitter:data2\" content=\"1 minuto\" \/>\n<!-- \/ Yoast SEO plugin. -->","yoast_head_json":{"title":"Receita : Granola de Ma\u00e7\u00e3 e Cranberry - Andrea Simonetti","robots":{"index":"index","follow":"follow","max-snippet":"max-snippet:-1","max-image-preview":"max-image-preview:large","max-video-preview":"max-video-preview:-1"},"canonical":"https:\/\/andreasimonetti.com.br\/blog\/receita-granola-de-maca-e-cranberry\/","og_locale":"pt_BR","og_type":"article","og_title":"Receita : Granola de Ma\u00e7\u00e3 e Cranberry - Andrea Simonetti","og_description":"A aveia dessa receita saborosa proporciona uma dose extra de energia e uma agrad\u00e1vel sensa\u00e7\u00e3o de tranquilidade. Que tal aprender \u00a0mais esta deliciosa e nutritiva receita funcional para evitar a&hellip;","og_url":"https:\/\/andreasimonetti.com.br\/blog\/receita-granola-de-maca-e-cranberry\/","og_site_name":"Andrea Simonetti","article_publisher":"https:\/\/www.facebook.com\/blogdaandreasimonetti\/","article_author":"https:\/\/www.facebook.com\/blogdaandreasimonetti\/","article_published_time":"2017-07-24T23:11:31+00:00","article_modified_time":"2018-05-25T10:44:29+00:00","og_image":[{"width":960,"height":640,"url":"https:\/\/andreasimonetti.com.br\/blog\/wp-content\/uploads\/2017\/07\/0703-Centro-Nutri\u00e7\u00e3o-Celular-Receitas-Granola-de-ma\u00e7\u00e3-e-canberry-SITE.jpg","type":"image\/jpeg"}],"author":"Andrea Simonetti","twitter_card":"summary_large_image","twitter_creator":"@https:\/\/twitter.com\/Andrea_Simoneti","twitter_site":"@Andrea_Simoneti","twitter_misc":{"Escrito por":"Andrea Simonetti","Est. tempo de leitura":"1 minuto"},"schema":{"@context":"https:\/\/schema.org","@graph":[{"@type":"WebPage","@id":"https:\/\/andreasimonetti.com.br\/blog\/receita-granola-de-maca-e-cranberry\/","url":"https:\/\/andreasimonetti.com.br\/blog\/receita-granola-de-maca-e-cranberry\/","name":"Receita : Granola de Ma\u00e7\u00e3 e Cranberry - Andrea Simonetti","isPartOf":{"@id":"https:\/\/andreasimonetti.com.br\/blog\/#website"},"primaryImageOfPage":{"@id":"https:\/\/andreasimonetti.com.br\/blog\/receita-granola-de-maca-e-cranberry\/#primaryimage"},"image":{"@id":"https:\/\/andreasimonetti.com.br\/blog\/receita-granola-de-maca-e-cranberry\/#primaryimage"},"thumbnailUrl":"https:\/\/andreasimonetti.com.br\/blog\/wp-content\/uploads\/2017\/07\/0703-Centro-Nutri\u00e7\u00e3o-Celular-Receitas-Granola-de-ma\u00e7\u00e3-e-canberry-SITE.jpg","datePublished":"2017-07-24T23:11:31+00:00","dateModified":"2018-05-25T10:44:29+00:00","author":{"@id":"https:\/\/andreasimonetti.com.br\/blog\/#\/schema\/person\/254f763c24ac288e27ea738a7366ad2a"},"breadcrumb":{"@id":"https:\/\/andreasimonetti.com.br\/blog\/receita-granola-de-maca-e-cranberry\/#breadcrumb"},"inLanguage":"pt-BR","potentialAction":[{"@type":"ReadAction","target":["https:\/\/andreasimonetti.com.br\/blog\/receita-granola-de-maca-e-cranberry\/"]}]},{"@type":"ImageObject","inLanguage":"pt-BR","@id":"https:\/\/andreasimonetti.com.br\/blog\/receita-granola-de-maca-e-cranberry\/#primaryimage","url":"https:\/\/andreasimonetti.com.br\/blog\/wp-content\/uploads\/2017\/07\/0703-Centro-Nutri\u00e7\u00e3o-Celular-Receitas-Granola-de-ma\u00e7\u00e3-e-canberry-SITE.jpg","contentUrl":"https:\/\/andreasimonetti.com.br\/blog\/wp-content\/uploads\/2017\/07\/0703-Centro-Nutri\u00e7\u00e3o-Celular-Receitas-Granola-de-ma\u00e7\u00e3-e-canberry-SITE.jpg","width":960,"height":640},{"@type":"BreadcrumbList","@id":"https:\/\/andreasimonetti.com.br\/blog\/receita-granola-de-maca-e-cranberry\/#breadcrumb","itemListElement":[{"@type":"ListItem","position":1,"name":"In\u00edcio","item":"https:\/\/andreasimonetti.com.br\/blog\/"},{"@type":"ListItem","position":2,"name":"Receita : Granola de Ma\u00e7\u00e3 e Cranberry"}]},{"@type":"WebSite","@id":"https:\/\/andreasimonetti.com.br\/blog\/#website","url":"https:\/\/andreasimonetti.com.br\/blog\/","name":"Andrea Simonetti","description":"","potentialAction":[{"@type":"SearchAction","target":{"@type":"EntryPoint","urlTemplate":"https:\/\/andreasimonetti.com.br\/blog\/?s={search_term_string}"},"query-input":{"@type":"PropertyValueSpecification","valueRequired":true,"valueName":"search_term_string"}}],"inLanguage":"pt-BR"},{"@type":"Person","@id":"https:\/\/andreasimonetti.com.br\/blog\/#\/schema\/person\/254f763c24ac288e27ea738a7366ad2a","name":"Andrea Simonetti","image":{"@type":"ImageObject","inLanguage":"pt-BR","@id":"https:\/\/andreasimonetti.com.br\/blog\/#\/schema\/person\/image\/","url":"https:\/\/andreasimonetti.com.br\/blog\/wp-content\/uploads\/2018\/04\/andrea-simonetti-96x96.png","contentUrl":"https:\/\/andreasimonetti.com.br\/blog\/wp-content\/uploads\/2018\/04\/andrea-simonetti-96x96.png","caption":"Andrea Simonetti"},"description":"Sou formada em Administra\u00e7\u00e3o de Empresas, Produ\u00e7\u00e3o de Moda pelo SENAC e Consultoria de Estilo. Sou fascinada por moda desde sempre, adoro ver as pessoas produzidas e de bem com a vida. Moda \u00e9 o meu assunto preferido. Comecei meu blog em 2011, ele cresceu e hoje \u00e9 um site bem mais abrangente, onde eu falo sobre moda e meu trabalho de consultora de estilo. E falo tamb\u00e9m sobre a minha experi\u00eancia de vida. Mas antes de tudo, acredito num Deus Soberano que nos guia e aben\u00e7oa, o tempo todo!","sameAs":["https:\/\/www.andreasimonetti.com.br\/","https:\/\/www.facebook.com\/blogdaandreasimonetti\/","https:\/\/www.instagram.com\/andrea_simonetti\/","https:\/\/br.pinterest.com\/BlogAndrea\/","https:\/\/x.com\/https:\/\/twitter.com\/Andrea_Simoneti"],"url":"https:\/\/andreasimonetti.com.br\/blog\/author\/andrea\/"}]}},"_links":{"self":[{"href":"https:\/\/andreasimonetti.com.br\/blog\/wp-json\/wp\/v2\/posts\/17691","targetHints":{"allow":["GET"]}}],"collection":[{"href":"https:\/\/andreasimonetti.com.br\/blog\/wp-json\/wp\/v2\/posts"}],"about":[{"href":"https:\/\/andreasimonetti.com.br\/blog\/wp-json\/wp\/v2\/types\/post"}],"author":[{"embeddable":true,"href":"https:\/\/andreasimonetti.com.br\/blog\/wp-json\/wp\/v2\/users\/7"}],"replies":[{"embeddable":true,"href":"https:\/\/andreasimonetti.com.br\/blog\/wp-json\/wp\/v2\/comments?post=17691"}],"version-history":[{"count":0,"href":"https:\/\/andreasimonetti.com.br\/blog\/wp-json\/wp\/v2\/posts\/17691\/revisions"}],"wp:featuredmedia":[{"embeddable":true,"href":"https:\/\/andreasimonetti.com.br\/blog\/wp-json\/wp\/v2\/media\/17692"}],"wp:attachment":[{"href":"https:\/\/andreasimonetti.com.br\/blog\/wp-json\/wp\/v2\/media?parent=17691"}],"wp:term":[{"taxonomy":"category","embeddable":true,"href":"https:\/\/andreasimonetti.com.br\/blog\/wp-json\/wp\/v2\/categories?post=17691"},{"taxonomy":"post_tag","embeddable":true,"href":"https:\/\/andreasimonetti.com.br\/blog\/wp-json\/wp\/v2\/tags?post=17691"}],"curies":[{"name":"wp","href":"https:\/\/api.w.org\/{rel}","templated":true}]}}