{"id":17673,"date":"2017-07-26T14:38:39","date_gmt":"2017-07-26T17:38:39","guid":{"rendered":"http:\/\/www.blogdaandreasimonetti.com.br\/?p=17673"},"modified":"2017-07-26T14:38:39","modified_gmt":"2017-07-26T17:38:39","slug":"ja-tem-o-seu-slingback","status":"publish","type":"post","link":"https:\/\/andreasimonetti.com.br\/blog\/ja-tem-o-seu-slingback\/","title":{"rendered":"J\u00e1 tem o seu slingback ?"},"content":{"rendered":"<p>Na onda anti-salto pela qual passa a moda, os t\u00eanis dominaram em 2016 e agora \u00e9 a v\u00eaz de um modelo salto baixo que est\u00e1 super em alta : o &#8216;slingback&#8217;. De salto baixinho que se prende ao calcanhar por uma tira, o slingback deixa os looks com uma pegada mais chique. Marcas como Dior, Gucci e Victoria Beckham j\u00e1 introduziram esse hit em suas cole\u00e7\u00f5es.<\/p>\n<p><img loading=\"lazy\" decoding=\"async\" class=\"alignnone wp-image-17674\" src=\"http:\/\/www.blogdaandreasimonetti.com.br\/wp-content\/uploads\/2017\/07\/01a-street-style-chanel-shoes-slingback-granny-shoes-boyfriend-jeans-chanel-255-bag-con-dos-tacones-c2t.jpg\" alt=\"\" width=\"700\" height=\"1031\" srcset=\"https:\/\/andreasimonetti.com.br\/blog\/wp-content\/uploads\/2017\/07\/01a-street-style-chanel-shoes-slingback-granny-shoes-boyfriend-jeans-chanel-255-bag-con-dos-tacones-c2t.jpg 670w, https:\/\/andreasimonetti.com.br\/blog\/wp-content\/uploads\/2017\/07\/01a-street-style-chanel-shoes-slingback-granny-shoes-boyfriend-jeans-chanel-255-bag-con-dos-tacones-c2t-204x300.jpg 204w\" sizes=\"auto, (max-width: 700px) 100vw, 700px\" \/><\/p>\n<p><img loading=\"lazy\" decoding=\"async\" class=\"alignnone wp-image-17675\" src=\"http:\/\/www.blogdaandreasimonetti.com.br\/wp-content\/uploads\/2017\/07\/a2aff5cdac4621064af762b3b287dee4.jpg\" alt=\"\" width=\"700\" height=\"874\" srcset=\"https:\/\/andreasimonetti.com.br\/blog\/wp-content\/uploads\/2017\/07\/a2aff5cdac4621064af762b3b287dee4.jpg 630w, https:\/\/andreasimonetti.com.br\/blog\/wp-content\/uploads\/2017\/07\/a2aff5cdac4621064af762b3b287dee4-240x300.jpg 240w\" sizes=\"auto, (max-width: 700px) 100vw, 700px\" \/><\/p>\n<p><img loading=\"lazy\" decoding=\"async\" class=\"alignnone wp-image-17676\" src=\"http:\/\/www.blogdaandreasimonetti.com.br\/wp-content\/uploads\/2017\/07\/man-repeller-miniskirt-transitional-in-the-fall-14.jpg\" alt=\"\" width=\"700\" height=\"466\" srcset=\"https:\/\/andreasimonetti.com.br\/blog\/wp-content\/uploads\/2017\/07\/man-repeller-miniskirt-transitional-in-the-fall-14.jpg 800w, https:\/\/andreasimonetti.com.br\/blog\/wp-content\/uploads\/2017\/07\/man-repeller-miniskirt-transitional-in-the-fall-14-300x200.jpg 300w, https:\/\/andreasimonetti.com.br\/blog\/wp-content\/uploads\/2017\/07\/man-repeller-miniskirt-transitional-in-the-fall-14-768x512.jpg 768w, https:\/\/andreasimonetti.com.br\/blog\/wp-content\/uploads\/2017\/07\/man-repeller-miniskirt-transitional-in-the-fall-14-140x94.jpg 140w\" sizes=\"auto, (max-width: 700px) 100vw, 700px\" \/><\/p>\n<p><img loading=\"lazy\" decoding=\"async\" class=\"alignnone wp-image-17682\" src=\"http:\/\/www.blogdaandreasimonetti.com.br\/wp-content\/uploads\/2017\/07\/street_style_milan_fashion_week_dia_1_gucci_277948580_800x.jpg\" alt=\"\" width=\"700\" height=\"1050\" srcset=\"https:\/\/andreasimonetti.com.br\/blog\/wp-content\/uploads\/2017\/07\/street_style_milan_fashion_week_dia_1_gucci_277948580_800x.jpg 800w, https:\/\/andreasimonetti.com.br\/blog\/wp-content\/uploads\/2017\/07\/street_style_milan_fashion_week_dia_1_gucci_277948580_800x-200x300.jpg 200w, https:\/\/andreasimonetti.com.br\/blog\/wp-content\/uploads\/2017\/07\/street_style_milan_fashion_week_dia_1_gucci_277948580_800x-768x1152.jpg 768w, https:\/\/andreasimonetti.com.br\/blog\/wp-content\/uploads\/2017\/07\/street_style_milan_fashion_week_dia_1_gucci_277948580_800x-683x1024.jpg 683w\" sizes=\"auto, (max-width: 700px) 100vw, 700px\" \/><\/p>\n<p><img loading=\"lazy\" decoding=\"async\" class=\"alignnone wp-image-17677\" src=\"http:\/\/www.blogdaandreasimonetti.com.br\/wp-content\/uploads\/2017\/07\/native-post-img-1-2041-57e20307a70e6.jpg\" alt=\"\" width=\"700\" height=\"802\" srcset=\"https:\/\/andreasimonetti.com.br\/blog\/wp-content\/uploads\/2017\/07\/native-post-img-1-2041-57e20307a70e6.jpg 752w, https:\/\/andreasimonetti.com.br\/blog\/wp-content\/uploads\/2017\/07\/native-post-img-1-2041-57e20307a70e6-262x300.jpg 262w\" sizes=\"auto, (max-width: 700px) 100vw, 700px\" \/><\/p>\n<p><img loading=\"lazy\" decoding=\"async\" class=\"alignnone wp-image-17683\" src=\"http:\/\/www.blogdaandreasimonetti.com.br\/wp-content\/uploads\/2017\/07\/Weekend-Casual-Look-The-Girl-From-Panama-Mango-flowy-top-cropped-skinny-jeans-chanel-slingbacks-chanel-french-riviera-flap-celine-tild-sunglasses-13-copy.jpg\" alt=\"\" width=\"700\" height=\"467\" srcset=\"https:\/\/andreasimonetti.com.br\/blog\/wp-content\/uploads\/2017\/07\/Weekend-Casual-Look-The-Girl-From-Panama-Mango-flowy-top-cropped-skinny-jeans-chanel-slingbacks-chanel-french-riviera-flap-celine-tild-sunglasses-13-copy.jpg 1610w, https:\/\/andreasimonetti.com.br\/blog\/wp-content\/uploads\/2017\/07\/Weekend-Casual-Look-The-Girl-From-Panama-Mango-flowy-top-cropped-skinny-jeans-chanel-slingbacks-chanel-french-riviera-flap-celine-tild-sunglasses-13-copy-300x200.jpg 300w, https:\/\/andreasimonetti.com.br\/blog\/wp-content\/uploads\/2017\/07\/Weekend-Casual-Look-The-Girl-From-Panama-Mango-flowy-top-cropped-skinny-jeans-chanel-slingbacks-chanel-french-riviera-flap-celine-tild-sunglasses-13-copy-768x513.jpg 768w, https:\/\/andreasimonetti.com.br\/blog\/wp-content\/uploads\/2017\/07\/Weekend-Casual-Look-The-Girl-From-Panama-Mango-flowy-top-cropped-skinny-jeans-chanel-slingbacks-chanel-french-riviera-flap-celine-tild-sunglasses-13-copy-1024x684.jpg 1024w, https:\/\/andreasimonetti.com.br\/blog\/wp-content\/uploads\/2017\/07\/Weekend-Casual-Look-The-Girl-From-Panama-Mango-flowy-top-cropped-skinny-jeans-chanel-slingbacks-chanel-french-riviera-flap-celine-tild-sunglasses-13-copy-140x94.jpg 140w\" sizes=\"auto, (max-width: 700px) 100vw, 700px\" \/><\/p>\n<p><img loading=\"lazy\" decoding=\"async\" class=\"alignnone wp-image-17678\" src=\"http:\/\/www.blogdaandreasimonetti.com.br\/wp-content\/uploads\/2017\/07\/native-post-img-1-2041-57e203018b6f8.jpg\" alt=\"\" width=\"700\" height=\"466\" srcset=\"https:\/\/andreasimonetti.com.br\/blog\/wp-content\/uploads\/2017\/07\/native-post-img-1-2041-57e203018b6f8.jpg 800w, https:\/\/andreasimonetti.com.br\/blog\/wp-content\/uploads\/2017\/07\/native-post-img-1-2041-57e203018b6f8-300x200.jpg 300w, https:\/\/andreasimonetti.com.br\/blog\/wp-content\/uploads\/2017\/07\/native-post-img-1-2041-57e203018b6f8-768x512.jpg 768w, https:\/\/andreasimonetti.com.br\/blog\/wp-content\/uploads\/2017\/07\/native-post-img-1-2041-57e203018b6f8-140x94.jpg 140w\" sizes=\"auto, (max-width: 700px) 100vw, 700px\" \/><\/p>\n<p><img loading=\"lazy\" decoding=\"async\" class=\"alignnone wp-image-17679\" src=\"http:\/\/www.blogdaandreasimonetti.com.br\/wp-content\/uploads\/2017\/07\/slingbacks-3B4A1191.jpg\" alt=\"\" width=\"700\" height=\"1050\" srcset=\"https:\/\/andreasimonetti.com.br\/blog\/wp-content\/uploads\/2017\/07\/slingbacks-3B4A1191.jpg 800w, https:\/\/andreasimonetti.com.br\/blog\/wp-content\/uploads\/2017\/07\/slingbacks-3B4A1191-200x300.jpg 200w, https:\/\/andreasimonetti.com.br\/blog\/wp-content\/uploads\/2017\/07\/slingbacks-3B4A1191-768x1152.jpg 768w, https:\/\/andreasimonetti.com.br\/blog\/wp-content\/uploads\/2017\/07\/slingbacks-3B4A1191-683x1024.jpg 683w\" sizes=\"auto, (max-width: 700px) 100vw, 700px\" \/><\/p>\n","protected":false},"excerpt":{"rendered":"<p>Na onda anti-salto pela qual passa a moda, os t\u00eanis dominaram em 2016 e agora \u00e9 a v\u00eaz de um modelo salto baixo que est\u00e1 super em alta : o&hellip;<\/p>\n","protected":false},"author":7,"featured_media":17686,"comment_status":"open","ping_status":"open","sticky":false,"template":"","format":"standard","meta":{"_monsterinsights_skip_tracking":false,"_monsterinsights_sitenote_active":false,"_monsterinsights_sitenote_note":"","_monsterinsights_sitenote_category":0,"footnotes":""},"categories":[1508,3],"tags":[2532],"class_list":["post-17673","post","type-post","status-publish","format-standard","has-post-thumbnail","hentry","category-destaque","category-moda","tag-ja-tem-o-seu-slingback"],"yoast_head":"<!-- This site is optimized with the Yoast SEO plugin v26.3 - https:\/\/yoast.com\/wordpress\/plugins\/seo\/ -->\n<title>J\u00e1 tem o seu slingback ? - Andrea Simonetti<\/title>\n<meta name=\"robots\" content=\"index, follow, max-snippet:-1, max-image-preview:large, max-video-preview:-1\" \/>\n<link rel=\"canonical\" href=\"https:\/\/andreasimonetti.com.br\/blog\/ja-tem-o-seu-slingback\/\" \/>\n<meta property=\"og:locale\" content=\"pt_BR\" \/>\n<meta property=\"og:type\" content=\"article\" \/>\n<meta property=\"og:title\" content=\"J\u00e1 tem o seu slingback ? - Andrea Simonetti\" \/>\n<meta property=\"og:description\" content=\"Na onda anti-salto pela qual passa a moda, os t\u00eanis dominaram em 2016 e agora \u00e9 a v\u00eaz de um modelo salto baixo que est\u00e1 super em alta : o&hellip;\" \/>\n<meta property=\"og:url\" content=\"https:\/\/andreasimonetti.com.br\/blog\/ja-tem-o-seu-slingback\/\" \/>\n<meta property=\"og:site_name\" content=\"Andrea Simonetti\" \/>\n<meta property=\"article:publisher\" content=\"https:\/\/www.facebook.com\/blogdaandreasimonetti\/\" \/>\n<meta property=\"article:author\" content=\"https:\/\/www.facebook.com\/blogdaandreasimonetti\/\" \/>\n<meta property=\"article:published_time\" content=\"2017-07-26T17:38:39+00:00\" \/>\n<meta property=\"og:image\" content=\"https:\/\/andreasimonetti.com.br\/blog\/wp-content\/uploads\/2017\/07\/7P4A2710.jpg\" \/>\n\t<meta property=\"og:image:width\" content=\"3000\" \/>\n\t<meta property=\"og:image:height\" content=\"2000\" \/>\n\t<meta property=\"og:image:type\" content=\"image\/jpeg\" \/>\n<meta name=\"author\" content=\"Andrea Simonetti\" \/>\n<meta name=\"twitter:card\" content=\"summary_large_image\" \/>\n<meta name=\"twitter:creator\" content=\"@https:\/\/twitter.com\/Andrea_Simoneti\" \/>\n<meta name=\"twitter:site\" content=\"@Andrea_Simoneti\" \/>\n<meta name=\"twitter:label1\" content=\"Escrito por\" \/>\n\t<meta name=\"twitter:data1\" content=\"Andrea Simonetti\" \/>\n<!-- \/ Yoast SEO plugin. -->","yoast_head_json":{"title":"J\u00e1 tem o seu slingback ? - Andrea Simonetti","robots":{"index":"index","follow":"follow","max-snippet":"max-snippet:-1","max-image-preview":"max-image-preview:large","max-video-preview":"max-video-preview:-1"},"canonical":"https:\/\/andreasimonetti.com.br\/blog\/ja-tem-o-seu-slingback\/","og_locale":"pt_BR","og_type":"article","og_title":"J\u00e1 tem o seu slingback ? - Andrea Simonetti","og_description":"Na onda anti-salto pela qual passa a moda, os t\u00eanis dominaram em 2016 e agora \u00e9 a v\u00eaz de um modelo salto baixo que est\u00e1 super em alta : o&hellip;","og_url":"https:\/\/andreasimonetti.com.br\/blog\/ja-tem-o-seu-slingback\/","og_site_name":"Andrea Simonetti","article_publisher":"https:\/\/www.facebook.com\/blogdaandreasimonetti\/","article_author":"https:\/\/www.facebook.com\/blogdaandreasimonetti\/","article_published_time":"2017-07-26T17:38:39+00:00","og_image":[{"width":3000,"height":2000,"url":"https:\/\/andreasimonetti.com.br\/blog\/wp-content\/uploads\/2017\/07\/7P4A2710.jpg","type":"image\/jpeg"}],"author":"Andrea Simonetti","twitter_card":"summary_large_image","twitter_creator":"@https:\/\/twitter.com\/Andrea_Simoneti","twitter_site":"@Andrea_Simoneti","twitter_misc":{"Escrito por":"Andrea Simonetti"},"schema":{"@context":"https:\/\/schema.org","@graph":[{"@type":"WebPage","@id":"https:\/\/andreasimonetti.com.br\/blog\/ja-tem-o-seu-slingback\/","url":"https:\/\/andreasimonetti.com.br\/blog\/ja-tem-o-seu-slingback\/","name":"J\u00e1 tem o seu slingback ? - Andrea Simonetti","isPartOf":{"@id":"https:\/\/andreasimonetti.com.br\/blog\/#website"},"primaryImageOfPage":{"@id":"https:\/\/andreasimonetti.com.br\/blog\/ja-tem-o-seu-slingback\/#primaryimage"},"image":{"@id":"https:\/\/andreasimonetti.com.br\/blog\/ja-tem-o-seu-slingback\/#primaryimage"},"thumbnailUrl":"https:\/\/andreasimonetti.com.br\/blog\/wp-content\/uploads\/2017\/07\/7P4A2710.jpg","datePublished":"2017-07-26T17:38:39+00:00","author":{"@id":"https:\/\/andreasimonetti.com.br\/blog\/#\/schema\/person\/254f763c24ac288e27ea738a7366ad2a"},"breadcrumb":{"@id":"https:\/\/andreasimonetti.com.br\/blog\/ja-tem-o-seu-slingback\/#breadcrumb"},"inLanguage":"pt-BR","potentialAction":[{"@type":"ReadAction","target":["https:\/\/andreasimonetti.com.br\/blog\/ja-tem-o-seu-slingback\/"]}]},{"@type":"ImageObject","inLanguage":"pt-BR","@id":"https:\/\/andreasimonetti.com.br\/blog\/ja-tem-o-seu-slingback\/#primaryimage","url":"https:\/\/andreasimonetti.com.br\/blog\/wp-content\/uploads\/2017\/07\/7P4A2710.jpg","contentUrl":"https:\/\/andreasimonetti.com.br\/blog\/wp-content\/uploads\/2017\/07\/7P4A2710.jpg","width":3000,"height":2000},{"@type":"BreadcrumbList","@id":"https:\/\/andreasimonetti.com.br\/blog\/ja-tem-o-seu-slingback\/#breadcrumb","itemListElement":[{"@type":"ListItem","position":1,"name":"In\u00edcio","item":"https:\/\/andreasimonetti.com.br\/blog\/"},{"@type":"ListItem","position":2,"name":"J\u00e1 tem o seu slingback ?"}]},{"@type":"WebSite","@id":"https:\/\/andreasimonetti.com.br\/blog\/#website","url":"https:\/\/andreasimonetti.com.br\/blog\/","name":"Andrea Simonetti","description":"","potentialAction":[{"@type":"SearchAction","target":{"@type":"EntryPoint","urlTemplate":"https:\/\/andreasimonetti.com.br\/blog\/?s={search_term_string}"},"query-input":{"@type":"PropertyValueSpecification","valueRequired":true,"valueName":"search_term_string"}}],"inLanguage":"pt-BR"},{"@type":"Person","@id":"https:\/\/andreasimonetti.com.br\/blog\/#\/schema\/person\/254f763c24ac288e27ea738a7366ad2a","name":"Andrea Simonetti","image":{"@type":"ImageObject","inLanguage":"pt-BR","@id":"https:\/\/andreasimonetti.com.br\/blog\/#\/schema\/person\/image\/","url":"https:\/\/andreasimonetti.com.br\/blog\/wp-content\/uploads\/2018\/04\/andrea-simonetti-96x96.png","contentUrl":"https:\/\/andreasimonetti.com.br\/blog\/wp-content\/uploads\/2018\/04\/andrea-simonetti-96x96.png","caption":"Andrea Simonetti"},"description":"Sou formada em Administra\u00e7\u00e3o de Empresas, Produ\u00e7\u00e3o de Moda pelo SENAC e Consultoria de Estilo. Sou fascinada por moda desde sempre, adoro ver as pessoas produzidas e de bem com a vida. Moda \u00e9 o meu assunto preferido. Comecei meu blog em 2011, ele cresceu e hoje \u00e9 um site bem mais abrangente, onde eu falo sobre moda e meu trabalho de consultora de estilo. E falo tamb\u00e9m sobre a minha experi\u00eancia de vida. Mas antes de tudo, acredito num Deus Soberano que nos guia e aben\u00e7oa, o tempo todo!","sameAs":["https:\/\/www.andreasimonetti.com.br\/","https:\/\/www.facebook.com\/blogdaandreasimonetti\/","https:\/\/www.instagram.com\/andrea_simonetti\/","https:\/\/br.pinterest.com\/BlogAndrea\/","https:\/\/x.com\/https:\/\/twitter.com\/Andrea_Simoneti"],"url":"https:\/\/andreasimonetti.com.br\/blog\/author\/andrea\/"}]}},"_links":{"self":[{"href":"https:\/\/andreasimonetti.com.br\/blog\/wp-json\/wp\/v2\/posts\/17673","targetHints":{"allow":["GET"]}}],"collection":[{"href":"https:\/\/andreasimonetti.com.br\/blog\/wp-json\/wp\/v2\/posts"}],"about":[{"href":"https:\/\/andreasimonetti.com.br\/blog\/wp-json\/wp\/v2\/types\/post"}],"author":[{"embeddable":true,"href":"https:\/\/andreasimonetti.com.br\/blog\/wp-json\/wp\/v2\/users\/7"}],"replies":[{"embeddable":true,"href":"https:\/\/andreasimonetti.com.br\/blog\/wp-json\/wp\/v2\/comments?post=17673"}],"version-history":[{"count":0,"href":"https:\/\/andreasimonetti.com.br\/blog\/wp-json\/wp\/v2\/posts\/17673\/revisions"}],"wp:featuredmedia":[{"embeddable":true,"href":"https:\/\/andreasimonetti.com.br\/blog\/wp-json\/wp\/v2\/media\/17686"}],"wp:attachment":[{"href":"https:\/\/andreasimonetti.com.br\/blog\/wp-json\/wp\/v2\/media?parent=17673"}],"wp:term":[{"taxonomy":"category","embeddable":true,"href":"https:\/\/andreasimonetti.com.br\/blog\/wp-json\/wp\/v2\/categories?post=17673"},{"taxonomy":"post_tag","embeddable":true,"href":"https:\/\/andreasimonetti.com.br\/blog\/wp-json\/wp\/v2\/tags?post=17673"}],"curies":[{"name":"wp","href":"https:\/\/api.w.org\/{rel}","templated":true}]}}