{"id":17539,"date":"2017-06-13T13:29:52","date_gmt":"2017-06-13T16:29:52","guid":{"rendered":"http:\/\/www.blogdaandreasimonetti.com.br\/?p=17539"},"modified":"2018-05-25T08:30:19","modified_gmt":"2018-05-25T11:30:19","slug":"poncho-peca-chave-para-este-inverno","status":"publish","type":"post","link":"https:\/\/andreasimonetti.com.br\/blog\/poncho-peca-chave-para-este-inverno\/","title":{"rendered":"Poncho : pe\u00e7a chave para este inverno"},"content":{"rendered":"<p>J\u00e1 houve per\u00edodos na moda em que o poncho era considerado chic, e em outros, uma pe\u00e7a brega. Mas agora ele ressurgiu com for\u00e7a total e pode ser considerado chave no inverno. O poncho combina com v\u00e1rios looks, com detalhes e caimentos que valorizam a imagem. Uma dica de consultoria de estilo \u00e9 combinar sempre com uma pe\u00e7a de baixo mais justa. Eu usei com cal\u00e7a flare de couro, que apesar de larga na boca, \u00e9 justa at\u00e9 o joelho. Essa composi\u00e7\u00e3o de uma pe\u00e7a mais folgada sobrepondo outra mais justa causa um efeito visual muito bom. Voc\u00ea gosta de poncho ? Ent\u00e3o me mande inbox uma foto sua usando a pe\u00e7a para que eu compartilhe com as leitoras do blog. E se tiver alguma d\u00favida sobre estilo, me pergunte !!<\/p>\n<p><img loading=\"lazy\" decoding=\"async\" class=\"alignnone wp-image-17540\" src=\"http:\/\/www.blogdaandreasimonetti.com.br\/wp-content\/uploads\/2017\/06\/DSC0295.jpg\" alt=\"\" width=\"700\" height=\"1019\" srcset=\"https:\/\/andreasimonetti.com.br\/blog\/wp-content\/uploads\/2017\/06\/DSC0295.jpg 2916w, https:\/\/andreasimonetti.com.br\/blog\/wp-content\/uploads\/2017\/06\/DSC0295-206x300.jpg 206w, https:\/\/andreasimonetti.com.br\/blog\/wp-content\/uploads\/2017\/06\/DSC0295-768x1118.jpg 768w, https:\/\/andreasimonetti.com.br\/blog\/wp-content\/uploads\/2017\/06\/DSC0295-703x1024.jpg 703w\" sizes=\"auto, (max-width: 700px) 100vw, 700px\" \/><img loading=\"lazy\" decoding=\"async\" class=\"alignnone wp-image-17542\" src=\"http:\/\/www.blogdaandreasimonetti.com.br\/wp-content\/uploads\/2017\/06\/DSC0294.jpg\" alt=\"\" width=\"700\" height=\"1053\" srcset=\"https:\/\/andreasimonetti.com.br\/blog\/wp-content\/uploads\/2017\/06\/DSC0294.jpg 2942w, https:\/\/andreasimonetti.com.br\/blog\/wp-content\/uploads\/2017\/06\/DSC0294-199x300.jpg 199w, https:\/\/andreasimonetti.com.br\/blog\/wp-content\/uploads\/2017\/06\/DSC0294-768x1155.jpg 768w, https:\/\/andreasimonetti.com.br\/blog\/wp-content\/uploads\/2017\/06\/DSC0294-681x1024.jpg 681w\" sizes=\"auto, (max-width: 700px) 100vw, 700px\" \/><\/p>\n<p><img loading=\"lazy\" decoding=\"async\" class=\"alignnone wp-image-17541\" src=\"http:\/\/www.blogdaandreasimonetti.com.br\/wp-content\/uploads\/2017\/06\/DSC0301.jpg\" alt=\"\" width=\"700\" height=\"862\" srcset=\"https:\/\/andreasimonetti.com.br\/blog\/wp-content\/uploads\/2017\/06\/DSC0301.jpg 2688w, https:\/\/andreasimonetti.com.br\/blog\/wp-content\/uploads\/2017\/06\/DSC0301-243x300.jpg 243w, https:\/\/andreasimonetti.com.br\/blog\/wp-content\/uploads\/2017\/06\/DSC0301-768x946.jpg 768w, https:\/\/andreasimonetti.com.br\/blog\/wp-content\/uploads\/2017\/06\/DSC0301-831x1024.jpg 831w\" sizes=\"auto, (max-width: 700px) 100vw, 700px\" \/><\/p>\n<p>Separamos 3 \u00a0op\u00e7\u00f5es para voc\u00ea arrasar neste inverno:<br \/>\n<img loading=\"lazy\" decoding=\"async\" class=\"alignnone wp-image-17546\" src=\"http:\/\/www.blogdaandreasimonetti.com.br\/wp-content\/uploads\/2017\/06\/burberry-2.jpg\" alt=\"\" width=\"700\" height=\"1049\" srcset=\"https:\/\/andreasimonetti.com.br\/blog\/wp-content\/uploads\/2017\/06\/burberry-2.jpg 1366w, https:\/\/andreasimonetti.com.br\/blog\/wp-content\/uploads\/2017\/06\/burberry-2-200x300.jpg 200w, https:\/\/andreasimonetti.com.br\/blog\/wp-content\/uploads\/2017\/06\/burberry-2-768x1151.jpg 768w, https:\/\/andreasimonetti.com.br\/blog\/wp-content\/uploads\/2017\/06\/burberry-2-683x1024.jpg 683w\" sizes=\"auto, (max-width: 700px) 100vw, 700px\" \/><img loading=\"lazy\" decoding=\"async\" class=\"alignnone wp-image-17547\" src=\"http:\/\/www.blogdaandreasimonetti.com.br\/wp-content\/uploads\/2017\/06\/dsquared-4.jpg\" alt=\"\" width=\"700\" height=\"1049\" srcset=\"https:\/\/andreasimonetti.com.br\/blog\/wp-content\/uploads\/2017\/06\/dsquared-4.jpg 1366w, https:\/\/andreasimonetti.com.br\/blog\/wp-content\/uploads\/2017\/06\/dsquared-4-200x300.jpg 200w, https:\/\/andreasimonetti.com.br\/blog\/wp-content\/uploads\/2017\/06\/dsquared-4-768x1151.jpg 768w, https:\/\/andreasimonetti.com.br\/blog\/wp-content\/uploads\/2017\/06\/dsquared-4-683x1024.jpg 683w\" sizes=\"auto, (max-width: 700px) 100vw, 700px\" \/><img loading=\"lazy\" decoding=\"async\" class=\"alignnone wp-image-17548\" src=\"http:\/\/www.blogdaandreasimonetti.com.br\/wp-content\/uploads\/2017\/06\/her-sezonun-gozdesi-bohem-stili-i21.jpg\" alt=\"\" width=\"700\" height=\"933\" srcset=\"https:\/\/andreasimonetti.com.br\/blog\/wp-content\/uploads\/2017\/06\/her-sezonun-gozdesi-bohem-stili-i21.jpg 600w, https:\/\/andreasimonetti.com.br\/blog\/wp-content\/uploads\/2017\/06\/her-sezonun-gozdesi-bohem-stili-i21-225x300.jpg 225w\" sizes=\"auto, (max-width: 700px) 100vw, 700px\" \/><\/p>\n","protected":false},"excerpt":{"rendered":"<p>J\u00e1 houve per\u00edodos na moda em que o poncho era considerado chic, e em outros, uma pe\u00e7a brega. Mas agora ele ressurgiu com for\u00e7a total e pode ser considerado chave&hellip;<\/p>\n","protected":false},"author":7,"featured_media":17542,"comment_status":"open","ping_status":"open","sticky":false,"template":"","format":"standard","meta":{"_monsterinsights_skip_tracking":false,"_monsterinsights_sitenote_active":false,"_monsterinsights_sitenote_note":"","_monsterinsights_sitenote_category":0,"footnotes":""},"categories":[1508,3],"tags":[2517],"class_list":["post-17539","post","type-post","status-publish","format-standard","has-post-thumbnail","hentry","category-destaque","category-moda","tag-poncho-peca-chave-para-este-inverno"],"yoast_head":"<!-- This site is optimized with the Yoast SEO plugin v26.3 - https:\/\/yoast.com\/wordpress\/plugins\/seo\/ -->\n<title>Poncho : pe\u00e7a chave para este inverno - Andrea Simonetti<\/title>\n<meta name=\"robots\" content=\"index, follow, max-snippet:-1, max-image-preview:large, max-video-preview:-1\" \/>\n<link rel=\"canonical\" href=\"https:\/\/andreasimonetti.com.br\/blog\/poncho-peca-chave-para-este-inverno\/\" \/>\n<meta property=\"og:locale\" content=\"pt_BR\" \/>\n<meta property=\"og:type\" content=\"article\" \/>\n<meta property=\"og:title\" content=\"Poncho : pe\u00e7a chave para este inverno - Andrea Simonetti\" \/>\n<meta property=\"og:description\" content=\"J\u00e1 houve per\u00edodos na moda em que o poncho era considerado chic, e em outros, uma pe\u00e7a brega. Mas agora ele ressurgiu com for\u00e7a total e pode ser considerado chave&hellip;\" \/>\n<meta property=\"og:url\" content=\"https:\/\/andreasimonetti.com.br\/blog\/poncho-peca-chave-para-este-inverno\/\" \/>\n<meta property=\"og:site_name\" content=\"Andrea Simonetti\" \/>\n<meta property=\"article:publisher\" content=\"https:\/\/www.facebook.com\/blogdaandreasimonetti\/\" \/>\n<meta property=\"article:author\" content=\"https:\/\/www.facebook.com\/blogdaandreasimonetti\/\" \/>\n<meta property=\"article:published_time\" content=\"2017-06-13T16:29:52+00:00\" \/>\n<meta property=\"article:modified_time\" content=\"2018-05-25T11:30:19+00:00\" \/>\n<meta property=\"og:image\" content=\"https:\/\/andreasimonetti.com.br\/blog\/wp-content\/uploads\/2017\/06\/DSC0294-681x1024.jpg\" \/>\n\t<meta property=\"og:image:width\" content=\"681\" \/>\n\t<meta property=\"og:image:height\" content=\"1024\" \/>\n\t<meta property=\"og:image:type\" content=\"image\/jpeg\" \/>\n<meta name=\"author\" content=\"Andrea Simonetti\" \/>\n<meta name=\"twitter:card\" content=\"summary_large_image\" \/>\n<meta name=\"twitter:creator\" content=\"@https:\/\/twitter.com\/Andrea_Simoneti\" \/>\n<meta name=\"twitter:site\" content=\"@Andrea_Simoneti\" \/>\n<meta name=\"twitter:label1\" content=\"Escrito por\" \/>\n\t<meta name=\"twitter:data1\" content=\"Andrea Simonetti\" \/>\n\t<meta name=\"twitter:label2\" content=\"Est. tempo de leitura\" \/>\n\t<meta name=\"twitter:data2\" content=\"1 minuto\" \/>\n<!-- \/ Yoast SEO plugin. -->","yoast_head_json":{"title":"Poncho : pe\u00e7a chave para este inverno - Andrea Simonetti","robots":{"index":"index","follow":"follow","max-snippet":"max-snippet:-1","max-image-preview":"max-image-preview:large","max-video-preview":"max-video-preview:-1"},"canonical":"https:\/\/andreasimonetti.com.br\/blog\/poncho-peca-chave-para-este-inverno\/","og_locale":"pt_BR","og_type":"article","og_title":"Poncho : pe\u00e7a chave para este inverno - Andrea Simonetti","og_description":"J\u00e1 houve per\u00edodos na moda em que o poncho era considerado chic, e em outros, uma pe\u00e7a brega. Mas agora ele ressurgiu com for\u00e7a total e pode ser considerado chave&hellip;","og_url":"https:\/\/andreasimonetti.com.br\/blog\/poncho-peca-chave-para-este-inverno\/","og_site_name":"Andrea Simonetti","article_publisher":"https:\/\/www.facebook.com\/blogdaandreasimonetti\/","article_author":"https:\/\/www.facebook.com\/blogdaandreasimonetti\/","article_published_time":"2017-06-13T16:29:52+00:00","article_modified_time":"2018-05-25T11:30:19+00:00","og_image":[{"width":681,"height":1024,"url":"https:\/\/andreasimonetti.com.br\/blog\/wp-content\/uploads\/2017\/06\/DSC0294-681x1024.jpg","type":"image\/jpeg"}],"author":"Andrea Simonetti","twitter_card":"summary_large_image","twitter_creator":"@https:\/\/twitter.com\/Andrea_Simoneti","twitter_site":"@Andrea_Simoneti","twitter_misc":{"Escrito por":"Andrea Simonetti","Est. tempo de leitura":"1 minuto"},"schema":{"@context":"https:\/\/schema.org","@graph":[{"@type":"WebPage","@id":"https:\/\/andreasimonetti.com.br\/blog\/poncho-peca-chave-para-este-inverno\/","url":"https:\/\/andreasimonetti.com.br\/blog\/poncho-peca-chave-para-este-inverno\/","name":"Poncho : pe\u00e7a chave para este inverno - Andrea Simonetti","isPartOf":{"@id":"https:\/\/andreasimonetti.com.br\/blog\/#website"},"primaryImageOfPage":{"@id":"https:\/\/andreasimonetti.com.br\/blog\/poncho-peca-chave-para-este-inverno\/#primaryimage"},"image":{"@id":"https:\/\/andreasimonetti.com.br\/blog\/poncho-peca-chave-para-este-inverno\/#primaryimage"},"thumbnailUrl":"https:\/\/andreasimonetti.com.br\/blog\/wp-content\/uploads\/2017\/06\/DSC0294.jpg","datePublished":"2017-06-13T16:29:52+00:00","dateModified":"2018-05-25T11:30:19+00:00","author":{"@id":"https:\/\/andreasimonetti.com.br\/blog\/#\/schema\/person\/254f763c24ac288e27ea738a7366ad2a"},"breadcrumb":{"@id":"https:\/\/andreasimonetti.com.br\/blog\/poncho-peca-chave-para-este-inverno\/#breadcrumb"},"inLanguage":"pt-BR","potentialAction":[{"@type":"ReadAction","target":["https:\/\/andreasimonetti.com.br\/blog\/poncho-peca-chave-para-este-inverno\/"]}]},{"@type":"ImageObject","inLanguage":"pt-BR","@id":"https:\/\/andreasimonetti.com.br\/blog\/poncho-peca-chave-para-este-inverno\/#primaryimage","url":"https:\/\/andreasimonetti.com.br\/blog\/wp-content\/uploads\/2017\/06\/DSC0294.jpg","contentUrl":"https:\/\/andreasimonetti.com.br\/blog\/wp-content\/uploads\/2017\/06\/DSC0294.jpg","width":2942,"height":4425},{"@type":"BreadcrumbList","@id":"https:\/\/andreasimonetti.com.br\/blog\/poncho-peca-chave-para-este-inverno\/#breadcrumb","itemListElement":[{"@type":"ListItem","position":1,"name":"In\u00edcio","item":"https:\/\/andreasimonetti.com.br\/blog\/"},{"@type":"ListItem","position":2,"name":"Poncho : pe\u00e7a chave para este inverno"}]},{"@type":"WebSite","@id":"https:\/\/andreasimonetti.com.br\/blog\/#website","url":"https:\/\/andreasimonetti.com.br\/blog\/","name":"Andrea Simonetti","description":"","potentialAction":[{"@type":"SearchAction","target":{"@type":"EntryPoint","urlTemplate":"https:\/\/andreasimonetti.com.br\/blog\/?s={search_term_string}"},"query-input":{"@type":"PropertyValueSpecification","valueRequired":true,"valueName":"search_term_string"}}],"inLanguage":"pt-BR"},{"@type":"Person","@id":"https:\/\/andreasimonetti.com.br\/blog\/#\/schema\/person\/254f763c24ac288e27ea738a7366ad2a","name":"Andrea Simonetti","image":{"@type":"ImageObject","inLanguage":"pt-BR","@id":"https:\/\/andreasimonetti.com.br\/blog\/#\/schema\/person\/image\/","url":"https:\/\/andreasimonetti.com.br\/blog\/wp-content\/uploads\/2018\/04\/andrea-simonetti-96x96.png","contentUrl":"https:\/\/andreasimonetti.com.br\/blog\/wp-content\/uploads\/2018\/04\/andrea-simonetti-96x96.png","caption":"Andrea Simonetti"},"description":"Sou formada em Administra\u00e7\u00e3o de Empresas, Produ\u00e7\u00e3o de Moda pelo SENAC e Consultoria de Estilo. Sou fascinada por moda desde sempre, adoro ver as pessoas produzidas e de bem com a vida. Moda \u00e9 o meu assunto preferido. Comecei meu blog em 2011, ele cresceu e hoje \u00e9 um site bem mais abrangente, onde eu falo sobre moda e meu trabalho de consultora de estilo. E falo tamb\u00e9m sobre a minha experi\u00eancia de vida. Mas antes de tudo, acredito num Deus Soberano que nos guia e aben\u00e7oa, o tempo todo!","sameAs":["https:\/\/www.andreasimonetti.com.br\/","https:\/\/www.facebook.com\/blogdaandreasimonetti\/","https:\/\/www.instagram.com\/andrea_simonetti\/","https:\/\/br.pinterest.com\/BlogAndrea\/","https:\/\/x.com\/https:\/\/twitter.com\/Andrea_Simoneti"],"url":"https:\/\/andreasimonetti.com.br\/blog\/author\/andrea\/"}]}},"_links":{"self":[{"href":"https:\/\/andreasimonetti.com.br\/blog\/wp-json\/wp\/v2\/posts\/17539","targetHints":{"allow":["GET"]}}],"collection":[{"href":"https:\/\/andreasimonetti.com.br\/blog\/wp-json\/wp\/v2\/posts"}],"about":[{"href":"https:\/\/andreasimonetti.com.br\/blog\/wp-json\/wp\/v2\/types\/post"}],"author":[{"embeddable":true,"href":"https:\/\/andreasimonetti.com.br\/blog\/wp-json\/wp\/v2\/users\/7"}],"replies":[{"embeddable":true,"href":"https:\/\/andreasimonetti.com.br\/blog\/wp-json\/wp\/v2\/comments?post=17539"}],"version-history":[{"count":0,"href":"https:\/\/andreasimonetti.com.br\/blog\/wp-json\/wp\/v2\/posts\/17539\/revisions"}],"wp:featuredmedia":[{"embeddable":true,"href":"https:\/\/andreasimonetti.com.br\/blog\/wp-json\/wp\/v2\/media\/17542"}],"wp:attachment":[{"href":"https:\/\/andreasimonetti.com.br\/blog\/wp-json\/wp\/v2\/media?parent=17539"}],"wp:term":[{"taxonomy":"category","embeddable":true,"href":"https:\/\/andreasimonetti.com.br\/blog\/wp-json\/wp\/v2\/categories?post=17539"},{"taxonomy":"post_tag","embeddable":true,"href":"https:\/\/andreasimonetti.com.br\/blog\/wp-json\/wp\/v2\/tags?post=17539"}],"curies":[{"name":"wp","href":"https:\/\/api.w.org\/{rel}","templated":true}]}}