{"id":17076,"date":"2017-03-14T22:24:53","date_gmt":"2017-03-15T01:24:53","guid":{"rendered":"http:\/\/www.blogdaandreasimonetti.com.br\/?p=17076"},"modified":"2018-05-25T08:50:39","modified_gmt":"2018-05-25T11:50:39","slug":"cade-as-botas-pretas-e-marrons","status":"publish","type":"post","link":"https:\/\/andreasimonetti.com.br\/blog\/cade-as-botas-pretas-e-marrons\/","title":{"rendered":"Cad\u00ea as botas pretas e marrons?"},"content":{"rendered":"<p>Se \u00e9 verdade que a moda nasce nas ruas, ent\u00e3o \u00e9 melhor se preparar para usar botas nada b\u00e1sicas nos pr\u00f3ximos invernos.<br \/>\nColoridas, de tecidos, bordadas, estampadas, douradas ou metalizadas, as botas j\u00e1 mostram sua nova identidade no street style durante as semanas de moda da Europa. Depois de anos de supremacia da dupla preto e marrom, chegou a hora de ousar nesse item t\u00e3o indispens\u00e1vel na esta\u00e7\u00e3o mais fria do ano. Eu achei a ideia super divertida por trazer cor e luz \u00e0 apar\u00eancia, seja ela despojada ou mais sofisticada. Mas como a novidade est\u00e1 aparecendo agora no inverno europeu acredito que no Brasil as botas devem estar nas vitrines apenas em 2018. Gostou ?<\/p>\n<p>&nbsp;<\/p>\n<div id=\"attachment_17077\" style=\"width: 710px\" class=\"wp-caption alignnone\"><img loading=\"lazy\" decoding=\"async\" aria-describedby=\"caption-attachment-17077\" class=\"wp-image-17077\" src=\"http:\/\/www.blogdaandreasimonetti.com.br\/wp-content\/uploads\/2017\/03\/streetstyle_34.jpg\" alt=\"\" width=\"700\" height=\"467\" srcset=\"https:\/\/andreasimonetti.com.br\/blog\/wp-content\/uploads\/2017\/03\/streetstyle_34.jpg 1500w, https:\/\/andreasimonetti.com.br\/blog\/wp-content\/uploads\/2017\/03\/streetstyle_34-300x200.jpg 300w, https:\/\/andreasimonetti.com.br\/blog\/wp-content\/uploads\/2017\/03\/streetstyle_34-768x512.jpg 768w, https:\/\/andreasimonetti.com.br\/blog\/wp-content\/uploads\/2017\/03\/streetstyle_34-1024x683.jpg 1024w, https:\/\/andreasimonetti.com.br\/blog\/wp-content\/uploads\/2017\/03\/streetstyle_34-140x94.jpg 140w\" sizes=\"auto, (max-width: 700px) 100vw, 700px\" \/><p id=\"caption-attachment-17077\" class=\"wp-caption-text\">Botas colorida\/Inverno 2017<\/p><\/div>\n<div id=\"attachment_17078\" style=\"width: 710px\" class=\"wp-caption alignnone\"><img loading=\"lazy\" decoding=\"async\" aria-describedby=\"caption-attachment-17078\" class=\"wp-image-17078\" src=\"http:\/\/www.blogdaandreasimonetti.com.br\/wp-content\/uploads\/2017\/03\/22317VV6B3216IG.jpg\" alt=\"\" width=\"700\" height=\"1050\" srcset=\"https:\/\/andreasimonetti.com.br\/blog\/wp-content\/uploads\/2017\/03\/22317VV6B3216IG.jpg 590w, https:\/\/andreasimonetti.com.br\/blog\/wp-content\/uploads\/2017\/03\/22317VV6B3216IG-200x300.jpg 200w\" sizes=\"auto, (max-width: 700px) 100vw, 700px\" \/><p id=\"caption-attachment-17078\" class=\"wp-caption-text\">Botas colorida\/Inverno 2017<\/p><\/div>\n<div id=\"attachment_17079\" style=\"width: 710px\" class=\"wp-caption alignnone\"><img loading=\"lazy\" decoding=\"async\" aria-describedby=\"caption-attachment-17079\" class=\"wp-image-17079\" src=\"http:\/\/www.blogdaandreasimonetti.com.br\/wp-content\/uploads\/2017\/03\/photo5005776193441605571.jpg\" alt=\"\" width=\"700\" height=\"1052\" srcset=\"https:\/\/andreasimonetti.com.br\/blog\/wp-content\/uploads\/2017\/03\/photo5005776193441605571.jpg 852w, https:\/\/andreasimonetti.com.br\/blog\/wp-content\/uploads\/2017\/03\/photo5005776193441605571-200x300.jpg 200w, https:\/\/andreasimonetti.com.br\/blog\/wp-content\/uploads\/2017\/03\/photo5005776193441605571-768x1154.jpg 768w, https:\/\/andreasimonetti.com.br\/blog\/wp-content\/uploads\/2017\/03\/photo5005776193441605571-682x1024.jpg 682w\" sizes=\"auto, (max-width: 700px) 100vw, 700px\" \/><p id=\"caption-attachment-17079\" class=\"wp-caption-text\">Bota colorida\/Inverno 2017<\/p><\/div>\n<div id=\"attachment_17083\" style=\"width: 710px\" class=\"wp-caption alignnone\"><img loading=\"lazy\" decoding=\"async\" aria-describedby=\"caption-attachment-17083\" class=\"wp-image-17083\" src=\"http:\/\/www.blogdaandreasimonetti.com.br\/wp-content\/uploads\/2017\/03\/streetstyle_20.jpg\" alt=\"\" width=\"700\" height=\"1050\" srcset=\"https:\/\/andreasimonetti.com.br\/blog\/wp-content\/uploads\/2017\/03\/streetstyle_20.jpg 1500w, https:\/\/andreasimonetti.com.br\/blog\/wp-content\/uploads\/2017\/03\/streetstyle_20-200x300.jpg 200w, https:\/\/andreasimonetti.com.br\/blog\/wp-content\/uploads\/2017\/03\/streetstyle_20-768x1152.jpg 768w, https:\/\/andreasimonetti.com.br\/blog\/wp-content\/uploads\/2017\/03\/streetstyle_20-683x1024.jpg 683w\" sizes=\"auto, (max-width: 700px) 100vw, 700px\" \/><p id=\"caption-attachment-17083\" class=\"wp-caption-text\">Bota prata\/Inverno 2017<\/p><\/div>\n<div id=\"attachment_17084\" style=\"width: 710px\" class=\"wp-caption alignnone\"><img loading=\"lazy\" decoding=\"async\" aria-describedby=\"caption-attachment-17084\" class=\"wp-image-17084\" src=\"http:\/\/www.blogdaandreasimonetti.com.br\/wp-content\/uploads\/2017\/03\/streetstyle_22.jpg\" alt=\"\" width=\"700\" height=\"1050\" srcset=\"https:\/\/andreasimonetti.com.br\/blog\/wp-content\/uploads\/2017\/03\/streetstyle_22.jpg 4480w, https:\/\/andreasimonetti.com.br\/blog\/wp-content\/uploads\/2017\/03\/streetstyle_22-200x300.jpg 200w, https:\/\/andreasimonetti.com.br\/blog\/wp-content\/uploads\/2017\/03\/streetstyle_22-768x1152.jpg 768w, https:\/\/andreasimonetti.com.br\/blog\/wp-content\/uploads\/2017\/03\/streetstyle_22-683x1024.jpg 683w\" sizes=\"auto, (max-width: 700px) 100vw, 700px\" \/><p id=\"caption-attachment-17084\" class=\"wp-caption-text\">Bota colorida\/Inverno 2017<\/p><\/div>\n<div id=\"attachment_17085\" style=\"width: 710px\" class=\"wp-caption alignnone\"><img loading=\"lazy\" decoding=\"async\" aria-describedby=\"caption-attachment-17085\" class=\"wp-image-17085\" src=\"http:\/\/www.blogdaandreasimonetti.com.br\/wp-content\/uploads\/2017\/03\/streetstyle_44.jpg\" alt=\"\" width=\"700\" height=\"875\" srcset=\"https:\/\/andreasimonetti.com.br\/blog\/wp-content\/uploads\/2017\/03\/streetstyle_44.jpg 4451w, https:\/\/andreasimonetti.com.br\/blog\/wp-content\/uploads\/2017\/03\/streetstyle_44-240x300.jpg 240w, https:\/\/andreasimonetti.com.br\/blog\/wp-content\/uploads\/2017\/03\/streetstyle_44-768x960.jpg 768w, https:\/\/andreasimonetti.com.br\/blog\/wp-content\/uploads\/2017\/03\/streetstyle_44-819x1024.jpg 819w\" sizes=\"auto, (max-width: 700px) 100vw, 700px\" \/><p id=\"caption-attachment-17085\" class=\"wp-caption-text\">Bota colorida\/Inverno 2017<\/p><\/div>\n<div id=\"attachment_17086\" style=\"width: 710px\" class=\"wp-caption alignnone\"><img loading=\"lazy\" decoding=\"async\" aria-describedby=\"caption-attachment-17086\" class=\"wp-image-17086\" src=\"http:\/\/www.blogdaandreasimonetti.com.br\/wp-content\/uploads\/2017\/03\/streetstyle_47.jpg\" alt=\"\" width=\"700\" height=\"875\" srcset=\"https:\/\/andreasimonetti.com.br\/blog\/wp-content\/uploads\/2017\/03\/streetstyle_47.jpg 3950w, https:\/\/andreasimonetti.com.br\/blog\/wp-content\/uploads\/2017\/03\/streetstyle_47-240x300.jpg 240w, https:\/\/andreasimonetti.com.br\/blog\/wp-content\/uploads\/2017\/03\/streetstyle_47-768x960.jpg 768w, https:\/\/andreasimonetti.com.br\/blog\/wp-content\/uploads\/2017\/03\/streetstyle_47-819x1024.jpg 819w\" sizes=\"auto, (max-width: 700px) 100vw, 700px\" \/><p id=\"caption-attachment-17086\" class=\"wp-caption-text\">Bota dourada\/Inverno 2017<\/p><\/div>\n<div id=\"attachment_17087\" style=\"width: 710px\" class=\"wp-caption alignnone\"><img loading=\"lazy\" decoding=\"async\" aria-describedby=\"caption-attachment-17087\" class=\"wp-image-17087\" src=\"http:\/\/www.blogdaandreasimonetti.com.br\/wp-content\/uploads\/2017\/03\/xadrez-3.jpg\" alt=\"\" width=\"700\" height=\"1050\" srcset=\"https:\/\/andreasimonetti.com.br\/blog\/wp-content\/uploads\/2017\/03\/xadrez-3.jpg 884w, https:\/\/andreasimonetti.com.br\/blog\/wp-content\/uploads\/2017\/03\/xadrez-3-200x300.jpg 200w, https:\/\/andreasimonetti.com.br\/blog\/wp-content\/uploads\/2017\/03\/xadrez-3-768x1152.jpg 768w, https:\/\/andreasimonetti.com.br\/blog\/wp-content\/uploads\/2017\/03\/xadrez-3-683x1024.jpg 683w\" sizes=\"auto, (max-width: 700px) 100vw, 700px\" \/><p id=\"caption-attachment-17087\" class=\"wp-caption-text\">Bota branca\/Inverno 2017<\/p><\/div>\n<div id=\"attachment_17095\" style=\"width: 710px\" class=\"wp-caption alignnone\"><img loading=\"lazy\" decoding=\"async\" aria-describedby=\"caption-attachment-17095\" class=\"wp-image-17095\" src=\"http:\/\/www.blogdaandreasimonetti.com.br\/wp-content\/uploads\/2017\/03\/16832253_1375949459091899_1793547318342838720_n.jpg\" alt=\"\" width=\"700\" height=\"875\" srcset=\"https:\/\/andreasimonetti.com.br\/blog\/wp-content\/uploads\/2017\/03\/16832253_1375949459091899_1793547318342838720_n.jpg 768w, https:\/\/andreasimonetti.com.br\/blog\/wp-content\/uploads\/2017\/03\/16832253_1375949459091899_1793547318342838720_n-240x300.jpg 240w\" sizes=\"auto, (max-width: 700px) 100vw, 700px\" \/><p id=\"caption-attachment-17095\" class=\"wp-caption-text\">Bota colorida\/Inverno 2017<\/p><\/div>\n","protected":false},"excerpt":{"rendered":"<p>Se \u00e9 verdade que a moda nasce nas ruas, ent\u00e3o \u00e9 melhor se preparar para usar botas nada b\u00e1sicas nos pr\u00f3ximos invernos. Coloridas, de tecidos, bordadas, estampadas, douradas ou metalizadas,&hellip;<\/p>\n","protected":false},"author":7,"featured_media":17077,"comment_status":"open","ping_status":"open","sticky":false,"template":"","format":"standard","meta":{"_monsterinsights_skip_tracking":false,"_monsterinsights_sitenote_active":false,"_monsterinsights_sitenote_note":"","_monsterinsights_sitenote_category":0,"footnotes":""},"categories":[1508,3],"tags":[2479,964],"class_list":["post-17076","post","type-post","status-publish","format-standard","has-post-thumbnail","hentry","category-destaque","category-moda","tag-cade-as-botas-pretas-e-marrons","tag-street-style"],"yoast_head":"<!-- This site is optimized with the Yoast SEO plugin v26.3 - https:\/\/yoast.com\/wordpress\/plugins\/seo\/ -->\n<title>Cad\u00ea as botas pretas e marrons? - Andrea Simonetti<\/title>\n<meta name=\"robots\" content=\"index, follow, max-snippet:-1, max-image-preview:large, max-video-preview:-1\" \/>\n<link rel=\"canonical\" href=\"https:\/\/andreasimonetti.com.br\/blog\/cade-as-botas-pretas-e-marrons\/\" \/>\n<meta property=\"og:locale\" content=\"pt_BR\" \/>\n<meta property=\"og:type\" content=\"article\" \/>\n<meta property=\"og:title\" content=\"Cad\u00ea as botas pretas e marrons? - Andrea Simonetti\" \/>\n<meta property=\"og:description\" content=\"Se \u00e9 verdade que a moda nasce nas ruas, ent\u00e3o \u00e9 melhor se preparar para usar botas nada b\u00e1sicas nos pr\u00f3ximos invernos. Coloridas, de tecidos, bordadas, estampadas, douradas ou metalizadas,&hellip;\" \/>\n<meta property=\"og:url\" content=\"https:\/\/andreasimonetti.com.br\/blog\/cade-as-botas-pretas-e-marrons\/\" \/>\n<meta property=\"og:site_name\" content=\"Andrea Simonetti\" \/>\n<meta property=\"article:publisher\" content=\"https:\/\/www.facebook.com\/blogdaandreasimonetti\/\" \/>\n<meta property=\"article:author\" content=\"https:\/\/www.facebook.com\/blogdaandreasimonetti\/\" \/>\n<meta property=\"article:published_time\" content=\"2017-03-15T01:24:53+00:00\" \/>\n<meta property=\"article:modified_time\" content=\"2018-05-25T11:50:39+00:00\" \/>\n<meta property=\"og:image\" content=\"https:\/\/andreasimonetti.com.br\/blog\/wp-content\/uploads\/2017\/03\/streetstyle_34.jpg\" \/>\n\t<meta property=\"og:image:width\" content=\"1500\" \/>\n\t<meta property=\"og:image:height\" content=\"1000\" \/>\n\t<meta property=\"og:image:type\" content=\"image\/jpeg\" \/>\n<meta name=\"author\" content=\"Andrea Simonetti\" \/>\n<meta name=\"twitter:card\" content=\"summary_large_image\" \/>\n<meta name=\"twitter:creator\" content=\"@https:\/\/twitter.com\/Andrea_Simoneti\" \/>\n<meta name=\"twitter:site\" content=\"@Andrea_Simoneti\" \/>\n<meta name=\"twitter:label1\" content=\"Escrito por\" \/>\n\t<meta name=\"twitter:data1\" content=\"Andrea Simonetti\" \/>\n\t<meta name=\"twitter:label2\" content=\"Est. tempo de leitura\" \/>\n\t<meta name=\"twitter:data2\" content=\"1 minuto\" \/>\n<!-- \/ Yoast SEO plugin. -->","yoast_head_json":{"title":"Cad\u00ea as botas pretas e marrons? - Andrea Simonetti","robots":{"index":"index","follow":"follow","max-snippet":"max-snippet:-1","max-image-preview":"max-image-preview:large","max-video-preview":"max-video-preview:-1"},"canonical":"https:\/\/andreasimonetti.com.br\/blog\/cade-as-botas-pretas-e-marrons\/","og_locale":"pt_BR","og_type":"article","og_title":"Cad\u00ea as botas pretas e marrons? - Andrea Simonetti","og_description":"Se \u00e9 verdade que a moda nasce nas ruas, ent\u00e3o \u00e9 melhor se preparar para usar botas nada b\u00e1sicas nos pr\u00f3ximos invernos. Coloridas, de tecidos, bordadas, estampadas, douradas ou metalizadas,&hellip;","og_url":"https:\/\/andreasimonetti.com.br\/blog\/cade-as-botas-pretas-e-marrons\/","og_site_name":"Andrea Simonetti","article_publisher":"https:\/\/www.facebook.com\/blogdaandreasimonetti\/","article_author":"https:\/\/www.facebook.com\/blogdaandreasimonetti\/","article_published_time":"2017-03-15T01:24:53+00:00","article_modified_time":"2018-05-25T11:50:39+00:00","og_image":[{"width":1500,"height":1000,"url":"https:\/\/andreasimonetti.com.br\/blog\/wp-content\/uploads\/2017\/03\/streetstyle_34.jpg","type":"image\/jpeg"}],"author":"Andrea Simonetti","twitter_card":"summary_large_image","twitter_creator":"@https:\/\/twitter.com\/Andrea_Simoneti","twitter_site":"@Andrea_Simoneti","twitter_misc":{"Escrito por":"Andrea Simonetti","Est. tempo de leitura":"1 minuto"},"schema":{"@context":"https:\/\/schema.org","@graph":[{"@type":"WebPage","@id":"https:\/\/andreasimonetti.com.br\/blog\/cade-as-botas-pretas-e-marrons\/","url":"https:\/\/andreasimonetti.com.br\/blog\/cade-as-botas-pretas-e-marrons\/","name":"Cad\u00ea as botas pretas e marrons? - Andrea Simonetti","isPartOf":{"@id":"https:\/\/andreasimonetti.com.br\/blog\/#website"},"primaryImageOfPage":{"@id":"https:\/\/andreasimonetti.com.br\/blog\/cade-as-botas-pretas-e-marrons\/#primaryimage"},"image":{"@id":"https:\/\/andreasimonetti.com.br\/blog\/cade-as-botas-pretas-e-marrons\/#primaryimage"},"thumbnailUrl":"https:\/\/andreasimonetti.com.br\/blog\/wp-content\/uploads\/2017\/03\/streetstyle_34.jpg","datePublished":"2017-03-15T01:24:53+00:00","dateModified":"2018-05-25T11:50:39+00:00","author":{"@id":"https:\/\/andreasimonetti.com.br\/blog\/#\/schema\/person\/254f763c24ac288e27ea738a7366ad2a"},"breadcrumb":{"@id":"https:\/\/andreasimonetti.com.br\/blog\/cade-as-botas-pretas-e-marrons\/#breadcrumb"},"inLanguage":"pt-BR","potentialAction":[{"@type":"ReadAction","target":["https:\/\/andreasimonetti.com.br\/blog\/cade-as-botas-pretas-e-marrons\/"]}]},{"@type":"ImageObject","inLanguage":"pt-BR","@id":"https:\/\/andreasimonetti.com.br\/blog\/cade-as-botas-pretas-e-marrons\/#primaryimage","url":"https:\/\/andreasimonetti.com.br\/blog\/wp-content\/uploads\/2017\/03\/streetstyle_34.jpg","contentUrl":"https:\/\/andreasimonetti.com.br\/blog\/wp-content\/uploads\/2017\/03\/streetstyle_34.jpg","width":1500,"height":1000},{"@type":"BreadcrumbList","@id":"https:\/\/andreasimonetti.com.br\/blog\/cade-as-botas-pretas-e-marrons\/#breadcrumb","itemListElement":[{"@type":"ListItem","position":1,"name":"In\u00edcio","item":"https:\/\/andreasimonetti.com.br\/blog\/"},{"@type":"ListItem","position":2,"name":"Cad\u00ea as botas pretas e marrons?"}]},{"@type":"WebSite","@id":"https:\/\/andreasimonetti.com.br\/blog\/#website","url":"https:\/\/andreasimonetti.com.br\/blog\/","name":"Andrea Simonetti","description":"","potentialAction":[{"@type":"SearchAction","target":{"@type":"EntryPoint","urlTemplate":"https:\/\/andreasimonetti.com.br\/blog\/?s={search_term_string}"},"query-input":{"@type":"PropertyValueSpecification","valueRequired":true,"valueName":"search_term_string"}}],"inLanguage":"pt-BR"},{"@type":"Person","@id":"https:\/\/andreasimonetti.com.br\/blog\/#\/schema\/person\/254f763c24ac288e27ea738a7366ad2a","name":"Andrea Simonetti","image":{"@type":"ImageObject","inLanguage":"pt-BR","@id":"https:\/\/andreasimonetti.com.br\/blog\/#\/schema\/person\/image\/","url":"https:\/\/andreasimonetti.com.br\/blog\/wp-content\/uploads\/2018\/04\/andrea-simonetti-96x96.png","contentUrl":"https:\/\/andreasimonetti.com.br\/blog\/wp-content\/uploads\/2018\/04\/andrea-simonetti-96x96.png","caption":"Andrea Simonetti"},"description":"Sou formada em Administra\u00e7\u00e3o de Empresas, Produ\u00e7\u00e3o de Moda pelo SENAC e Consultoria de Estilo. Sou fascinada por moda desde sempre, adoro ver as pessoas produzidas e de bem com a vida. Moda \u00e9 o meu assunto preferido. Comecei meu blog em 2011, ele cresceu e hoje \u00e9 um site bem mais abrangente, onde eu falo sobre moda e meu trabalho de consultora de estilo. E falo tamb\u00e9m sobre a minha experi\u00eancia de vida. Mas antes de tudo, acredito num Deus Soberano que nos guia e aben\u00e7oa, o tempo todo!","sameAs":["https:\/\/www.andreasimonetti.com.br\/","https:\/\/www.facebook.com\/blogdaandreasimonetti\/","https:\/\/www.instagram.com\/andrea_simonetti\/","https:\/\/br.pinterest.com\/BlogAndrea\/","https:\/\/x.com\/https:\/\/twitter.com\/Andrea_Simoneti"],"url":"https:\/\/andreasimonetti.com.br\/blog\/author\/andrea\/"}]}},"_links":{"self":[{"href":"https:\/\/andreasimonetti.com.br\/blog\/wp-json\/wp\/v2\/posts\/17076","targetHints":{"allow":["GET"]}}],"collection":[{"href":"https:\/\/andreasimonetti.com.br\/blog\/wp-json\/wp\/v2\/posts"}],"about":[{"href":"https:\/\/andreasimonetti.com.br\/blog\/wp-json\/wp\/v2\/types\/post"}],"author":[{"embeddable":true,"href":"https:\/\/andreasimonetti.com.br\/blog\/wp-json\/wp\/v2\/users\/7"}],"replies":[{"embeddable":true,"href":"https:\/\/andreasimonetti.com.br\/blog\/wp-json\/wp\/v2\/comments?post=17076"}],"version-history":[{"count":0,"href":"https:\/\/andreasimonetti.com.br\/blog\/wp-json\/wp\/v2\/posts\/17076\/revisions"}],"wp:featuredmedia":[{"embeddable":true,"href":"https:\/\/andreasimonetti.com.br\/blog\/wp-json\/wp\/v2\/media\/17077"}],"wp:attachment":[{"href":"https:\/\/andreasimonetti.com.br\/blog\/wp-json\/wp\/v2\/media?parent=17076"}],"wp:term":[{"taxonomy":"category","embeddable":true,"href":"https:\/\/andreasimonetti.com.br\/blog\/wp-json\/wp\/v2\/categories?post=17076"},{"taxonomy":"post_tag","embeddable":true,"href":"https:\/\/andreasimonetti.com.br\/blog\/wp-json\/wp\/v2\/tags?post=17076"}],"curies":[{"name":"wp","href":"https:\/\/api.w.org\/{rel}","templated":true}]}}