{"id":17038,"date":"2017-03-11T18:28:32","date_gmt":"2017-03-11T21:28:32","guid":{"rendered":"http:\/\/www.blogdaandreasimonetti.com.br\/?p=17038"},"modified":"2018-05-25T08:52:05","modified_gmt":"2018-05-25T11:52:05","slug":"arezzo-do-bauru-shopping-completa-20-anos-e-apresenta-nova-colecao","status":"publish","type":"post","link":"https:\/\/andreasimonetti.com.br\/blog\/arezzo-do-bauru-shopping-completa-20-anos-e-apresenta-nova-colecao\/","title":{"rendered":"Arezzo do Bauru Shopping completa 20 anos e apresenta nova cole\u00e7\u00e3o"},"content":{"rendered":"<p>A loja <strong>Arezzo do Bauru Shopping e<\/strong>st\u00e1 completando 20 anos e para comemorar a data foram convidadas algumas clientes especiais &#8211; e eu super feliz por ser uma delas &#8211; para gravar um v\u00eddeo compartilhando suas experi\u00eancias com a marca. Para mim isso foi muito f\u00e1cil porque eu sou cliente da loja desde o in\u00edcio, e me lembro de muitos momentos especiais da minha vida em que eu ou minhas filhas est\u00e1vamos usando um cal\u00e7ado, uma bolsa ou um acess\u00f3rio da <strong>Arezzo do Bauru Shopping.<\/strong> Al\u00e9m da marca surpreender e inovar em todos esses anos \u00e9 muito importante falar que a loja das queridas \u00c9rica e Yara sempre foi um ponto de encontro de amigas, um lugar onde a gente entra e deixa as preocupa\u00e7\u00f5es do lado de fora. No evento para comemorar os 20 anos foi apresentada a cole\u00e7\u00e3o outono inverno 2017, que aposta na diversifica\u00e7\u00e3o para atender estilos variados. Destaque para os t\u00eanis que continuam em alta, oxfords com solados tratorados, mocassins e mules. E o veludo aparece com tudo nas sand\u00e1lias, mules, t\u00eanis, scarpin e mochilas. Parab\u00e9ns Arezzo do Bauru Shopping !! Que venham os pr\u00f3ximos 20 anos para deixar as mulheres de Bauru e regi\u00e3o ainda mais lindas e felizes !!!<\/p>\n<div id=\"attachment_17039\" style=\"width: 710px\" class=\"wp-caption alignnone\"><img loading=\"lazy\" decoding=\"async\" aria-describedby=\"caption-attachment-17039\" class=\"wp-image-17039\" src=\"http:\/\/www.blogdaandreasimonetti.com.br\/wp-content\/uploads\/2017\/03\/IMG_0521.jpg\" width=\"700\" height=\"980\" srcset=\"https:\/\/andreasimonetti.com.br\/blog\/wp-content\/uploads\/2017\/03\/IMG_0521.jpg 3599w, https:\/\/andreasimonetti.com.br\/blog\/wp-content\/uploads\/2017\/03\/IMG_0521-214x300.jpg 214w, https:\/\/andreasimonetti.com.br\/blog\/wp-content\/uploads\/2017\/03\/IMG_0521-768x1075.jpg 768w, https:\/\/andreasimonetti.com.br\/blog\/wp-content\/uploads\/2017\/03\/IMG_0521-732x1024.jpg 732w\" sizes=\"auto, (max-width: 700px) 100vw, 700px\" \/><p id=\"caption-attachment-17039\" class=\"wp-caption-text\">Erica Della Barba Amantini propriet\u00e1ria da loja e Sandra Matos gerente<\/p><\/div>\n<div id=\"attachment_17068\" style=\"width: 710px\" class=\"wp-caption alignnone\"><img loading=\"lazy\" decoding=\"async\" aria-describedby=\"caption-attachment-17068\" class=\"wp-image-17068\" src=\"http:\/\/www.blogdaandreasimonetti.com.br\/wp-content\/uploads\/2017\/03\/IMG_0489.jpg\" width=\"700\" height=\"467\" srcset=\"https:\/\/andreasimonetti.com.br\/blog\/wp-content\/uploads\/2017\/03\/IMG_0489.jpg 5471w, https:\/\/andreasimonetti.com.br\/blog\/wp-content\/uploads\/2017\/03\/IMG_0489-300x200.jpg 300w, https:\/\/andreasimonetti.com.br\/blog\/wp-content\/uploads\/2017\/03\/IMG_0489-768x512.jpg 768w, https:\/\/andreasimonetti.com.br\/blog\/wp-content\/uploads\/2017\/03\/IMG_0489-1024x683.jpg 1024w, https:\/\/andreasimonetti.com.br\/blog\/wp-content\/uploads\/2017\/03\/IMG_0489-140x94.jpg 140w\" sizes=\"auto, (max-width: 700px) 100vw, 700px\" \/><p id=\"caption-attachment-17068\" class=\"wp-caption-text\">Super feliz em ter participado do video da Arezzo &#8220;20 anos&#8221;<\/p><\/div>\n<div id=\"attachment_17040\" style=\"width: 710px\" class=\"wp-caption alignnone\"><img loading=\"lazy\" decoding=\"async\" aria-describedby=\"caption-attachment-17040\" class=\"wp-image-17040 size-full\" src=\"http:\/\/www.blogdaandreasimonetti.com.br\/wp-content\/uploads\/2017\/03\/page-1-2.jpg\" width=\"700\" height=\"700\" srcset=\"https:\/\/andreasimonetti.com.br\/blog\/wp-content\/uploads\/2017\/03\/page-1-2.jpg 700w, https:\/\/andreasimonetti.com.br\/blog\/wp-content\/uploads\/2017\/03\/page-1-2-150x150.jpg 150w, https:\/\/andreasimonetti.com.br\/blog\/wp-content\/uploads\/2017\/03\/page-1-2-300x300.jpg 300w, https:\/\/andreasimonetti.com.br\/blog\/wp-content\/uploads\/2017\/03\/page-1-2-240x240.jpg 240w, https:\/\/andreasimonetti.com.br\/blog\/wp-content\/uploads\/2017\/03\/page-1-2-96x96.jpg 96w, https:\/\/andreasimonetti.com.br\/blog\/wp-content\/uploads\/2017\/03\/page-1-2-121x121.jpg 121w, https:\/\/andreasimonetti.com.br\/blog\/wp-content\/uploads\/2017\/03\/page-1-2-60x60.jpg 60w, https:\/\/andreasimonetti.com.br\/blog\/wp-content\/uploads\/2017\/03\/page-1-2-184x184.jpg 184w\" sizes=\"auto, (max-width: 700px) 100vw, 700px\" \/><p id=\"caption-attachment-17040\" class=\"wp-caption-text\">Outono inverno Arezzo 2017<\/p><\/div>\n<div id=\"attachment_17041\" style=\"width: 710px\" class=\"wp-caption alignnone\"><img loading=\"lazy\" decoding=\"async\" aria-describedby=\"caption-attachment-17041\" class=\"wp-image-17041\" src=\"http:\/\/www.blogdaandreasimonetti.com.br\/wp-content\/uploads\/2017\/03\/IMG_0492.jpg\" width=\"700\" height=\"467\" srcset=\"https:\/\/andreasimonetti.com.br\/blog\/wp-content\/uploads\/2017\/03\/IMG_0492.jpg 5471w, https:\/\/andreasimonetti.com.br\/blog\/wp-content\/uploads\/2017\/03\/IMG_0492-300x200.jpg 300w, https:\/\/andreasimonetti.com.br\/blog\/wp-content\/uploads\/2017\/03\/IMG_0492-768x512.jpg 768w, https:\/\/andreasimonetti.com.br\/blog\/wp-content\/uploads\/2017\/03\/IMG_0492-1024x683.jpg 1024w, https:\/\/andreasimonetti.com.br\/blog\/wp-content\/uploads\/2017\/03\/IMG_0492-140x94.jpg 140w\" sizes=\"auto, (max-width: 700px) 100vw, 700px\" \/><p id=\"caption-attachment-17041\" class=\"wp-caption-text\">Outono inverno Arezzo 2017<\/p><\/div>\n<div id=\"attachment_17042\" style=\"width: 710px\" class=\"wp-caption alignnone\"><img loading=\"lazy\" decoding=\"async\" aria-describedby=\"caption-attachment-17042\" class=\"wp-image-17042\" src=\"http:\/\/www.blogdaandreasimonetti.com.br\/wp-content\/uploads\/2017\/03\/IMG_0502.jpg\" width=\"700\" height=\"700\" srcset=\"https:\/\/andreasimonetti.com.br\/blog\/wp-content\/uploads\/2017\/03\/IMG_0502.jpg 2919w, https:\/\/andreasimonetti.com.br\/blog\/wp-content\/uploads\/2017\/03\/IMG_0502-150x150.jpg 150w, https:\/\/andreasimonetti.com.br\/blog\/wp-content\/uploads\/2017\/03\/IMG_0502-300x300.jpg 300w, https:\/\/andreasimonetti.com.br\/blog\/wp-content\/uploads\/2017\/03\/IMG_0502-768x768.jpg 768w, https:\/\/andreasimonetti.com.br\/blog\/wp-content\/uploads\/2017\/03\/IMG_0502-1024x1024.jpg 1024w, https:\/\/andreasimonetti.com.br\/blog\/wp-content\/uploads\/2017\/03\/IMG_0502-240x240.jpg 240w, https:\/\/andreasimonetti.com.br\/blog\/wp-content\/uploads\/2017\/03\/IMG_0502-96x96.jpg 96w, https:\/\/andreasimonetti.com.br\/blog\/wp-content\/uploads\/2017\/03\/IMG_0502-121x121.jpg 121w, https:\/\/andreasimonetti.com.br\/blog\/wp-content\/uploads\/2017\/03\/IMG_0502-60x60.jpg 60w, https:\/\/andreasimonetti.com.br\/blog\/wp-content\/uploads\/2017\/03\/IMG_0502-184x184.jpg 184w\" sizes=\"auto, (max-width: 700px) 100vw, 700px\" \/><p id=\"caption-attachment-17042\" class=\"wp-caption-text\">Outono inverno Arezzo 2017<\/p><\/div>\n<div id=\"attachment_17043\" style=\"width: 710px\" class=\"wp-caption alignnone\"><img loading=\"lazy\" decoding=\"async\" aria-describedby=\"caption-attachment-17043\" class=\"wp-image-17043\" src=\"http:\/\/www.blogdaandreasimonetti.com.br\/wp-content\/uploads\/2017\/03\/IMG_0494.jpg\" width=\"700\" height=\"467\" srcset=\"https:\/\/andreasimonetti.com.br\/blog\/wp-content\/uploads\/2017\/03\/IMG_0494.jpg 5471w, https:\/\/andreasimonetti.com.br\/blog\/wp-content\/uploads\/2017\/03\/IMG_0494-300x200.jpg 300w, https:\/\/andreasimonetti.com.br\/blog\/wp-content\/uploads\/2017\/03\/IMG_0494-768x512.jpg 768w, https:\/\/andreasimonetti.com.br\/blog\/wp-content\/uploads\/2017\/03\/IMG_0494-1024x683.jpg 1024w, https:\/\/andreasimonetti.com.br\/blog\/wp-content\/uploads\/2017\/03\/IMG_0494-140x94.jpg 140w\" sizes=\"auto, (max-width: 700px) 100vw, 700px\" \/><p id=\"caption-attachment-17043\" class=\"wp-caption-text\">Olha que luxo essa bota em JACQUARD\/ AREZZO INVERNO 2017<\/p><\/div>\n<div id=\"attachment_17044\" style=\"width: 710px\" class=\"wp-caption alignnone\"><img loading=\"lazy\" decoding=\"async\" aria-describedby=\"caption-attachment-17044\" class=\"wp-image-17044\" src=\"http:\/\/www.blogdaandreasimonetti.com.br\/wp-content\/uploads\/2017\/03\/IMG_0498.jpg\" width=\"700\" height=\"467\" srcset=\"https:\/\/andreasimonetti.com.br\/blog\/wp-content\/uploads\/2017\/03\/IMG_0498.jpg 5472w, https:\/\/andreasimonetti.com.br\/blog\/wp-content\/uploads\/2017\/03\/IMG_0498-300x200.jpg 300w, https:\/\/andreasimonetti.com.br\/blog\/wp-content\/uploads\/2017\/03\/IMG_0498-768x512.jpg 768w, https:\/\/andreasimonetti.com.br\/blog\/wp-content\/uploads\/2017\/03\/IMG_0498-1024x683.jpg 1024w, https:\/\/andreasimonetti.com.br\/blog\/wp-content\/uploads\/2017\/03\/IMG_0498-140x94.jpg 140w\" sizes=\"auto, (max-width: 700px) 100vw, 700px\" \/><p id=\"caption-attachment-17044\" class=\"wp-caption-text\">Outono inverno Arezzo 2017<\/p><\/div>\n<div id=\"attachment_17045\" style=\"width: 710px\" class=\"wp-caption alignnone\"><img loading=\"lazy\" decoding=\"async\" aria-describedby=\"caption-attachment-17045\" class=\"wp-image-17045 size-full\" src=\"http:\/\/www.blogdaandreasimonetti.com.br\/wp-content\/uploads\/2017\/03\/page-3-1.jpg\" width=\"700\" height=\"700\" srcset=\"https:\/\/andreasimonetti.com.br\/blog\/wp-content\/uploads\/2017\/03\/page-3-1.jpg 700w, https:\/\/andreasimonetti.com.br\/blog\/wp-content\/uploads\/2017\/03\/page-3-1-150x150.jpg 150w, https:\/\/andreasimonetti.com.br\/blog\/wp-content\/uploads\/2017\/03\/page-3-1-300x300.jpg 300w, https:\/\/andreasimonetti.com.br\/blog\/wp-content\/uploads\/2017\/03\/page-3-1-240x240.jpg 240w, https:\/\/andreasimonetti.com.br\/blog\/wp-content\/uploads\/2017\/03\/page-3-1-96x96.jpg 96w, https:\/\/andreasimonetti.com.br\/blog\/wp-content\/uploads\/2017\/03\/page-3-1-121x121.jpg 121w, https:\/\/andreasimonetti.com.br\/blog\/wp-content\/uploads\/2017\/03\/page-3-1-60x60.jpg 60w, https:\/\/andreasimonetti.com.br\/blog\/wp-content\/uploads\/2017\/03\/page-3-1-184x184.jpg 184w\" sizes=\"auto, (max-width: 700px) 100vw, 700px\" \/><p id=\"caption-attachment-17045\" class=\"wp-caption-text\">Fotografei meu look com essa sand\u00e1lia em p\u00e9rolas com a bolsa combinando<\/p><\/div>\n<div id=\"attachment_17046\" style=\"width: 710px\" class=\"wp-caption alignnone\"><img loading=\"lazy\" decoding=\"async\" aria-describedby=\"caption-attachment-17046\" class=\"wp-image-17046 size-full\" src=\"http:\/\/www.blogdaandreasimonetti.com.br\/wp-content\/uploads\/2017\/03\/page-4.jpg\" width=\"700\" height=\"700\" srcset=\"https:\/\/andreasimonetti.com.br\/blog\/wp-content\/uploads\/2017\/03\/page-4.jpg 700w, https:\/\/andreasimonetti.com.br\/blog\/wp-content\/uploads\/2017\/03\/page-4-150x150.jpg 150w, https:\/\/andreasimonetti.com.br\/blog\/wp-content\/uploads\/2017\/03\/page-4-300x300.jpg 300w, https:\/\/andreasimonetti.com.br\/blog\/wp-content\/uploads\/2017\/03\/page-4-240x240.jpg 240w, https:\/\/andreasimonetti.com.br\/blog\/wp-content\/uploads\/2017\/03\/page-4-96x96.jpg 96w, https:\/\/andreasimonetti.com.br\/blog\/wp-content\/uploads\/2017\/03\/page-4-121x121.jpg 121w, https:\/\/andreasimonetti.com.br\/blog\/wp-content\/uploads\/2017\/03\/page-4-60x60.jpg 60w, https:\/\/andreasimonetti.com.br\/blog\/wp-content\/uploads\/2017\/03\/page-4-184x184.jpg 184w\" sizes=\"auto, (max-width: 700px) 100vw, 700px\" \/><p id=\"caption-attachment-17046\" class=\"wp-caption-text\">A outra op\u00e7\u00e3o foi com o scarpin de veludo e a bolsa com fecho de niqueira<\/p><\/div>\n<p>Cr\u00e9ditos:<br \/>\nFotos &#8211; Vinicius Fernandes<br \/>\nMake e hair &#8211; Dinard&#8217;s Hair Fashion (O mesmo do coquetel da Ped\u00e1gio, porque foi no mesmo dia)<br \/>\nSaia e blusa &#8211; Shoulder da Ped\u00e1gio Loja<\/p>\n","protected":false},"excerpt":{"rendered":"<p>A loja Arezzo do Bauru Shopping est\u00e1 completando 20 anos e para comemorar a data foram convidadas algumas clientes especiais &#8211; e eu super feliz por ser uma delas &#8211;&hellip;<\/p>\n","protected":false},"author":7,"featured_media":17050,"comment_status":"open","ping_status":"open","sticky":false,"template":"","format":"standard","meta":{"_monsterinsights_skip_tracking":false,"_monsterinsights_sitenote_active":false,"_monsterinsights_sitenote_note":"","_monsterinsights_sitenote_category":0,"footnotes":""},"categories":[1508,3],"tags":[2477],"class_list":["post-17038","post","type-post","status-publish","format-standard","has-post-thumbnail","hentry","category-destaque","category-moda","tag-arezzo-do-bauru-shopping-lanca-seu-outono-inverno-2017"],"yoast_head":"<!-- This site is optimized with the Yoast SEO plugin v26.3 - https:\/\/yoast.com\/wordpress\/plugins\/seo\/ -->\n<title>Arezzo do Bauru Shopping completa 20 anos e apresenta nova cole\u00e7\u00e3o - Andrea Simonetti<\/title>\n<meta name=\"robots\" content=\"index, follow, max-snippet:-1, max-image-preview:large, max-video-preview:-1\" \/>\n<link rel=\"canonical\" href=\"https:\/\/andreasimonetti.com.br\/blog\/arezzo-do-bauru-shopping-completa-20-anos-e-apresenta-nova-colecao\/\" \/>\n<meta property=\"og:locale\" content=\"pt_BR\" \/>\n<meta property=\"og:type\" content=\"article\" \/>\n<meta property=\"og:title\" content=\"Arezzo do Bauru Shopping completa 20 anos e apresenta nova cole\u00e7\u00e3o - Andrea Simonetti\" \/>\n<meta property=\"og:description\" content=\"A loja Arezzo do Bauru Shopping est\u00e1 completando 20 anos e para comemorar a data foram convidadas algumas clientes especiais &#8211; e eu super feliz por ser uma delas &#8211;&hellip;\" \/>\n<meta property=\"og:url\" content=\"https:\/\/andreasimonetti.com.br\/blog\/arezzo-do-bauru-shopping-completa-20-anos-e-apresenta-nova-colecao\/\" \/>\n<meta property=\"og:site_name\" content=\"Andrea Simonetti\" \/>\n<meta property=\"article:publisher\" content=\"https:\/\/www.facebook.com\/blogdaandreasimonetti\/\" \/>\n<meta property=\"article:author\" content=\"https:\/\/www.facebook.com\/blogdaandreasimonetti\/\" \/>\n<meta property=\"article:published_time\" content=\"2017-03-11T21:28:32+00:00\" \/>\n<meta property=\"article:modified_time\" content=\"2018-05-25T11:52:05+00:00\" \/>\n<meta property=\"og:image\" content=\"https:\/\/andreasimonetti.com.br\/blog\/wp-content\/uploads\/2017\/03\/IMG_0520-1024x683.jpg\" \/>\n\t<meta property=\"og:image:width\" content=\"1024\" \/>\n\t<meta property=\"og:image:height\" content=\"683\" \/>\n\t<meta property=\"og:image:type\" content=\"image\/jpeg\" \/>\n<meta name=\"author\" content=\"Andrea Simonetti\" \/>\n<meta name=\"twitter:card\" content=\"summary_large_image\" \/>\n<meta name=\"twitter:creator\" content=\"@https:\/\/twitter.com\/Andrea_Simoneti\" \/>\n<meta name=\"twitter:site\" content=\"@Andrea_Simoneti\" \/>\n<meta name=\"twitter:label1\" content=\"Escrito por\" \/>\n\t<meta name=\"twitter:data1\" content=\"Andrea Simonetti\" \/>\n\t<meta name=\"twitter:label2\" content=\"Est. tempo de leitura\" \/>\n\t<meta name=\"twitter:data2\" content=\"2 minutos\" \/>\n<!-- \/ Yoast SEO plugin. -->","yoast_head_json":{"title":"Arezzo do Bauru Shopping completa 20 anos e apresenta nova cole\u00e7\u00e3o - Andrea Simonetti","robots":{"index":"index","follow":"follow","max-snippet":"max-snippet:-1","max-image-preview":"max-image-preview:large","max-video-preview":"max-video-preview:-1"},"canonical":"https:\/\/andreasimonetti.com.br\/blog\/arezzo-do-bauru-shopping-completa-20-anos-e-apresenta-nova-colecao\/","og_locale":"pt_BR","og_type":"article","og_title":"Arezzo do Bauru Shopping completa 20 anos e apresenta nova cole\u00e7\u00e3o - Andrea Simonetti","og_description":"A loja Arezzo do Bauru Shopping est\u00e1 completando 20 anos e para comemorar a data foram convidadas algumas clientes especiais &#8211; e eu super feliz por ser uma delas &#8211;&hellip;","og_url":"https:\/\/andreasimonetti.com.br\/blog\/arezzo-do-bauru-shopping-completa-20-anos-e-apresenta-nova-colecao\/","og_site_name":"Andrea Simonetti","article_publisher":"https:\/\/www.facebook.com\/blogdaandreasimonetti\/","article_author":"https:\/\/www.facebook.com\/blogdaandreasimonetti\/","article_published_time":"2017-03-11T21:28:32+00:00","article_modified_time":"2018-05-25T11:52:05+00:00","og_image":[{"width":1024,"height":683,"url":"https:\/\/andreasimonetti.com.br\/blog\/wp-content\/uploads\/2017\/03\/IMG_0520-1024x683.jpg","type":"image\/jpeg"}],"author":"Andrea Simonetti","twitter_card":"summary_large_image","twitter_creator":"@https:\/\/twitter.com\/Andrea_Simoneti","twitter_site":"@Andrea_Simoneti","twitter_misc":{"Escrito por":"Andrea Simonetti","Est. tempo de leitura":"2 minutos"},"schema":{"@context":"https:\/\/schema.org","@graph":[{"@type":"WebPage","@id":"https:\/\/andreasimonetti.com.br\/blog\/arezzo-do-bauru-shopping-completa-20-anos-e-apresenta-nova-colecao\/","url":"https:\/\/andreasimonetti.com.br\/blog\/arezzo-do-bauru-shopping-completa-20-anos-e-apresenta-nova-colecao\/","name":"Arezzo do Bauru Shopping completa 20 anos e apresenta nova cole\u00e7\u00e3o - Andrea Simonetti","isPartOf":{"@id":"https:\/\/andreasimonetti.com.br\/blog\/#website"},"primaryImageOfPage":{"@id":"https:\/\/andreasimonetti.com.br\/blog\/arezzo-do-bauru-shopping-completa-20-anos-e-apresenta-nova-colecao\/#primaryimage"},"image":{"@id":"https:\/\/andreasimonetti.com.br\/blog\/arezzo-do-bauru-shopping-completa-20-anos-e-apresenta-nova-colecao\/#primaryimage"},"thumbnailUrl":"https:\/\/andreasimonetti.com.br\/blog\/wp-content\/uploads\/2017\/03\/IMG_0520.jpg","datePublished":"2017-03-11T21:28:32+00:00","dateModified":"2018-05-25T11:52:05+00:00","author":{"@id":"https:\/\/andreasimonetti.com.br\/blog\/#\/schema\/person\/254f763c24ac288e27ea738a7366ad2a"},"breadcrumb":{"@id":"https:\/\/andreasimonetti.com.br\/blog\/arezzo-do-bauru-shopping-completa-20-anos-e-apresenta-nova-colecao\/#breadcrumb"},"inLanguage":"pt-BR","potentialAction":[{"@type":"ReadAction","target":["https:\/\/andreasimonetti.com.br\/blog\/arezzo-do-bauru-shopping-completa-20-anos-e-apresenta-nova-colecao\/"]}]},{"@type":"ImageObject","inLanguage":"pt-BR","@id":"https:\/\/andreasimonetti.com.br\/blog\/arezzo-do-bauru-shopping-completa-20-anos-e-apresenta-nova-colecao\/#primaryimage","url":"https:\/\/andreasimonetti.com.br\/blog\/wp-content\/uploads\/2017\/03\/IMG_0520.jpg","contentUrl":"https:\/\/andreasimonetti.com.br\/blog\/wp-content\/uploads\/2017\/03\/IMG_0520.jpg","width":5472,"height":3648},{"@type":"BreadcrumbList","@id":"https:\/\/andreasimonetti.com.br\/blog\/arezzo-do-bauru-shopping-completa-20-anos-e-apresenta-nova-colecao\/#breadcrumb","itemListElement":[{"@type":"ListItem","position":1,"name":"In\u00edcio","item":"https:\/\/andreasimonetti.com.br\/blog\/"},{"@type":"ListItem","position":2,"name":"Arezzo do Bauru Shopping completa 20 anos e apresenta nova cole\u00e7\u00e3o"}]},{"@type":"WebSite","@id":"https:\/\/andreasimonetti.com.br\/blog\/#website","url":"https:\/\/andreasimonetti.com.br\/blog\/","name":"Andrea Simonetti","description":"","potentialAction":[{"@type":"SearchAction","target":{"@type":"EntryPoint","urlTemplate":"https:\/\/andreasimonetti.com.br\/blog\/?s={search_term_string}"},"query-input":{"@type":"PropertyValueSpecification","valueRequired":true,"valueName":"search_term_string"}}],"inLanguage":"pt-BR"},{"@type":"Person","@id":"https:\/\/andreasimonetti.com.br\/blog\/#\/schema\/person\/254f763c24ac288e27ea738a7366ad2a","name":"Andrea Simonetti","image":{"@type":"ImageObject","inLanguage":"pt-BR","@id":"https:\/\/andreasimonetti.com.br\/blog\/#\/schema\/person\/image\/","url":"https:\/\/andreasimonetti.com.br\/blog\/wp-content\/uploads\/2018\/04\/andrea-simonetti-96x96.png","contentUrl":"https:\/\/andreasimonetti.com.br\/blog\/wp-content\/uploads\/2018\/04\/andrea-simonetti-96x96.png","caption":"Andrea Simonetti"},"description":"Sou formada em Administra\u00e7\u00e3o de Empresas, Produ\u00e7\u00e3o de Moda pelo SENAC e Consultoria de Estilo. Sou fascinada por moda desde sempre, adoro ver as pessoas produzidas e de bem com a vida. Moda \u00e9 o meu assunto preferido. Comecei meu blog em 2011, ele cresceu e hoje \u00e9 um site bem mais abrangente, onde eu falo sobre moda e meu trabalho de consultora de estilo. E falo tamb\u00e9m sobre a minha experi\u00eancia de vida. Mas antes de tudo, acredito num Deus Soberano que nos guia e aben\u00e7oa, o tempo todo!","sameAs":["https:\/\/www.andreasimonetti.com.br\/","https:\/\/www.facebook.com\/blogdaandreasimonetti\/","https:\/\/www.instagram.com\/andrea_simonetti\/","https:\/\/br.pinterest.com\/BlogAndrea\/","https:\/\/x.com\/https:\/\/twitter.com\/Andrea_Simoneti"],"url":"https:\/\/andreasimonetti.com.br\/blog\/author\/andrea\/"}]}},"_links":{"self":[{"href":"https:\/\/andreasimonetti.com.br\/blog\/wp-json\/wp\/v2\/posts\/17038","targetHints":{"allow":["GET"]}}],"collection":[{"href":"https:\/\/andreasimonetti.com.br\/blog\/wp-json\/wp\/v2\/posts"}],"about":[{"href":"https:\/\/andreasimonetti.com.br\/blog\/wp-json\/wp\/v2\/types\/post"}],"author":[{"embeddable":true,"href":"https:\/\/andreasimonetti.com.br\/blog\/wp-json\/wp\/v2\/users\/7"}],"replies":[{"embeddable":true,"href":"https:\/\/andreasimonetti.com.br\/blog\/wp-json\/wp\/v2\/comments?post=17038"}],"version-history":[{"count":0,"href":"https:\/\/andreasimonetti.com.br\/blog\/wp-json\/wp\/v2\/posts\/17038\/revisions"}],"wp:featuredmedia":[{"embeddable":true,"href":"https:\/\/andreasimonetti.com.br\/blog\/wp-json\/wp\/v2\/media\/17050"}],"wp:attachment":[{"href":"https:\/\/andreasimonetti.com.br\/blog\/wp-json\/wp\/v2\/media?parent=17038"}],"wp:term":[{"taxonomy":"category","embeddable":true,"href":"https:\/\/andreasimonetti.com.br\/blog\/wp-json\/wp\/v2\/categories?post=17038"},{"taxonomy":"post_tag","embeddable":true,"href":"https:\/\/andreasimonetti.com.br\/blog\/wp-json\/wp\/v2\/tags?post=17038"}],"curies":[{"name":"wp","href":"https:\/\/api.w.org\/{rel}","templated":true}]}}