{"id":16904,"date":"2017-02-19T16:10:48","date_gmt":"2017-02-19T19:10:48","guid":{"rendered":"http:\/\/www.blogdaandreasimonetti.com.br\/?p=16904"},"modified":"2018-05-25T08:33:28","modified_gmt":"2018-05-25T11:33:28","slug":"inspiracoes-para-maquiagem-de-carnaval","status":"publish","type":"post","link":"https:\/\/andreasimonetti.com.br\/blog\/inspiracoes-para-maquiagem-de-carnaval\/","title":{"rendered":"Inspira\u00e7\u00f5es para maquiagem de carnaval"},"content":{"rendered":"<h2>\u00a0 \u00a0 \u00a0 \u00a0 Algumas inspira\u00e7\u00f5es para maquiagem de carnaval<\/h2>\n<div id=\"attachment_16905\" style=\"width: 710px\" class=\"wp-caption alignnone\"><img loading=\"lazy\" decoding=\"async\" aria-describedby=\"caption-attachment-16905\" class=\"wp-image-16905\" src=\"http:\/\/www.blogdaandreasimonetti.com.br\/wp-content\/uploads\/2017\/02\/16665916_10154477583493722_8616190106972290284_o.jpg\" width=\"700\" height=\"875\" srcset=\"https:\/\/andreasimonetti.com.br\/blog\/wp-content\/uploads\/2017\/02\/16665916_10154477583493722_8616190106972290284_o.jpg 768w, https:\/\/andreasimonetti.com.br\/blog\/wp-content\/uploads\/2017\/02\/16665916_10154477583493722_8616190106972290284_o-240x300.jpg 240w\" sizes=\"auto, (max-width: 700px) 100vw, 700px\" \/><p id=\"caption-attachment-16905\" class=\"wp-caption-text\">Maquiadora Uly Schimidt<\/p><\/div>\n<div id=\"attachment_16906\" style=\"width: 710px\" class=\"wp-caption alignnone\"><img loading=\"lazy\" decoding=\"async\" aria-describedby=\"caption-attachment-16906\" class=\"wp-image-16906\" src=\"http:\/\/www.blogdaandreasimonetti.com.br\/wp-content\/uploads\/2017\/02\/16602618_1244245965683308_7051081000872811017_n.jpg\" width=\"700\" height=\"1119\" srcset=\"https:\/\/andreasimonetti.com.br\/blog\/wp-content\/uploads\/2017\/02\/16602618_1244245965683308_7051081000872811017_n.jpg 526w, https:\/\/andreasimonetti.com.br\/blog\/wp-content\/uploads\/2017\/02\/16602618_1244245965683308_7051081000872811017_n-188x300.jpg 188w\" sizes=\"auto, (max-width: 700px) 100vw, 700px\" \/><p id=\"caption-attachment-16906\" class=\"wp-caption-text\">Maquiadora Camila Makes<\/p><\/div>\n<div id=\"attachment_16907\" style=\"width: 710px\" class=\"wp-caption alignnone\"><img loading=\"lazy\" decoding=\"async\" aria-describedby=\"caption-attachment-16907\" class=\"wp-image-16907\" src=\"http:\/\/www.blogdaandreasimonetti.com.br\/wp-content\/uploads\/2017\/02\/16473738_1081083315335331_8392179917738567109_n.jpg\" width=\"700\" height=\"875\" srcset=\"https:\/\/andreasimonetti.com.br\/blog\/wp-content\/uploads\/2017\/02\/16473738_1081083315335331_8392179917738567109_n.jpg 768w, https:\/\/andreasimonetti.com.br\/blog\/wp-content\/uploads\/2017\/02\/16473738_1081083315335331_8392179917738567109_n-240x300.jpg 240w\" sizes=\"auto, (max-width: 700px) 100vw, 700px\" \/><p id=\"caption-attachment-16907\" class=\"wp-caption-text\">Maquiadora Debora Okano<\/p><\/div>\n<div id=\"attachment_16908\" style=\"width: 710px\" class=\"wp-caption alignnone\"><img loading=\"lazy\" decoding=\"async\" aria-describedby=\"caption-attachment-16908\" class=\"wp-image-16908\" src=\"http:\/\/www.blogdaandreasimonetti.com.br\/wp-content\/uploads\/2017\/02\/16864481_1047815861988961_1780988096737488675_n.jpg\" width=\"700\" height=\"700\" srcset=\"https:\/\/andreasimonetti.com.br\/blog\/wp-content\/uploads\/2017\/02\/16864481_1047815861988961_1780988096737488675_n.jpg 960w, https:\/\/andreasimonetti.com.br\/blog\/wp-content\/uploads\/2017\/02\/16864481_1047815861988961_1780988096737488675_n-150x150.jpg 150w, https:\/\/andreasimonetti.com.br\/blog\/wp-content\/uploads\/2017\/02\/16864481_1047815861988961_1780988096737488675_n-300x300.jpg 300w, https:\/\/andreasimonetti.com.br\/blog\/wp-content\/uploads\/2017\/02\/16864481_1047815861988961_1780988096737488675_n-768x768.jpg 768w, https:\/\/andreasimonetti.com.br\/blog\/wp-content\/uploads\/2017\/02\/16864481_1047815861988961_1780988096737488675_n-240x240.jpg 240w, https:\/\/andreasimonetti.com.br\/blog\/wp-content\/uploads\/2017\/02\/16864481_1047815861988961_1780988096737488675_n-96x96.jpg 96w, https:\/\/andreasimonetti.com.br\/blog\/wp-content\/uploads\/2017\/02\/16864481_1047815861988961_1780988096737488675_n-121x121.jpg 121w, https:\/\/andreasimonetti.com.br\/blog\/wp-content\/uploads\/2017\/02\/16864481_1047815861988961_1780988096737488675_n-60x60.jpg 60w, https:\/\/andreasimonetti.com.br\/blog\/wp-content\/uploads\/2017\/02\/16864481_1047815861988961_1780988096737488675_n-184x184.jpg 184w\" sizes=\"auto, (max-width: 700px) 100vw, 700px\" \/><p id=\"caption-attachment-16908\" class=\"wp-caption-text\">Maquiador Dony J\u00fanior<\/p><\/div>\n<div id=\"attachment_16909\" style=\"width: 710px\" class=\"wp-caption alignnone\"><img loading=\"lazy\" decoding=\"async\" aria-describedby=\"caption-attachment-16909\" class=\"wp-image-16909\" src=\"http:\/\/www.blogdaandreasimonetti.com.br\/wp-content\/uploads\/2017\/02\/maquiagem-para-carnaval-2017-1.jpg\" width=\"700\" height=\"482\" srcset=\"https:\/\/andreasimonetti.com.br\/blog\/wp-content\/uploads\/2017\/02\/maquiagem-para-carnaval-2017-1.jpg 750w, https:\/\/andreasimonetti.com.br\/blog\/wp-content\/uploads\/2017\/02\/maquiagem-para-carnaval-2017-1-300x206.jpg 300w\" sizes=\"auto, (max-width: 700px) 100vw, 700px\" \/><p id=\"caption-attachment-16909\" class=\"wp-caption-text\">Blog Chata de Galocha<\/p><\/div>\n<p><img loading=\"lazy\" decoding=\"async\" class=\"alignnone wp-image-16910\" src=\"http:\/\/www.blogdaandreasimonetti.com.br\/wp-content\/uploads\/2017\/02\/lantejoulas-make-up-carnaval.jpg\" width=\"700\" height=\"1050\" srcset=\"https:\/\/andreasimonetti.com.br\/blog\/wp-content\/uploads\/2017\/02\/lantejoulas-make-up-carnaval.jpg 1280w, https:\/\/andreasimonetti.com.br\/blog\/wp-content\/uploads\/2017\/02\/lantejoulas-make-up-carnaval-200x300.jpg 200w, https:\/\/andreasimonetti.com.br\/blog\/wp-content\/uploads\/2017\/02\/lantejoulas-make-up-carnaval-768x1152.jpg 768w, https:\/\/andreasimonetti.com.br\/blog\/wp-content\/uploads\/2017\/02\/lantejoulas-make-up-carnaval-683x1024.jpg 683w\" sizes=\"auto, (max-width: 700px) 100vw, 700px\" \/><\/p>\n<div id=\"attachment_16911\" style=\"width: 710px\" class=\"wp-caption alignnone\"><img loading=\"lazy\" decoding=\"async\" aria-describedby=\"caption-attachment-16911\" class=\"wp-image-16911\" src=\"http:\/\/www.blogdaandreasimonetti.com.br\/wp-content\/uploads\/2017\/02\/16808561_1245646482149363_1639880307_n.jpg\" width=\"700\" height=\"933\" srcset=\"https:\/\/andreasimonetti.com.br\/blog\/wp-content\/uploads\/2017\/02\/16808561_1245646482149363_1639880307_n.jpg 480w, https:\/\/andreasimonetti.com.br\/blog\/wp-content\/uploads\/2017\/02\/16808561_1245646482149363_1639880307_n-225x300.jpg 225w\" sizes=\"auto, (max-width: 700px) 100vw, 700px\" \/><p id=\"caption-attachment-16911\" class=\"wp-caption-text\">Maquiadora Thais Ticianelli<\/p><\/div>\n<div id=\"attachment_16914\" style=\"width: 650px\" class=\"wp-caption alignnone\"><img loading=\"lazy\" decoding=\"async\" aria-describedby=\"caption-attachment-16914\" class=\"wp-image-16914 size-full\" src=\"http:\/\/www.blogdaandreasimonetti.com.br\/wp-content\/uploads\/2017\/02\/15871750_1247040548685046_1959242419394657981_n.jpg\" width=\"640\" height=\"960\" srcset=\"https:\/\/andreasimonetti.com.br\/blog\/wp-content\/uploads\/2017\/02\/15871750_1247040548685046_1959242419394657981_n.jpg 640w, https:\/\/andreasimonetti.com.br\/blog\/wp-content\/uploads\/2017\/02\/15871750_1247040548685046_1959242419394657981_n-200x300.jpg 200w\" sizes=\"auto, (max-width: 640px) 100vw, 640px\" \/><p id=\"caption-attachment-16914\" class=\"wp-caption-text\">Maquiadora Uly Schimidt<\/p><\/div>\n","protected":false},"excerpt":{"rendered":"<p>\u00a0 \u00a0 \u00a0 \u00a0 Algumas inspira\u00e7\u00f5es para maquiagem de carnaval<\/p>\n","protected":false},"author":7,"featured_media":16905,"comment_status":"open","ping_status":"open","sticky":false,"template":"","format":"standard","meta":{"_monsterinsights_skip_tracking":false,"_monsterinsights_sitenote_active":false,"_monsterinsights_sitenote_note":"","_monsterinsights_sitenote_category":0,"footnotes":""},"categories":[1508,3],"tags":[2468],"class_list":["post-16904","post","type-post","status-publish","format-standard","has-post-thumbnail","hentry","category-destaque","category-moda","tag-inspiracoes-para-a-make-de-carnaval"],"yoast_head":"<!-- This site is optimized with the Yoast SEO plugin v26.3 - https:\/\/yoast.com\/wordpress\/plugins\/seo\/ -->\n<title>Inspira\u00e7\u00f5es para maquiagem de carnaval - Andrea Simonetti<\/title>\n<meta name=\"robots\" content=\"index, follow, max-snippet:-1, max-image-preview:large, max-video-preview:-1\" \/>\n<link rel=\"canonical\" href=\"https:\/\/andreasimonetti.com.br\/blog\/inspiracoes-para-maquiagem-de-carnaval\/\" \/>\n<meta property=\"og:locale\" content=\"pt_BR\" \/>\n<meta property=\"og:type\" content=\"article\" \/>\n<meta property=\"og:title\" content=\"Inspira\u00e7\u00f5es para maquiagem de carnaval - Andrea Simonetti\" \/>\n<meta property=\"og:description\" content=\"\u00a0 \u00a0 \u00a0 \u00a0 Algumas inspira\u00e7\u00f5es para maquiagem de carnaval\" \/>\n<meta property=\"og:url\" content=\"https:\/\/andreasimonetti.com.br\/blog\/inspiracoes-para-maquiagem-de-carnaval\/\" \/>\n<meta property=\"og:site_name\" content=\"Andrea Simonetti\" \/>\n<meta property=\"article:publisher\" content=\"https:\/\/www.facebook.com\/blogdaandreasimonetti\/\" \/>\n<meta property=\"article:author\" content=\"https:\/\/www.facebook.com\/blogdaandreasimonetti\/\" \/>\n<meta property=\"article:published_time\" content=\"2017-02-19T19:10:48+00:00\" \/>\n<meta property=\"article:modified_time\" content=\"2018-05-25T11:33:28+00:00\" \/>\n<meta property=\"og:image\" content=\"https:\/\/andreasimonetti.com.br\/blog\/wp-content\/uploads\/2017\/02\/16665916_10154477583493722_8616190106972290284_o.jpg\" \/>\n\t<meta property=\"og:image:width\" content=\"768\" \/>\n\t<meta property=\"og:image:height\" content=\"960\" \/>\n\t<meta property=\"og:image:type\" content=\"image\/jpeg\" \/>\n<meta name=\"author\" content=\"Andrea Simonetti\" \/>\n<meta name=\"twitter:card\" content=\"summary_large_image\" \/>\n<meta name=\"twitter:creator\" content=\"@https:\/\/twitter.com\/Andrea_Simoneti\" \/>\n<meta name=\"twitter:site\" content=\"@Andrea_Simoneti\" \/>\n<meta name=\"twitter:label1\" content=\"Escrito por\" \/>\n\t<meta name=\"twitter:data1\" content=\"Andrea Simonetti\" \/>\n<!-- \/ Yoast SEO plugin. -->","yoast_head_json":{"title":"Inspira\u00e7\u00f5es para maquiagem de carnaval - Andrea Simonetti","robots":{"index":"index","follow":"follow","max-snippet":"max-snippet:-1","max-image-preview":"max-image-preview:large","max-video-preview":"max-video-preview:-1"},"canonical":"https:\/\/andreasimonetti.com.br\/blog\/inspiracoes-para-maquiagem-de-carnaval\/","og_locale":"pt_BR","og_type":"article","og_title":"Inspira\u00e7\u00f5es para maquiagem de carnaval - Andrea Simonetti","og_description":"\u00a0 \u00a0 \u00a0 \u00a0 Algumas inspira\u00e7\u00f5es para maquiagem de carnaval","og_url":"https:\/\/andreasimonetti.com.br\/blog\/inspiracoes-para-maquiagem-de-carnaval\/","og_site_name":"Andrea Simonetti","article_publisher":"https:\/\/www.facebook.com\/blogdaandreasimonetti\/","article_author":"https:\/\/www.facebook.com\/blogdaandreasimonetti\/","article_published_time":"2017-02-19T19:10:48+00:00","article_modified_time":"2018-05-25T11:33:28+00:00","og_image":[{"width":768,"height":960,"url":"https:\/\/andreasimonetti.com.br\/blog\/wp-content\/uploads\/2017\/02\/16665916_10154477583493722_8616190106972290284_o.jpg","type":"image\/jpeg"}],"author":"Andrea Simonetti","twitter_card":"summary_large_image","twitter_creator":"@https:\/\/twitter.com\/Andrea_Simoneti","twitter_site":"@Andrea_Simoneti","twitter_misc":{"Escrito por":"Andrea Simonetti"},"schema":{"@context":"https:\/\/schema.org","@graph":[{"@type":"WebPage","@id":"https:\/\/andreasimonetti.com.br\/blog\/inspiracoes-para-maquiagem-de-carnaval\/","url":"https:\/\/andreasimonetti.com.br\/blog\/inspiracoes-para-maquiagem-de-carnaval\/","name":"Inspira\u00e7\u00f5es para maquiagem de carnaval - Andrea Simonetti","isPartOf":{"@id":"https:\/\/andreasimonetti.com.br\/blog\/#website"},"primaryImageOfPage":{"@id":"https:\/\/andreasimonetti.com.br\/blog\/inspiracoes-para-maquiagem-de-carnaval\/#primaryimage"},"image":{"@id":"https:\/\/andreasimonetti.com.br\/blog\/inspiracoes-para-maquiagem-de-carnaval\/#primaryimage"},"thumbnailUrl":"https:\/\/andreasimonetti.com.br\/blog\/wp-content\/uploads\/2017\/02\/16665916_10154477583493722_8616190106972290284_o.jpg","datePublished":"2017-02-19T19:10:48+00:00","dateModified":"2018-05-25T11:33:28+00:00","author":{"@id":"https:\/\/andreasimonetti.com.br\/blog\/#\/schema\/person\/254f763c24ac288e27ea738a7366ad2a"},"breadcrumb":{"@id":"https:\/\/andreasimonetti.com.br\/blog\/inspiracoes-para-maquiagem-de-carnaval\/#breadcrumb"},"inLanguage":"pt-BR","potentialAction":[{"@type":"ReadAction","target":["https:\/\/andreasimonetti.com.br\/blog\/inspiracoes-para-maquiagem-de-carnaval\/"]}]},{"@type":"ImageObject","inLanguage":"pt-BR","@id":"https:\/\/andreasimonetti.com.br\/blog\/inspiracoes-para-maquiagem-de-carnaval\/#primaryimage","url":"https:\/\/andreasimonetti.com.br\/blog\/wp-content\/uploads\/2017\/02\/16665916_10154477583493722_8616190106972290284_o.jpg","contentUrl":"https:\/\/andreasimonetti.com.br\/blog\/wp-content\/uploads\/2017\/02\/16665916_10154477583493722_8616190106972290284_o.jpg","width":768,"height":960},{"@type":"BreadcrumbList","@id":"https:\/\/andreasimonetti.com.br\/blog\/inspiracoes-para-maquiagem-de-carnaval\/#breadcrumb","itemListElement":[{"@type":"ListItem","position":1,"name":"In\u00edcio","item":"https:\/\/andreasimonetti.com.br\/blog\/"},{"@type":"ListItem","position":2,"name":"Inspira\u00e7\u00f5es para maquiagem de carnaval"}]},{"@type":"WebSite","@id":"https:\/\/andreasimonetti.com.br\/blog\/#website","url":"https:\/\/andreasimonetti.com.br\/blog\/","name":"Andrea Simonetti","description":"","potentialAction":[{"@type":"SearchAction","target":{"@type":"EntryPoint","urlTemplate":"https:\/\/andreasimonetti.com.br\/blog\/?s={search_term_string}"},"query-input":{"@type":"PropertyValueSpecification","valueRequired":true,"valueName":"search_term_string"}}],"inLanguage":"pt-BR"},{"@type":"Person","@id":"https:\/\/andreasimonetti.com.br\/blog\/#\/schema\/person\/254f763c24ac288e27ea738a7366ad2a","name":"Andrea Simonetti","image":{"@type":"ImageObject","inLanguage":"pt-BR","@id":"https:\/\/andreasimonetti.com.br\/blog\/#\/schema\/person\/image\/","url":"https:\/\/andreasimonetti.com.br\/blog\/wp-content\/uploads\/2018\/04\/andrea-simonetti-96x96.png","contentUrl":"https:\/\/andreasimonetti.com.br\/blog\/wp-content\/uploads\/2018\/04\/andrea-simonetti-96x96.png","caption":"Andrea Simonetti"},"description":"Sou formada em Administra\u00e7\u00e3o de Empresas, Produ\u00e7\u00e3o de Moda pelo SENAC e Consultoria de Estilo. Sou fascinada por moda desde sempre, adoro ver as pessoas produzidas e de bem com a vida. Moda \u00e9 o meu assunto preferido. Comecei meu blog em 2011, ele cresceu e hoje \u00e9 um site bem mais abrangente, onde eu falo sobre moda e meu trabalho de consultora de estilo. E falo tamb\u00e9m sobre a minha experi\u00eancia de vida. Mas antes de tudo, acredito num Deus Soberano que nos guia e aben\u00e7oa, o tempo todo!","sameAs":["https:\/\/www.andreasimonetti.com.br\/","https:\/\/www.facebook.com\/blogdaandreasimonetti\/","https:\/\/www.instagram.com\/andrea_simonetti\/","https:\/\/br.pinterest.com\/BlogAndrea\/","https:\/\/x.com\/https:\/\/twitter.com\/Andrea_Simoneti"],"url":"https:\/\/andreasimonetti.com.br\/blog\/author\/andrea\/"}]}},"_links":{"self":[{"href":"https:\/\/andreasimonetti.com.br\/blog\/wp-json\/wp\/v2\/posts\/16904","targetHints":{"allow":["GET"]}}],"collection":[{"href":"https:\/\/andreasimonetti.com.br\/blog\/wp-json\/wp\/v2\/posts"}],"about":[{"href":"https:\/\/andreasimonetti.com.br\/blog\/wp-json\/wp\/v2\/types\/post"}],"author":[{"embeddable":true,"href":"https:\/\/andreasimonetti.com.br\/blog\/wp-json\/wp\/v2\/users\/7"}],"replies":[{"embeddable":true,"href":"https:\/\/andreasimonetti.com.br\/blog\/wp-json\/wp\/v2\/comments?post=16904"}],"version-history":[{"count":0,"href":"https:\/\/andreasimonetti.com.br\/blog\/wp-json\/wp\/v2\/posts\/16904\/revisions"}],"wp:featuredmedia":[{"embeddable":true,"href":"https:\/\/andreasimonetti.com.br\/blog\/wp-json\/wp\/v2\/media\/16905"}],"wp:attachment":[{"href":"https:\/\/andreasimonetti.com.br\/blog\/wp-json\/wp\/v2\/media?parent=16904"}],"wp:term":[{"taxonomy":"category","embeddable":true,"href":"https:\/\/andreasimonetti.com.br\/blog\/wp-json\/wp\/v2\/categories?post=16904"},{"taxonomy":"post_tag","embeddable":true,"href":"https:\/\/andreasimonetti.com.br\/blog\/wp-json\/wp\/v2\/tags?post=16904"}],"curies":[{"name":"wp","href":"https:\/\/api.w.org\/{rel}","templated":true}]}}