{"id":16590,"date":"2016-12-09T14:04:28","date_gmt":"2016-12-09T16:04:28","guid":{"rendered":"http:\/\/www.blogdaandreasimonetti.com.br\/?p=16590"},"modified":"2018-05-25T08:48:22","modified_gmt":"2018-05-25T11:48:22","slug":"pantone-divulgou-cor-do-ano-2017-greenery","status":"publish","type":"post","link":"https:\/\/andreasimonetti.com.br\/blog\/pantone-divulgou-cor-do-ano-2017-greenery\/","title":{"rendered":"A Pantone divulgou a cor do ano 2017:  Greenery"},"content":{"rendered":"<p style=\"text-align: justify;\">A Pantone, fornecedora profissional de cores para a ind\u00fastria da moda e do design, anunciou nesta quinta-feira a cor para o ano de 2017:\u00a0Greenery &#8211; que \u00e9 um verde musgo misturado com amarelo intenso.<\/p>\n<p style=\"text-align: justify;\">A decis\u00e3o da Pantone \u00e9 um reflexo e tamb\u00e9m um ant\u00eddoto para o clima atual da nossa sociedade. O verde remete \u00e0 esperan\u00e7a: sentimento que cultivamos coletivamente em meio\u00a0a um complexo cen\u00e1rio social e pol\u00edtico muito dif\u00edcil que o mundo est\u00e1 enfrentando.<\/p>\n<p style=\"text-align: justify;\">A cor apareceu nos desfiles de ver\u00e3o 2017 nos\u00a0da Emilio Pucci, Michael Kors, Balenciaga , Lacoste e Jeremy Scott.<\/p>\n<p>&nbsp;<\/p>\n<div id=\"attachment_16593\" style=\"width: 710px\" class=\"wp-caption alignnone\"><img loading=\"lazy\" decoding=\"async\" aria-describedby=\"caption-attachment-16593\" class=\"wp-image-16593\" src=\"http:\/\/www.blogdaandreasimonetti.com.br\/wp-content\/uploads\/2016\/12\/210916-pantone-07-590x487.jpg\" alt=\"210916-pantone-07-590x487\" width=\"700\" height=\"578\" srcset=\"https:\/\/andreasimonetti.com.br\/blog\/wp-content\/uploads\/2016\/12\/210916-pantone-07-590x487.jpg 590w, https:\/\/andreasimonetti.com.br\/blog\/wp-content\/uploads\/2016\/12\/210916-pantone-07-590x487-300x248.jpg 300w\" sizes=\"auto, (max-width: 700px) 100vw, 700px\" \/><p id=\"caption-attachment-16593\" class=\"wp-caption-text\">Lacoste e Jeremy Scott<\/p><\/div>\n<p>&nbsp;<\/p>\n<div id=\"attachment_16591\" style=\"width: 710px\" class=\"wp-caption alignnone\"><img loading=\"lazy\" decoding=\"async\" aria-describedby=\"caption-attachment-16591\" class=\"wp-image-16591\" src=\"http:\/\/www.blogdaandreasimonetti.com.br\/wp-content\/uploads\/2016\/12\/MTQzNDg0NDk1NzUwNzY3NzU4.jpg\" alt=\"mtqzndg0ndk1nzuwnzy3nzu4\" width=\"700\" height=\"350\" srcset=\"https:\/\/andreasimonetti.com.br\/blog\/wp-content\/uploads\/2016\/12\/MTQzNDg0NDk1NzUwNzY3NzU4.jpg 620w, https:\/\/andreasimonetti.com.br\/blog\/wp-content\/uploads\/2016\/12\/MTQzNDg0NDk1NzUwNzY3NzU4-300x150.jpg 300w\" sizes=\"auto, (max-width: 700px) 100vw, 700px\" \/><p id=\"caption-attachment-16591\" class=\"wp-caption-text\">Pantone 2017<\/p><\/div>\n<div id=\"attachment_16592\" style=\"width: 710px\" class=\"wp-caption alignnone\"><img loading=\"lazy\" decoding=\"async\" aria-describedby=\"caption-attachment-16592\" class=\"wp-image-16592\" src=\"http:\/\/www.blogdaandreasimonetti.com.br\/wp-content\/uploads\/2016\/12\/MTQzNDg0NDg2MzU1NTI2Nzk4.jpg\" alt=\"mtqzndg0ndg2mzu1nti2nzk4\" width=\"700\" height=\"394\" srcset=\"https:\/\/andreasimonetti.com.br\/blog\/wp-content\/uploads\/2016\/12\/MTQzNDg0NDg2MzU1NTI2Nzk4.jpg 620w, https:\/\/andreasimonetti.com.br\/blog\/wp-content\/uploads\/2016\/12\/MTQzNDg0NDg2MzU1NTI2Nzk4-300x169.jpg 300w, https:\/\/andreasimonetti.com.br\/blog\/wp-content\/uploads\/2016\/12\/MTQzNDg0NDg2MzU1NTI2Nzk4-180x100.jpg 180w\" sizes=\"auto, (max-width: 700px) 100vw, 700px\" \/><p id=\"caption-attachment-16592\" class=\"wp-caption-text\">Emilio Pucci, Michael Kors e Balenciaga ver\u00e3o 2017<\/p><\/div>\n","protected":false},"excerpt":{"rendered":"<p>A Pantone, fornecedora profissional de cores para a ind\u00fastria da moda e do design, anunciou nesta quinta-feira a cor para o ano de 2017:\u00a0Greenery &#8211; que \u00e9 um verde musgo&hellip;<\/p>\n","protected":false},"author":7,"featured_media":16592,"comment_status":"open","ping_status":"open","sticky":false,"template":"","format":"standard","meta":{"_monsterinsights_skip_tracking":false,"_monsterinsights_sitenote_active":false,"_monsterinsights_sitenote_note":"","_monsterinsights_sitenote_category":0,"footnotes":""},"categories":[1508,3],"tags":[2434],"class_list":["post-16590","post","type-post","status-publish","format-standard","has-post-thumbnail","hentry","category-destaque","category-moda","tag-a-pantone-divulgou-a-cor-ara-o-ano-2017-greenery"],"yoast_head":"<!-- This site is optimized with the Yoast SEO plugin v26.3 - https:\/\/yoast.com\/wordpress\/plugins\/seo\/ -->\n<title>A Pantone divulgou a cor do ano 2017: Greenery - Andrea Simonetti<\/title>\n<meta name=\"robots\" content=\"index, follow, max-snippet:-1, max-image-preview:large, max-video-preview:-1\" \/>\n<link rel=\"canonical\" href=\"https:\/\/andreasimonetti.com.br\/blog\/pantone-divulgou-cor-do-ano-2017-greenery\/\" \/>\n<meta property=\"og:locale\" content=\"pt_BR\" \/>\n<meta property=\"og:type\" content=\"article\" \/>\n<meta property=\"og:title\" content=\"A Pantone divulgou a cor do ano 2017: Greenery - Andrea Simonetti\" \/>\n<meta property=\"og:description\" content=\"A Pantone, fornecedora profissional de cores para a ind\u00fastria da moda e do design, anunciou nesta quinta-feira a cor para o ano de 2017:\u00a0Greenery &#8211; que \u00e9 um verde musgo&hellip;\" \/>\n<meta property=\"og:url\" content=\"https:\/\/andreasimonetti.com.br\/blog\/pantone-divulgou-cor-do-ano-2017-greenery\/\" \/>\n<meta property=\"og:site_name\" content=\"Andrea Simonetti\" \/>\n<meta property=\"article:publisher\" content=\"https:\/\/www.facebook.com\/blogdaandreasimonetti\/\" \/>\n<meta property=\"article:author\" content=\"https:\/\/www.facebook.com\/blogdaandreasimonetti\/\" \/>\n<meta property=\"article:published_time\" content=\"2016-12-09T16:04:28+00:00\" \/>\n<meta property=\"article:modified_time\" content=\"2018-05-25T11:48:22+00:00\" \/>\n<meta property=\"og:image\" content=\"https:\/\/andreasimonetti.com.br\/blog\/wp-content\/uploads\/2016\/12\/MTQzNDg0NDg2MzU1NTI2Nzk4.jpg\" \/>\n\t<meta property=\"og:image:width\" content=\"620\" \/>\n\t<meta property=\"og:image:height\" content=\"349\" \/>\n\t<meta property=\"og:image:type\" content=\"image\/jpeg\" \/>\n<meta name=\"author\" content=\"Andrea Simonetti\" \/>\n<meta name=\"twitter:card\" content=\"summary_large_image\" \/>\n<meta name=\"twitter:creator\" content=\"@https:\/\/twitter.com\/Andrea_Simoneti\" \/>\n<meta name=\"twitter:site\" content=\"@Andrea_Simoneti\" \/>\n<meta name=\"twitter:label1\" content=\"Escrito por\" \/>\n\t<meta name=\"twitter:data1\" content=\"Andrea Simonetti\" \/>\n\t<meta name=\"twitter:label2\" content=\"Est. tempo de leitura\" \/>\n\t<meta name=\"twitter:data2\" content=\"1 minuto\" \/>\n<!-- \/ Yoast SEO plugin. -->","yoast_head_json":{"title":"A Pantone divulgou a cor do ano 2017: Greenery - Andrea Simonetti","robots":{"index":"index","follow":"follow","max-snippet":"max-snippet:-1","max-image-preview":"max-image-preview:large","max-video-preview":"max-video-preview:-1"},"canonical":"https:\/\/andreasimonetti.com.br\/blog\/pantone-divulgou-cor-do-ano-2017-greenery\/","og_locale":"pt_BR","og_type":"article","og_title":"A Pantone divulgou a cor do ano 2017: Greenery - Andrea Simonetti","og_description":"A Pantone, fornecedora profissional de cores para a ind\u00fastria da moda e do design, anunciou nesta quinta-feira a cor para o ano de 2017:\u00a0Greenery &#8211; que \u00e9 um verde musgo&hellip;","og_url":"https:\/\/andreasimonetti.com.br\/blog\/pantone-divulgou-cor-do-ano-2017-greenery\/","og_site_name":"Andrea Simonetti","article_publisher":"https:\/\/www.facebook.com\/blogdaandreasimonetti\/","article_author":"https:\/\/www.facebook.com\/blogdaandreasimonetti\/","article_published_time":"2016-12-09T16:04:28+00:00","article_modified_time":"2018-05-25T11:48:22+00:00","og_image":[{"width":620,"height":349,"url":"https:\/\/andreasimonetti.com.br\/blog\/wp-content\/uploads\/2016\/12\/MTQzNDg0NDg2MzU1NTI2Nzk4.jpg","type":"image\/jpeg"}],"author":"Andrea Simonetti","twitter_card":"summary_large_image","twitter_creator":"@https:\/\/twitter.com\/Andrea_Simoneti","twitter_site":"@Andrea_Simoneti","twitter_misc":{"Escrito por":"Andrea Simonetti","Est. tempo de leitura":"1 minuto"},"schema":{"@context":"https:\/\/schema.org","@graph":[{"@type":"WebPage","@id":"https:\/\/andreasimonetti.com.br\/blog\/pantone-divulgou-cor-do-ano-2017-greenery\/","url":"https:\/\/andreasimonetti.com.br\/blog\/pantone-divulgou-cor-do-ano-2017-greenery\/","name":"A Pantone divulgou a cor do ano 2017: Greenery - Andrea Simonetti","isPartOf":{"@id":"https:\/\/andreasimonetti.com.br\/blog\/#website"},"primaryImageOfPage":{"@id":"https:\/\/andreasimonetti.com.br\/blog\/pantone-divulgou-cor-do-ano-2017-greenery\/#primaryimage"},"image":{"@id":"https:\/\/andreasimonetti.com.br\/blog\/pantone-divulgou-cor-do-ano-2017-greenery\/#primaryimage"},"thumbnailUrl":"https:\/\/andreasimonetti.com.br\/blog\/wp-content\/uploads\/2016\/12\/MTQzNDg0NDg2MzU1NTI2Nzk4.jpg","datePublished":"2016-12-09T16:04:28+00:00","dateModified":"2018-05-25T11:48:22+00:00","author":{"@id":"https:\/\/andreasimonetti.com.br\/blog\/#\/schema\/person\/254f763c24ac288e27ea738a7366ad2a"},"breadcrumb":{"@id":"https:\/\/andreasimonetti.com.br\/blog\/pantone-divulgou-cor-do-ano-2017-greenery\/#breadcrumb"},"inLanguage":"pt-BR","potentialAction":[{"@type":"ReadAction","target":["https:\/\/andreasimonetti.com.br\/blog\/pantone-divulgou-cor-do-ano-2017-greenery\/"]}]},{"@type":"ImageObject","inLanguage":"pt-BR","@id":"https:\/\/andreasimonetti.com.br\/blog\/pantone-divulgou-cor-do-ano-2017-greenery\/#primaryimage","url":"https:\/\/andreasimonetti.com.br\/blog\/wp-content\/uploads\/2016\/12\/MTQzNDg0NDg2MzU1NTI2Nzk4.jpg","contentUrl":"https:\/\/andreasimonetti.com.br\/blog\/wp-content\/uploads\/2016\/12\/MTQzNDg0NDg2MzU1NTI2Nzk4.jpg","width":620,"height":349},{"@type":"BreadcrumbList","@id":"https:\/\/andreasimonetti.com.br\/blog\/pantone-divulgou-cor-do-ano-2017-greenery\/#breadcrumb","itemListElement":[{"@type":"ListItem","position":1,"name":"In\u00edcio","item":"https:\/\/andreasimonetti.com.br\/blog\/"},{"@type":"ListItem","position":2,"name":"A Pantone divulgou a cor do ano 2017: Greenery"}]},{"@type":"WebSite","@id":"https:\/\/andreasimonetti.com.br\/blog\/#website","url":"https:\/\/andreasimonetti.com.br\/blog\/","name":"Andrea Simonetti","description":"","potentialAction":[{"@type":"SearchAction","target":{"@type":"EntryPoint","urlTemplate":"https:\/\/andreasimonetti.com.br\/blog\/?s={search_term_string}"},"query-input":{"@type":"PropertyValueSpecification","valueRequired":true,"valueName":"search_term_string"}}],"inLanguage":"pt-BR"},{"@type":"Person","@id":"https:\/\/andreasimonetti.com.br\/blog\/#\/schema\/person\/254f763c24ac288e27ea738a7366ad2a","name":"Andrea Simonetti","image":{"@type":"ImageObject","inLanguage":"pt-BR","@id":"https:\/\/andreasimonetti.com.br\/blog\/#\/schema\/person\/image\/","url":"https:\/\/andreasimonetti.com.br\/blog\/wp-content\/uploads\/2018\/04\/andrea-simonetti-96x96.png","contentUrl":"https:\/\/andreasimonetti.com.br\/blog\/wp-content\/uploads\/2018\/04\/andrea-simonetti-96x96.png","caption":"Andrea Simonetti"},"description":"Sou formada em Administra\u00e7\u00e3o de Empresas, Produ\u00e7\u00e3o de Moda pelo SENAC e Consultoria de Estilo. Sou fascinada por moda desde sempre, adoro ver as pessoas produzidas e de bem com a vida. Moda \u00e9 o meu assunto preferido. Comecei meu blog em 2011, ele cresceu e hoje \u00e9 um site bem mais abrangente, onde eu falo sobre moda e meu trabalho de consultora de estilo. E falo tamb\u00e9m sobre a minha experi\u00eancia de vida. Mas antes de tudo, acredito num Deus Soberano que nos guia e aben\u00e7oa, o tempo todo!","sameAs":["https:\/\/www.andreasimonetti.com.br\/","https:\/\/www.facebook.com\/blogdaandreasimonetti\/","https:\/\/www.instagram.com\/andrea_simonetti\/","https:\/\/br.pinterest.com\/BlogAndrea\/","https:\/\/x.com\/https:\/\/twitter.com\/Andrea_Simoneti"],"url":"https:\/\/andreasimonetti.com.br\/blog\/author\/andrea\/"}]}},"_links":{"self":[{"href":"https:\/\/andreasimonetti.com.br\/blog\/wp-json\/wp\/v2\/posts\/16590","targetHints":{"allow":["GET"]}}],"collection":[{"href":"https:\/\/andreasimonetti.com.br\/blog\/wp-json\/wp\/v2\/posts"}],"about":[{"href":"https:\/\/andreasimonetti.com.br\/blog\/wp-json\/wp\/v2\/types\/post"}],"author":[{"embeddable":true,"href":"https:\/\/andreasimonetti.com.br\/blog\/wp-json\/wp\/v2\/users\/7"}],"replies":[{"embeddable":true,"href":"https:\/\/andreasimonetti.com.br\/blog\/wp-json\/wp\/v2\/comments?post=16590"}],"version-history":[{"count":0,"href":"https:\/\/andreasimonetti.com.br\/blog\/wp-json\/wp\/v2\/posts\/16590\/revisions"}],"wp:featuredmedia":[{"embeddable":true,"href":"https:\/\/andreasimonetti.com.br\/blog\/wp-json\/wp\/v2\/media\/16592"}],"wp:attachment":[{"href":"https:\/\/andreasimonetti.com.br\/blog\/wp-json\/wp\/v2\/media?parent=16590"}],"wp:term":[{"taxonomy":"category","embeddable":true,"href":"https:\/\/andreasimonetti.com.br\/blog\/wp-json\/wp\/v2\/categories?post=16590"},{"taxonomy":"post_tag","embeddable":true,"href":"https:\/\/andreasimonetti.com.br\/blog\/wp-json\/wp\/v2\/tags?post=16590"}],"curies":[{"name":"wp","href":"https:\/\/api.w.org\/{rel}","templated":true}]}}