{"id":16420,"date":"2016-11-06T17:02:50","date_gmt":"2016-11-06T19:02:50","guid":{"rendered":"http:\/\/www.blogdaandreasimonetti.com.br\/?p=16420"},"modified":"2018-05-25T08:52:06","modified_gmt":"2018-05-25T11:52:06","slug":"fast-news-15","status":"publish","type":"post","link":"https:\/\/andreasimonetti.com.br\/blog\/fast-news-15\/","title":{"rendered":"Fast News!"},"content":{"rendered":"<p style=\"text-align: justify;\">O fot\u00f3grafo Mario Testino lan\u00e7ou a <a href=\"http:\/\/miramira.tv\/\">Mira Mira<\/a>, plataforma digital, que re\u00fane fotos, registros de viagens , festas exclusivas, videos e os famosos make in off publicados no seu instagram.<\/p>\n<div id=\"attachment_16421\" style=\"width: 710px\" class=\"wp-caption alignnone\"><img loading=\"lazy\" decoding=\"async\" aria-describedby=\"caption-attachment-16421\" class=\"wp-image-16421\" src=\"http:\/\/www.blogdaandreasimonetti.com.br\/wp-content\/uploads\/2016\/11\/13.jpg\" alt=\"13\" width=\"700\" height=\"554\" srcset=\"https:\/\/andreasimonetti.com.br\/blog\/wp-content\/uploads\/2016\/11\/13.jpg 2880w, https:\/\/andreasimonetti.com.br\/blog\/wp-content\/uploads\/2016\/11\/13-300x237.jpg 300w, https:\/\/andreasimonetti.com.br\/blog\/wp-content\/uploads\/2016\/11\/13-768x607.jpg 768w, https:\/\/andreasimonetti.com.br\/blog\/wp-content\/uploads\/2016\/11\/13-1024x810.jpg 1024w\" sizes=\"auto, (max-width: 700px) 100vw, 700px\" \/><p id=\"caption-attachment-16421\" class=\"wp-caption-text\">Mira Mira<\/p><\/div>\n<p style=\"text-align: justify;\">A marca francesa de champagne Perrier-Jouet esta apoiando o &#8220;Projeto Olhar do Sert\u00e3o&#8221; da estilista Martha Medeiros que juntas disponibilizaram itens exclusivos, como a ta\u00e7a com desenhos de an\u00eamonas ( champagne Perrier-Jouet ) e camisetas assinadas pela estilista que arrecadar\u00e1 R$150.000,00 para construir po\u00e7os artesianos nas zonas rurais do Nordeste. Voc\u00ea pode ajudar comprando os itens atrav\u00e9s do site : <a href=\"http:\/\/www.primaveranosertao.com.br\/\">www.primaveranosertao.com.br<\/a>.<\/p>\n<p>&nbsp;<\/p>\n<p>&nbsp;<\/p>\n<div id=\"attachment_16423\" style=\"width: 710px\" class=\"wp-caption alignnone\"><img loading=\"lazy\" decoding=\"async\" aria-describedby=\"caption-attachment-16423\" class=\"wp-image-16423\" src=\"http:\/\/www.blogdaandreasimonetti.com.br\/wp-content\/uploads\/2016\/11\/isabella_fiorentino_p1_9563.jpg\" alt=\"isabella_fiorentino_p1_9563\" width=\"700\" height=\"1051\" srcset=\"https:\/\/andreasimonetti.com.br\/blog\/wp-content\/uploads\/2016\/11\/isabella_fiorentino_p1_9563.jpg 607w, https:\/\/andreasimonetti.com.br\/blog\/wp-content\/uploads\/2016\/11\/isabella_fiorentino_p1_9563-200x300.jpg 200w\" sizes=\"auto, (max-width: 700px) 100vw, 700px\" \/><p id=\"caption-attachment-16423\" class=\"wp-caption-text\">Isabella Fiorentino com a camiseta do projeto Primavera no Sert\u00e3o<\/p><\/div>\n<p>&nbsp;<\/p>\n<p>A Melissa acrescenta mais uma marca na sua lista de parcerias a Cambridge Satchel, conhecida por suas bolsas \u201csatchel\u201d de couro feitas \u00e0 m\u00e3o na Inglaterra. A Melissa revitalizou o modelo e criou uma vers\u00e3o em pl\u00e1stico, com uma cartela de cor bem mais viva. <a href=\"http:\/\/lojamelissa.com.br\/\">Clique aqui<\/a>.<\/p>\n<div id=\"attachment_16424\" style=\"width: 710px\" class=\"wp-caption alignnone\"><img loading=\"lazy\" decoding=\"async\" aria-describedby=\"caption-attachment-16424\" class=\"wp-image-16424\" src=\"http:\/\/www.blogdaandreasimonetti.com.br\/wp-content\/uploads\/2016\/11\/211016-melissa-bolsa-1-590x332.jpg\" alt=\"211016-melissa-bolsa-1-590x332\" width=\"700\" height=\"394\" srcset=\"https:\/\/andreasimonetti.com.br\/blog\/wp-content\/uploads\/2016\/11\/211016-melissa-bolsa-1-590x332.jpg 590w, https:\/\/andreasimonetti.com.br\/blog\/wp-content\/uploads\/2016\/11\/211016-melissa-bolsa-1-590x332-300x169.jpg 300w, https:\/\/andreasimonetti.com.br\/blog\/wp-content\/uploads\/2016\/11\/211016-melissa-bolsa-1-590x332-180x100.jpg 180w\" sizes=\"auto, (max-width: 700px) 100vw, 700px\" \/><p id=\"caption-attachment-16424\" class=\"wp-caption-text\">Melissa<\/p><\/div>\n<p style=\"text-align: justify;\">No dia 10 de novembro acontece na Petrus Eventos um super desfile de moda organizado pelo curso de Produ\u00e7\u00e3o de Moda do Senac Bauru e voc\u00ea n\u00e3o pode perder.<\/p>\n<p style=\"text-align: justify;\">Para maiores informa\u00e7\u00f5es <a href=\"http:\/\/veraooasis.com.br\/\">clique aqui<\/a>.<\/p>\n<div id=\"attachment_16425\" style=\"width: 710px\" class=\"wp-caption alignnone\"><img loading=\"lazy\" decoding=\"async\" aria-describedby=\"caption-attachment-16425\" class=\"wp-image-16425 size-full\" src=\"http:\/\/www.blogdaandreasimonetti.com.br\/wp-content\/uploads\/2016\/11\/page-1-1.jpg\" alt=\"page-1\" width=\"700\" height=\"700\" srcset=\"https:\/\/andreasimonetti.com.br\/blog\/wp-content\/uploads\/2016\/11\/page-1-1.jpg 700w, https:\/\/andreasimonetti.com.br\/blog\/wp-content\/uploads\/2016\/11\/page-1-1-150x150.jpg 150w, https:\/\/andreasimonetti.com.br\/blog\/wp-content\/uploads\/2016\/11\/page-1-1-300x300.jpg 300w, https:\/\/andreasimonetti.com.br\/blog\/wp-content\/uploads\/2016\/11\/page-1-1-240x240.jpg 240w, https:\/\/andreasimonetti.com.br\/blog\/wp-content\/uploads\/2016\/11\/page-1-1-96x96.jpg 96w, https:\/\/andreasimonetti.com.br\/blog\/wp-content\/uploads\/2016\/11\/page-1-1-121x121.jpg 121w, https:\/\/andreasimonetti.com.br\/blog\/wp-content\/uploads\/2016\/11\/page-1-1-60x60.jpg 60w, https:\/\/andreasimonetti.com.br\/blog\/wp-content\/uploads\/2016\/11\/page-1-1-184x184.jpg 184w\" sizes=\"auto, (max-width: 700px) 100vw, 700px\" \/><p id=\"caption-attachment-16425\" class=\"wp-caption-text\">O\u00e1sis Ver\u00e3o 2017<\/p><\/div>\n","protected":false},"excerpt":{"rendered":"<p>O fot\u00f3grafo Mario Testino lan\u00e7ou a Mira Mira, plataforma digital, que re\u00fane fotos, registros de viagens , festas exclusivas, videos e os famosos make in off publicados no seu instagram.&hellip;<\/p>\n","protected":false},"author":7,"featured_media":16424,"comment_status":"open","ping_status":"open","sticky":false,"template":"","format":"standard","meta":{"_monsterinsights_skip_tracking":false,"_monsterinsights_sitenote_active":false,"_monsterinsights_sitenote_note":"","_monsterinsights_sitenote_category":0,"footnotes":""},"categories":[1508,3],"tags":[2331,2424],"class_list":["post-16420","post","type-post","status-publish","format-standard","has-post-thumbnail","hentry","category-destaque","category-moda","tag-fast-news","tag-oasis-verao-2017"],"yoast_head":"<!-- This site is optimized with the Yoast SEO plugin v26.3 - https:\/\/yoast.com\/wordpress\/plugins\/seo\/ -->\n<title>Fast News! - Andrea Simonetti<\/title>\n<meta name=\"robots\" content=\"index, follow, max-snippet:-1, max-image-preview:large, max-video-preview:-1\" \/>\n<link rel=\"canonical\" href=\"https:\/\/andreasimonetti.com.br\/blog\/fast-news-15\/\" \/>\n<meta property=\"og:locale\" content=\"pt_BR\" \/>\n<meta property=\"og:type\" content=\"article\" \/>\n<meta property=\"og:title\" content=\"Fast News! - Andrea Simonetti\" \/>\n<meta property=\"og:description\" content=\"O fot\u00f3grafo Mario Testino lan\u00e7ou a Mira Mira, plataforma digital, que re\u00fane fotos, registros de viagens , festas exclusivas, videos e os famosos make in off publicados no seu instagram.&hellip;\" \/>\n<meta property=\"og:url\" content=\"https:\/\/andreasimonetti.com.br\/blog\/fast-news-15\/\" \/>\n<meta property=\"og:site_name\" content=\"Andrea Simonetti\" \/>\n<meta property=\"article:publisher\" content=\"https:\/\/www.facebook.com\/blogdaandreasimonetti\/\" \/>\n<meta property=\"article:author\" content=\"https:\/\/www.facebook.com\/blogdaandreasimonetti\/\" \/>\n<meta property=\"article:published_time\" content=\"2016-11-06T19:02:50+00:00\" \/>\n<meta property=\"article:modified_time\" content=\"2018-05-25T11:52:06+00:00\" \/>\n<meta property=\"og:image\" content=\"https:\/\/andreasimonetti.com.br\/blog\/wp-content\/uploads\/2016\/11\/211016-melissa-bolsa-1-590x332.jpg\" \/>\n\t<meta property=\"og:image:width\" content=\"590\" \/>\n\t<meta property=\"og:image:height\" content=\"332\" \/>\n\t<meta property=\"og:image:type\" content=\"image\/jpeg\" \/>\n<meta name=\"author\" content=\"Andrea Simonetti\" \/>\n<meta name=\"twitter:card\" content=\"summary_large_image\" \/>\n<meta name=\"twitter:creator\" content=\"@https:\/\/twitter.com\/Andrea_Simoneti\" \/>\n<meta name=\"twitter:site\" content=\"@Andrea_Simoneti\" \/>\n<meta name=\"twitter:label1\" content=\"Escrito por\" \/>\n\t<meta name=\"twitter:data1\" content=\"Andrea Simonetti\" \/>\n\t<meta name=\"twitter:label2\" content=\"Est. tempo de leitura\" \/>\n\t<meta name=\"twitter:data2\" content=\"1 minuto\" \/>\n<!-- \/ Yoast SEO plugin. -->","yoast_head_json":{"title":"Fast News! - Andrea Simonetti","robots":{"index":"index","follow":"follow","max-snippet":"max-snippet:-1","max-image-preview":"max-image-preview:large","max-video-preview":"max-video-preview:-1"},"canonical":"https:\/\/andreasimonetti.com.br\/blog\/fast-news-15\/","og_locale":"pt_BR","og_type":"article","og_title":"Fast News! - Andrea Simonetti","og_description":"O fot\u00f3grafo Mario Testino lan\u00e7ou a Mira Mira, plataforma digital, que re\u00fane fotos, registros de viagens , festas exclusivas, videos e os famosos make in off publicados no seu instagram.&hellip;","og_url":"https:\/\/andreasimonetti.com.br\/blog\/fast-news-15\/","og_site_name":"Andrea Simonetti","article_publisher":"https:\/\/www.facebook.com\/blogdaandreasimonetti\/","article_author":"https:\/\/www.facebook.com\/blogdaandreasimonetti\/","article_published_time":"2016-11-06T19:02:50+00:00","article_modified_time":"2018-05-25T11:52:06+00:00","og_image":[{"width":590,"height":332,"url":"https:\/\/andreasimonetti.com.br\/blog\/wp-content\/uploads\/2016\/11\/211016-melissa-bolsa-1-590x332.jpg","type":"image\/jpeg"}],"author":"Andrea Simonetti","twitter_card":"summary_large_image","twitter_creator":"@https:\/\/twitter.com\/Andrea_Simoneti","twitter_site":"@Andrea_Simoneti","twitter_misc":{"Escrito por":"Andrea Simonetti","Est. tempo de leitura":"1 minuto"},"schema":{"@context":"https:\/\/schema.org","@graph":[{"@type":"WebPage","@id":"https:\/\/andreasimonetti.com.br\/blog\/fast-news-15\/","url":"https:\/\/andreasimonetti.com.br\/blog\/fast-news-15\/","name":"Fast News! - Andrea Simonetti","isPartOf":{"@id":"https:\/\/andreasimonetti.com.br\/blog\/#website"},"primaryImageOfPage":{"@id":"https:\/\/andreasimonetti.com.br\/blog\/fast-news-15\/#primaryimage"},"image":{"@id":"https:\/\/andreasimonetti.com.br\/blog\/fast-news-15\/#primaryimage"},"thumbnailUrl":"https:\/\/andreasimonetti.com.br\/blog\/wp-content\/uploads\/2016\/11\/211016-melissa-bolsa-1-590x332.jpg","datePublished":"2016-11-06T19:02:50+00:00","dateModified":"2018-05-25T11:52:06+00:00","author":{"@id":"https:\/\/andreasimonetti.com.br\/blog\/#\/schema\/person\/254f763c24ac288e27ea738a7366ad2a"},"breadcrumb":{"@id":"https:\/\/andreasimonetti.com.br\/blog\/fast-news-15\/#breadcrumb"},"inLanguage":"pt-BR","potentialAction":[{"@type":"ReadAction","target":["https:\/\/andreasimonetti.com.br\/blog\/fast-news-15\/"]}]},{"@type":"ImageObject","inLanguage":"pt-BR","@id":"https:\/\/andreasimonetti.com.br\/blog\/fast-news-15\/#primaryimage","url":"https:\/\/andreasimonetti.com.br\/blog\/wp-content\/uploads\/2016\/11\/211016-melissa-bolsa-1-590x332.jpg","contentUrl":"https:\/\/andreasimonetti.com.br\/blog\/wp-content\/uploads\/2016\/11\/211016-melissa-bolsa-1-590x332.jpg","width":590,"height":332},{"@type":"BreadcrumbList","@id":"https:\/\/andreasimonetti.com.br\/blog\/fast-news-15\/#breadcrumb","itemListElement":[{"@type":"ListItem","position":1,"name":"In\u00edcio","item":"https:\/\/andreasimonetti.com.br\/blog\/"},{"@type":"ListItem","position":2,"name":"Fast News!"}]},{"@type":"WebSite","@id":"https:\/\/andreasimonetti.com.br\/blog\/#website","url":"https:\/\/andreasimonetti.com.br\/blog\/","name":"Andrea Simonetti","description":"","potentialAction":[{"@type":"SearchAction","target":{"@type":"EntryPoint","urlTemplate":"https:\/\/andreasimonetti.com.br\/blog\/?s={search_term_string}"},"query-input":{"@type":"PropertyValueSpecification","valueRequired":true,"valueName":"search_term_string"}}],"inLanguage":"pt-BR"},{"@type":"Person","@id":"https:\/\/andreasimonetti.com.br\/blog\/#\/schema\/person\/254f763c24ac288e27ea738a7366ad2a","name":"Andrea Simonetti","image":{"@type":"ImageObject","inLanguage":"pt-BR","@id":"https:\/\/andreasimonetti.com.br\/blog\/#\/schema\/person\/image\/","url":"https:\/\/andreasimonetti.com.br\/blog\/wp-content\/uploads\/2018\/04\/andrea-simonetti-96x96.png","contentUrl":"https:\/\/andreasimonetti.com.br\/blog\/wp-content\/uploads\/2018\/04\/andrea-simonetti-96x96.png","caption":"Andrea Simonetti"},"description":"Sou formada em Administra\u00e7\u00e3o de Empresas, Produ\u00e7\u00e3o de Moda pelo SENAC e Consultoria de Estilo. Sou fascinada por moda desde sempre, adoro ver as pessoas produzidas e de bem com a vida. Moda \u00e9 o meu assunto preferido. Comecei meu blog em 2011, ele cresceu e hoje \u00e9 um site bem mais abrangente, onde eu falo sobre moda e meu trabalho de consultora de estilo. E falo tamb\u00e9m sobre a minha experi\u00eancia de vida. Mas antes de tudo, acredito num Deus Soberano que nos guia e aben\u00e7oa, o tempo todo!","sameAs":["https:\/\/www.andreasimonetti.com.br\/","https:\/\/www.facebook.com\/blogdaandreasimonetti\/","https:\/\/www.instagram.com\/andrea_simonetti\/","https:\/\/br.pinterest.com\/BlogAndrea\/","https:\/\/x.com\/https:\/\/twitter.com\/Andrea_Simoneti"],"url":"https:\/\/andreasimonetti.com.br\/blog\/author\/andrea\/"}]}},"_links":{"self":[{"href":"https:\/\/andreasimonetti.com.br\/blog\/wp-json\/wp\/v2\/posts\/16420","targetHints":{"allow":["GET"]}}],"collection":[{"href":"https:\/\/andreasimonetti.com.br\/blog\/wp-json\/wp\/v2\/posts"}],"about":[{"href":"https:\/\/andreasimonetti.com.br\/blog\/wp-json\/wp\/v2\/types\/post"}],"author":[{"embeddable":true,"href":"https:\/\/andreasimonetti.com.br\/blog\/wp-json\/wp\/v2\/users\/7"}],"replies":[{"embeddable":true,"href":"https:\/\/andreasimonetti.com.br\/blog\/wp-json\/wp\/v2\/comments?post=16420"}],"version-history":[{"count":0,"href":"https:\/\/andreasimonetti.com.br\/blog\/wp-json\/wp\/v2\/posts\/16420\/revisions"}],"wp:featuredmedia":[{"embeddable":true,"href":"https:\/\/andreasimonetti.com.br\/blog\/wp-json\/wp\/v2\/media\/16424"}],"wp:attachment":[{"href":"https:\/\/andreasimonetti.com.br\/blog\/wp-json\/wp\/v2\/media?parent=16420"}],"wp:term":[{"taxonomy":"category","embeddable":true,"href":"https:\/\/andreasimonetti.com.br\/blog\/wp-json\/wp\/v2\/categories?post=16420"},{"taxonomy":"post_tag","embeddable":true,"href":"https:\/\/andreasimonetti.com.br\/blog\/wp-json\/wp\/v2\/tags?post=16420"}],"curies":[{"name":"wp","href":"https:\/\/api.w.org\/{rel}","templated":true}]}}