{"id":16327,"date":"2016-11-07T11:45:16","date_gmt":"2016-11-07T13:45:16","guid":{"rendered":"http:\/\/www.blogdaandreasimonetti.com.br\/?p=16327"},"modified":"2016-11-07T13:08:57","modified_gmt":"2016-11-07T15:08:57","slug":"sera-o-fim-do-salto-alto","status":"publish","type":"post","link":"https:\/\/andreasimonetti.com.br\/blog\/sera-o-fim-do-salto-alto\/","title":{"rendered":"Ser\u00e1 o fim do salto alto?"},"content":{"rendered":"<p style=\"text-align: justify;\">Voc\u00ea j\u00e1 percebeu que as sand\u00e1lias e rasteiras que sempre foram as queridinhas do ver\u00e3o est\u00e3o sendo deixadas um pouquinho de lado ? N\u00e3o que tenham sido totalmente esquecidas mas analisando h\u00e1bitos de consumo fica evidente que as mulheres est\u00e3o cada vez mais em busca de sapatos baixos, confort\u00e1veis e cheios de estilo como os t\u00eanis e flats. J\u00e1 v\u00ed pesquisa de tend\u00eancia mostrar que nos \u00faltimos anos as flats cresceram mais de 70% na prefer\u00eancia das consumidoras.<\/p>\n<p style=\"text-align: justify;\">Nas ruas, nos editoriais de moda e nos blogs \u00a0estamos assistindo uma \u00a0invas\u00e3o das flats e t\u00eanis nas cores branco, prata e dourado. E agora eles complementam os looks b\u00e1sicos e os mais sofisticados. Quando poder\u00edamos imaginar que usar\u00edamos uma roupa social com t\u00eanis ? Minha av\u00f3 Maria Odilia, que no passado era presen\u00e7a constante nas listas das mais bem vestidas de Bauru e ainda hoje \u00e9 exemplo de eleg\u00e2ncia com seus 97 anos de idade, custa \u00e0 aceitar essa moda t\u00e3o democr\u00e1tica. Ela conheceu uma \u00e9poca em que as mulheres s\u00f3 saiam de casa usando sapato de salto e meia fina com bolsa combinando e um lindo colar de p\u00e9rolas. Hoje o mundo \u00e9 outro e a moda tamb\u00e9m : o que conta agora \u00e9 o conforto e a liberdade na hora de se vestir. Essa flexibilidade permite que cada pessoa escolha a roupa de acordo com o seu estilo, a que melhor expresse sua individualidade. O salto alto ter\u00e1 vida longa, o que muda \u00e9 o seu papel de protagonista em dar poder \u00e0 looks femininos. At\u00e9 porque, o emponderamento da mulher \u00e9 assunto muito mais importante do que um simples par de sapatos.<\/p>\n<p style=\"text-align: justify;\">\n<p><img loading=\"lazy\" decoding=\"async\" class=\"alignnone size-full wp-image-16431\" src=\"http:\/\/www.blogdaandreasimonetti.com.br\/wp-content\/uploads\/2016\/11\/page-2.jpg\" alt=\"page\" width=\"800\" height=\"700\" srcset=\"https:\/\/andreasimonetti.com.br\/blog\/wp-content\/uploads\/2016\/11\/page-2.jpg 800w, https:\/\/andreasimonetti.com.br\/blog\/wp-content\/uploads\/2016\/11\/page-2-300x263.jpg 300w, https:\/\/andreasimonetti.com.br\/blog\/wp-content\/uploads\/2016\/11\/page-2-768x672.jpg 768w\" sizes=\"auto, (max-width: 800px) 100vw, 800px\" \/><\/p>\n<p>&nbsp;<\/p>\n<p>&nbsp;<\/p>\n<p>&nbsp;<\/p>\n<p>&nbsp;<\/p>\n","protected":false},"excerpt":{"rendered":"<p>Voc\u00ea j\u00e1 percebeu que as sand\u00e1lias e rasteiras que sempre foram as queridinhas do ver\u00e3o est\u00e3o sendo deixadas um pouquinho de lado ? N\u00e3o que tenham sido totalmente esquecidas mas&hellip;<\/p>\n","protected":false},"author":7,"featured_media":16431,"comment_status":"open","ping_status":"open","sticky":false,"template":"","format":"standard","meta":{"_monsterinsights_skip_tracking":false,"_monsterinsights_sitenote_active":false,"_monsterinsights_sitenote_note":"","_monsterinsights_sitenote_category":0,"footnotes":""},"categories":[1508,3],"tags":[2425],"class_list":["post-16327","post","type-post","status-publish","format-standard","has-post-thumbnail","hentry","category-destaque","category-moda","tag-sera-o-fim-do-salto-alto"],"yoast_head":"<!-- This site is optimized with the Yoast SEO plugin v26.3 - https:\/\/yoast.com\/wordpress\/plugins\/seo\/ -->\n<title>Ser\u00e1 o fim do salto alto? - Andrea Simonetti<\/title>\n<meta name=\"robots\" content=\"index, follow, max-snippet:-1, max-image-preview:large, max-video-preview:-1\" \/>\n<link rel=\"canonical\" href=\"https:\/\/andreasimonetti.com.br\/blog\/sera-o-fim-do-salto-alto\/\" \/>\n<meta property=\"og:locale\" content=\"pt_BR\" \/>\n<meta property=\"og:type\" content=\"article\" \/>\n<meta property=\"og:title\" content=\"Ser\u00e1 o fim do salto alto? - Andrea Simonetti\" \/>\n<meta property=\"og:description\" content=\"Voc\u00ea j\u00e1 percebeu que as sand\u00e1lias e rasteiras que sempre foram as queridinhas do ver\u00e3o est\u00e3o sendo deixadas um pouquinho de lado ? N\u00e3o que tenham sido totalmente esquecidas mas&hellip;\" \/>\n<meta property=\"og:url\" content=\"https:\/\/andreasimonetti.com.br\/blog\/sera-o-fim-do-salto-alto\/\" \/>\n<meta property=\"og:site_name\" content=\"Andrea Simonetti\" \/>\n<meta property=\"article:publisher\" content=\"https:\/\/www.facebook.com\/blogdaandreasimonetti\/\" \/>\n<meta property=\"article:author\" content=\"https:\/\/www.facebook.com\/blogdaandreasimonetti\/\" \/>\n<meta property=\"article:published_time\" content=\"2016-11-07T13:45:16+00:00\" \/>\n<meta property=\"article:modified_time\" content=\"2016-11-07T15:08:57+00:00\" \/>\n<meta property=\"og:image\" content=\"https:\/\/andreasimonetti.com.br\/blog\/wp-content\/uploads\/2016\/11\/page-2.jpg\" \/>\n\t<meta property=\"og:image:width\" content=\"800\" \/>\n\t<meta property=\"og:image:height\" content=\"700\" \/>\n\t<meta property=\"og:image:type\" content=\"image\/jpeg\" \/>\n<meta name=\"author\" content=\"Andrea Simonetti\" \/>\n<meta name=\"twitter:card\" content=\"summary_large_image\" \/>\n<meta name=\"twitter:creator\" content=\"@https:\/\/twitter.com\/Andrea_Simoneti\" \/>\n<meta name=\"twitter:site\" content=\"@Andrea_Simoneti\" \/>\n<meta name=\"twitter:label1\" content=\"Escrito por\" \/>\n\t<meta name=\"twitter:data1\" content=\"Andrea Simonetti\" \/>\n\t<meta name=\"twitter:label2\" content=\"Est. tempo de leitura\" \/>\n\t<meta name=\"twitter:data2\" content=\"1 minuto\" \/>\n<!-- \/ Yoast SEO plugin. -->","yoast_head_json":{"title":"Ser\u00e1 o fim do salto alto? - Andrea Simonetti","robots":{"index":"index","follow":"follow","max-snippet":"max-snippet:-1","max-image-preview":"max-image-preview:large","max-video-preview":"max-video-preview:-1"},"canonical":"https:\/\/andreasimonetti.com.br\/blog\/sera-o-fim-do-salto-alto\/","og_locale":"pt_BR","og_type":"article","og_title":"Ser\u00e1 o fim do salto alto? - Andrea Simonetti","og_description":"Voc\u00ea j\u00e1 percebeu que as sand\u00e1lias e rasteiras que sempre foram as queridinhas do ver\u00e3o est\u00e3o sendo deixadas um pouquinho de lado ? N\u00e3o que tenham sido totalmente esquecidas mas&hellip;","og_url":"https:\/\/andreasimonetti.com.br\/blog\/sera-o-fim-do-salto-alto\/","og_site_name":"Andrea Simonetti","article_publisher":"https:\/\/www.facebook.com\/blogdaandreasimonetti\/","article_author":"https:\/\/www.facebook.com\/blogdaandreasimonetti\/","article_published_time":"2016-11-07T13:45:16+00:00","article_modified_time":"2016-11-07T15:08:57+00:00","og_image":[{"width":800,"height":700,"url":"https:\/\/andreasimonetti.com.br\/blog\/wp-content\/uploads\/2016\/11\/page-2.jpg","type":"image\/jpeg"}],"author":"Andrea Simonetti","twitter_card":"summary_large_image","twitter_creator":"@https:\/\/twitter.com\/Andrea_Simoneti","twitter_site":"@Andrea_Simoneti","twitter_misc":{"Escrito por":"Andrea Simonetti","Est. tempo de leitura":"1 minuto"},"schema":{"@context":"https:\/\/schema.org","@graph":[{"@type":"WebPage","@id":"https:\/\/andreasimonetti.com.br\/blog\/sera-o-fim-do-salto-alto\/","url":"https:\/\/andreasimonetti.com.br\/blog\/sera-o-fim-do-salto-alto\/","name":"Ser\u00e1 o fim do salto alto? - Andrea Simonetti","isPartOf":{"@id":"https:\/\/andreasimonetti.com.br\/blog\/#website"},"primaryImageOfPage":{"@id":"https:\/\/andreasimonetti.com.br\/blog\/sera-o-fim-do-salto-alto\/#primaryimage"},"image":{"@id":"https:\/\/andreasimonetti.com.br\/blog\/sera-o-fim-do-salto-alto\/#primaryimage"},"thumbnailUrl":"https:\/\/andreasimonetti.com.br\/blog\/wp-content\/uploads\/2016\/11\/page-2.jpg","datePublished":"2016-11-07T13:45:16+00:00","dateModified":"2016-11-07T15:08:57+00:00","author":{"@id":"https:\/\/andreasimonetti.com.br\/blog\/#\/schema\/person\/254f763c24ac288e27ea738a7366ad2a"},"breadcrumb":{"@id":"https:\/\/andreasimonetti.com.br\/blog\/sera-o-fim-do-salto-alto\/#breadcrumb"},"inLanguage":"pt-BR","potentialAction":[{"@type":"ReadAction","target":["https:\/\/andreasimonetti.com.br\/blog\/sera-o-fim-do-salto-alto\/"]}]},{"@type":"ImageObject","inLanguage":"pt-BR","@id":"https:\/\/andreasimonetti.com.br\/blog\/sera-o-fim-do-salto-alto\/#primaryimage","url":"https:\/\/andreasimonetti.com.br\/blog\/wp-content\/uploads\/2016\/11\/page-2.jpg","contentUrl":"https:\/\/andreasimonetti.com.br\/blog\/wp-content\/uploads\/2016\/11\/page-2.jpg","width":800,"height":700},{"@type":"BreadcrumbList","@id":"https:\/\/andreasimonetti.com.br\/blog\/sera-o-fim-do-salto-alto\/#breadcrumb","itemListElement":[{"@type":"ListItem","position":1,"name":"In\u00edcio","item":"https:\/\/andreasimonetti.com.br\/blog\/"},{"@type":"ListItem","position":2,"name":"Ser\u00e1 o fim do salto alto?"}]},{"@type":"WebSite","@id":"https:\/\/andreasimonetti.com.br\/blog\/#website","url":"https:\/\/andreasimonetti.com.br\/blog\/","name":"Andrea Simonetti","description":"","potentialAction":[{"@type":"SearchAction","target":{"@type":"EntryPoint","urlTemplate":"https:\/\/andreasimonetti.com.br\/blog\/?s={search_term_string}"},"query-input":{"@type":"PropertyValueSpecification","valueRequired":true,"valueName":"search_term_string"}}],"inLanguage":"pt-BR"},{"@type":"Person","@id":"https:\/\/andreasimonetti.com.br\/blog\/#\/schema\/person\/254f763c24ac288e27ea738a7366ad2a","name":"Andrea Simonetti","image":{"@type":"ImageObject","inLanguage":"pt-BR","@id":"https:\/\/andreasimonetti.com.br\/blog\/#\/schema\/person\/image\/","url":"https:\/\/andreasimonetti.com.br\/blog\/wp-content\/uploads\/2018\/04\/andrea-simonetti-96x96.png","contentUrl":"https:\/\/andreasimonetti.com.br\/blog\/wp-content\/uploads\/2018\/04\/andrea-simonetti-96x96.png","caption":"Andrea Simonetti"},"description":"Sou formada em Administra\u00e7\u00e3o de Empresas, Produ\u00e7\u00e3o de Moda pelo SENAC e Consultoria de Estilo. Sou fascinada por moda desde sempre, adoro ver as pessoas produzidas e de bem com a vida. Moda \u00e9 o meu assunto preferido. Comecei meu blog em 2011, ele cresceu e hoje \u00e9 um site bem mais abrangente, onde eu falo sobre moda e meu trabalho de consultora de estilo. E falo tamb\u00e9m sobre a minha experi\u00eancia de vida. Mas antes de tudo, acredito num Deus Soberano que nos guia e aben\u00e7oa, o tempo todo!","sameAs":["https:\/\/www.andreasimonetti.com.br\/","https:\/\/www.facebook.com\/blogdaandreasimonetti\/","https:\/\/www.instagram.com\/andrea_simonetti\/","https:\/\/br.pinterest.com\/BlogAndrea\/","https:\/\/x.com\/https:\/\/twitter.com\/Andrea_Simoneti"],"url":"https:\/\/andreasimonetti.com.br\/blog\/author\/andrea\/"}]}},"_links":{"self":[{"href":"https:\/\/andreasimonetti.com.br\/blog\/wp-json\/wp\/v2\/posts\/16327","targetHints":{"allow":["GET"]}}],"collection":[{"href":"https:\/\/andreasimonetti.com.br\/blog\/wp-json\/wp\/v2\/posts"}],"about":[{"href":"https:\/\/andreasimonetti.com.br\/blog\/wp-json\/wp\/v2\/types\/post"}],"author":[{"embeddable":true,"href":"https:\/\/andreasimonetti.com.br\/blog\/wp-json\/wp\/v2\/users\/7"}],"replies":[{"embeddable":true,"href":"https:\/\/andreasimonetti.com.br\/blog\/wp-json\/wp\/v2\/comments?post=16327"}],"version-history":[{"count":0,"href":"https:\/\/andreasimonetti.com.br\/blog\/wp-json\/wp\/v2\/posts\/16327\/revisions"}],"wp:featuredmedia":[{"embeddable":true,"href":"https:\/\/andreasimonetti.com.br\/blog\/wp-json\/wp\/v2\/media\/16431"}],"wp:attachment":[{"href":"https:\/\/andreasimonetti.com.br\/blog\/wp-json\/wp\/v2\/media?parent=16327"}],"wp:term":[{"taxonomy":"category","embeddable":true,"href":"https:\/\/andreasimonetti.com.br\/blog\/wp-json\/wp\/v2\/categories?post=16327"},{"taxonomy":"post_tag","embeddable":true,"href":"https:\/\/andreasimonetti.com.br\/blog\/wp-json\/wp\/v2\/tags?post=16327"}],"curies":[{"name":"wp","href":"https:\/\/api.w.org\/{rel}","templated":true}]}}