{"id":16256,"date":"2016-10-07T14:46:17","date_gmt":"2016-10-07T17:46:17","guid":{"rendered":"http:\/\/www.blogdaandreasimonetti.com.br\/?p=16256"},"modified":"2018-05-25T08:30:21","modified_gmt":"2018-05-25T11:30:21","slug":"lancamento-do-anuario-bride-da-revista-vitrinni","status":"publish","type":"post","link":"https:\/\/andreasimonetti.com.br\/blog\/lancamento-do-anuario-bride-da-revista-vitrinni\/","title":{"rendered":"Lan\u00e7amento do Anu\u00e1rio Bride da Revista Vitrinni"},"content":{"rendered":"<p style=\"text-align: justify;\">Esta semana, a<a href=\"http:\/\/www.revistavitrinni.com.br\/\"> Revista Vitrinni<\/a> lan\u00e7ou o Anu\u00e1rio de Noivas. Um projeto diferenciado e bem elaborado para atender um mercado exigente que cresce a cada ano.<br \/>\nMaria Cristina D Incao e Alexandre Haralampidis, propriet\u00e1rios da Revista, receberam seus convidados para uma noite muito especial, com destaque para a \u00a0primeira edi\u00e7\u00e3o do Anu\u00e1rio.\u00a0Quem participou\u00a0se surpreendeu, ficou lindo !!!<\/p>\n<p style=\"text-align: justify;\">A partir do pr\u00f3ximo dia 10, o Anu\u00e1rio come\u00e7a a ser distribu\u00eddo em alguns lugares selecionados. Mas quem \u00a0tiver interesse em receb\u00ea-lo em casa, deve entrar em contato pelo e-mail: contato@revistavitrinni.com.br<br \/>\nSucesso para voc\u00eas.<\/p>\n<div id=\"attachment_16264\" style=\"width: 710px\" class=\"wp-caption alignnone\"><img loading=\"lazy\" decoding=\"async\" aria-describedby=\"caption-attachment-16264\" class=\"wp-image-16264 size-full\" src=\"http:\/\/www.blogdaandreasimonetti.com.br\/wp-content\/uploads\/2016\/10\/page-1.jpg\" alt=\"page\" width=\"700\" height=\"700\" srcset=\"https:\/\/andreasimonetti.com.br\/blog\/wp-content\/uploads\/2016\/10\/page-1.jpg 700w, https:\/\/andreasimonetti.com.br\/blog\/wp-content\/uploads\/2016\/10\/page-1-150x150.jpg 150w, https:\/\/andreasimonetti.com.br\/blog\/wp-content\/uploads\/2016\/10\/page-1-300x300.jpg 300w, https:\/\/andreasimonetti.com.br\/blog\/wp-content\/uploads\/2016\/10\/page-1-240x240.jpg 240w, https:\/\/andreasimonetti.com.br\/blog\/wp-content\/uploads\/2016\/10\/page-1-96x96.jpg 96w, https:\/\/andreasimonetti.com.br\/blog\/wp-content\/uploads\/2016\/10\/page-1-121x121.jpg 121w, https:\/\/andreasimonetti.com.br\/blog\/wp-content\/uploads\/2016\/10\/page-1-60x60.jpg 60w, https:\/\/andreasimonetti.com.br\/blog\/wp-content\/uploads\/2016\/10\/page-1-184x184.jpg 184w\" sizes=\"auto, (max-width: 700px) 100vw, 700px\" \/><p id=\"caption-attachment-16264\" class=\"wp-caption-text\">Maria Cristina D Incao<\/p><\/div>\n<div id=\"attachment_16267\" style=\"width: 970px\" class=\"wp-caption alignnone\"><img loading=\"lazy\" decoding=\"async\" aria-describedby=\"caption-attachment-16267\" class=\"wp-image-16267 size-full\" src=\"http:\/\/www.blogdaandreasimonetti.com.br\/wp-content\/uploads\/2016\/10\/14470540_1211998068864127_7850119693028689256_n.jpg\" alt=\"14470540_1211998068864127_7850119693028689256_n\" width=\"960\" height=\"640\" srcset=\"https:\/\/andreasimonetti.com.br\/blog\/wp-content\/uploads\/2016\/10\/14470540_1211998068864127_7850119693028689256_n.jpg 960w, https:\/\/andreasimonetti.com.br\/blog\/wp-content\/uploads\/2016\/10\/14470540_1211998068864127_7850119693028689256_n-300x200.jpg 300w, https:\/\/andreasimonetti.com.br\/blog\/wp-content\/uploads\/2016\/10\/14470540_1211998068864127_7850119693028689256_n-768x512.jpg 768w, https:\/\/andreasimonetti.com.br\/blog\/wp-content\/uploads\/2016\/10\/14470540_1211998068864127_7850119693028689256_n-140x94.jpg 140w\" sizes=\"auto, (max-width: 960px) 100vw, 960px\" \/><p id=\"caption-attachment-16267\" class=\"wp-caption-text\">Anu\u00e1rio Bride<\/p><\/div>\n<div id=\"attachment_16268\" style=\"width: 710px\" class=\"wp-caption alignnone\"><img loading=\"lazy\" decoding=\"async\" aria-describedby=\"caption-attachment-16268\" class=\"wp-image-16268 size-full\" src=\"http:\/\/www.blogdaandreasimonetti.com.br\/wp-content\/uploads\/2016\/10\/page-2.jpg\" alt=\"page\" width=\"700\" height=\"700\" srcset=\"https:\/\/andreasimonetti.com.br\/blog\/wp-content\/uploads\/2016\/10\/page-2.jpg 700w, https:\/\/andreasimonetti.com.br\/blog\/wp-content\/uploads\/2016\/10\/page-2-150x150.jpg 150w, https:\/\/andreasimonetti.com.br\/blog\/wp-content\/uploads\/2016\/10\/page-2-300x300.jpg 300w, https:\/\/andreasimonetti.com.br\/blog\/wp-content\/uploads\/2016\/10\/page-2-240x240.jpg 240w, https:\/\/andreasimonetti.com.br\/blog\/wp-content\/uploads\/2016\/10\/page-2-96x96.jpg 96w, https:\/\/andreasimonetti.com.br\/blog\/wp-content\/uploads\/2016\/10\/page-2-121x121.jpg 121w, https:\/\/andreasimonetti.com.br\/blog\/wp-content\/uploads\/2016\/10\/page-2-60x60.jpg 60w, https:\/\/andreasimonetti.com.br\/blog\/wp-content\/uploads\/2016\/10\/page-2-184x184.jpg 184w\" sizes=\"auto, (max-width: 700px) 100vw, 700px\" \/><p id=\"caption-attachment-16268\" class=\"wp-caption-text\">Festa delicia!<\/p><\/div>\n<div id=\"attachment_16269\" style=\"width: 650px\" class=\"wp-caption alignnone\"><img loading=\"lazy\" decoding=\"async\" aria-describedby=\"caption-attachment-16269\" class=\"wp-image-16269 size-full\" src=\"http:\/\/www.blogdaandreasimonetti.com.br\/wp-content\/uploads\/2016\/10\/14517500_1211989768864957_5336399785603868425_n.jpg\" alt=\"14517500_1211989768864957_5336399785603868425_n\" width=\"640\" height=\"960\" srcset=\"https:\/\/andreasimonetti.com.br\/blog\/wp-content\/uploads\/2016\/10\/14517500_1211989768864957_5336399785603868425_n.jpg 640w, https:\/\/andreasimonetti.com.br\/blog\/wp-content\/uploads\/2016\/10\/14517500_1211989768864957_5336399785603868425_n-200x300.jpg 200w\" sizes=\"auto, (max-width: 640px) 100vw, 640px\" \/><p id=\"caption-attachment-16269\" class=\"wp-caption-text\">Com meu amor Rogerio Franco<\/p><\/div>\n<p>&nbsp;<\/p>\n<p style=\"text-align: justify;\">O look que escolhi para o evento foi cal\u00e7a jeans de cintura alta flare e blusa em tricoline com modelagem soltinha, possui decote um ombro s\u00f3 com babado duplo sobreposto<b>.<\/b> O rabo de lado foi para valorizar a blusa.<\/p>\n<div class=\"thumbnails two columns\"><\/div>\n<div id=\"attachment_16257\" style=\"width: 646px\" class=\"wp-caption alignnone\"><img loading=\"lazy\" decoding=\"async\" aria-describedby=\"caption-attachment-16257\" class=\"wp-image-16257 size-full\" src=\"http:\/\/www.blogdaandreasimonetti.com.br\/wp-content\/uploads\/2016\/10\/14593702_10153735873991012_1634371169_n.jpg\" alt=\"14593702_10153735873991012_1634371169_n\" width=\"636\" height=\"960\" srcset=\"https:\/\/andreasimonetti.com.br\/blog\/wp-content\/uploads\/2016\/10\/14593702_10153735873991012_1634371169_n.jpg 636w, https:\/\/andreasimonetti.com.br\/blog\/wp-content\/uploads\/2016\/10\/14593702_10153735873991012_1634371169_n-199x300.jpg 199w\" sizes=\"auto, (max-width: 636px) 100vw, 636px\" \/><p id=\"caption-attachment-16257\" class=\"wp-caption-text\">Cal\u00e7a jeans Skazi<\/p><\/div>\n<div id=\"attachment_16258\" style=\"width: 646px\" class=\"wp-caption alignnone\"><img loading=\"lazy\" decoding=\"async\" aria-describedby=\"caption-attachment-16258\" class=\"wp-image-16258 size-full\" src=\"http:\/\/www.blogdaandreasimonetti.com.br\/wp-content\/uploads\/2016\/10\/14569635_10153735873926012_1063413781_n.jpg\" alt=\"14569635_10153735873926012_1063413781_n\" width=\"636\" height=\"960\" srcset=\"https:\/\/andreasimonetti.com.br\/blog\/wp-content\/uploads\/2016\/10\/14569635_10153735873926012_1063413781_n.jpg 636w, https:\/\/andreasimonetti.com.br\/blog\/wp-content\/uploads\/2016\/10\/14569635_10153735873926012_1063413781_n-199x300.jpg 199w\" sizes=\"auto, (max-width: 636px) 100vw, 636px\" \/><p id=\"caption-attachment-16258\" class=\"wp-caption-text\">Blusa Tigresse<\/p><\/div>\n<div id=\"attachment_16259\" style=\"width: 646px\" class=\"wp-caption alignnone\"><img loading=\"lazy\" decoding=\"async\" aria-describedby=\"caption-attachment-16259\" class=\"wp-image-16259 size-full\" src=\"http:\/\/www.blogdaandreasimonetti.com.br\/wp-content\/uploads\/2016\/10\/14593337_10153735873996012_1161221475_n.jpg\" alt=\"14593337_10153735873996012_1161221475_n\" width=\"636\" height=\"960\" srcset=\"https:\/\/andreasimonetti.com.br\/blog\/wp-content\/uploads\/2016\/10\/14593337_10153735873996012_1161221475_n.jpg 636w, https:\/\/andreasimonetti.com.br\/blog\/wp-content\/uploads\/2016\/10\/14593337_10153735873996012_1161221475_n-199x300.jpg 199w\" sizes=\"auto, (max-width: 636px) 100vw, 636px\" \/><p id=\"caption-attachment-16259\" class=\"wp-caption-text\">Blusa de babado Tigresse<\/p><\/div>\n<div id=\"attachment_16260\" style=\"width: 646px\" class=\"wp-caption alignnone\"><img loading=\"lazy\" decoding=\"async\" aria-describedby=\"caption-attachment-16260\" class=\"wp-image-16260 size-full\" src=\"http:\/\/www.blogdaandreasimonetti.com.br\/wp-content\/uploads\/2016\/10\/14555894_10153735873931012_201728125_n.jpg\" alt=\"14555894_10153735873931012_201728125_n\" width=\"636\" height=\"960\" srcset=\"https:\/\/andreasimonetti.com.br\/blog\/wp-content\/uploads\/2016\/10\/14555894_10153735873931012_201728125_n.jpg 636w, https:\/\/andreasimonetti.com.br\/blog\/wp-content\/uploads\/2016\/10\/14555894_10153735873931012_201728125_n-199x300.jpg 199w\" sizes=\"auto, (max-width: 636px) 100vw, 636px\" \/><p id=\"caption-attachment-16260\" class=\"wp-caption-text\">Bolsa Caos Moda<\/p><\/div>\n<div id=\"attachment_16261\" style=\"width: 646px\" class=\"wp-caption alignnone\"><img loading=\"lazy\" decoding=\"async\" aria-describedby=\"caption-attachment-16261\" class=\"wp-image-16261 size-full\" src=\"http:\/\/www.blogdaandreasimonetti.com.br\/wp-content\/uploads\/2016\/10\/14580493_10153735873986012_633301074_n.jpg\" alt=\"14580493_10153735873986012_633301074_n\" width=\"636\" height=\"960\" srcset=\"https:\/\/andreasimonetti.com.br\/blog\/wp-content\/uploads\/2016\/10\/14580493_10153735873986012_633301074_n.jpg 636w, https:\/\/andreasimonetti.com.br\/blog\/wp-content\/uploads\/2016\/10\/14580493_10153735873986012_633301074_n-199x300.jpg 199w\" sizes=\"auto, (max-width: 636px) 100vw, 636px\" \/><p id=\"caption-attachment-16261\" class=\"wp-caption-text\">Penteado: Rabo de lado<\/p><\/div>\n<p><strong>Cr\u00e9ditos:<\/strong><br \/>\nCal\u00e7a &#8211; Skazi<br \/>\nBlusa- Tigresse<br \/>\nBolsa &#8211; Caos Moda<br \/>\nMake e hair &#8211; Dinard\u00b4s Hair Fashion<\/p>\n","protected":false},"excerpt":{"rendered":"<p>Esta semana, a Revista Vitrinni lan\u00e7ou o Anu\u00e1rio de Noivas. Um projeto diferenciado e bem elaborado para atender um mercado exigente que cresce a cada ano. Maria Cristina D Incao&hellip;<\/p>\n","protected":false},"author":7,"featured_media":16264,"comment_status":"open","ping_status":"open","sticky":false,"template":"","format":"standard","meta":{"_monsterinsights_skip_tracking":false,"_monsterinsights_sitenote_active":false,"_monsterinsights_sitenote_note":"","_monsterinsights_sitenote_category":0,"footnotes":""},"categories":[1508,3],"tags":[2414,116,2295,1783],"class_list":["post-16256","post","type-post","status-publish","format-standard","has-post-thumbnail","hentry","category-destaque","category-moda","tag-lancamento-do-anuario-bride-da-revista-vitrinni","tag-meu-look-2","tag-skazi","tag-tigresse"],"yoast_head":"<!-- This site is optimized with the Yoast SEO plugin v26.3 - https:\/\/yoast.com\/wordpress\/plugins\/seo\/ -->\n<title>Lan\u00e7amento do Anu\u00e1rio Bride da Revista Vitrinni - Andrea Simonetti<\/title>\n<meta name=\"robots\" content=\"index, follow, max-snippet:-1, max-image-preview:large, max-video-preview:-1\" \/>\n<link rel=\"canonical\" href=\"https:\/\/andreasimonetti.com.br\/blog\/lancamento-do-anuario-bride-da-revista-vitrinni\/\" \/>\n<meta property=\"og:locale\" content=\"pt_BR\" \/>\n<meta property=\"og:type\" content=\"article\" \/>\n<meta property=\"og:title\" content=\"Lan\u00e7amento do Anu\u00e1rio Bride da Revista Vitrinni - Andrea Simonetti\" \/>\n<meta property=\"og:description\" content=\"Esta semana, a Revista Vitrinni lan\u00e7ou o Anu\u00e1rio de Noivas. Um projeto diferenciado e bem elaborado para atender um mercado exigente que cresce a cada ano. Maria Cristina D Incao&hellip;\" \/>\n<meta property=\"og:url\" content=\"https:\/\/andreasimonetti.com.br\/blog\/lancamento-do-anuario-bride-da-revista-vitrinni\/\" \/>\n<meta property=\"og:site_name\" content=\"Andrea Simonetti\" \/>\n<meta property=\"article:publisher\" content=\"https:\/\/www.facebook.com\/blogdaandreasimonetti\/\" \/>\n<meta property=\"article:author\" content=\"https:\/\/www.facebook.com\/blogdaandreasimonetti\/\" \/>\n<meta property=\"article:published_time\" content=\"2016-10-07T17:46:17+00:00\" \/>\n<meta property=\"article:modified_time\" content=\"2018-05-25T11:30:21+00:00\" \/>\n<meta property=\"og:image\" content=\"https:\/\/andreasimonetti.com.br\/blog\/wp-content\/uploads\/2016\/10\/page-1.jpg\" \/>\n\t<meta property=\"og:image:width\" content=\"700\" \/>\n\t<meta property=\"og:image:height\" content=\"700\" \/>\n\t<meta property=\"og:image:type\" content=\"image\/jpeg\" \/>\n<meta name=\"author\" content=\"Andrea Simonetti\" \/>\n<meta name=\"twitter:card\" content=\"summary_large_image\" \/>\n<meta name=\"twitter:creator\" content=\"@https:\/\/twitter.com\/Andrea_Simoneti\" \/>\n<meta name=\"twitter:site\" content=\"@Andrea_Simoneti\" \/>\n<meta name=\"twitter:label1\" content=\"Escrito por\" \/>\n\t<meta name=\"twitter:data1\" content=\"Andrea Simonetti\" \/>\n\t<meta name=\"twitter:label2\" content=\"Est. tempo de leitura\" \/>\n\t<meta name=\"twitter:data2\" content=\"1 minuto\" \/>\n<!-- \/ Yoast SEO plugin. -->","yoast_head_json":{"title":"Lan\u00e7amento do Anu\u00e1rio Bride da Revista Vitrinni - Andrea Simonetti","robots":{"index":"index","follow":"follow","max-snippet":"max-snippet:-1","max-image-preview":"max-image-preview:large","max-video-preview":"max-video-preview:-1"},"canonical":"https:\/\/andreasimonetti.com.br\/blog\/lancamento-do-anuario-bride-da-revista-vitrinni\/","og_locale":"pt_BR","og_type":"article","og_title":"Lan\u00e7amento do Anu\u00e1rio Bride da Revista Vitrinni - Andrea Simonetti","og_description":"Esta semana, a Revista Vitrinni lan\u00e7ou o Anu\u00e1rio de Noivas. Um projeto diferenciado e bem elaborado para atender um mercado exigente que cresce a cada ano. Maria Cristina D Incao&hellip;","og_url":"https:\/\/andreasimonetti.com.br\/blog\/lancamento-do-anuario-bride-da-revista-vitrinni\/","og_site_name":"Andrea Simonetti","article_publisher":"https:\/\/www.facebook.com\/blogdaandreasimonetti\/","article_author":"https:\/\/www.facebook.com\/blogdaandreasimonetti\/","article_published_time":"2016-10-07T17:46:17+00:00","article_modified_time":"2018-05-25T11:30:21+00:00","og_image":[{"width":700,"height":700,"url":"https:\/\/andreasimonetti.com.br\/blog\/wp-content\/uploads\/2016\/10\/page-1.jpg","type":"image\/jpeg"}],"author":"Andrea Simonetti","twitter_card":"summary_large_image","twitter_creator":"@https:\/\/twitter.com\/Andrea_Simoneti","twitter_site":"@Andrea_Simoneti","twitter_misc":{"Escrito por":"Andrea Simonetti","Est. tempo de leitura":"1 minuto"},"schema":{"@context":"https:\/\/schema.org","@graph":[{"@type":"WebPage","@id":"https:\/\/andreasimonetti.com.br\/blog\/lancamento-do-anuario-bride-da-revista-vitrinni\/","url":"https:\/\/andreasimonetti.com.br\/blog\/lancamento-do-anuario-bride-da-revista-vitrinni\/","name":"Lan\u00e7amento do Anu\u00e1rio Bride da Revista Vitrinni - Andrea Simonetti","isPartOf":{"@id":"https:\/\/andreasimonetti.com.br\/blog\/#website"},"primaryImageOfPage":{"@id":"https:\/\/andreasimonetti.com.br\/blog\/lancamento-do-anuario-bride-da-revista-vitrinni\/#primaryimage"},"image":{"@id":"https:\/\/andreasimonetti.com.br\/blog\/lancamento-do-anuario-bride-da-revista-vitrinni\/#primaryimage"},"thumbnailUrl":"https:\/\/andreasimonetti.com.br\/blog\/wp-content\/uploads\/2016\/10\/page-1.jpg","datePublished":"2016-10-07T17:46:17+00:00","dateModified":"2018-05-25T11:30:21+00:00","author":{"@id":"https:\/\/andreasimonetti.com.br\/blog\/#\/schema\/person\/254f763c24ac288e27ea738a7366ad2a"},"breadcrumb":{"@id":"https:\/\/andreasimonetti.com.br\/blog\/lancamento-do-anuario-bride-da-revista-vitrinni\/#breadcrumb"},"inLanguage":"pt-BR","potentialAction":[{"@type":"ReadAction","target":["https:\/\/andreasimonetti.com.br\/blog\/lancamento-do-anuario-bride-da-revista-vitrinni\/"]}]},{"@type":"ImageObject","inLanguage":"pt-BR","@id":"https:\/\/andreasimonetti.com.br\/blog\/lancamento-do-anuario-bride-da-revista-vitrinni\/#primaryimage","url":"https:\/\/andreasimonetti.com.br\/blog\/wp-content\/uploads\/2016\/10\/page-1.jpg","contentUrl":"https:\/\/andreasimonetti.com.br\/blog\/wp-content\/uploads\/2016\/10\/page-1.jpg","width":700,"height":700},{"@type":"BreadcrumbList","@id":"https:\/\/andreasimonetti.com.br\/blog\/lancamento-do-anuario-bride-da-revista-vitrinni\/#breadcrumb","itemListElement":[{"@type":"ListItem","position":1,"name":"In\u00edcio","item":"https:\/\/andreasimonetti.com.br\/blog\/"},{"@type":"ListItem","position":2,"name":"Lan\u00e7amento do Anu\u00e1rio Bride da Revista Vitrinni"}]},{"@type":"WebSite","@id":"https:\/\/andreasimonetti.com.br\/blog\/#website","url":"https:\/\/andreasimonetti.com.br\/blog\/","name":"Andrea Simonetti","description":"","potentialAction":[{"@type":"SearchAction","target":{"@type":"EntryPoint","urlTemplate":"https:\/\/andreasimonetti.com.br\/blog\/?s={search_term_string}"},"query-input":{"@type":"PropertyValueSpecification","valueRequired":true,"valueName":"search_term_string"}}],"inLanguage":"pt-BR"},{"@type":"Person","@id":"https:\/\/andreasimonetti.com.br\/blog\/#\/schema\/person\/254f763c24ac288e27ea738a7366ad2a","name":"Andrea Simonetti","image":{"@type":"ImageObject","inLanguage":"pt-BR","@id":"https:\/\/andreasimonetti.com.br\/blog\/#\/schema\/person\/image\/","url":"https:\/\/andreasimonetti.com.br\/blog\/wp-content\/uploads\/2018\/04\/andrea-simonetti-96x96.png","contentUrl":"https:\/\/andreasimonetti.com.br\/blog\/wp-content\/uploads\/2018\/04\/andrea-simonetti-96x96.png","caption":"Andrea Simonetti"},"description":"Sou formada em Administra\u00e7\u00e3o de Empresas, Produ\u00e7\u00e3o de Moda pelo SENAC e Consultoria de Estilo. Sou fascinada por moda desde sempre, adoro ver as pessoas produzidas e de bem com a vida. Moda \u00e9 o meu assunto preferido. Comecei meu blog em 2011, ele cresceu e hoje \u00e9 um site bem mais abrangente, onde eu falo sobre moda e meu trabalho de consultora de estilo. E falo tamb\u00e9m sobre a minha experi\u00eancia de vida. Mas antes de tudo, acredito num Deus Soberano que nos guia e aben\u00e7oa, o tempo todo!","sameAs":["https:\/\/www.andreasimonetti.com.br\/","https:\/\/www.facebook.com\/blogdaandreasimonetti\/","https:\/\/www.instagram.com\/andrea_simonetti\/","https:\/\/br.pinterest.com\/BlogAndrea\/","https:\/\/x.com\/https:\/\/twitter.com\/Andrea_Simoneti"],"url":"https:\/\/andreasimonetti.com.br\/blog\/author\/andrea\/"}]}},"_links":{"self":[{"href":"https:\/\/andreasimonetti.com.br\/blog\/wp-json\/wp\/v2\/posts\/16256","targetHints":{"allow":["GET"]}}],"collection":[{"href":"https:\/\/andreasimonetti.com.br\/blog\/wp-json\/wp\/v2\/posts"}],"about":[{"href":"https:\/\/andreasimonetti.com.br\/blog\/wp-json\/wp\/v2\/types\/post"}],"author":[{"embeddable":true,"href":"https:\/\/andreasimonetti.com.br\/blog\/wp-json\/wp\/v2\/users\/7"}],"replies":[{"embeddable":true,"href":"https:\/\/andreasimonetti.com.br\/blog\/wp-json\/wp\/v2\/comments?post=16256"}],"version-history":[{"count":0,"href":"https:\/\/andreasimonetti.com.br\/blog\/wp-json\/wp\/v2\/posts\/16256\/revisions"}],"wp:featuredmedia":[{"embeddable":true,"href":"https:\/\/andreasimonetti.com.br\/blog\/wp-json\/wp\/v2\/media\/16264"}],"wp:attachment":[{"href":"https:\/\/andreasimonetti.com.br\/blog\/wp-json\/wp\/v2\/media?parent=16256"}],"wp:term":[{"taxonomy":"category","embeddable":true,"href":"https:\/\/andreasimonetti.com.br\/blog\/wp-json\/wp\/v2\/categories?post=16256"},{"taxonomy":"post_tag","embeddable":true,"href":"https:\/\/andreasimonetti.com.br\/blog\/wp-json\/wp\/v2\/tags?post=16256"}],"curies":[{"name":"wp","href":"https:\/\/api.w.org\/{rel}","templated":true}]}}