{"id":16192,"date":"2016-09-29T17:45:45","date_gmt":"2016-09-29T20:45:45","guid":{"rendered":"http:\/\/www.blogdaandreasimonetti.com.br\/?p=16192"},"modified":"2018-05-25T07:41:42","modified_gmt":"2018-05-25T10:41:42","slug":"destaques-da-semana-de-moda-de-milao","status":"publish","type":"post","link":"https:\/\/andreasimonetti.com.br\/blog\/destaques-da-semana-de-moda-de-milao\/","title":{"rendered":"Destaques da Semana de moda de Mil\u00e3o"},"content":{"rendered":"<p style=\"text-align: justify;\">Separei algumas tend\u00eancias da Semana de Moda de Mil\u00e3o para voc\u00eas.<\/p>\n<p style=\"text-align: justify;\">O destaque da marca MOSCHINO foram pe\u00e7as chapadas ou melhor o estilista usou a t\u00e9cnica de trompe l\u2019oeil criando novos corpos, mostrando lingerie nas estampas e relembrando c\u00f3digos da marca como o cinto de couro com letras.<\/p>\n<div id=\"attachment_16193\" style=\"width: 710px\" class=\"wp-caption alignnone\"><img loading=\"lazy\" decoding=\"async\" aria-describedby=\"caption-attachment-16193\" class=\"wp-image-16193 size-full\" src=\"http:\/\/www.blogdaandreasimonetti.com.br\/wp-content\/uploads\/2016\/09\/page-4.jpg\" alt=\"page\" width=\"700\" height=\"700\" srcset=\"https:\/\/andreasimonetti.com.br\/blog\/wp-content\/uploads\/2016\/09\/page-4.jpg 700w, https:\/\/andreasimonetti.com.br\/blog\/wp-content\/uploads\/2016\/09\/page-4-150x150.jpg 150w, https:\/\/andreasimonetti.com.br\/blog\/wp-content\/uploads\/2016\/09\/page-4-300x300.jpg 300w, https:\/\/andreasimonetti.com.br\/blog\/wp-content\/uploads\/2016\/09\/page-4-240x240.jpg 240w, https:\/\/andreasimonetti.com.br\/blog\/wp-content\/uploads\/2016\/09\/page-4-96x96.jpg 96w, https:\/\/andreasimonetti.com.br\/blog\/wp-content\/uploads\/2016\/09\/page-4-121x121.jpg 121w, https:\/\/andreasimonetti.com.br\/blog\/wp-content\/uploads\/2016\/09\/page-4-60x60.jpg 60w, https:\/\/andreasimonetti.com.br\/blog\/wp-content\/uploads\/2016\/09\/page-4-184x184.jpg 184w\" sizes=\"auto, (max-width: 700px) 100vw, 700px\" \/><p id=\"caption-attachment-16193\" class=\"wp-caption-text\">MOSCHINO \/ Ver\u00e3o 2017<\/p><\/div>\n<p style=\"text-align: justify;\">A FENDI fez uma cole\u00e7\u00e3o cheia de detalhes usando babados e jaquard.<br \/>\no destaque foi as mangas e saias volumosas.<\/p>\n<div id=\"attachment_16195\" style=\"width: 710px\" class=\"wp-caption alignnone\"><img loading=\"lazy\" decoding=\"async\" aria-describedby=\"caption-attachment-16195\" class=\"wp-image-16195 size-full\" src=\"http:\/\/www.blogdaandreasimonetti.com.br\/wp-content\/uploads\/2016\/09\/page-5.jpg\" alt=\"page\" width=\"700\" height=\"700\" srcset=\"https:\/\/andreasimonetti.com.br\/blog\/wp-content\/uploads\/2016\/09\/page-5.jpg 700w, https:\/\/andreasimonetti.com.br\/blog\/wp-content\/uploads\/2016\/09\/page-5-150x150.jpg 150w, https:\/\/andreasimonetti.com.br\/blog\/wp-content\/uploads\/2016\/09\/page-5-300x300.jpg 300w, https:\/\/andreasimonetti.com.br\/blog\/wp-content\/uploads\/2016\/09\/page-5-240x240.jpg 240w, https:\/\/andreasimonetti.com.br\/blog\/wp-content\/uploads\/2016\/09\/page-5-96x96.jpg 96w, https:\/\/andreasimonetti.com.br\/blog\/wp-content\/uploads\/2016\/09\/page-5-121x121.jpg 121w, https:\/\/andreasimonetti.com.br\/blog\/wp-content\/uploads\/2016\/09\/page-5-60x60.jpg 60w, https:\/\/andreasimonetti.com.br\/blog\/wp-content\/uploads\/2016\/09\/page-5-184x184.jpg 184w\" sizes=\"auto, (max-width: 700px) 100vw, 700px\" \/><p id=\"caption-attachment-16195\" class=\"wp-caption-text\">FENDI\/ Ver\u00e3o 2017<\/p><\/div>\n<p style=\"text-align: justify;\">DSQUARED2 confirmou que a cal\u00e7a jeans deve permanecer forte no proximo ver\u00e3o.<\/p>\n<p style=\"text-align: justify;\">O modelo baggy com manchas delav\u00ea e rasgos apareceu v\u00e1rias vezes na passarela.<\/p>\n<div id=\"attachment_16221\" style=\"width: 710px\" class=\"wp-caption alignnone\"><img loading=\"lazy\" decoding=\"async\" aria-describedby=\"caption-attachment-16221\" class=\"wp-image-16221 size-full\" src=\"http:\/\/www.blogdaandreasimonetti.com.br\/wp-content\/uploads\/2016\/09\/14440785_1124967624254553_1373462009489642194_n.jpg\" alt=\"14440785_1124967624254553_1373462009489642194_n\" width=\"700\" height=\"700\" srcset=\"https:\/\/andreasimonetti.com.br\/blog\/wp-content\/uploads\/2016\/09\/14440785_1124967624254553_1373462009489642194_n.jpg 700w, https:\/\/andreasimonetti.com.br\/blog\/wp-content\/uploads\/2016\/09\/14440785_1124967624254553_1373462009489642194_n-150x150.jpg 150w, https:\/\/andreasimonetti.com.br\/blog\/wp-content\/uploads\/2016\/09\/14440785_1124967624254553_1373462009489642194_n-300x300.jpg 300w, https:\/\/andreasimonetti.com.br\/blog\/wp-content\/uploads\/2016\/09\/14440785_1124967624254553_1373462009489642194_n-240x240.jpg 240w, https:\/\/andreasimonetti.com.br\/blog\/wp-content\/uploads\/2016\/09\/14440785_1124967624254553_1373462009489642194_n-96x96.jpg 96w, https:\/\/andreasimonetti.com.br\/blog\/wp-content\/uploads\/2016\/09\/14440785_1124967624254553_1373462009489642194_n-121x121.jpg 121w, https:\/\/andreasimonetti.com.br\/blog\/wp-content\/uploads\/2016\/09\/14440785_1124967624254553_1373462009489642194_n-60x60.jpg 60w, https:\/\/andreasimonetti.com.br\/blog\/wp-content\/uploads\/2016\/09\/14440785_1124967624254553_1373462009489642194_n-184x184.jpg 184w\" sizes=\"auto, (max-width: 700px) 100vw, 700px\" \/><p id=\"caption-attachment-16221\" class=\"wp-caption-text\">DSQUARED2 \/ Ver\u00e3o 2017<\/p><\/div>\n<p style=\"text-align: justify;\">Alberta Ferretti apresentou seu ver\u00e3o 2017 o destaque foi a cintura bem marcada, usando v\u00e1rios cintos com amarra\u00e7\u00f5es.<\/p>\n<div id=\"attachment_16223\" style=\"width: 710px\" class=\"wp-caption alignnone\"><img loading=\"lazy\" decoding=\"async\" aria-describedby=\"caption-attachment-16223\" class=\"wp-image-16223 size-full\" src=\"http:\/\/www.blogdaandreasimonetti.com.br\/wp-content\/uploads\/2016\/09\/14358644_1120758518008797_3615039142761234571_n.jpg\" alt=\"14358644_1120758518008797_3615039142761234571_n\" width=\"700\" height=\"700\" srcset=\"https:\/\/andreasimonetti.com.br\/blog\/wp-content\/uploads\/2016\/09\/14358644_1120758518008797_3615039142761234571_n.jpg 700w, https:\/\/andreasimonetti.com.br\/blog\/wp-content\/uploads\/2016\/09\/14358644_1120758518008797_3615039142761234571_n-150x150.jpg 150w, https:\/\/andreasimonetti.com.br\/blog\/wp-content\/uploads\/2016\/09\/14358644_1120758518008797_3615039142761234571_n-300x300.jpg 300w, https:\/\/andreasimonetti.com.br\/blog\/wp-content\/uploads\/2016\/09\/14358644_1120758518008797_3615039142761234571_n-240x240.jpg 240w, https:\/\/andreasimonetti.com.br\/blog\/wp-content\/uploads\/2016\/09\/14358644_1120758518008797_3615039142761234571_n-96x96.jpg 96w, https:\/\/andreasimonetti.com.br\/blog\/wp-content\/uploads\/2016\/09\/14358644_1120758518008797_3615039142761234571_n-121x121.jpg 121w, https:\/\/andreasimonetti.com.br\/blog\/wp-content\/uploads\/2016\/09\/14358644_1120758518008797_3615039142761234571_n-60x60.jpg 60w, https:\/\/andreasimonetti.com.br\/blog\/wp-content\/uploads\/2016\/09\/14358644_1120758518008797_3615039142761234571_n-184x184.jpg 184w\" sizes=\"auto, (max-width: 700px) 100vw, 700px\" \/><p id=\"caption-attachment-16223\" class=\"wp-caption-text\">Alberta Ferretti \/ Ver\u00e3o 2017<\/p><\/div>\n<p style=\"text-align: justify;\">A bermuda foi a pe\u00e7a chave para a Armani nessa temporada, usada como nos anos 90 com jaquetinhas, jaquetas e blazers, muitas bufantes ou balon\u00eas.<\/p>\n<div id=\"attachment_16224\" style=\"width: 710px\" class=\"wp-caption alignnone\"><img loading=\"lazy\" decoding=\"async\" aria-describedby=\"caption-attachment-16224\" class=\"wp-image-16224 size-full\" src=\"http:\/\/www.blogdaandreasimonetti.com.br\/wp-content\/uploads\/2016\/09\/14469632_1121803254570990_3336472927636725067_n.jpg\" alt=\"14469632_1121803254570990_3336472927636725067_n\" width=\"700\" height=\"700\" srcset=\"https:\/\/andreasimonetti.com.br\/blog\/wp-content\/uploads\/2016\/09\/14469632_1121803254570990_3336472927636725067_n.jpg 700w, https:\/\/andreasimonetti.com.br\/blog\/wp-content\/uploads\/2016\/09\/14469632_1121803254570990_3336472927636725067_n-150x150.jpg 150w, https:\/\/andreasimonetti.com.br\/blog\/wp-content\/uploads\/2016\/09\/14469632_1121803254570990_3336472927636725067_n-300x300.jpg 300w, https:\/\/andreasimonetti.com.br\/blog\/wp-content\/uploads\/2016\/09\/14469632_1121803254570990_3336472927636725067_n-240x240.jpg 240w, https:\/\/andreasimonetti.com.br\/blog\/wp-content\/uploads\/2016\/09\/14469632_1121803254570990_3336472927636725067_n-96x96.jpg 96w, https:\/\/andreasimonetti.com.br\/blog\/wp-content\/uploads\/2016\/09\/14469632_1121803254570990_3336472927636725067_n-121x121.jpg 121w, https:\/\/andreasimonetti.com.br\/blog\/wp-content\/uploads\/2016\/09\/14469632_1121803254570990_3336472927636725067_n-60x60.jpg 60w, https:\/\/andreasimonetti.com.br\/blog\/wp-content\/uploads\/2016\/09\/14469632_1121803254570990_3336472927636725067_n-184x184.jpg 184w\" sizes=\"auto, (max-width: 700px) 100vw, 700px\" \/><p id=\"caption-attachment-16224\" class=\"wp-caption-text\">Armani \/ Ver\u00e3o 2017<\/p><\/div>\n<p>&nbsp;<\/p>\n<p style=\"text-align: justify;\">Bottega Veneta celebrou seus 50 anos com um desfile lindo na Semana de Moda de Mil\u00e3o. Na cole\u00e7\u00e3o, looks monocrom\u00e1ticos elegant\u00e9rrimos e superfemininos, boa parte de couro.<\/p>\n<div id=\"attachment_16225\" style=\"width: 810px\" class=\"wp-caption alignnone\"><img loading=\"lazy\" decoding=\"async\" aria-describedby=\"caption-attachment-16225\" class=\"wp-image-16225 size-full\" src=\"http:\/\/www.blogdaandreasimonetti.com.br\/wp-content\/uploads\/2016\/09\/14440733_1122731891144793_67340444211668289_n.jpg\" alt=\"14440733_1122731891144793_67340444211668289_n\" width=\"800\" height=\"700\" srcset=\"https:\/\/andreasimonetti.com.br\/blog\/wp-content\/uploads\/2016\/09\/14440733_1122731891144793_67340444211668289_n.jpg 800w, https:\/\/andreasimonetti.com.br\/blog\/wp-content\/uploads\/2016\/09\/14440733_1122731891144793_67340444211668289_n-300x263.jpg 300w, https:\/\/andreasimonetti.com.br\/blog\/wp-content\/uploads\/2016\/09\/14440733_1122731891144793_67340444211668289_n-768x672.jpg 768w\" sizes=\"auto, (max-width: 800px) 100vw, 800px\" \/><p id=\"caption-attachment-16225\" class=\"wp-caption-text\">Bottega Veneta \/ Ver\u00e3o 2017<\/p><\/div>\n<p style=\"text-align: justify;\">Dolce &amp; Gabbana mais uma vez parou Mil\u00e3o com seu desfile em clima de superprodu\u00e7\u00e3o. O destaque foi deliciosas estampas, como: sorvete italiano, pizza, pomodoro e espaguete trazidos em desenhos.<\/p>\n<div id=\"attachment_16228\" style=\"width: 710px\" class=\"wp-caption alignnone\"><img loading=\"lazy\" decoding=\"async\" aria-describedby=\"caption-attachment-16228\" class=\"wp-image-16228 size-full\" src=\"http:\/\/www.blogdaandreasimonetti.com.br\/wp-content\/uploads\/2016\/09\/14441061_1124023854348930_3488299153454897401_n.jpg\" alt=\"14441061_1124023854348930_3488299153454897401_n\" width=\"700\" height=\"700\" srcset=\"https:\/\/andreasimonetti.com.br\/blog\/wp-content\/uploads\/2016\/09\/14441061_1124023854348930_3488299153454897401_n.jpg 700w, https:\/\/andreasimonetti.com.br\/blog\/wp-content\/uploads\/2016\/09\/14441061_1124023854348930_3488299153454897401_n-150x150.jpg 150w, https:\/\/andreasimonetti.com.br\/blog\/wp-content\/uploads\/2016\/09\/14441061_1124023854348930_3488299153454897401_n-300x300.jpg 300w, https:\/\/andreasimonetti.com.br\/blog\/wp-content\/uploads\/2016\/09\/14441061_1124023854348930_3488299153454897401_n-240x240.jpg 240w, https:\/\/andreasimonetti.com.br\/blog\/wp-content\/uploads\/2016\/09\/14441061_1124023854348930_3488299153454897401_n-96x96.jpg 96w, https:\/\/andreasimonetti.com.br\/blog\/wp-content\/uploads\/2016\/09\/14441061_1124023854348930_3488299153454897401_n-121x121.jpg 121w, https:\/\/andreasimonetti.com.br\/blog\/wp-content\/uploads\/2016\/09\/14441061_1124023854348930_3488299153454897401_n-60x60.jpg 60w, https:\/\/andreasimonetti.com.br\/blog\/wp-content\/uploads\/2016\/09\/14441061_1124023854348930_3488299153454897401_n-184x184.jpg 184w\" sizes=\"auto, (max-width: 700px) 100vw, 700px\" \/><p id=\"caption-attachment-16228\" class=\"wp-caption-text\">Dolce &amp; Gabbana \/ Ver\u00e3o 2017<\/p><\/div>\n","protected":false},"excerpt":{"rendered":"<p>Separei algumas tend\u00eancias da Semana de Moda de Mil\u00e3o para voc\u00eas. O destaque da marca MOSCHINO foram pe\u00e7as chapadas ou melhor o estilista usou a t\u00e9cnica de trompe l\u2019oeil criando&hellip;<\/p>\n","protected":false},"author":7,"featured_media":16225,"comment_status":"open","ping_status":"open","sticky":false,"template":"","format":"standard","meta":{"_monsterinsights_skip_tracking":false,"_monsterinsights_sitenote_active":false,"_monsterinsights_sitenote_note":"","_monsterinsights_sitenote_category":0,"footnotes":""},"categories":[1508,3],"tags":[2411],"class_list":["post-16192","post","type-post","status-publish","format-standard","has-post-thumbnail","hentry","category-destaque","category-moda","tag-destaques-da-semana-de-moda-de-milao"],"yoast_head":"<!-- This site is optimized with the Yoast SEO plugin v26.3 - https:\/\/yoast.com\/wordpress\/plugins\/seo\/ -->\n<title>Destaques da Semana de moda de Mil\u00e3o - Andrea Simonetti<\/title>\n<meta name=\"robots\" content=\"index, follow, max-snippet:-1, max-image-preview:large, max-video-preview:-1\" \/>\n<link rel=\"canonical\" href=\"https:\/\/andreasimonetti.com.br\/blog\/destaques-da-semana-de-moda-de-milao\/\" \/>\n<meta property=\"og:locale\" content=\"pt_BR\" \/>\n<meta property=\"og:type\" content=\"article\" \/>\n<meta property=\"og:title\" content=\"Destaques da Semana de moda de Mil\u00e3o - Andrea Simonetti\" \/>\n<meta property=\"og:description\" content=\"Separei algumas tend\u00eancias da Semana de Moda de Mil\u00e3o para voc\u00eas. O destaque da marca MOSCHINO foram pe\u00e7as chapadas ou melhor o estilista usou a t\u00e9cnica de trompe l\u2019oeil criando&hellip;\" \/>\n<meta property=\"og:url\" content=\"https:\/\/andreasimonetti.com.br\/blog\/destaques-da-semana-de-moda-de-milao\/\" \/>\n<meta property=\"og:site_name\" content=\"Andrea Simonetti\" \/>\n<meta property=\"article:publisher\" content=\"https:\/\/www.facebook.com\/blogdaandreasimonetti\/\" \/>\n<meta property=\"article:author\" content=\"https:\/\/www.facebook.com\/blogdaandreasimonetti\/\" \/>\n<meta property=\"article:published_time\" content=\"2016-09-29T20:45:45+00:00\" \/>\n<meta property=\"article:modified_time\" content=\"2018-05-25T10:41:42+00:00\" \/>\n<meta property=\"og:image\" content=\"https:\/\/andreasimonetti.com.br\/blog\/wp-content\/uploads\/2016\/09\/14440733_1122731891144793_67340444211668289_n.jpg\" \/>\n\t<meta property=\"og:image:width\" content=\"800\" \/>\n\t<meta property=\"og:image:height\" content=\"700\" \/>\n\t<meta property=\"og:image:type\" content=\"image\/jpeg\" \/>\n<meta name=\"author\" content=\"Andrea Simonetti\" \/>\n<meta name=\"twitter:card\" content=\"summary_large_image\" \/>\n<meta name=\"twitter:creator\" content=\"@https:\/\/twitter.com\/Andrea_Simoneti\" \/>\n<meta name=\"twitter:site\" content=\"@Andrea_Simoneti\" \/>\n<meta name=\"twitter:label1\" content=\"Escrito por\" \/>\n\t<meta name=\"twitter:data1\" content=\"Andrea Simonetti\" \/>\n\t<meta name=\"twitter:label2\" content=\"Est. tempo de leitura\" \/>\n\t<meta name=\"twitter:data2\" content=\"1 minuto\" \/>\n<!-- \/ Yoast SEO plugin. -->","yoast_head_json":{"title":"Destaques da Semana de moda de Mil\u00e3o - Andrea Simonetti","robots":{"index":"index","follow":"follow","max-snippet":"max-snippet:-1","max-image-preview":"max-image-preview:large","max-video-preview":"max-video-preview:-1"},"canonical":"https:\/\/andreasimonetti.com.br\/blog\/destaques-da-semana-de-moda-de-milao\/","og_locale":"pt_BR","og_type":"article","og_title":"Destaques da Semana de moda de Mil\u00e3o - Andrea Simonetti","og_description":"Separei algumas tend\u00eancias da Semana de Moda de Mil\u00e3o para voc\u00eas. O destaque da marca MOSCHINO foram pe\u00e7as chapadas ou melhor o estilista usou a t\u00e9cnica de trompe l\u2019oeil criando&hellip;","og_url":"https:\/\/andreasimonetti.com.br\/blog\/destaques-da-semana-de-moda-de-milao\/","og_site_name":"Andrea Simonetti","article_publisher":"https:\/\/www.facebook.com\/blogdaandreasimonetti\/","article_author":"https:\/\/www.facebook.com\/blogdaandreasimonetti\/","article_published_time":"2016-09-29T20:45:45+00:00","article_modified_time":"2018-05-25T10:41:42+00:00","og_image":[{"width":800,"height":700,"url":"https:\/\/andreasimonetti.com.br\/blog\/wp-content\/uploads\/2016\/09\/14440733_1122731891144793_67340444211668289_n.jpg","type":"image\/jpeg"}],"author":"Andrea Simonetti","twitter_card":"summary_large_image","twitter_creator":"@https:\/\/twitter.com\/Andrea_Simoneti","twitter_site":"@Andrea_Simoneti","twitter_misc":{"Escrito por":"Andrea Simonetti","Est. tempo de leitura":"1 minuto"},"schema":{"@context":"https:\/\/schema.org","@graph":[{"@type":"WebPage","@id":"https:\/\/andreasimonetti.com.br\/blog\/destaques-da-semana-de-moda-de-milao\/","url":"https:\/\/andreasimonetti.com.br\/blog\/destaques-da-semana-de-moda-de-milao\/","name":"Destaques da Semana de moda de Mil\u00e3o - Andrea Simonetti","isPartOf":{"@id":"https:\/\/andreasimonetti.com.br\/blog\/#website"},"primaryImageOfPage":{"@id":"https:\/\/andreasimonetti.com.br\/blog\/destaques-da-semana-de-moda-de-milao\/#primaryimage"},"image":{"@id":"https:\/\/andreasimonetti.com.br\/blog\/destaques-da-semana-de-moda-de-milao\/#primaryimage"},"thumbnailUrl":"https:\/\/andreasimonetti.com.br\/blog\/wp-content\/uploads\/2016\/09\/14440733_1122731891144793_67340444211668289_n.jpg","datePublished":"2016-09-29T20:45:45+00:00","dateModified":"2018-05-25T10:41:42+00:00","author":{"@id":"https:\/\/andreasimonetti.com.br\/blog\/#\/schema\/person\/254f763c24ac288e27ea738a7366ad2a"},"breadcrumb":{"@id":"https:\/\/andreasimonetti.com.br\/blog\/destaques-da-semana-de-moda-de-milao\/#breadcrumb"},"inLanguage":"pt-BR","potentialAction":[{"@type":"ReadAction","target":["https:\/\/andreasimonetti.com.br\/blog\/destaques-da-semana-de-moda-de-milao\/"]}]},{"@type":"ImageObject","inLanguage":"pt-BR","@id":"https:\/\/andreasimonetti.com.br\/blog\/destaques-da-semana-de-moda-de-milao\/#primaryimage","url":"https:\/\/andreasimonetti.com.br\/blog\/wp-content\/uploads\/2016\/09\/14440733_1122731891144793_67340444211668289_n.jpg","contentUrl":"https:\/\/andreasimonetti.com.br\/blog\/wp-content\/uploads\/2016\/09\/14440733_1122731891144793_67340444211668289_n.jpg","width":800,"height":700},{"@type":"BreadcrumbList","@id":"https:\/\/andreasimonetti.com.br\/blog\/destaques-da-semana-de-moda-de-milao\/#breadcrumb","itemListElement":[{"@type":"ListItem","position":1,"name":"In\u00edcio","item":"https:\/\/andreasimonetti.com.br\/blog\/"},{"@type":"ListItem","position":2,"name":"Destaques da Semana de moda de Mil\u00e3o"}]},{"@type":"WebSite","@id":"https:\/\/andreasimonetti.com.br\/blog\/#website","url":"https:\/\/andreasimonetti.com.br\/blog\/","name":"Andrea Simonetti","description":"","potentialAction":[{"@type":"SearchAction","target":{"@type":"EntryPoint","urlTemplate":"https:\/\/andreasimonetti.com.br\/blog\/?s={search_term_string}"},"query-input":{"@type":"PropertyValueSpecification","valueRequired":true,"valueName":"search_term_string"}}],"inLanguage":"pt-BR"},{"@type":"Person","@id":"https:\/\/andreasimonetti.com.br\/blog\/#\/schema\/person\/254f763c24ac288e27ea738a7366ad2a","name":"Andrea Simonetti","image":{"@type":"ImageObject","inLanguage":"pt-BR","@id":"https:\/\/andreasimonetti.com.br\/blog\/#\/schema\/person\/image\/","url":"https:\/\/andreasimonetti.com.br\/blog\/wp-content\/uploads\/2018\/04\/andrea-simonetti-96x96.png","contentUrl":"https:\/\/andreasimonetti.com.br\/blog\/wp-content\/uploads\/2018\/04\/andrea-simonetti-96x96.png","caption":"Andrea Simonetti"},"description":"Sou formada em Administra\u00e7\u00e3o de Empresas, Produ\u00e7\u00e3o de Moda pelo SENAC e Consultoria de Estilo. Sou fascinada por moda desde sempre, adoro ver as pessoas produzidas e de bem com a vida. Moda \u00e9 o meu assunto preferido. Comecei meu blog em 2011, ele cresceu e hoje \u00e9 um site bem mais abrangente, onde eu falo sobre moda e meu trabalho de consultora de estilo. E falo tamb\u00e9m sobre a minha experi\u00eancia de vida. Mas antes de tudo, acredito num Deus Soberano que nos guia e aben\u00e7oa, o tempo todo!","sameAs":["https:\/\/www.andreasimonetti.com.br\/","https:\/\/www.facebook.com\/blogdaandreasimonetti\/","https:\/\/www.instagram.com\/andrea_simonetti\/","https:\/\/br.pinterest.com\/BlogAndrea\/","https:\/\/x.com\/https:\/\/twitter.com\/Andrea_Simoneti"],"url":"https:\/\/andreasimonetti.com.br\/blog\/author\/andrea\/"}]}},"_links":{"self":[{"href":"https:\/\/andreasimonetti.com.br\/blog\/wp-json\/wp\/v2\/posts\/16192","targetHints":{"allow":["GET"]}}],"collection":[{"href":"https:\/\/andreasimonetti.com.br\/blog\/wp-json\/wp\/v2\/posts"}],"about":[{"href":"https:\/\/andreasimonetti.com.br\/blog\/wp-json\/wp\/v2\/types\/post"}],"author":[{"embeddable":true,"href":"https:\/\/andreasimonetti.com.br\/blog\/wp-json\/wp\/v2\/users\/7"}],"replies":[{"embeddable":true,"href":"https:\/\/andreasimonetti.com.br\/blog\/wp-json\/wp\/v2\/comments?post=16192"}],"version-history":[{"count":0,"href":"https:\/\/andreasimonetti.com.br\/blog\/wp-json\/wp\/v2\/posts\/16192\/revisions"}],"wp:featuredmedia":[{"embeddable":true,"href":"https:\/\/andreasimonetti.com.br\/blog\/wp-json\/wp\/v2\/media\/16225"}],"wp:attachment":[{"href":"https:\/\/andreasimonetti.com.br\/blog\/wp-json\/wp\/v2\/media?parent=16192"}],"wp:term":[{"taxonomy":"category","embeddable":true,"href":"https:\/\/andreasimonetti.com.br\/blog\/wp-json\/wp\/v2\/categories?post=16192"},{"taxonomy":"post_tag","embeddable":true,"href":"https:\/\/andreasimonetti.com.br\/blog\/wp-json\/wp\/v2\/tags?post=16192"}],"curies":[{"name":"wp","href":"https:\/\/api.w.org\/{rel}","templated":true}]}}