{"id":16166,"date":"2016-09-23T15:35:38","date_gmt":"2016-09-23T18:35:38","guid":{"rendered":"http:\/\/www.blogdaandreasimonetti.com.br\/?p=16166"},"modified":"2018-05-25T08:30:21","modified_gmt":"2018-05-25T11:30:21","slug":"brigitte-acessorios-lanca-sua-colecao-de-verao","status":"publish","type":"post","link":"https:\/\/andreasimonetti.com.br\/blog\/brigitte-acessorios-lanca-sua-colecao-de-verao\/","title":{"rendered":"Brigitte Acess\u00f3rios lan\u00e7a sua cole\u00e7\u00e3o de ver\u00e3o"},"content":{"rendered":"<p style=\"text-align: justify;\">A Brigitte Acess\u00f3rios lan\u00e7ou sua cole\u00e7\u00e3o de ver\u00e3o com a presen\u00e7a da designer Tatiana Arrigoni que comanda a marca <a href=\"https:\/\/tarrigoni.com.br\/\">T.Arrigoni<\/a>. A querida Priscilla Meneghetti, propriet\u00e1ria da <a href=\"https:\/\/www.facebook.com\/brigitte.acessorios.9\/?fref=ts\">Brigitte<\/a> organizou um delicioso coquetel para receber suas muitas clientes e amigas. A cole\u00e7\u00e3o est\u00e1 linda com pe\u00e7as exclusivas e sofisticadas. Uma j\u00f3ia de bijuteria. Vale a pena voc\u00ea conhecer.<\/p>\n<div id=\"attachment_16167\" style=\"width: 710px\" class=\"wp-caption alignnone\"><img loading=\"lazy\" decoding=\"async\" aria-describedby=\"caption-attachment-16167\" class=\"wp-image-16167 size-full\" src=\"http:\/\/www.blogdaandreasimonetti.com.br\/wp-content\/uploads\/2016\/09\/page-1.jpg\" alt=\"page\" width=\"700\" height=\"700\" srcset=\"https:\/\/andreasimonetti.com.br\/blog\/wp-content\/uploads\/2016\/09\/page-1.jpg 700w, https:\/\/andreasimonetti.com.br\/blog\/wp-content\/uploads\/2016\/09\/page-1-150x150.jpg 150w, https:\/\/andreasimonetti.com.br\/blog\/wp-content\/uploads\/2016\/09\/page-1-300x300.jpg 300w, https:\/\/andreasimonetti.com.br\/blog\/wp-content\/uploads\/2016\/09\/page-1-240x240.jpg 240w, https:\/\/andreasimonetti.com.br\/blog\/wp-content\/uploads\/2016\/09\/page-1-96x96.jpg 96w, https:\/\/andreasimonetti.com.br\/blog\/wp-content\/uploads\/2016\/09\/page-1-121x121.jpg 121w, https:\/\/andreasimonetti.com.br\/blog\/wp-content\/uploads\/2016\/09\/page-1-60x60.jpg 60w, https:\/\/andreasimonetti.com.br\/blog\/wp-content\/uploads\/2016\/09\/page-1-184x184.jpg 184w\" sizes=\"auto, (max-width: 700px) 100vw, 700px\" \/><p id=\"caption-attachment-16167\" class=\"wp-caption-text\">Brigitte Acessorios<\/p><\/div>\n<div id=\"attachment_16168\" style=\"width: 645px\" class=\"wp-caption alignnone\"><img loading=\"lazy\" decoding=\"async\" aria-describedby=\"caption-attachment-16168\" class=\"wp-image-16168 size-full\" src=\"http:\/\/www.blogdaandreasimonetti.com.br\/wp-content\/uploads\/2016\/09\/20.jpg\" alt=\"20\" width=\"635\" height=\"960\" srcset=\"https:\/\/andreasimonetti.com.br\/blog\/wp-content\/uploads\/2016\/09\/20.jpg 635w, https:\/\/andreasimonetti.com.br\/blog\/wp-content\/uploads\/2016\/09\/20-198x300.jpg 198w\" sizes=\"auto, (max-width: 635px) 100vw, 635px\" \/><p id=\"caption-attachment-16168\" class=\"wp-caption-text\">Priscilla Meneghetti<\/p><\/div>\n<div id=\"attachment_16169\" style=\"width: 645px\" class=\"wp-caption alignnone\"><img loading=\"lazy\" decoding=\"async\" aria-describedby=\"caption-attachment-16169\" class=\"wp-image-16169 size-full\" src=\"http:\/\/www.blogdaandreasimonetti.com.br\/wp-content\/uploads\/2016\/09\/21.jpg\" alt=\"21\" width=\"635\" height=\"960\" srcset=\"https:\/\/andreasimonetti.com.br\/blog\/wp-content\/uploads\/2016\/09\/21.jpg 635w, https:\/\/andreasimonetti.com.br\/blog\/wp-content\/uploads\/2016\/09\/21-198x300.jpg 198w\" sizes=\"auto, (max-width: 635px) 100vw, 635px\" \/><p id=\"caption-attachment-16169\" class=\"wp-caption-text\">Tatiana Arrigoni<\/p><\/div>\n<div id=\"attachment_16170\" style=\"width: 650px\" class=\"wp-caption alignnone\"><img loading=\"lazy\" decoding=\"async\" aria-describedby=\"caption-attachment-16170\" class=\"wp-image-16170 size-full\" src=\"http:\/\/www.blogdaandreasimonetti.com.br\/wp-content\/uploads\/2016\/09\/2.jpg\" alt=\"2\" width=\"640\" height=\"960\" srcset=\"https:\/\/andreasimonetti.com.br\/blog\/wp-content\/uploads\/2016\/09\/2.jpg 640w, https:\/\/andreasimonetti.com.br\/blog\/wp-content\/uploads\/2016\/09\/2-200x300.jpg 200w\" sizes=\"auto, (max-width: 640px) 100vw, 640px\" \/><p id=\"caption-attachment-16170\" class=\"wp-caption-text\">A blogger Marianne Torres<\/p><\/div>\n<div id=\"attachment_16171\" style=\"width: 710px\" class=\"wp-caption alignnone\"><img loading=\"lazy\" decoding=\"async\" aria-describedby=\"caption-attachment-16171\" class=\"wp-image-16171 size-full\" src=\"http:\/\/www.blogdaandreasimonetti.com.br\/wp-content\/uploads\/2016\/09\/page-3.jpg\" alt=\"page-3\" width=\"700\" height=\"700\" srcset=\"https:\/\/andreasimonetti.com.br\/blog\/wp-content\/uploads\/2016\/09\/page-3.jpg 700w, https:\/\/andreasimonetti.com.br\/blog\/wp-content\/uploads\/2016\/09\/page-3-150x150.jpg 150w, https:\/\/andreasimonetti.com.br\/blog\/wp-content\/uploads\/2016\/09\/page-3-300x300.jpg 300w, https:\/\/andreasimonetti.com.br\/blog\/wp-content\/uploads\/2016\/09\/page-3-240x240.jpg 240w, https:\/\/andreasimonetti.com.br\/blog\/wp-content\/uploads\/2016\/09\/page-3-96x96.jpg 96w, https:\/\/andreasimonetti.com.br\/blog\/wp-content\/uploads\/2016\/09\/page-3-121x121.jpg 121w, https:\/\/andreasimonetti.com.br\/blog\/wp-content\/uploads\/2016\/09\/page-3-60x60.jpg 60w, https:\/\/andreasimonetti.com.br\/blog\/wp-content\/uploads\/2016\/09\/page-3-184x184.jpg 184w\" sizes=\"auto, (max-width: 700px) 100vw, 700px\" \/><p id=\"caption-attachment-16171\" class=\"wp-caption-text\">Pe\u00e7as T.Arrigoni<\/p><\/div>\n<div id=\"attachment_16172\" style=\"width: 710px\" class=\"wp-caption alignnone\"><img loading=\"lazy\" decoding=\"async\" aria-describedby=\"caption-attachment-16172\" class=\"wp-image-16172 size-full\" src=\"http:\/\/www.blogdaandreasimonetti.com.br\/wp-content\/uploads\/2016\/09\/page-2.jpg\" alt=\"page-2\" width=\"700\" height=\"700\" srcset=\"https:\/\/andreasimonetti.com.br\/blog\/wp-content\/uploads\/2016\/09\/page-2.jpg 700w, https:\/\/andreasimonetti.com.br\/blog\/wp-content\/uploads\/2016\/09\/page-2-150x150.jpg 150w, https:\/\/andreasimonetti.com.br\/blog\/wp-content\/uploads\/2016\/09\/page-2-300x300.jpg 300w, https:\/\/andreasimonetti.com.br\/blog\/wp-content\/uploads\/2016\/09\/page-2-240x240.jpg 240w, https:\/\/andreasimonetti.com.br\/blog\/wp-content\/uploads\/2016\/09\/page-2-96x96.jpg 96w, https:\/\/andreasimonetti.com.br\/blog\/wp-content\/uploads\/2016\/09\/page-2-121x121.jpg 121w, https:\/\/andreasimonetti.com.br\/blog\/wp-content\/uploads\/2016\/09\/page-2-60x60.jpg 60w, https:\/\/andreasimonetti.com.br\/blog\/wp-content\/uploads\/2016\/09\/page-2-184x184.jpg 184w\" sizes=\"auto, (max-width: 700px) 100vw, 700px\" \/><p id=\"caption-attachment-16172\" class=\"wp-caption-text\">Tiara invertida T.Arrigoni ! Um luxo!<\/p><\/div>\n<div id=\"attachment_16173\" style=\"width: 645px\" class=\"wp-caption alignnone\"><img loading=\"lazy\" decoding=\"async\" aria-describedby=\"caption-attachment-16173\" class=\"wp-image-16173 size-full\" src=\"http:\/\/www.blogdaandreasimonetti.com.br\/wp-content\/uploads\/2016\/09\/8.jpg\" alt=\"8\" width=\"635\" height=\"960\" srcset=\"https:\/\/andreasimonetti.com.br\/blog\/wp-content\/uploads\/2016\/09\/8.jpg 635w, https:\/\/andreasimonetti.com.br\/blog\/wp-content\/uploads\/2016\/09\/8-198x300.jpg 198w\" sizes=\"auto, (max-width: 635px) 100vw, 635px\" \/><p id=\"caption-attachment-16173\" class=\"wp-caption-text\">T.Arrigoni<\/p><\/div>\n<div id=\"attachment_16174\" style=\"width: 710px\" class=\"wp-caption alignnone\"><img loading=\"lazy\" decoding=\"async\" aria-describedby=\"caption-attachment-16174\" class=\"wp-image-16174 size-full\" src=\"http:\/\/www.blogdaandreasimonetti.com.br\/wp-content\/uploads\/2016\/09\/page-1-1.jpg\" alt=\"page-1\" width=\"700\" height=\"700\" srcset=\"https:\/\/andreasimonetti.com.br\/blog\/wp-content\/uploads\/2016\/09\/page-1-1.jpg 700w, https:\/\/andreasimonetti.com.br\/blog\/wp-content\/uploads\/2016\/09\/page-1-1-150x150.jpg 150w, https:\/\/andreasimonetti.com.br\/blog\/wp-content\/uploads\/2016\/09\/page-1-1-300x300.jpg 300w, https:\/\/andreasimonetti.com.br\/blog\/wp-content\/uploads\/2016\/09\/page-1-1-240x240.jpg 240w, https:\/\/andreasimonetti.com.br\/blog\/wp-content\/uploads\/2016\/09\/page-1-1-96x96.jpg 96w, https:\/\/andreasimonetti.com.br\/blog\/wp-content\/uploads\/2016\/09\/page-1-1-121x121.jpg 121w, https:\/\/andreasimonetti.com.br\/blog\/wp-content\/uploads\/2016\/09\/page-1-1-60x60.jpg 60w, https:\/\/andreasimonetti.com.br\/blog\/wp-content\/uploads\/2016\/09\/page-1-1-184x184.jpg 184w\" sizes=\"auto, (max-width: 700px) 100vw, 700px\" \/><p id=\"caption-attachment-16174\" class=\"wp-caption-text\">Acess\u00f3rios T.Arrigoni<\/p><\/div>\n<div id=\"attachment_16175\" style=\"width: 645px\" class=\"wp-caption alignnone\"><img loading=\"lazy\" decoding=\"async\" aria-describedby=\"caption-attachment-16175\" class=\"wp-image-16175 size-full\" src=\"http:\/\/www.blogdaandreasimonetti.com.br\/wp-content\/uploads\/2016\/09\/16.jpg\" alt=\"16\" width=\"635\" height=\"960\" srcset=\"https:\/\/andreasimonetti.com.br\/blog\/wp-content\/uploads\/2016\/09\/16.jpg 635w, https:\/\/andreasimonetti.com.br\/blog\/wp-content\/uploads\/2016\/09\/16-198x300.jpg 198w\" sizes=\"auto, (max-width: 635px) 100vw, 635px\" \/><p id=\"caption-attachment-16175\" class=\"wp-caption-text\">Camisa e cal\u00e7a Caos Moda<\/p><\/div>\n<div id=\"attachment_16176\" style=\"width: 645px\" class=\"wp-caption alignnone\"><img loading=\"lazy\" decoding=\"async\" aria-describedby=\"caption-attachment-16176\" class=\"wp-image-16176 size-full\" src=\"http:\/\/www.blogdaandreasimonetti.com.br\/wp-content\/uploads\/2016\/09\/15.jpg\" alt=\"15\" width=\"635\" height=\"960\" srcset=\"https:\/\/andreasimonetti.com.br\/blog\/wp-content\/uploads\/2016\/09\/15.jpg 635w, https:\/\/andreasimonetti.com.br\/blog\/wp-content\/uploads\/2016\/09\/15-198x300.jpg 198w\" sizes=\"auto, (max-width: 635px) 100vw, 635px\" \/><p id=\"caption-attachment-16176\" class=\"wp-caption-text\">Make e hair Dinard`s<\/p><\/div>\n<div id=\"attachment_16177\" style=\"width: 970px\" class=\"wp-caption alignnone\"><img loading=\"lazy\" decoding=\"async\" aria-describedby=\"caption-attachment-16177\" class=\"wp-image-16177 size-full\" src=\"http:\/\/www.blogdaandreasimonetti.com.br\/wp-content\/uploads\/2016\/09\/18.jpg\" alt=\"18\" width=\"960\" height=\"635\" srcset=\"https:\/\/andreasimonetti.com.br\/blog\/wp-content\/uploads\/2016\/09\/18.jpg 960w, https:\/\/andreasimonetti.com.br\/blog\/wp-content\/uploads\/2016\/09\/18-300x198.jpg 300w, https:\/\/andreasimonetti.com.br\/blog\/wp-content\/uploads\/2016\/09\/18-768x508.jpg 768w, https:\/\/andreasimonetti.com.br\/blog\/wp-content\/uploads\/2016\/09\/18-207x136.jpg 207w, https:\/\/andreasimonetti.com.br\/blog\/wp-content\/uploads\/2016\/09\/18-140x94.jpg 140w, https:\/\/andreasimonetti.com.br\/blog\/wp-content\/uploads\/2016\/09\/18-430x283.jpg 430w\" sizes=\"auto, (max-width: 960px) 100vw, 960px\" \/><p id=\"caption-attachment-16177\" class=\"wp-caption-text\">Bolsa Cavage<\/p><\/div>\n<p>Fotos &#8211; Vida Social \/ Social Bauru<br \/>\nMake e hair &#8211; Dinard\u00b4s Hair Fashion<br \/>\nCal\u00e7a e camisa &#8211; Caos Moda<\/p>\n","protected":false},"excerpt":{"rendered":"<p>A Brigitte Acess\u00f3rios lan\u00e7ou sua cole\u00e7\u00e3o de ver\u00e3o com a presen\u00e7a da designer Tatiana Arrigoni que comanda a marca T.Arrigoni. A querida Priscilla Meneghetti, propriet\u00e1ria da Brigitte organizou um delicioso&hellip;<\/p>\n","protected":false},"author":7,"featured_media":16169,"comment_status":"open","ping_status":"open","sticky":false,"template":"","format":"standard","meta":{"_monsterinsights_skip_tracking":false,"_monsterinsights_sitenote_active":false,"_monsterinsights_sitenote_note":"","_monsterinsights_sitenote_category":0,"footnotes":""},"categories":[1508,3],"tags":[2406,2408,2407],"class_list":["post-16166","post","type-post","status-publish","format-standard","has-post-thumbnail","hentry","category-destaque","category-moda","tag-brigitte-acessorios-lanca-sua-colecao-de-verao","tag-design-tatiana-arrigoni","tag-t-arrigoni"],"yoast_head":"<!-- This site is optimized with the Yoast SEO plugin v26.3 - https:\/\/yoast.com\/wordpress\/plugins\/seo\/ -->\n<title>Brigitte Acess\u00f3rios lan\u00e7a sua cole\u00e7\u00e3o de ver\u00e3o - Andrea Simonetti<\/title>\n<meta name=\"robots\" content=\"index, follow, max-snippet:-1, max-image-preview:large, max-video-preview:-1\" \/>\n<link rel=\"canonical\" href=\"https:\/\/andreasimonetti.com.br\/blog\/brigitte-acessorios-lanca-sua-colecao-de-verao\/\" \/>\n<meta property=\"og:locale\" content=\"pt_BR\" \/>\n<meta property=\"og:type\" content=\"article\" \/>\n<meta property=\"og:title\" content=\"Brigitte Acess\u00f3rios lan\u00e7a sua cole\u00e7\u00e3o de ver\u00e3o - Andrea Simonetti\" \/>\n<meta property=\"og:description\" content=\"A Brigitte Acess\u00f3rios lan\u00e7ou sua cole\u00e7\u00e3o de ver\u00e3o com a presen\u00e7a da designer Tatiana Arrigoni que comanda a marca T.Arrigoni. A querida Priscilla Meneghetti, propriet\u00e1ria da Brigitte organizou um delicioso&hellip;\" \/>\n<meta property=\"og:url\" content=\"https:\/\/andreasimonetti.com.br\/blog\/brigitte-acessorios-lanca-sua-colecao-de-verao\/\" \/>\n<meta property=\"og:site_name\" content=\"Andrea Simonetti\" \/>\n<meta property=\"article:publisher\" content=\"https:\/\/www.facebook.com\/blogdaandreasimonetti\/\" \/>\n<meta property=\"article:author\" content=\"https:\/\/www.facebook.com\/blogdaandreasimonetti\/\" \/>\n<meta property=\"article:published_time\" content=\"2016-09-23T18:35:38+00:00\" \/>\n<meta property=\"article:modified_time\" content=\"2018-05-25T11:30:21+00:00\" \/>\n<meta property=\"og:image\" content=\"https:\/\/andreasimonetti.com.br\/blog\/wp-content\/uploads\/2016\/09\/21.jpg\" \/>\n\t<meta property=\"og:image:width\" content=\"635\" \/>\n\t<meta property=\"og:image:height\" content=\"960\" \/>\n\t<meta property=\"og:image:type\" content=\"image\/jpeg\" \/>\n<meta name=\"author\" content=\"Andrea Simonetti\" \/>\n<meta name=\"twitter:card\" content=\"summary_large_image\" \/>\n<meta name=\"twitter:creator\" content=\"@https:\/\/twitter.com\/Andrea_Simoneti\" \/>\n<meta name=\"twitter:site\" content=\"@Andrea_Simoneti\" \/>\n<meta name=\"twitter:label1\" content=\"Escrito por\" \/>\n\t<meta name=\"twitter:data1\" content=\"Andrea Simonetti\" \/>\n\t<meta name=\"twitter:label2\" content=\"Est. tempo de leitura\" \/>\n\t<meta name=\"twitter:data2\" content=\"1 minuto\" \/>\n<!-- \/ Yoast SEO plugin. -->","yoast_head_json":{"title":"Brigitte Acess\u00f3rios lan\u00e7a sua cole\u00e7\u00e3o de ver\u00e3o - Andrea Simonetti","robots":{"index":"index","follow":"follow","max-snippet":"max-snippet:-1","max-image-preview":"max-image-preview:large","max-video-preview":"max-video-preview:-1"},"canonical":"https:\/\/andreasimonetti.com.br\/blog\/brigitte-acessorios-lanca-sua-colecao-de-verao\/","og_locale":"pt_BR","og_type":"article","og_title":"Brigitte Acess\u00f3rios lan\u00e7a sua cole\u00e7\u00e3o de ver\u00e3o - Andrea Simonetti","og_description":"A Brigitte Acess\u00f3rios lan\u00e7ou sua cole\u00e7\u00e3o de ver\u00e3o com a presen\u00e7a da designer Tatiana Arrigoni que comanda a marca T.Arrigoni. A querida Priscilla Meneghetti, propriet\u00e1ria da Brigitte organizou um delicioso&hellip;","og_url":"https:\/\/andreasimonetti.com.br\/blog\/brigitte-acessorios-lanca-sua-colecao-de-verao\/","og_site_name":"Andrea Simonetti","article_publisher":"https:\/\/www.facebook.com\/blogdaandreasimonetti\/","article_author":"https:\/\/www.facebook.com\/blogdaandreasimonetti\/","article_published_time":"2016-09-23T18:35:38+00:00","article_modified_time":"2018-05-25T11:30:21+00:00","og_image":[{"width":635,"height":960,"url":"https:\/\/andreasimonetti.com.br\/blog\/wp-content\/uploads\/2016\/09\/21.jpg","type":"image\/jpeg"}],"author":"Andrea Simonetti","twitter_card":"summary_large_image","twitter_creator":"@https:\/\/twitter.com\/Andrea_Simoneti","twitter_site":"@Andrea_Simoneti","twitter_misc":{"Escrito por":"Andrea Simonetti","Est. tempo de leitura":"1 minuto"},"schema":{"@context":"https:\/\/schema.org","@graph":[{"@type":"WebPage","@id":"https:\/\/andreasimonetti.com.br\/blog\/brigitte-acessorios-lanca-sua-colecao-de-verao\/","url":"https:\/\/andreasimonetti.com.br\/blog\/brigitte-acessorios-lanca-sua-colecao-de-verao\/","name":"Brigitte Acess\u00f3rios lan\u00e7a sua cole\u00e7\u00e3o de ver\u00e3o - Andrea Simonetti","isPartOf":{"@id":"https:\/\/andreasimonetti.com.br\/blog\/#website"},"primaryImageOfPage":{"@id":"https:\/\/andreasimonetti.com.br\/blog\/brigitte-acessorios-lanca-sua-colecao-de-verao\/#primaryimage"},"image":{"@id":"https:\/\/andreasimonetti.com.br\/blog\/brigitte-acessorios-lanca-sua-colecao-de-verao\/#primaryimage"},"thumbnailUrl":"https:\/\/andreasimonetti.com.br\/blog\/wp-content\/uploads\/2016\/09\/21.jpg","datePublished":"2016-09-23T18:35:38+00:00","dateModified":"2018-05-25T11:30:21+00:00","author":{"@id":"https:\/\/andreasimonetti.com.br\/blog\/#\/schema\/person\/254f763c24ac288e27ea738a7366ad2a"},"breadcrumb":{"@id":"https:\/\/andreasimonetti.com.br\/blog\/brigitte-acessorios-lanca-sua-colecao-de-verao\/#breadcrumb"},"inLanguage":"pt-BR","potentialAction":[{"@type":"ReadAction","target":["https:\/\/andreasimonetti.com.br\/blog\/brigitte-acessorios-lanca-sua-colecao-de-verao\/"]}]},{"@type":"ImageObject","inLanguage":"pt-BR","@id":"https:\/\/andreasimonetti.com.br\/blog\/brigitte-acessorios-lanca-sua-colecao-de-verao\/#primaryimage","url":"https:\/\/andreasimonetti.com.br\/blog\/wp-content\/uploads\/2016\/09\/21.jpg","contentUrl":"https:\/\/andreasimonetti.com.br\/blog\/wp-content\/uploads\/2016\/09\/21.jpg","width":635,"height":960},{"@type":"BreadcrumbList","@id":"https:\/\/andreasimonetti.com.br\/blog\/brigitte-acessorios-lanca-sua-colecao-de-verao\/#breadcrumb","itemListElement":[{"@type":"ListItem","position":1,"name":"In\u00edcio","item":"https:\/\/andreasimonetti.com.br\/blog\/"},{"@type":"ListItem","position":2,"name":"Brigitte Acess\u00f3rios lan\u00e7a sua cole\u00e7\u00e3o de ver\u00e3o"}]},{"@type":"WebSite","@id":"https:\/\/andreasimonetti.com.br\/blog\/#website","url":"https:\/\/andreasimonetti.com.br\/blog\/","name":"Andrea Simonetti","description":"","potentialAction":[{"@type":"SearchAction","target":{"@type":"EntryPoint","urlTemplate":"https:\/\/andreasimonetti.com.br\/blog\/?s={search_term_string}"},"query-input":{"@type":"PropertyValueSpecification","valueRequired":true,"valueName":"search_term_string"}}],"inLanguage":"pt-BR"},{"@type":"Person","@id":"https:\/\/andreasimonetti.com.br\/blog\/#\/schema\/person\/254f763c24ac288e27ea738a7366ad2a","name":"Andrea Simonetti","image":{"@type":"ImageObject","inLanguage":"pt-BR","@id":"https:\/\/andreasimonetti.com.br\/blog\/#\/schema\/person\/image\/","url":"https:\/\/andreasimonetti.com.br\/blog\/wp-content\/uploads\/2018\/04\/andrea-simonetti-96x96.png","contentUrl":"https:\/\/andreasimonetti.com.br\/blog\/wp-content\/uploads\/2018\/04\/andrea-simonetti-96x96.png","caption":"Andrea Simonetti"},"description":"Sou formada em Administra\u00e7\u00e3o de Empresas, Produ\u00e7\u00e3o de Moda pelo SENAC e Consultoria de Estilo. Sou fascinada por moda desde sempre, adoro ver as pessoas produzidas e de bem com a vida. Moda \u00e9 o meu assunto preferido. Comecei meu blog em 2011, ele cresceu e hoje \u00e9 um site bem mais abrangente, onde eu falo sobre moda e meu trabalho de consultora de estilo. E falo tamb\u00e9m sobre a minha experi\u00eancia de vida. Mas antes de tudo, acredito num Deus Soberano que nos guia e aben\u00e7oa, o tempo todo!","sameAs":["https:\/\/www.andreasimonetti.com.br\/","https:\/\/www.facebook.com\/blogdaandreasimonetti\/","https:\/\/www.instagram.com\/andrea_simonetti\/","https:\/\/br.pinterest.com\/BlogAndrea\/","https:\/\/x.com\/https:\/\/twitter.com\/Andrea_Simoneti"],"url":"https:\/\/andreasimonetti.com.br\/blog\/author\/andrea\/"}]}},"_links":{"self":[{"href":"https:\/\/andreasimonetti.com.br\/blog\/wp-json\/wp\/v2\/posts\/16166","targetHints":{"allow":["GET"]}}],"collection":[{"href":"https:\/\/andreasimonetti.com.br\/blog\/wp-json\/wp\/v2\/posts"}],"about":[{"href":"https:\/\/andreasimonetti.com.br\/blog\/wp-json\/wp\/v2\/types\/post"}],"author":[{"embeddable":true,"href":"https:\/\/andreasimonetti.com.br\/blog\/wp-json\/wp\/v2\/users\/7"}],"replies":[{"embeddable":true,"href":"https:\/\/andreasimonetti.com.br\/blog\/wp-json\/wp\/v2\/comments?post=16166"}],"version-history":[{"count":0,"href":"https:\/\/andreasimonetti.com.br\/blog\/wp-json\/wp\/v2\/posts\/16166\/revisions"}],"wp:featuredmedia":[{"embeddable":true,"href":"https:\/\/andreasimonetti.com.br\/blog\/wp-json\/wp\/v2\/media\/16169"}],"wp:attachment":[{"href":"https:\/\/andreasimonetti.com.br\/blog\/wp-json\/wp\/v2\/media?parent=16166"}],"wp:term":[{"taxonomy":"category","embeddable":true,"href":"https:\/\/andreasimonetti.com.br\/blog\/wp-json\/wp\/v2\/categories?post=16166"},{"taxonomy":"post_tag","embeddable":true,"href":"https:\/\/andreasimonetti.com.br\/blog\/wp-json\/wp\/v2\/tags?post=16166"}],"curies":[{"name":"wp","href":"https:\/\/api.w.org\/{rel}","templated":true}]}}