{"id":16134,"date":"2016-09-13T11:55:57","date_gmt":"2016-09-13T14:55:57","guid":{"rendered":"http:\/\/www.blogdaandreasimonetti.com.br\/?p=16134"},"modified":"2018-05-25T07:57:14","modified_gmt":"2018-05-25T10:57:14","slug":"destaque-da-semana-de-moda-de-nova-york","status":"publish","type":"post","link":"https:\/\/andreasimonetti.com.br\/blog\/destaque-da-semana-de-moda-de-nova-york\/","title":{"rendered":"Destaque da semana de moda de Nova York"},"content":{"rendered":"<p>Essa semana est\u00e1 acontecendo a \u00a0semana de moda de Nova York (NYFW) eu separei para voc\u00eas algumas tend\u00eancias em cores e tecidos, porque as novidades s\u00e3o poucas.<\/p>\n<div id=\"attachment_16135\" style=\"width: 710px\" class=\"wp-caption alignnone\"><img loading=\"lazy\" decoding=\"async\" aria-describedby=\"caption-attachment-16135\" class=\"wp-image-16135 size-full\" src=\"http:\/\/www.blogdaandreasimonetti.com.br\/wp-content\/uploads\/2016\/09\/page-atuzzara.jpg\" alt=\"ALTUZARRA\" width=\"700\" height=\"700\" srcset=\"https:\/\/andreasimonetti.com.br\/blog\/wp-content\/uploads\/2016\/09\/page-atuzzara.jpg 700w, https:\/\/andreasimonetti.com.br\/blog\/wp-content\/uploads\/2016\/09\/page-atuzzara-150x150.jpg 150w, https:\/\/andreasimonetti.com.br\/blog\/wp-content\/uploads\/2016\/09\/page-atuzzara-300x300.jpg 300w, https:\/\/andreasimonetti.com.br\/blog\/wp-content\/uploads\/2016\/09\/page-atuzzara-240x240.jpg 240w, https:\/\/andreasimonetti.com.br\/blog\/wp-content\/uploads\/2016\/09\/page-atuzzara-96x96.jpg 96w, https:\/\/andreasimonetti.com.br\/blog\/wp-content\/uploads\/2016\/09\/page-atuzzara-121x121.jpg 121w, https:\/\/andreasimonetti.com.br\/blog\/wp-content\/uploads\/2016\/09\/page-atuzzara-60x60.jpg 60w, https:\/\/andreasimonetti.com.br\/blog\/wp-content\/uploads\/2016\/09\/page-atuzzara-184x184.jpg 184w\" sizes=\"auto, (max-width: 700px) 100vw, 700px\" \/><p id=\"caption-attachment-16135\" class=\"wp-caption-text\">Altuzarra \/ Primavera ver\u00e3o 2017<\/p><\/div>\n<p>O destaque para a cole\u00e7\u00e3o da Altuzarra \u00e9 o busti\u00ea com babadinho.<\/p>\n<p>Achei muito infantil.<\/p>\n<div id=\"attachment_16136\" style=\"width: 710px\" class=\"wp-caption alignnone\"><img loading=\"lazy\" decoding=\"async\" aria-describedby=\"caption-attachment-16136\" class=\"wp-image-16136 size-full\" src=\"http:\/\/www.blogdaandreasimonetti.com.br\/wp-content\/uploads\/2016\/09\/page-lacoste.jpg\" alt=\"page-lacoste\" width=\"700\" height=\"700\" srcset=\"https:\/\/andreasimonetti.com.br\/blog\/wp-content\/uploads\/2016\/09\/page-lacoste.jpg 700w, https:\/\/andreasimonetti.com.br\/blog\/wp-content\/uploads\/2016\/09\/page-lacoste-150x150.jpg 150w, https:\/\/andreasimonetti.com.br\/blog\/wp-content\/uploads\/2016\/09\/page-lacoste-300x300.jpg 300w, https:\/\/andreasimonetti.com.br\/blog\/wp-content\/uploads\/2016\/09\/page-lacoste-240x240.jpg 240w, https:\/\/andreasimonetti.com.br\/blog\/wp-content\/uploads\/2016\/09\/page-lacoste-96x96.jpg 96w, https:\/\/andreasimonetti.com.br\/blog\/wp-content\/uploads\/2016\/09\/page-lacoste-121x121.jpg 121w, https:\/\/andreasimonetti.com.br\/blog\/wp-content\/uploads\/2016\/09\/page-lacoste-60x60.jpg 60w, https:\/\/andreasimonetti.com.br\/blog\/wp-content\/uploads\/2016\/09\/page-lacoste-184x184.jpg 184w\" sizes=\"auto, (max-width: 700px) 100vw, 700px\" \/><p id=\"caption-attachment-16136\" class=\"wp-caption-text\">Lacoste\/ Primavera-ver\u00e3o 2017<\/p><\/div>\n<p>No desfile da Lacoste o destaque foi a cintura marcada por cinto ou faixa nos vestidos de bot\u00f5es. As cores Amarelo, laranja e azul foram a aposta.<\/p>\n<div id=\"attachment_16137\" style=\"width: 710px\" class=\"wp-caption alignnone\"><img loading=\"lazy\" decoding=\"async\" aria-describedby=\"caption-attachment-16137\" class=\"wp-image-16137 size-full\" src=\"http:\/\/www.blogdaandreasimonetti.com.br\/wp-content\/uploads\/2016\/09\/page-mcq-alexandre.jpg\" alt=\"McQ Alexander McQueen\" width=\"700\" height=\"700\" srcset=\"https:\/\/andreasimonetti.com.br\/blog\/wp-content\/uploads\/2016\/09\/page-mcq-alexandre.jpg 700w, https:\/\/andreasimonetti.com.br\/blog\/wp-content\/uploads\/2016\/09\/page-mcq-alexandre-150x150.jpg 150w, https:\/\/andreasimonetti.com.br\/blog\/wp-content\/uploads\/2016\/09\/page-mcq-alexandre-300x300.jpg 300w, https:\/\/andreasimonetti.com.br\/blog\/wp-content\/uploads\/2016\/09\/page-mcq-alexandre-240x240.jpg 240w, https:\/\/andreasimonetti.com.br\/blog\/wp-content\/uploads\/2016\/09\/page-mcq-alexandre-96x96.jpg 96w, https:\/\/andreasimonetti.com.br\/blog\/wp-content\/uploads\/2016\/09\/page-mcq-alexandre-121x121.jpg 121w, https:\/\/andreasimonetti.com.br\/blog\/wp-content\/uploads\/2016\/09\/page-mcq-alexandre-60x60.jpg 60w, https:\/\/andreasimonetti.com.br\/blog\/wp-content\/uploads\/2016\/09\/page-mcq-alexandre-184x184.jpg 184w\" sizes=\"auto, (max-width: 700px) 100vw, 700px\" \/><p id=\"caption-attachment-16137\" class=\"wp-caption-text\">McQ Alexander McQueen\/ Primavera-ver\u00e3o 2017<\/p><\/div>\n<p>McQ, a segunda marca da Alexander McQueen confirmou que o vestido-camisola com aplica\u00e7\u00f5es de renda deve continuar na pr\u00f3ximo ver\u00e3o.<\/p>\n<div id=\"attachment_16138\" style=\"width: 710px\" class=\"wp-caption alignnone\"><img loading=\"lazy\" decoding=\"async\" aria-describedby=\"caption-attachment-16138\" class=\"wp-image-16138 size-full\" src=\"http:\/\/www.blogdaandreasimonetti.com.br\/wp-content\/uploads\/2016\/09\/page-tomy.jpg\" alt=\"Tommy Hilfiger\" width=\"700\" height=\"700\" srcset=\"https:\/\/andreasimonetti.com.br\/blog\/wp-content\/uploads\/2016\/09\/page-tomy.jpg 700w, https:\/\/andreasimonetti.com.br\/blog\/wp-content\/uploads\/2016\/09\/page-tomy-150x150.jpg 150w, https:\/\/andreasimonetti.com.br\/blog\/wp-content\/uploads\/2016\/09\/page-tomy-300x300.jpg 300w, https:\/\/andreasimonetti.com.br\/blog\/wp-content\/uploads\/2016\/09\/page-tomy-240x240.jpg 240w, https:\/\/andreasimonetti.com.br\/blog\/wp-content\/uploads\/2016\/09\/page-tomy-96x96.jpg 96w, https:\/\/andreasimonetti.com.br\/blog\/wp-content\/uploads\/2016\/09\/page-tomy-121x121.jpg 121w, https:\/\/andreasimonetti.com.br\/blog\/wp-content\/uploads\/2016\/09\/page-tomy-60x60.jpg 60w, https:\/\/andreasimonetti.com.br\/blog\/wp-content\/uploads\/2016\/09\/page-tomy-184x184.jpg 184w\" sizes=\"auto, (max-width: 700px) 100vw, 700px\" \/><p id=\"caption-attachment-16138\" class=\"wp-caption-text\">Tommy Hilfiger\/ Outono-inverno 2016\/17<\/p><\/div>\n<p>Novamente o oversized aparece forte no desfile de Tommy Hilfiger, inclusive a pe\u00e7a-desejo do momento: moletom com mangas extralongas e tipografias.<\/p>\n<div id=\"attachment_16139\" style=\"width: 710px\" class=\"wp-caption alignnone\"><img loading=\"lazy\" decoding=\"async\" aria-describedby=\"caption-attachment-16139\" class=\"wp-image-16139 size-full\" src=\"http:\/\/www.blogdaandreasimonetti.com.br\/wp-content\/uploads\/2016\/09\/page-vestidos.jpg\" alt=\"Christian Siriano\" width=\"700\" height=\"700\" srcset=\"https:\/\/andreasimonetti.com.br\/blog\/wp-content\/uploads\/2016\/09\/page-vestidos.jpg 700w, https:\/\/andreasimonetti.com.br\/blog\/wp-content\/uploads\/2016\/09\/page-vestidos-150x150.jpg 150w, https:\/\/andreasimonetti.com.br\/blog\/wp-content\/uploads\/2016\/09\/page-vestidos-300x300.jpg 300w, https:\/\/andreasimonetti.com.br\/blog\/wp-content\/uploads\/2016\/09\/page-vestidos-240x240.jpg 240w, https:\/\/andreasimonetti.com.br\/blog\/wp-content\/uploads\/2016\/09\/page-vestidos-96x96.jpg 96w, https:\/\/andreasimonetti.com.br\/blog\/wp-content\/uploads\/2016\/09\/page-vestidos-121x121.jpg 121w, https:\/\/andreasimonetti.com.br\/blog\/wp-content\/uploads\/2016\/09\/page-vestidos-60x60.jpg 60w, https:\/\/andreasimonetti.com.br\/blog\/wp-content\/uploads\/2016\/09\/page-vestidos-184x184.jpg 184w\" sizes=\"auto, (max-width: 700px) 100vw, 700px\" \/><p id=\"caption-attachment-16139\" class=\"wp-caption-text\">Christian Siriano \/Primavera-ver\u00e3o 2017<\/p><\/div>\n<p>A cores branco, preto e azul-turquesa dominam a cole\u00e7\u00e3o de primavera-ver\u00e3o 2017 de Christian Siriano. As pe\u00e7as protagonistas do desfile s\u00e3o os vestidos carro chefe da marca.<\/p>\n<div id=\"attachment_16140\" style=\"width: 710px\" class=\"wp-caption alignnone\"><img loading=\"lazy\" decoding=\"async\" aria-describedby=\"caption-attachment-16140\" class=\"wp-image-16140 size-full\" src=\"http:\/\/www.blogdaandreasimonetti.com.br\/wp-content\/uploads\/2016\/09\/page-vitoria.jpg\" alt=\"Victoria Beckham\" width=\"700\" height=\"700\" srcset=\"https:\/\/andreasimonetti.com.br\/blog\/wp-content\/uploads\/2016\/09\/page-vitoria.jpg 700w, https:\/\/andreasimonetti.com.br\/blog\/wp-content\/uploads\/2016\/09\/page-vitoria-150x150.jpg 150w, https:\/\/andreasimonetti.com.br\/blog\/wp-content\/uploads\/2016\/09\/page-vitoria-300x300.jpg 300w, https:\/\/andreasimonetti.com.br\/blog\/wp-content\/uploads\/2016\/09\/page-vitoria-240x240.jpg 240w, https:\/\/andreasimonetti.com.br\/blog\/wp-content\/uploads\/2016\/09\/page-vitoria-96x96.jpg 96w, https:\/\/andreasimonetti.com.br\/blog\/wp-content\/uploads\/2016\/09\/page-vitoria-121x121.jpg 121w, https:\/\/andreasimonetti.com.br\/blog\/wp-content\/uploads\/2016\/09\/page-vitoria-60x60.jpg 60w, https:\/\/andreasimonetti.com.br\/blog\/wp-content\/uploads\/2016\/09\/page-vitoria-184x184.jpg 184w\" sizes=\"auto, (max-width: 700px) 100vw, 700px\" \/><p id=\"caption-attachment-16140\" class=\"wp-caption-text\">Victoria Beckham\/Primavera-ver\u00e3o 2017<\/p><\/div>\n<p>Sensualidade e eleg\u00e2ncia marcam o desfile da estilista Victoria Beckham, o destaque foi as pe\u00e7as trapeadas e o veludo molhado.<\/p>\n<div id=\"attachment_16141\" style=\"width: 710px\" class=\"wp-caption alignnone\"><img loading=\"lazy\" decoding=\"async\" aria-describedby=\"caption-attachment-16141\" class=\"size-full wp-image-16141\" src=\"http:\/\/www.blogdaandreasimonetti.com.br\/wp-content\/uploads\/2016\/09\/page.jpg\" alt=\"Alexander Wang \/ Primavera ver\u00e3o 2017\" width=\"700\" height=\"700\" srcset=\"https:\/\/andreasimonetti.com.br\/blog\/wp-content\/uploads\/2016\/09\/page.jpg 700w, https:\/\/andreasimonetti.com.br\/blog\/wp-content\/uploads\/2016\/09\/page-150x150.jpg 150w, https:\/\/andreasimonetti.com.br\/blog\/wp-content\/uploads\/2016\/09\/page-300x300.jpg 300w, https:\/\/andreasimonetti.com.br\/blog\/wp-content\/uploads\/2016\/09\/page-240x240.jpg 240w, https:\/\/andreasimonetti.com.br\/blog\/wp-content\/uploads\/2016\/09\/page-96x96.jpg 96w, https:\/\/andreasimonetti.com.br\/blog\/wp-content\/uploads\/2016\/09\/page-121x121.jpg 121w, https:\/\/andreasimonetti.com.br\/blog\/wp-content\/uploads\/2016\/09\/page-60x60.jpg 60w, https:\/\/andreasimonetti.com.br\/blog\/wp-content\/uploads\/2016\/09\/page-184x184.jpg 184w\" sizes=\"auto, (max-width: 700px) 100vw, 700px\" \/><p id=\"caption-attachment-16141\" class=\"wp-caption-text\">Alexander Wang \/ Primavera ver\u00e3o 2017<\/p><\/div>\n<p>O estilista Wang apostou na barriga \u00e0 mostra, protegida apenas por amarra\u00e7\u00f5es.<br \/>\nCom certeza s\u00f3 quem estiver em forma pode usar.<\/p>\n","protected":false},"excerpt":{"rendered":"<p>Essa semana est\u00e1 acontecendo a \u00a0semana de moda de Nova York (NYFW) eu separei para voc\u00eas algumas tend\u00eancias em cores e tecidos, porque as novidades s\u00e3o poucas. O destaque para&hellip;<\/p>\n","protected":false},"author":7,"featured_media":16135,"comment_status":"open","ping_status":"open","sticky":false,"template":"","format":"standard","meta":{"_monsterinsights_skip_tracking":false,"_monsterinsights_sitenote_active":false,"_monsterinsights_sitenote_note":"","_monsterinsights_sitenote_category":0,"footnotes":""},"categories":[1508,3],"tags":[2401,2402],"class_list":["post-16134","post","type-post","status-publish","format-standard","has-post-thumbnail","hentry","category-destaque","category-moda","tag-destaque-da-semana-de-moda-de-nova-york","tag-nyfw-2017"],"yoast_head":"<!-- This site is optimized with the Yoast SEO plugin v26.3 - https:\/\/yoast.com\/wordpress\/plugins\/seo\/ -->\n<title>Destaque da semana de moda de Nova York - Andrea Simonetti<\/title>\n<meta name=\"robots\" content=\"index, follow, max-snippet:-1, max-image-preview:large, max-video-preview:-1\" \/>\n<link rel=\"canonical\" href=\"https:\/\/andreasimonetti.com.br\/blog\/destaque-da-semana-de-moda-de-nova-york\/\" \/>\n<meta property=\"og:locale\" content=\"pt_BR\" \/>\n<meta property=\"og:type\" content=\"article\" \/>\n<meta property=\"og:title\" content=\"Destaque da semana de moda de Nova York - Andrea Simonetti\" \/>\n<meta property=\"og:description\" content=\"Essa semana est\u00e1 acontecendo a \u00a0semana de moda de Nova York (NYFW) eu separei para voc\u00eas algumas tend\u00eancias em cores e tecidos, porque as novidades s\u00e3o poucas. O destaque para&hellip;\" \/>\n<meta property=\"og:url\" content=\"https:\/\/andreasimonetti.com.br\/blog\/destaque-da-semana-de-moda-de-nova-york\/\" \/>\n<meta property=\"og:site_name\" content=\"Andrea Simonetti\" \/>\n<meta property=\"article:publisher\" content=\"https:\/\/www.facebook.com\/blogdaandreasimonetti\/\" \/>\n<meta property=\"article:author\" content=\"https:\/\/www.facebook.com\/blogdaandreasimonetti\/\" \/>\n<meta property=\"article:published_time\" content=\"2016-09-13T14:55:57+00:00\" \/>\n<meta property=\"article:modified_time\" content=\"2018-05-25T10:57:14+00:00\" \/>\n<meta property=\"og:image\" content=\"https:\/\/andreasimonetti.com.br\/blog\/wp-content\/uploads\/2016\/09\/page-atuzzara.jpg\" \/>\n\t<meta property=\"og:image:width\" content=\"700\" \/>\n\t<meta property=\"og:image:height\" content=\"700\" \/>\n\t<meta property=\"og:image:type\" content=\"image\/jpeg\" \/>\n<meta name=\"author\" content=\"Andrea Simonetti\" \/>\n<meta name=\"twitter:card\" content=\"summary_large_image\" \/>\n<meta name=\"twitter:creator\" content=\"@https:\/\/twitter.com\/Andrea_Simoneti\" \/>\n<meta name=\"twitter:site\" content=\"@Andrea_Simoneti\" \/>\n<meta name=\"twitter:label1\" content=\"Escrito por\" \/>\n\t<meta name=\"twitter:data1\" content=\"Andrea Simonetti\" \/>\n\t<meta name=\"twitter:label2\" content=\"Est. tempo de leitura\" \/>\n\t<meta name=\"twitter:data2\" content=\"1 minuto\" \/>\n<!-- \/ Yoast SEO plugin. -->","yoast_head_json":{"title":"Destaque da semana de moda de Nova York - Andrea Simonetti","robots":{"index":"index","follow":"follow","max-snippet":"max-snippet:-1","max-image-preview":"max-image-preview:large","max-video-preview":"max-video-preview:-1"},"canonical":"https:\/\/andreasimonetti.com.br\/blog\/destaque-da-semana-de-moda-de-nova-york\/","og_locale":"pt_BR","og_type":"article","og_title":"Destaque da semana de moda de Nova York - Andrea Simonetti","og_description":"Essa semana est\u00e1 acontecendo a \u00a0semana de moda de Nova York (NYFW) eu separei para voc\u00eas algumas tend\u00eancias em cores e tecidos, porque as novidades s\u00e3o poucas. O destaque para&hellip;","og_url":"https:\/\/andreasimonetti.com.br\/blog\/destaque-da-semana-de-moda-de-nova-york\/","og_site_name":"Andrea Simonetti","article_publisher":"https:\/\/www.facebook.com\/blogdaandreasimonetti\/","article_author":"https:\/\/www.facebook.com\/blogdaandreasimonetti\/","article_published_time":"2016-09-13T14:55:57+00:00","article_modified_time":"2018-05-25T10:57:14+00:00","og_image":[{"width":700,"height":700,"url":"https:\/\/andreasimonetti.com.br\/blog\/wp-content\/uploads\/2016\/09\/page-atuzzara.jpg","type":"image\/jpeg"}],"author":"Andrea Simonetti","twitter_card":"summary_large_image","twitter_creator":"@https:\/\/twitter.com\/Andrea_Simoneti","twitter_site":"@Andrea_Simoneti","twitter_misc":{"Escrito por":"Andrea Simonetti","Est. tempo de leitura":"1 minuto"},"schema":{"@context":"https:\/\/schema.org","@graph":[{"@type":"WebPage","@id":"https:\/\/andreasimonetti.com.br\/blog\/destaque-da-semana-de-moda-de-nova-york\/","url":"https:\/\/andreasimonetti.com.br\/blog\/destaque-da-semana-de-moda-de-nova-york\/","name":"Destaque da semana de moda de Nova York - Andrea Simonetti","isPartOf":{"@id":"https:\/\/andreasimonetti.com.br\/blog\/#website"},"primaryImageOfPage":{"@id":"https:\/\/andreasimonetti.com.br\/blog\/destaque-da-semana-de-moda-de-nova-york\/#primaryimage"},"image":{"@id":"https:\/\/andreasimonetti.com.br\/blog\/destaque-da-semana-de-moda-de-nova-york\/#primaryimage"},"thumbnailUrl":"https:\/\/andreasimonetti.com.br\/blog\/wp-content\/uploads\/2016\/09\/page-atuzzara.jpg","datePublished":"2016-09-13T14:55:57+00:00","dateModified":"2018-05-25T10:57:14+00:00","author":{"@id":"https:\/\/andreasimonetti.com.br\/blog\/#\/schema\/person\/254f763c24ac288e27ea738a7366ad2a"},"breadcrumb":{"@id":"https:\/\/andreasimonetti.com.br\/blog\/destaque-da-semana-de-moda-de-nova-york\/#breadcrumb"},"inLanguage":"pt-BR","potentialAction":[{"@type":"ReadAction","target":["https:\/\/andreasimonetti.com.br\/blog\/destaque-da-semana-de-moda-de-nova-york\/"]}]},{"@type":"ImageObject","inLanguage":"pt-BR","@id":"https:\/\/andreasimonetti.com.br\/blog\/destaque-da-semana-de-moda-de-nova-york\/#primaryimage","url":"https:\/\/andreasimonetti.com.br\/blog\/wp-content\/uploads\/2016\/09\/page-atuzzara.jpg","contentUrl":"https:\/\/andreasimonetti.com.br\/blog\/wp-content\/uploads\/2016\/09\/page-atuzzara.jpg","width":700,"height":700,"caption":"ALTUZARRA"},{"@type":"BreadcrumbList","@id":"https:\/\/andreasimonetti.com.br\/blog\/destaque-da-semana-de-moda-de-nova-york\/#breadcrumb","itemListElement":[{"@type":"ListItem","position":1,"name":"In\u00edcio","item":"https:\/\/andreasimonetti.com.br\/blog\/"},{"@type":"ListItem","position":2,"name":"Destaque da semana de moda de Nova York"}]},{"@type":"WebSite","@id":"https:\/\/andreasimonetti.com.br\/blog\/#website","url":"https:\/\/andreasimonetti.com.br\/blog\/","name":"Andrea Simonetti","description":"","potentialAction":[{"@type":"SearchAction","target":{"@type":"EntryPoint","urlTemplate":"https:\/\/andreasimonetti.com.br\/blog\/?s={search_term_string}"},"query-input":{"@type":"PropertyValueSpecification","valueRequired":true,"valueName":"search_term_string"}}],"inLanguage":"pt-BR"},{"@type":"Person","@id":"https:\/\/andreasimonetti.com.br\/blog\/#\/schema\/person\/254f763c24ac288e27ea738a7366ad2a","name":"Andrea Simonetti","image":{"@type":"ImageObject","inLanguage":"pt-BR","@id":"https:\/\/andreasimonetti.com.br\/blog\/#\/schema\/person\/image\/","url":"https:\/\/andreasimonetti.com.br\/blog\/wp-content\/uploads\/2018\/04\/andrea-simonetti-96x96.png","contentUrl":"https:\/\/andreasimonetti.com.br\/blog\/wp-content\/uploads\/2018\/04\/andrea-simonetti-96x96.png","caption":"Andrea Simonetti"},"description":"Sou formada em Administra\u00e7\u00e3o de Empresas, Produ\u00e7\u00e3o de Moda pelo SENAC e Consultoria de Estilo. Sou fascinada por moda desde sempre, adoro ver as pessoas produzidas e de bem com a vida. Moda \u00e9 o meu assunto preferido. Comecei meu blog em 2011, ele cresceu e hoje \u00e9 um site bem mais abrangente, onde eu falo sobre moda e meu trabalho de consultora de estilo. E falo tamb\u00e9m sobre a minha experi\u00eancia de vida. Mas antes de tudo, acredito num Deus Soberano que nos guia e aben\u00e7oa, o tempo todo!","sameAs":["https:\/\/www.andreasimonetti.com.br\/","https:\/\/www.facebook.com\/blogdaandreasimonetti\/","https:\/\/www.instagram.com\/andrea_simonetti\/","https:\/\/br.pinterest.com\/BlogAndrea\/","https:\/\/x.com\/https:\/\/twitter.com\/Andrea_Simoneti"],"url":"https:\/\/andreasimonetti.com.br\/blog\/author\/andrea\/"}]}},"_links":{"self":[{"href":"https:\/\/andreasimonetti.com.br\/blog\/wp-json\/wp\/v2\/posts\/16134","targetHints":{"allow":["GET"]}}],"collection":[{"href":"https:\/\/andreasimonetti.com.br\/blog\/wp-json\/wp\/v2\/posts"}],"about":[{"href":"https:\/\/andreasimonetti.com.br\/blog\/wp-json\/wp\/v2\/types\/post"}],"author":[{"embeddable":true,"href":"https:\/\/andreasimonetti.com.br\/blog\/wp-json\/wp\/v2\/users\/7"}],"replies":[{"embeddable":true,"href":"https:\/\/andreasimonetti.com.br\/blog\/wp-json\/wp\/v2\/comments?post=16134"}],"version-history":[{"count":0,"href":"https:\/\/andreasimonetti.com.br\/blog\/wp-json\/wp\/v2\/posts\/16134\/revisions"}],"wp:featuredmedia":[{"embeddable":true,"href":"https:\/\/andreasimonetti.com.br\/blog\/wp-json\/wp\/v2\/media\/16135"}],"wp:attachment":[{"href":"https:\/\/andreasimonetti.com.br\/blog\/wp-json\/wp\/v2\/media?parent=16134"}],"wp:term":[{"taxonomy":"category","embeddable":true,"href":"https:\/\/andreasimonetti.com.br\/blog\/wp-json\/wp\/v2\/categories?post=16134"},{"taxonomy":"post_tag","embeddable":true,"href":"https:\/\/andreasimonetti.com.br\/blog\/wp-json\/wp\/v2\/tags?post=16134"}],"curies":[{"name":"wp","href":"https:\/\/api.w.org\/{rel}","templated":true}]}}