{"id":16117,"date":"2016-09-07T16:34:46","date_gmt":"2016-09-07T19:34:46","guid":{"rendered":"http:\/\/www.blogdaandreasimonetti.com.br\/?p=16117"},"modified":"2018-05-25T08:52:06","modified_gmt":"2018-05-25T11:52:06","slug":"fast-news-14","status":"publish","type":"post","link":"https:\/\/andreasimonetti.com.br\/blog\/fast-news-14\/","title":{"rendered":"Fast News !"},"content":{"rendered":"<p>Come\u00e7a amanh\u00e3 (08) em Nova York uma das semanas mais agitadas do calend\u00e1rio fashion: NYFW com \u00a0mais de 150 marcas desfilando.<br \/>\n<a href=\"http:\/\/nyfw.com\/\">Clique aqui<\/a>.<\/p>\n<p><img loading=\"lazy\" decoding=\"async\" class=\"alignnone wp-image-16118\" src=\"http:\/\/www.blogdaandreasimonetti.com.br\/wp-content\/uploads\/2016\/09\/new-york-fashion-week-marketing-strategy-audience-engagement-1-1.jpg\" alt=\"new-york-fashion-week-marketing-strategy-audience-engagement-1-1\" width=\"700\" height=\"465\" srcset=\"https:\/\/andreasimonetti.com.br\/blog\/wp-content\/uploads\/2016\/09\/new-york-fashion-week-marketing-strategy-audience-engagement-1-1.jpg 3216w, https:\/\/andreasimonetti.com.br\/blog\/wp-content\/uploads\/2016\/09\/new-york-fashion-week-marketing-strategy-audience-engagement-1-1-300x199.jpg 300w, https:\/\/andreasimonetti.com.br\/blog\/wp-content\/uploads\/2016\/09\/new-york-fashion-week-marketing-strategy-audience-engagement-1-1-768x510.jpg 768w, https:\/\/andreasimonetti.com.br\/blog\/wp-content\/uploads\/2016\/09\/new-york-fashion-week-marketing-strategy-audience-engagement-1-1-1024x680.jpg 1024w, https:\/\/andreasimonetti.com.br\/blog\/wp-content\/uploads\/2016\/09\/new-york-fashion-week-marketing-strategy-audience-engagement-1-1-140x94.jpg 140w\" sizes=\"auto, (max-width: 700px) 100vw, 700px\" \/><\/p>\n<p style=\"text-align: justify;\">O D.A.M.N Project que tem o objetivo de incentivar o consumo consciente, acaba de inaugurar espa\u00e7o pr\u00f3prio em S\u00e3o Paulo. No espa\u00e7o voc\u00ea encontra pe\u00e7as da Chanel, Chlo\u00e9 e Isabel Marante de segunda m\u00e3o. Toda \u00e0 venda \u00e9 revertida para projetos sociais.<br \/>\n<a href=\"http:\/\/www.damnproject.com.br\/\">Clique aqui<\/a>.<br \/>\n<img loading=\"lazy\" decoding=\"async\" class=\"alignnone wp-image-16119\" src=\"http:\/\/www.blogdaandreasimonetti.com.br\/wp-content\/uploads\/2016\/09\/1509965_784702081648214_8592719228006683130_n.jpg\" alt=\"1509965_784702081648214_8592719228006683130_n\" width=\"700\" height=\"830\" srcset=\"https:\/\/andreasimonetti.com.br\/blog\/wp-content\/uploads\/2016\/09\/1509965_784702081648214_8592719228006683130_n.jpg 500w, https:\/\/andreasimonetti.com.br\/blog\/wp-content\/uploads\/2016\/09\/1509965_784702081648214_8592719228006683130_n-253x300.jpg 253w\" sizes=\"auto, (max-width: 700px) 100vw, 700px\" \/><\/p>\n<p style=\"text-align: justify;\"><a href=\"http:\/\/www.camilaklein.com.br\/\">Camila Klein<\/a> inaugura este m\u00eas a Casa da Camila, espa\u00e7o de 3 andares nos Jardins em SP, reunindo flagship, ateli\u00ea, escrit\u00f3rio e showroom.<br \/>\nEndere\u00e7o: Rua Haddock Lobo, 1587.<br \/>\n<img loading=\"lazy\" decoding=\"async\" class=\"alignnone wp-image-16120\" src=\"http:\/\/www.blogdaandreasimonetti.com.br\/wp-content\/uploads\/2016\/09\/14088609_1052459561528163_3336599251986063491_n.jpg\" alt=\"14088609_1052459561528163_3336599251986063491_n\" width=\"700\" height=\"700\" srcset=\"https:\/\/andreasimonetti.com.br\/blog\/wp-content\/uploads\/2016\/09\/14088609_1052459561528163_3336599251986063491_n.jpg 850w, https:\/\/andreasimonetti.com.br\/blog\/wp-content\/uploads\/2016\/09\/14088609_1052459561528163_3336599251986063491_n-150x150.jpg 150w, https:\/\/andreasimonetti.com.br\/blog\/wp-content\/uploads\/2016\/09\/14088609_1052459561528163_3336599251986063491_n-300x300.jpg 300w, https:\/\/andreasimonetti.com.br\/blog\/wp-content\/uploads\/2016\/09\/14088609_1052459561528163_3336599251986063491_n-768x768.jpg 768w, https:\/\/andreasimonetti.com.br\/blog\/wp-content\/uploads\/2016\/09\/14088609_1052459561528163_3336599251986063491_n-240x240.jpg 240w, https:\/\/andreasimonetti.com.br\/blog\/wp-content\/uploads\/2016\/09\/14088609_1052459561528163_3336599251986063491_n-96x96.jpg 96w, https:\/\/andreasimonetti.com.br\/blog\/wp-content\/uploads\/2016\/09\/14088609_1052459561528163_3336599251986063491_n-121x121.jpg 121w, https:\/\/andreasimonetti.com.br\/blog\/wp-content\/uploads\/2016\/09\/14088609_1052459561528163_3336599251986063491_n-60x60.jpg 60w, https:\/\/andreasimonetti.com.br\/blog\/wp-content\/uploads\/2016\/09\/14088609_1052459561528163_3336599251986063491_n-184x184.jpg 184w\" sizes=\"auto, (max-width: 700px) 100vw, 700px\" \/><\/p>\n<p>A Chanel que tamb\u00e9m est\u00e1 de olho na gera\u00e7\u00e3o Y, lan\u00e7ou sua quinta vers\u00e3o do m\u00edtico n\u00ba5 &#8220;L&#8217;Eau&#8221;.<br \/>\nEle chega este m\u00eas ao Brasil. (R$ 735)<br \/>\n<img loading=\"lazy\" decoding=\"async\" class=\"alignnone wp-image-16122\" src=\"http:\/\/www.blogdaandreasimonetti.com.br\/wp-content\/uploads\/2016\/09\/depp-large_transqVzuuqpFlyLIwiB6NTmJwfSVWeZ_vEN7c6bHu2jJnT8.jpg\" alt=\"depp-large_transqvzuuqpflyliwib6ntmjwfsvwez_ven7c6bhu2jjnt8\" width=\"700\" height=\"700\" srcset=\"https:\/\/andreasimonetti.com.br\/blog\/wp-content\/uploads\/2016\/09\/depp-large_transqVzuuqpFlyLIwiB6NTmJwfSVWeZ_vEN7c6bHu2jJnT8.jpg 720w, https:\/\/andreasimonetti.com.br\/blog\/wp-content\/uploads\/2016\/09\/depp-large_transqVzuuqpFlyLIwiB6NTmJwfSVWeZ_vEN7c6bHu2jJnT8-150x150.jpg 150w, https:\/\/andreasimonetti.com.br\/blog\/wp-content\/uploads\/2016\/09\/depp-large_transqVzuuqpFlyLIwiB6NTmJwfSVWeZ_vEN7c6bHu2jJnT8-300x300.jpg 300w, https:\/\/andreasimonetti.com.br\/blog\/wp-content\/uploads\/2016\/09\/depp-large_transqVzuuqpFlyLIwiB6NTmJwfSVWeZ_vEN7c6bHu2jJnT8-240x240.jpg 240w, https:\/\/andreasimonetti.com.br\/blog\/wp-content\/uploads\/2016\/09\/depp-large_transqVzuuqpFlyLIwiB6NTmJwfSVWeZ_vEN7c6bHu2jJnT8-96x96.jpg 96w, https:\/\/andreasimonetti.com.br\/blog\/wp-content\/uploads\/2016\/09\/depp-large_transqVzuuqpFlyLIwiB6NTmJwfSVWeZ_vEN7c6bHu2jJnT8-121x121.jpg 121w, https:\/\/andreasimonetti.com.br\/blog\/wp-content\/uploads\/2016\/09\/depp-large_transqVzuuqpFlyLIwiB6NTmJwfSVWeZ_vEN7c6bHu2jJnT8-60x60.jpg 60w, https:\/\/andreasimonetti.com.br\/blog\/wp-content\/uploads\/2016\/09\/depp-large_transqVzuuqpFlyLIwiB6NTmJwfSVWeZ_vEN7c6bHu2jJnT8-184x184.jpg 184w\" sizes=\"auto, (max-width: 700px) 100vw, 700px\" \/><\/p>\n","protected":false},"excerpt":{"rendered":"<p>Come\u00e7a amanh\u00e3 (08) em Nova York uma das semanas mais agitadas do calend\u00e1rio fashion: NYFW com \u00a0mais de 150 marcas desfilando. Clique aqui. O D.A.M.N Project que tem o objetivo&hellip;<\/p>\n","protected":false},"author":7,"featured_media":16122,"comment_status":"open","ping_status":"open","sticky":false,"template":"","format":"standard","meta":{"_monsterinsights_skip_tracking":false,"_monsterinsights_sitenote_active":false,"_monsterinsights_sitenote_note":"","_monsterinsights_sitenote_category":0,"footnotes":""},"categories":[1508],"tags":[2399,2331],"class_list":["post-16117","post","type-post","status-publish","format-standard","has-post-thumbnail","hentry","category-destaque","tag-chanel-no-5-l-eau","tag-fast-news"],"yoast_head":"<!-- This site is optimized with the Yoast SEO plugin v26.3 - https:\/\/yoast.com\/wordpress\/plugins\/seo\/ -->\n<title>Fast News ! - Andrea Simonetti<\/title>\n<meta name=\"robots\" content=\"index, follow, max-snippet:-1, max-image-preview:large, max-video-preview:-1\" \/>\n<link rel=\"canonical\" href=\"https:\/\/andreasimonetti.com.br\/blog\/fast-news-14\/\" \/>\n<meta property=\"og:locale\" content=\"pt_BR\" \/>\n<meta property=\"og:type\" content=\"article\" \/>\n<meta property=\"og:title\" content=\"Fast News ! - Andrea Simonetti\" \/>\n<meta property=\"og:description\" content=\"Come\u00e7a amanh\u00e3 (08) em Nova York uma das semanas mais agitadas do calend\u00e1rio fashion: NYFW com \u00a0mais de 150 marcas desfilando. Clique aqui. O D.A.M.N Project que tem o objetivo&hellip;\" \/>\n<meta property=\"og:url\" content=\"https:\/\/andreasimonetti.com.br\/blog\/fast-news-14\/\" \/>\n<meta property=\"og:site_name\" content=\"Andrea Simonetti\" \/>\n<meta property=\"article:publisher\" content=\"https:\/\/www.facebook.com\/blogdaandreasimonetti\/\" \/>\n<meta property=\"article:author\" content=\"https:\/\/www.facebook.com\/blogdaandreasimonetti\/\" \/>\n<meta property=\"article:published_time\" content=\"2016-09-07T19:34:46+00:00\" \/>\n<meta property=\"article:modified_time\" content=\"2018-05-25T11:52:06+00:00\" \/>\n<meta property=\"og:image\" content=\"https:\/\/andreasimonetti.com.br\/blog\/wp-content\/uploads\/2016\/09\/depp-large_transqVzuuqpFlyLIwiB6NTmJwfSVWeZ_vEN7c6bHu2jJnT8.jpg\" \/>\n\t<meta property=\"og:image:width\" content=\"720\" \/>\n\t<meta property=\"og:image:height\" content=\"720\" \/>\n\t<meta property=\"og:image:type\" content=\"image\/jpeg\" \/>\n<meta name=\"author\" content=\"Andrea Simonetti\" \/>\n<meta name=\"twitter:card\" content=\"summary_large_image\" \/>\n<meta name=\"twitter:creator\" content=\"@https:\/\/twitter.com\/Andrea_Simoneti\" \/>\n<meta name=\"twitter:site\" content=\"@Andrea_Simoneti\" \/>\n<meta name=\"twitter:label1\" content=\"Escrito por\" \/>\n\t<meta name=\"twitter:data1\" content=\"Andrea Simonetti\" \/>\n\t<meta name=\"twitter:label2\" content=\"Est. tempo de leitura\" \/>\n\t<meta name=\"twitter:data2\" content=\"1 minuto\" \/>\n<!-- \/ Yoast SEO plugin. -->","yoast_head_json":{"title":"Fast News ! - Andrea Simonetti","robots":{"index":"index","follow":"follow","max-snippet":"max-snippet:-1","max-image-preview":"max-image-preview:large","max-video-preview":"max-video-preview:-1"},"canonical":"https:\/\/andreasimonetti.com.br\/blog\/fast-news-14\/","og_locale":"pt_BR","og_type":"article","og_title":"Fast News ! - Andrea Simonetti","og_description":"Come\u00e7a amanh\u00e3 (08) em Nova York uma das semanas mais agitadas do calend\u00e1rio fashion: NYFW com \u00a0mais de 150 marcas desfilando. Clique aqui. O D.A.M.N Project que tem o objetivo&hellip;","og_url":"https:\/\/andreasimonetti.com.br\/blog\/fast-news-14\/","og_site_name":"Andrea Simonetti","article_publisher":"https:\/\/www.facebook.com\/blogdaandreasimonetti\/","article_author":"https:\/\/www.facebook.com\/blogdaandreasimonetti\/","article_published_time":"2016-09-07T19:34:46+00:00","article_modified_time":"2018-05-25T11:52:06+00:00","og_image":[{"width":720,"height":720,"url":"https:\/\/andreasimonetti.com.br\/blog\/wp-content\/uploads\/2016\/09\/depp-large_transqVzuuqpFlyLIwiB6NTmJwfSVWeZ_vEN7c6bHu2jJnT8.jpg","type":"image\/jpeg"}],"author":"Andrea Simonetti","twitter_card":"summary_large_image","twitter_creator":"@https:\/\/twitter.com\/Andrea_Simoneti","twitter_site":"@Andrea_Simoneti","twitter_misc":{"Escrito por":"Andrea Simonetti","Est. tempo de leitura":"1 minuto"},"schema":{"@context":"https:\/\/schema.org","@graph":[{"@type":"WebPage","@id":"https:\/\/andreasimonetti.com.br\/blog\/fast-news-14\/","url":"https:\/\/andreasimonetti.com.br\/blog\/fast-news-14\/","name":"Fast News ! - Andrea Simonetti","isPartOf":{"@id":"https:\/\/andreasimonetti.com.br\/blog\/#website"},"primaryImageOfPage":{"@id":"https:\/\/andreasimonetti.com.br\/blog\/fast-news-14\/#primaryimage"},"image":{"@id":"https:\/\/andreasimonetti.com.br\/blog\/fast-news-14\/#primaryimage"},"thumbnailUrl":"https:\/\/andreasimonetti.com.br\/blog\/wp-content\/uploads\/2016\/09\/depp-large_transqVzuuqpFlyLIwiB6NTmJwfSVWeZ_vEN7c6bHu2jJnT8.jpg","datePublished":"2016-09-07T19:34:46+00:00","dateModified":"2018-05-25T11:52:06+00:00","author":{"@id":"https:\/\/andreasimonetti.com.br\/blog\/#\/schema\/person\/254f763c24ac288e27ea738a7366ad2a"},"breadcrumb":{"@id":"https:\/\/andreasimonetti.com.br\/blog\/fast-news-14\/#breadcrumb"},"inLanguage":"pt-BR","potentialAction":[{"@type":"ReadAction","target":["https:\/\/andreasimonetti.com.br\/blog\/fast-news-14\/"]}]},{"@type":"ImageObject","inLanguage":"pt-BR","@id":"https:\/\/andreasimonetti.com.br\/blog\/fast-news-14\/#primaryimage","url":"https:\/\/andreasimonetti.com.br\/blog\/wp-content\/uploads\/2016\/09\/depp-large_transqVzuuqpFlyLIwiB6NTmJwfSVWeZ_vEN7c6bHu2jJnT8.jpg","contentUrl":"https:\/\/andreasimonetti.com.br\/blog\/wp-content\/uploads\/2016\/09\/depp-large_transqVzuuqpFlyLIwiB6NTmJwfSVWeZ_vEN7c6bHu2jJnT8.jpg","width":720,"height":720},{"@type":"BreadcrumbList","@id":"https:\/\/andreasimonetti.com.br\/blog\/fast-news-14\/#breadcrumb","itemListElement":[{"@type":"ListItem","position":1,"name":"In\u00edcio","item":"https:\/\/andreasimonetti.com.br\/blog\/"},{"@type":"ListItem","position":2,"name":"Fast News !"}]},{"@type":"WebSite","@id":"https:\/\/andreasimonetti.com.br\/blog\/#website","url":"https:\/\/andreasimonetti.com.br\/blog\/","name":"Andrea Simonetti","description":"","potentialAction":[{"@type":"SearchAction","target":{"@type":"EntryPoint","urlTemplate":"https:\/\/andreasimonetti.com.br\/blog\/?s={search_term_string}"},"query-input":{"@type":"PropertyValueSpecification","valueRequired":true,"valueName":"search_term_string"}}],"inLanguage":"pt-BR"},{"@type":"Person","@id":"https:\/\/andreasimonetti.com.br\/blog\/#\/schema\/person\/254f763c24ac288e27ea738a7366ad2a","name":"Andrea Simonetti","image":{"@type":"ImageObject","inLanguage":"pt-BR","@id":"https:\/\/andreasimonetti.com.br\/blog\/#\/schema\/person\/image\/","url":"https:\/\/andreasimonetti.com.br\/blog\/wp-content\/uploads\/2018\/04\/andrea-simonetti-96x96.png","contentUrl":"https:\/\/andreasimonetti.com.br\/blog\/wp-content\/uploads\/2018\/04\/andrea-simonetti-96x96.png","caption":"Andrea Simonetti"},"description":"Sou formada em Administra\u00e7\u00e3o de Empresas, Produ\u00e7\u00e3o de Moda pelo SENAC e Consultoria de Estilo. Sou fascinada por moda desde sempre, adoro ver as pessoas produzidas e de bem com a vida. Moda \u00e9 o meu assunto preferido. Comecei meu blog em 2011, ele cresceu e hoje \u00e9 um site bem mais abrangente, onde eu falo sobre moda e meu trabalho de consultora de estilo. E falo tamb\u00e9m sobre a minha experi\u00eancia de vida. Mas antes de tudo, acredito num Deus Soberano que nos guia e aben\u00e7oa, o tempo todo!","sameAs":["https:\/\/www.andreasimonetti.com.br\/","https:\/\/www.facebook.com\/blogdaandreasimonetti\/","https:\/\/www.instagram.com\/andrea_simonetti\/","https:\/\/br.pinterest.com\/BlogAndrea\/","https:\/\/x.com\/https:\/\/twitter.com\/Andrea_Simoneti"],"url":"https:\/\/andreasimonetti.com.br\/blog\/author\/andrea\/"}]}},"_links":{"self":[{"href":"https:\/\/andreasimonetti.com.br\/blog\/wp-json\/wp\/v2\/posts\/16117","targetHints":{"allow":["GET"]}}],"collection":[{"href":"https:\/\/andreasimonetti.com.br\/blog\/wp-json\/wp\/v2\/posts"}],"about":[{"href":"https:\/\/andreasimonetti.com.br\/blog\/wp-json\/wp\/v2\/types\/post"}],"author":[{"embeddable":true,"href":"https:\/\/andreasimonetti.com.br\/blog\/wp-json\/wp\/v2\/users\/7"}],"replies":[{"embeddable":true,"href":"https:\/\/andreasimonetti.com.br\/blog\/wp-json\/wp\/v2\/comments?post=16117"}],"version-history":[{"count":0,"href":"https:\/\/andreasimonetti.com.br\/blog\/wp-json\/wp\/v2\/posts\/16117\/revisions"}],"wp:featuredmedia":[{"embeddable":true,"href":"https:\/\/andreasimonetti.com.br\/blog\/wp-json\/wp\/v2\/media\/16122"}],"wp:attachment":[{"href":"https:\/\/andreasimonetti.com.br\/blog\/wp-json\/wp\/v2\/media?parent=16117"}],"wp:term":[{"taxonomy":"category","embeddable":true,"href":"https:\/\/andreasimonetti.com.br\/blog\/wp-json\/wp\/v2\/categories?post=16117"},{"taxonomy":"post_tag","embeddable":true,"href":"https:\/\/andreasimonetti.com.br\/blog\/wp-json\/wp\/v2\/tags?post=16117"}],"curies":[{"name":"wp","href":"https:\/\/api.w.org\/{rel}","templated":true}]}}